
{"id":1860,"date":"2017-10-31T11:05:13","date_gmt":"2017-10-31T09:05:13","guid":{"rendered":"https:\/\/ticsalutsocial.atoom.space\/?post_type=noticia&#038;p=1860"},"modified":"2021-07-21T15:28:26","modified_gmt":"2021-07-21T13:28:26","slug":"iii-jornades-ctecno-tic4life","status":"publish","type":"noticia","link":"https:\/\/ticsalutsocial.atoom.space\/es\/noticia\/iii-jornades-ctecno-tic4life\/","title":{"rendered":"III Jornades CTecno #TIC4life"},"content":{"rendered":"<p>El&nbsp;proper dimarts&nbsp;<strong>19&nbsp;de desembre&nbsp;el CTecno <\/strong><strong>celebra<\/strong>&nbsp;les&nbsp;<strong>III Jornades CTecno<\/strong>&nbsp;a l&rsquo;<strong>Auditori Imagina-Mediapro<\/strong>. La trobada d&rsquo;aquest any&nbsp;proposa una gran reflexi\u00f3 sobre la innovaci\u00f3 tecnol\u00f2gica i l&rsquo;impacte que hi t\u00e9 en el benestar de la societat. Les Jornades estan concebudes com un espai per reflexionar sobre com la innovaci\u00f3 tecnol\u00f2gica juga un paper fonamental en el m\u00f3n de l&rsquo;oci, l&rsquo;entreteniment i l&rsquo;esport.<\/p>\n<p>L&rsquo;esdeveniment, organitzat al voltant d&rsquo;un di\u00e0leg inaugural i dues taules rodones, comptar\u00e0 amb el programa seg\u00fcent:<\/p>\n<p>Benvinguda a c\u00e0rrec de&nbsp;<strong>Jordi William Carnes<\/strong>,&nbsp;president del CTecno,&nbsp;i&nbsp;<strong>Jaume Roures<\/strong>,&nbsp;soci gestor de&nbsp;<a href=\"http:\/\/www.mediapro.es\/cat\/index.php\" target=\"_blank\" rel=\"noopener\">Mediapro<\/a><\/p>\n<p>Di\u00e0leg&nbsp;inaugural a c\u00e0rrec de&nbsp;<strong>Joan Roca<\/strong>,&nbsp;xef d&rsquo;<a href=\"http:\/\/www.cellercanroca.com\/index.htm\" target=\"_blank\" rel=\"noopener\">El Celler de Can Roca<\/a>,&nbsp;i&nbsp;<strong>Carles Cabrera<\/strong>, expert en innovaci\u00f3 i director general de l&rsquo;<a href=\"http:\/\/www.icerda.org\/cat\/\" target=\"_blank\" rel=\"noopener\">Institut Cerd\u00e0<\/a><\/p>\n<p>Taula rodona&nbsp;<em>Nadius digitals:&nbsp;negocis disruptius&nbsp;<\/em>&#8211;&nbsp;Moderador <strong>Llu\u00eds Marquina<\/strong>, periodista i director i presentador del programa &ldquo;Generaci\u00f3 Digital&rdquo; de TV3<\/p>\n<p>&middot;&nbsp;&nbsp;&nbsp;&nbsp;&nbsp;&nbsp;&nbsp;&nbsp; <strong>Marc Borrell<\/strong>, fundador i CEO a&nbsp;<a href=\"http:\/\/www.500markets.com\/\" target=\"_blank\" rel=\"noopener\">500Markets<\/a><\/p>\n<p>&middot;&nbsp;&nbsp;&nbsp;&nbsp;&nbsp;&nbsp;&nbsp;&nbsp; <strong>Josep Carb\u00f3<\/strong>, Director Global Business Development &amp; Partner a <a href=\"https:\/\/www.mediktor.com\/es\">Mediktor<\/a><\/p>\n<p>&middot;&nbsp;&nbsp;&nbsp;&nbsp;&nbsp;&nbsp;&nbsp;&nbsp; <strong>Antoine Le Nel<\/strong>, Senior Director &ndash; CRM &amp; Social Strategy a&nbsp;<a href=\"https:\/\/king.com\/es\" target=\"_blank\" rel=\"noopener\">King<\/a><\/p>\n<p>Taula rodona<em>&nbsp;Reptes i oportunitats de la transformaci\u00f3 digital&nbsp;<\/em>&#8211;&nbsp;Moderador <strong>Llu\u00eds Marquina<\/strong><\/p>\n<p>&middot;&nbsp;&nbsp;&nbsp;&nbsp;&nbsp;&nbsp;&nbsp;&nbsp; <strong>Ventura Barba<\/strong>, Executive Director a&nbsp;<a href=\"https:\/\/sonarplusd.com\/ca\/\" target=\"_blank\" rel=\"noopener\">S\u00f3nar+D<\/a><\/p>\n<p>&middot;&nbsp;&nbsp;&nbsp;&nbsp;&nbsp;&nbsp;&nbsp;&nbsp; <strong>Xavier Duran<\/strong>, director general de la <a href=\"file:\/\/\/C:\/Users\/46708390J\/AppData\/Local\/Microsoft\/Windows\/Temporary%20Internet%20Files\/Content.Outlook\/XYOBO4QA\/Xavier%20Duran,%20director%20general%20de%20la%20Fundaci%C3%B3%20Sitges%20Festival%20Internacional%20de%20Cinema%20de%20Catalunya\">Fundaci\u00f3 Sitges Festival Internacional de Cinema de Catalunya<\/a><\/p>\n<p>&middot;&nbsp;&nbsp;&nbsp;&nbsp;&nbsp;&nbsp;&nbsp;&nbsp; <strong>Jaime Puig<\/strong>, director de <a href=\"http:\/\/www.seat-sport.com\/\">Seat Sport<\/a><\/p>\n<p><strong>INSCRIPCIONS GRATU\u00cfTES!<\/strong><\/p>\n<p><strong>Data: 19 de desembre del 2017, de 9 a 14 h. De 14 a 16 h tindr\u00e0 lloc el c\u00f2ctel-networking.<\/strong><\/p>\n<p><strong>Lloc: Auditori Imagina-Mediapro,&nbsp;Edifici Imagina, Av. Diagonal, 177, 08018 Barcelona<\/strong><\/p>\n","protected":false},"author":21,"featured_media":1857,"menu_order":0,"template":"","meta":{"_acf_changed":false,"inline_featured_image":false},"etiqueta":[],"tipus":[],"topic":[],"class_list":["post-1860","noticia","type-noticia","status-publish","has-post-thumbnail","hentry"],"acf":{"imatge":1859,"autor":"Adri\u00e0 G.Font"},"yoast_head":"<!-- This site is optimized with the Yoast SEO plugin v27.1.1 - https:\/\/yoast.com\/product\/yoast-seo-wordpress\/ -->\n<title>III Jornades CTecno #TIC4life - Fundaci\u00f3 TIC Salut i Social<\/title>\n<meta name=\"robots\" content=\"index, follow, max-snippet:-1, max-image-preview:large, max-video-preview:-1\" \/>\n<link rel=\"canonical\" href=\"https:\/\/ticsalutsocial.atoom.space\/es\/noticia\/iii-jornades-ctecno-tic4life\/\" \/>\n<meta property=\"og:locale\" content=\"es_ES\" \/>\n<meta property=\"og:type\" content=\"article\" \/>\n<meta property=\"og:title\" content=\"III Jornades CTecno #TIC4life - Fundaci\u00f3 TIC Salut i Social\" \/>\n<meta property=\"og:description\" content=\"El&nbsp;proper dimarts&nbsp;19&nbsp;de desembre&nbsp;el CTecno celebra&nbsp;les&nbsp;III Jornades CTecno&nbsp;a l&rsquo;Auditori Imagina-Mediapro. La trobada d&rsquo;aquest any&nbsp;proposa una gran reflexi\u00f3 sobre la innovaci\u00f3 tecnol\u00f2gica i l&rsquo;impacte que hi t\u00e9 en el benestar de la societat. Les Jornades estan concebudes com un espai per reflexionar sobre com la innovaci\u00f3 tecnol\u00f2gica juga un paper fonamental en el m\u00f3n de l&rsquo;oci, l&rsquo;entreteniment [&hellip;]\" \/>\n<meta property=\"og:url\" content=\"https:\/\/ticsalutsocial.atoom.space\/es\/noticia\/iii-jornades-ctecno-tic4life\/\" \/>\n<meta property=\"og:site_name\" content=\"Fundaci\u00f3 TIC Salut i Social\" \/>\n<meta property=\"article:modified_time\" content=\"2021-07-21T13:28:26+00:00\" \/>\n<meta property=\"og:image\" content=\"https:\/\/ticsalutsocial.atoom.space\/wp-content\/uploads\/2017\/10\/iii-jornades_1200x628-facebook_centre_78_522.png\" \/>\n\t<meta property=\"og:image:width\" content=\"1200\" \/>\n\t<meta property=\"og:image:height\" content=\"628\" \/>\n\t<meta property=\"og:image:type\" content=\"image\/png\" \/>\n<meta name=\"twitter:card\" content=\"summary_large_image\" \/>\n<meta name=\"twitter:label1\" content=\"Tiempo de lectura\" \/>\n\t<meta name=\"twitter:data1\" content=\"2 minutos\" \/>\n<script type=\"application\/ld+json\" class=\"yoast-schema-graph\">{\"@context\":\"https:\/\/schema.org\",\"@graph\":[{\"@type\":\"WebPage\",\"@id\":\"https:\/\/ticsalutsocial.atoom.space\/es\/noticia\/iii-jornades-ctecno-tic4life\/\",\"url\":\"https:\/\/ticsalutsocial.atoom.space\/es\/noticia\/iii-jornades-ctecno-tic4life\/\",\"name\":\"III Jornades CTecno #TIC4life - Fundaci\u00f3 TIC Salut i Social\",\"isPartOf\":{\"@id\":\"https:\/\/ticsalutsocial.atoom.space\/es\/#website\"},\"primaryImageOfPage\":{\"@id\":\"https:\/\/ticsalutsocial.atoom.space\/es\/noticia\/iii-jornades-ctecno-tic4life\/#primaryimage\"},\"image\":{\"@id\":\"https:\/\/ticsalutsocial.atoom.space\/es\/noticia\/iii-jornades-ctecno-tic4life\/#primaryimage\"},\"thumbnailUrl\":\"https:\/\/ticsalutsocial.atoom.space\/wp-content\/uploads\/2017\/10\/iii-jornades_1200x628-facebook_centre_78_522.png\",\"datePublished\":\"2017-10-31T09:05:13+00:00\",\"dateModified\":\"2021-07-21T13:28:26+00:00\",\"breadcrumb\":{\"@id\":\"https:\/\/ticsalutsocial.atoom.space\/es\/noticia\/iii-jornades-ctecno-tic4life\/#breadcrumb\"},\"inLanguage\":\"es\",\"potentialAction\":[{\"@type\":\"ReadAction\",\"target\":[\"https:\/\/ticsalutsocial.atoom.space\/es\/noticia\/iii-jornades-ctecno-tic4life\/\"]}]},{\"@type\":\"ImageObject\",\"inLanguage\":\"es\",\"@id\":\"https:\/\/ticsalutsocial.atoom.space\/es\/noticia\/iii-jornades-ctecno-tic4life\/#primaryimage\",\"url\":\"https:\/\/ticsalutsocial.atoom.space\/wp-content\/uploads\/2017\/10\/iii-jornades_1200x628-facebook_centre_78_522.png\",\"contentUrl\":\"https:\/\/ticsalutsocial.atoom.space\/wp-content\/uploads\/2017\/10\/iii-jornades_1200x628-facebook_centre_78_522.png\",\"width\":1200,\"height\":628},{\"@type\":\"BreadcrumbList\",\"@id\":\"https:\/\/ticsalutsocial.atoom.space\/es\/noticia\/iii-jornades-ctecno-tic4life\/#breadcrumb\",\"itemListElement\":[{\"@type\":\"ListItem\",\"position\":1,\"name\":\"Inici\",\"item\":\"https:\/\/ticsalutsocial.atoom.space\/es\/\"},{\"@type\":\"ListItem\",\"position\":2,\"name\":\"III Jornades CTecno #TIC4life\"}]},{\"@type\":\"WebSite\",\"@id\":\"https:\/\/ticsalutsocial.atoom.space\/es\/#website\",\"url\":\"https:\/\/ticsalutsocial.atoom.space\/es\/\",\"name\":\"Fundaci\u00f3 TIC Salut i Social\",\"description\":\"\",\"potentialAction\":[{\"@type\":\"SearchAction\",\"target\":{\"@type\":\"EntryPoint\",\"urlTemplate\":\"https:\/\/ticsalutsocial.atoom.space\/es\/?s={search_term_string}\"},\"query-input\":{\"@type\":\"PropertyValueSpecification\",\"valueRequired\":true,\"valueName\":\"search_term_string\"}}],\"inLanguage\":\"es\"}]}<\/script>\n<!-- \/ Yoast SEO plugin. -->","yoast_head_json":{"title":"III Jornades CTecno #TIC4life - Fundaci\u00f3 TIC Salut i Social","robots":{"index":"index","follow":"follow","max-snippet":"max-snippet:-1","max-image-preview":"max-image-preview:large","max-video-preview":"max-video-preview:-1"},"canonical":"https:\/\/ticsalutsocial.atoom.space\/es\/noticia\/iii-jornades-ctecno-tic4life\/","og_locale":"es_ES","og_type":"article","og_title":"III Jornades CTecno #TIC4life - Fundaci\u00f3 TIC Salut i Social","og_description":"El&nbsp;proper dimarts&nbsp;19&nbsp;de desembre&nbsp;el CTecno celebra&nbsp;les&nbsp;III Jornades CTecno&nbsp;a l&rsquo;Auditori Imagina-Mediapro. La trobada d&rsquo;aquest any&nbsp;proposa una gran reflexi\u00f3 sobre la innovaci\u00f3 tecnol\u00f2gica i l&rsquo;impacte que hi t\u00e9 en el benestar de la societat. Les Jornades estan concebudes com un espai per reflexionar sobre com la innovaci\u00f3 tecnol\u00f2gica juga un paper fonamental en el m\u00f3n de l&rsquo;oci, l&rsquo;entreteniment [&hellip;]","og_url":"https:\/\/ticsalutsocial.atoom.space\/es\/noticia\/iii-jornades-ctecno-tic4life\/","og_site_name":"Fundaci\u00f3 TIC Salut i Social","article_modified_time":"2021-07-21T13:28:26+00:00","og_image":[{"width":1200,"height":628,"url":"https:\/\/ticsalutsocial.atoom.space\/wp-content\/uploads\/2017\/10\/iii-jornades_1200x628-facebook_centre_78_522.png","type":"image\/png"}],"twitter_card":"summary_large_image","twitter_misc":{"Tiempo de lectura":"2 minutos"},"schema":{"@context":"https:\/\/schema.org","@graph":[{"@type":"WebPage","@id":"https:\/\/ticsalutsocial.atoom.space\/es\/noticia\/iii-jornades-ctecno-tic4life\/","url":"https:\/\/ticsalutsocial.atoom.space\/es\/noticia\/iii-jornades-ctecno-tic4life\/","name":"III Jornades CTecno #TIC4life - Fundaci\u00f3 TIC Salut i Social","isPartOf":{"@id":"https:\/\/ticsalutsocial.atoom.space\/es\/#website"},"primaryImageOfPage":{"@id":"https:\/\/ticsalutsocial.atoom.space\/es\/noticia\/iii-jornades-ctecno-tic4life\/#primaryimage"},"image":{"@id":"https:\/\/ticsalutsocial.atoom.space\/es\/noticia\/iii-jornades-ctecno-tic4life\/#primaryimage"},"thumbnailUrl":"https:\/\/ticsalutsocial.atoom.space\/wp-content\/uploads\/2017\/10\/iii-jornades_1200x628-facebook_centre_78_522.png","datePublished":"2017-10-31T09:05:13+00:00","dateModified":"2021-07-21T13:28:26+00:00","breadcrumb":{"@id":"https:\/\/ticsalutsocial.atoom.space\/es\/noticia\/iii-jornades-ctecno-tic4life\/#breadcrumb"},"inLanguage":"es","potentialAction":[{"@type":"ReadAction","target":["https:\/\/ticsalutsocial.atoom.space\/es\/noticia\/iii-jornades-ctecno-tic4life\/"]}]},{"@type":"ImageObject","inLanguage":"es","@id":"https:\/\/ticsalutsocial.atoom.space\/es\/noticia\/iii-jornades-ctecno-tic4life\/#primaryimage","url":"https:\/\/ticsalutsocial.atoom.space\/wp-content\/uploads\/2017\/10\/iii-jornades_1200x628-facebook_centre_78_522.png","contentUrl":"https:\/\/ticsalutsocial.atoom.space\/wp-content\/uploads\/2017\/10\/iii-jornades_1200x628-facebook_centre_78_522.png","width":1200,"height":628},{"@type":"BreadcrumbList","@id":"https:\/\/ticsalutsocial.atoom.space\/es\/noticia\/iii-jornades-ctecno-tic4life\/#breadcrumb","itemListElement":[{"@type":"ListItem","position":1,"name":"Inici","item":"https:\/\/ticsalutsocial.atoom.space\/es\/"},{"@type":"ListItem","position":2,"name":"III Jornades CTecno #TIC4life"}]},{"@type":"WebSite","@id":"https:\/\/ticsalutsocial.atoom.space\/es\/#website","url":"https:\/\/ticsalutsocial.atoom.space\/es\/","name":"Fundaci\u00f3 TIC Salut i Social","description":"","potentialAction":[{"@type":"SearchAction","target":{"@type":"EntryPoint","urlTemplate":"https:\/\/ticsalutsocial.atoom.space\/es\/?s={search_term_string}"},"query-input":{"@type":"PropertyValueSpecification","valueRequired":true,"valueName":"search_term_string"}}],"inLanguage":"es"}]}},"_links":{"self":[{"href":"https:\/\/ticsalutsocial.atoom.space\/es\/wp-json\/wp\/v2\/noticia\/1860","targetHints":{"allow":["GET"]}}],"collection":[{"href":"https:\/\/ticsalutsocial.atoom.space\/es\/wp-json\/wp\/v2\/noticia"}],"about":[{"href":"https:\/\/ticsalutsocial.atoom.space\/es\/wp-json\/wp\/v2\/types\/noticia"}],"author":[{"embeddable":true,"href":"https:\/\/ticsalutsocial.atoom.space\/es\/wp-json\/wp\/v2\/users\/21"}],"wp:featuredmedia":[{"embeddable":true,"href":"https:\/\/ticsalutsocial.atoom.space\/es\/wp-json\/wp\/v2\/media\/1857"}],"wp:attachment":[{"href":"https:\/\/ticsalutsocial.atoom.space\/es\/wp-json\/wp\/v2\/media?parent=1860"}],"wp:term":[{"taxonomy":"etiqueta","embeddable":true,"href":"https:\/\/ticsalutsocial.atoom.space\/es\/wp-json\/wp\/v2\/etiqueta?post=1860"},{"taxonomy":"tipus","embeddable":true,"href":"https:\/\/ticsalutsocial.atoom.space\/es\/wp-json\/wp\/v2\/tipus?post=1860"},{"taxonomy":"topic","embeddable":true,"href":"https:\/\/ticsalutsocial.atoom.space\/es\/wp-json\/wp\/v2\/topic?post=1860"}],"curies":[{"name":"wp","href":"https:\/\/api.w.org\/{rel}","templated":true}]}}