
{"id":18719,"date":"2023-02-07T17:18:54","date_gmt":"2023-02-07T15:18:54","guid":{"rendered":"https:\/\/ticsalutsocial.atoom.space\/noticia\/aniras-al-mobile-world-congress-2023\/"},"modified":"2023-02-16T09:40:09","modified_gmt":"2023-02-16T07:40:09","slug":"aniras-al-mobile-world-congress-2023","status":"publish","type":"noticia","link":"https:\/\/ticsalutsocial.atoom.space\/es\/noticia\/aniras-al-mobile-world-congress-2023\/","title":{"rendered":"\u00bfIr\u00e1s al Mobile World Congress 2023?"},"content":{"rendered":"\n<p>Un a\u00f1o m\u00e1s, <strong>la Fundaci\u00f3n TIC Salut Social estar\u00e1 presente en el <a href=\"https:\/\/www.mwcbarcelona.com\/\" target=\"_blank\" rel=\"noreferrer noopener\">Mobile World Congress<\/a><\/strong>, que se celebrar\u00e1 del 27 de febrero al 2 de marzo de 2023 en la Fira Gran Via de Barcelona.<\/p>\n\n\n\n<p>En el stand de la Fundaci\u00f3n, situado en el Pabell\u00f3n Catalu\u00f1a, se proporcionar\u00e1 informaci\u00f3n general sobre la entidad, y <strong>se ofrecer\u00e1 la posibilidad de descubrir avances y proyectos<\/strong> de las \u00e1reas de Inteligencia Artificial, mHealth, Interoperabilidad y Atenci\u00f3n no Presencial, <strong>de la mano de las personas que trabajan en los respectivos equipos<\/strong>. A continuaci\u00f3n, se detallan los temas o proyectos que presentar\u00e1 cada equipo, y las franjas horarias en las que estar\u00e1n en el stand.<\/p>\n\n\n\n<h2 class=\"wp-block-heading\">Inteligencia Artificial<\/h2>\n\n\n\n<p>Temas que se presentar\u00e1n:<\/p>\n\n\n\n<ul class=\"wp-block-list\">\n<li>Hacia la adopci\u00f3n con \u00e9xito de una Inteligencia Artificial fiable en el \u00e1mbito de la salud.<\/li>\n\n\n\n<li>Plataforma federada paneuropea de Inteligencia Artificial para el entrenamiento e inferencia de algorismos de imagen m\u00e9dica para la mejora del diagn\u00f3stico, pron\u00f3stico y tratamiento del c\u00e1ncer.\u00a0<a href=\"https:\/\/incisive-project.eu\/\" target=\"_blank\" rel=\"noreferrer noopener\">Proyecto europeo INCISIVE.<\/a><\/li>\n\n\n\n<li>Nuevas gu\u00edas para dar apoyo a las partes involucradas en el desarrollo de algoritmos de IA aplicados al \u00e1mbito de la salud. <\/li>\n\n\n\n<li>Observatorio de IA en Salud: identificaci\u00f3n y clasificaci\u00f3n de algorismos.<\/li>\n<\/ul>\n\n\n\n<p><\/p>\n\n\n\n<p>Atenci\u00f3n del equipo de Inteligencia Artificial en el stand (Susanna Auss\u00f3 \/ Didier Dom\u00ednguez):<\/p>\n\n\n\n<ul class=\"wp-block-list\">\n<li>27\/02 de 8.30h a 14.00h<\/li>\n\n\n\n<li>1\/03 de 14:00h a 19:00h<\/li>\n<\/ul>\n\n\n\n<h2 class=\"wp-block-heading\">mHealth<\/h2>\n\n\n\n<p>Temas que se presentar\u00e1n:<\/p>\n\n\n\n<ul class=\"wp-block-list\">\n<li>\u00bfC\u00f3mo puedo garantizar la calidad y fiabilidad de mi App de Salud? Te guiamos para garantizar la usabilidad, interoperabilidad y fiabilidad de tu App. Ven a conocer el Servicio de Certificaci\u00f3n de Aplicaciones M\u00f3viles Sociales TIC Salud y dota tu soluci\u00f3n de un sello de calidad diferencial. El servicio est\u00e1 dirigido a profesionales sanitarios, desarrolladores, representantes pol\u00edticos, investigadores y p\u00fablico en general que tenga o est\u00e9 desarrollando una App dentro del sector salud.<\/li>\n\n\n\n<li>Esfuerzos europeos para adoptar una etiqueta de calidad para las Apps de salud y bienestar. El proyecto europeo <a href=\"https:\/\/label2enable.eu\/\" target=\"_blank\" rel=\"noreferrer noopener\">Label2Enable<\/a> promueve el uso de la norma CEN-ISO\/TS 82304-2 y su etiqueta de calidad. El objetivo es conseguir un mercado digital \u00fanico en el que las aplicaciones sanitarias de calidad se utilicen a gran escala en la prevenci\u00f3n, la atenci\u00f3n sanitaria y el autocuidado.<\/li>\n<\/ul>\n\n\n\n<p><\/p>\n\n\n\n<p>Atenci\u00f3n del equipo de mHealth en el stand (Carme Pratdep\u00e0dua \/ Miranda Silveria):<\/p>\n\n\n\n<ul class=\"wp-block-list\">\n<li>27\/02 de 14:00h a 19.00h<\/li>\n\n\n\n<li>1\/03 de 8:30h a 14:00h<\/li>\n<\/ul>\n\n\n\n<h2 class=\"wp-block-heading\">Interoperabilidad<\/h2>\n\n\n\n<p>Temas que se presentar\u00e1n:<\/p>\n\n\n\n<ul class=\"wp-block-list\">\n<li>Est\u00e1ndares aplicados a la asistencia sanitaria (SNOMED CT, LOINC, HL7 FHIR, OPEN EHR, etc.)<\/li>\n\n\n\n<li>Marcos de interoperabilidad.<\/li>\n\n\n\n<li>Directrices de implementaci\u00f3n.<\/li>\n<\/ul>\n\n\n\n<p><\/p>\n\n\n\n<p>Atenci\u00f3n del equipo de Interoperabilidad en el stand (Fernando Leeson \/ Sara Mart\u00ednez):<\/p>\n\n\n\n<ul class=\"wp-block-list\">\n<li>28\/02 de 8.30h a 14.00h<\/li>\n\n\n\n<li>2\/03 de 14:00h a 15:00h<\/li>\n<\/ul>\n\n\n\n<h2 class=\"wp-block-heading\">Atenci\u00f3n no Presencial<\/h2>\n\n\n\n<p>Temas que se presentar\u00e1n:<\/p>\n\n\n\n<ul class=\"wp-block-list\">\n<li>Soluciones integradas para adoptar modelos de Atenci\u00f3n No Presencial:\n<ul class=\"wp-block-list\">\n<li>Nuevo proyecto de drones en zonas de alta monta\u00f1a.<\/li>\n\n\n\n<li>Informe sobre el estado de la Atenci\u00f3n No Presencial en la regi\u00f3n sanitaria Catalu\u00f1a Central.<\/li>\n\n\n\n<li>Avances del proyecto europeo <a href=\"https:\/\/innobics-sahs.eu\/\">INNOBICS-SAHS<\/a> para la mejora del diagn\u00f3stico y tratamiento de la apnea obstructiva del sue\u00f1o en los centros de Atenci\u00f3n Primaria.<\/li>\n\n\n\n<li>Avances del proyecto europeo <a href=\"https:\/\/www.tiquepcp.eu\/\">TIQUE<\/a> para el tratamiento de pacientes con insuficiencia card\u00edaca con enfermedades cr\u00f3nicas coexistentes.<\/li>\n<\/ul>\n<\/li>\n<\/ul>\n\n\n\n<p><\/p>\n\n\n\n<p>Atenci\u00f3n del equipo de Atenci\u00f3n No Presencial en el stand (N\u00faria Abd\u00f3n \/ Maria Cifr\u00e9):<\/p>\n\n\n\n<ul class=\"wp-block-list\">\n<li>28\/02 de 14:00h a 19.00h<\/li>\n\n\n\n<li>2\/03 de 8.30h a 14:00h<\/li>\n<\/ul>\n\n\n\n<h2 class=\"wp-block-heading\">Indicaciones para encontrarnos en el MWC 2023<\/h2>\n\n\n\n<p>El stand de la Fundaci\u00f3n es el n\u00famero 20 del Pabell\u00f3n Catalu\u00f1a, que estar\u00e1 situado en la zona central que hay entre los halls 4, 5, 6 y 7.<\/p>\n\n\n\n<p>Si deseas concertar una reuni\u00f3n con alguna de las personas responsables de la Fundaci\u00f3n en el stand, puedes contactar con ellas a trav\u00e9s de la App oficial del congreso o enviar un correo a comunicacio@ticsalutsocial.cat.<\/p>\n","protected":false},"author":12,"featured_media":18718,"menu_order":0,"template":"","meta":{"_acf_changed":false,"inline_featured_image":false},"etiqueta":[],"tipus":[],"topic":[130],"class_list":["post-18719","noticia","type-noticia","status-publish","has-post-thumbnail","hentry","topic-la-fundacion"],"acf":{"finalitzat":false,"tipus_plantilla":"objectius","template_objectius":{"cont_principal":"","imatge":18718,"cont_seguent":{"titol":"","contingut":""},"seccio_llistat":{"titol":"","llistat":false},"objectius":{"titol":"","objectius":false},"documents":false},"autor":"","imatge":18718,"textos_destacats":[{"texte":"Visita el stand de la Fundaci\u00f3n TIC Salud Social en el Pabell\u00f3n Catalu\u00f1a"}],"documents":false},"yoast_head":"<!-- This site is optimized with the Yoast SEO plugin v27.1.1 - https:\/\/yoast.com\/product\/yoast-seo-wordpress\/ -->\n<title>\u00bfIr\u00e1s al Mobile World Congress 2023? - Fundaci\u00f3 TIC Salut i Social<\/title>\n<meta name=\"robots\" content=\"index, follow, max-snippet:-1, max-image-preview:large, max-video-preview:-1\" \/>\n<link rel=\"canonical\" href=\"https:\/\/ticsalutsocial.atoom.space\/es\/noticia\/aniras-al-mobile-world-congress-2023\/\" \/>\n<meta property=\"og:locale\" content=\"es_ES\" \/>\n<meta property=\"og:type\" content=\"article\" \/>\n<meta property=\"og:title\" content=\"\u00bfIr\u00e1s al Mobile World Congress 2023? - Fundaci\u00f3 TIC Salut i Social\" \/>\n<meta property=\"og:description\" content=\"Un a\u00f1o m\u00e1s, la Fundaci\u00f3n TIC Salut Social estar\u00e1 presente en el Mobile World Congress, que se celebrar\u00e1 del 27 de febrero al 2 de marzo de 2023 en la Fira Gran Via de Barcelona. En el stand de la Fundaci\u00f3n, situado en el Pabell\u00f3n Catalu\u00f1a, se proporcionar\u00e1 informaci\u00f3n general sobre la entidad, y se [&hellip;]\" \/>\n<meta property=\"og:url\" content=\"https:\/\/ticsalutsocial.atoom.space\/es\/noticia\/aniras-al-mobile-world-congress-2023\/\" \/>\n<meta property=\"og:site_name\" content=\"Fundaci\u00f3 TIC Salut i Social\" \/>\n<meta property=\"article:modified_time\" content=\"2023-02-16T07:40:09+00:00\" \/>\n<meta property=\"og:image\" content=\"https:\/\/ticsalutsocial.atoom.space\/wp-content\/uploads\/2023\/02\/MWC-2023-.jpg\" \/>\n\t<meta property=\"og:image:width\" content=\"2560\" \/>\n\t<meta property=\"og:image:height\" content=\"1920\" \/>\n\t<meta property=\"og:image:type\" content=\"image\/jpeg\" \/>\n<meta name=\"twitter:card\" content=\"summary_large_image\" \/>\n<meta name=\"twitter:label1\" content=\"Tiempo de lectura\" \/>\n\t<meta name=\"twitter:data1\" content=\"3 minutos\" \/>\n<script type=\"application\/ld+json\" class=\"yoast-schema-graph\">{\"@context\":\"https:\/\/schema.org\",\"@graph\":[{\"@type\":\"WebPage\",\"@id\":\"https:\/\/ticsalutsocial.atoom.space\/es\/noticia\/aniras-al-mobile-world-congress-2023\/\",\"url\":\"https:\/\/ticsalutsocial.atoom.space\/es\/noticia\/aniras-al-mobile-world-congress-2023\/\",\"name\":\"\u00bfIr\u00e1s al Mobile World Congress 2023? - Fundaci\u00f3 TIC Salut i Social\",\"isPartOf\":{\"@id\":\"https:\/\/ticsalutsocial.atoom.space\/es\/#website\"},\"primaryImageOfPage\":{\"@id\":\"https:\/\/ticsalutsocial.atoom.space\/es\/noticia\/aniras-al-mobile-world-congress-2023\/#primaryimage\"},\"image\":{\"@id\":\"https:\/\/ticsalutsocial.atoom.space\/es\/noticia\/aniras-al-mobile-world-congress-2023\/#primaryimage\"},\"thumbnailUrl\":\"https:\/\/ticsalutsocial.atoom.space\/wp-content\/uploads\/2023\/02\/MWC-2023-.jpg\",\"datePublished\":\"2023-02-07T15:18:54+00:00\",\"dateModified\":\"2023-02-16T07:40:09+00:00\",\"breadcrumb\":{\"@id\":\"https:\/\/ticsalutsocial.atoom.space\/es\/noticia\/aniras-al-mobile-world-congress-2023\/#breadcrumb\"},\"inLanguage\":\"es\",\"potentialAction\":[{\"@type\":\"ReadAction\",\"target\":[\"https:\/\/ticsalutsocial.atoom.space\/es\/noticia\/aniras-al-mobile-world-congress-2023\/\"]}]},{\"@type\":\"ImageObject\",\"inLanguage\":\"es\",\"@id\":\"https:\/\/ticsalutsocial.atoom.space\/es\/noticia\/aniras-al-mobile-world-congress-2023\/#primaryimage\",\"url\":\"https:\/\/ticsalutsocial.atoom.space\/wp-content\/uploads\/2023\/02\/MWC-2023-.jpg\",\"contentUrl\":\"https:\/\/ticsalutsocial.atoom.space\/wp-content\/uploads\/2023\/02\/MWC-2023-.jpg\",\"width\":2560,\"height\":1920},{\"@type\":\"BreadcrumbList\",\"@id\":\"https:\/\/ticsalutsocial.atoom.space\/es\/noticia\/aniras-al-mobile-world-congress-2023\/#breadcrumb\",\"itemListElement\":[{\"@type\":\"ListItem\",\"position\":1,\"name\":\"Inici\",\"item\":\"https:\/\/ticsalutsocial.atoom.space\/es\/\"},{\"@type\":\"ListItem\",\"position\":2,\"name\":\"\u00bfIr\u00e1s al Mobile World Congress 2023?\"}]},{\"@type\":\"WebSite\",\"@id\":\"https:\/\/ticsalutsocial.atoom.space\/es\/#website\",\"url\":\"https:\/\/ticsalutsocial.atoom.space\/es\/\",\"name\":\"Fundaci\u00f3 TIC Salut i Social\",\"description\":\"\",\"potentialAction\":[{\"@type\":\"SearchAction\",\"target\":{\"@type\":\"EntryPoint\",\"urlTemplate\":\"https:\/\/ticsalutsocial.atoom.space\/es\/?s={search_term_string}\"},\"query-input\":{\"@type\":\"PropertyValueSpecification\",\"valueRequired\":true,\"valueName\":\"search_term_string\"}}],\"inLanguage\":\"es\"}]}<\/script>\n<!-- \/ Yoast SEO plugin. -->","yoast_head_json":{"title":"\u00bfIr\u00e1s al Mobile World Congress 2023? - Fundaci\u00f3 TIC Salut i Social","robots":{"index":"index","follow":"follow","max-snippet":"max-snippet:-1","max-image-preview":"max-image-preview:large","max-video-preview":"max-video-preview:-1"},"canonical":"https:\/\/ticsalutsocial.atoom.space\/es\/noticia\/aniras-al-mobile-world-congress-2023\/","og_locale":"es_ES","og_type":"article","og_title":"\u00bfIr\u00e1s al Mobile World Congress 2023? - Fundaci\u00f3 TIC Salut i Social","og_description":"Un a\u00f1o m\u00e1s, la Fundaci\u00f3n TIC Salut Social estar\u00e1 presente en el Mobile World Congress, que se celebrar\u00e1 del 27 de febrero al 2 de marzo de 2023 en la Fira Gran Via de Barcelona. En el stand de la Fundaci\u00f3n, situado en el Pabell\u00f3n Catalu\u00f1a, se proporcionar\u00e1 informaci\u00f3n general sobre la entidad, y se [&hellip;]","og_url":"https:\/\/ticsalutsocial.atoom.space\/es\/noticia\/aniras-al-mobile-world-congress-2023\/","og_site_name":"Fundaci\u00f3 TIC Salut i Social","article_modified_time":"2023-02-16T07:40:09+00:00","og_image":[{"width":2560,"height":1920,"url":"https:\/\/ticsalutsocial.atoom.space\/wp-content\/uploads\/2023\/02\/MWC-2023-.jpg","type":"image\/jpeg"}],"twitter_card":"summary_large_image","twitter_misc":{"Tiempo de lectura":"3 minutos"},"schema":{"@context":"https:\/\/schema.org","@graph":[{"@type":"WebPage","@id":"https:\/\/ticsalutsocial.atoom.space\/es\/noticia\/aniras-al-mobile-world-congress-2023\/","url":"https:\/\/ticsalutsocial.atoom.space\/es\/noticia\/aniras-al-mobile-world-congress-2023\/","name":"\u00bfIr\u00e1s al Mobile World Congress 2023? - Fundaci\u00f3 TIC Salut i Social","isPartOf":{"@id":"https:\/\/ticsalutsocial.atoom.space\/es\/#website"},"primaryImageOfPage":{"@id":"https:\/\/ticsalutsocial.atoom.space\/es\/noticia\/aniras-al-mobile-world-congress-2023\/#primaryimage"},"image":{"@id":"https:\/\/ticsalutsocial.atoom.space\/es\/noticia\/aniras-al-mobile-world-congress-2023\/#primaryimage"},"thumbnailUrl":"https:\/\/ticsalutsocial.atoom.space\/wp-content\/uploads\/2023\/02\/MWC-2023-.jpg","datePublished":"2023-02-07T15:18:54+00:00","dateModified":"2023-02-16T07:40:09+00:00","breadcrumb":{"@id":"https:\/\/ticsalutsocial.atoom.space\/es\/noticia\/aniras-al-mobile-world-congress-2023\/#breadcrumb"},"inLanguage":"es","potentialAction":[{"@type":"ReadAction","target":["https:\/\/ticsalutsocial.atoom.space\/es\/noticia\/aniras-al-mobile-world-congress-2023\/"]}]},{"@type":"ImageObject","inLanguage":"es","@id":"https:\/\/ticsalutsocial.atoom.space\/es\/noticia\/aniras-al-mobile-world-congress-2023\/#primaryimage","url":"https:\/\/ticsalutsocial.atoom.space\/wp-content\/uploads\/2023\/02\/MWC-2023-.jpg","contentUrl":"https:\/\/ticsalutsocial.atoom.space\/wp-content\/uploads\/2023\/02\/MWC-2023-.jpg","width":2560,"height":1920},{"@type":"BreadcrumbList","@id":"https:\/\/ticsalutsocial.atoom.space\/es\/noticia\/aniras-al-mobile-world-congress-2023\/#breadcrumb","itemListElement":[{"@type":"ListItem","position":1,"name":"Inici","item":"https:\/\/ticsalutsocial.atoom.space\/es\/"},{"@type":"ListItem","position":2,"name":"\u00bfIr\u00e1s al Mobile World Congress 2023?"}]},{"@type":"WebSite","@id":"https:\/\/ticsalutsocial.atoom.space\/es\/#website","url":"https:\/\/ticsalutsocial.atoom.space\/es\/","name":"Fundaci\u00f3 TIC Salut i Social","description":"","potentialAction":[{"@type":"SearchAction","target":{"@type":"EntryPoint","urlTemplate":"https:\/\/ticsalutsocial.atoom.space\/es\/?s={search_term_string}"},"query-input":{"@type":"PropertyValueSpecification","valueRequired":true,"valueName":"search_term_string"}}],"inLanguage":"es"}]}},"_links":{"self":[{"href":"https:\/\/ticsalutsocial.atoom.space\/es\/wp-json\/wp\/v2\/noticia\/18719","targetHints":{"allow":["GET"]}}],"collection":[{"href":"https:\/\/ticsalutsocial.atoom.space\/es\/wp-json\/wp\/v2\/noticia"}],"about":[{"href":"https:\/\/ticsalutsocial.atoom.space\/es\/wp-json\/wp\/v2\/types\/noticia"}],"author":[{"embeddable":true,"href":"https:\/\/ticsalutsocial.atoom.space\/es\/wp-json\/wp\/v2\/users\/12"}],"wp:featuredmedia":[{"embeddable":true,"href":"https:\/\/ticsalutsocial.atoom.space\/es\/wp-json\/wp\/v2\/media\/18718"}],"wp:attachment":[{"href":"https:\/\/ticsalutsocial.atoom.space\/es\/wp-json\/wp\/v2\/media?parent=18719"}],"wp:term":[{"taxonomy":"etiqueta","embeddable":true,"href":"https:\/\/ticsalutsocial.atoom.space\/es\/wp-json\/wp\/v2\/etiqueta?post=18719"},{"taxonomy":"tipus","embeddable":true,"href":"https:\/\/ticsalutsocial.atoom.space\/es\/wp-json\/wp\/v2\/tipus?post=18719"},{"taxonomy":"topic","embeddable":true,"href":"https:\/\/ticsalutsocial.atoom.space\/es\/wp-json\/wp\/v2\/topic?post=18719"}],"curies":[{"name":"wp","href":"https:\/\/api.w.org\/{rel}","templated":true}]}}