
{"id":1894,"date":"2018-01-10T13:28:43","date_gmt":"2018-01-10T11:28:43","guid":{"rendered":"https:\/\/ticsalutsocial.atoom.space\/?post_type=noticia&#038;p=1894"},"modified":"2021-07-21T15:36:14","modified_gmt":"2021-07-21T13:36:14","slug":"imagen-medica-digital-conclusiones-del-mapa-de-estudio-de-las-tendencias","status":"publish","type":"noticia","link":"https:\/\/ticsalutsocial.atoom.space\/es\/noticia\/imagen-medica-digital-conclusiones-del-mapa-de-estudio-de-las-tendencias\/","title":{"rendered":"Imagen M\u00e9dica Digital: conclusiones del mapa de estudio de las tendencias"},"content":{"rendered":"<p>El 72% de las entidades estar\u00edan interesadas en una infraestructura a nivel de todo el\u00a0SISCAT, para la gesti\u00f3n de im\u00e1genes en el\u00a0Cloud\u00a0y en formato\u00a0SAAS, lo\u00a0que indica que los modelos de gesti\u00f3n\u00a0cloud\u00a0avanzan en su despliegue, y el ejemplo es la aprobaci\u00f3n en la imagen m\u00e9dica digital.<\/p>\n<p>El 83% de las Entidades Proveedoras exponen que pueden acceder remotamente a consultar las im\u00e1genes\u00a0m\u00e9dicas\u00a0desde fuera de su entidad, el que permite tener mucha m\u00e1s disponibilidad al acceso de la informaci\u00f3n, y la incorporaci\u00f3n de nuevos procesos asistenciales como por ejemplo el\u00a0telediagn\u00f3stico.<\/p>\n<p>En la encuesta se observa un incremento de las modalidades de imagen m\u00e9dica digital (oftalmolog\u00eda 40%, dermatolog\u00eda 20%), en muchos casos por la evoluci\u00f3n de los PACS hacia\u00a0VNA\u00a0(Vendor\u00a0Neutral\u00a0Archive), que permite gestionar toda la imagen m\u00e9dica que generen las entidades como objetos m\u00e9dicos.<\/p>\n<p>El 89% de las Entidades Proveedoras indican que realizan copias de seguridad de las im\u00e1genes digitales generadas.<\/p>\n<p>En cuanto a la aplicaci\u00f3n en febrero de 2018 de la directiva europea 2013\/59\/euratom, que obligar\u00e1 a las entidades a\u00a0informar de la dosis radiada al paciente en las pruebas de diagn\u00f3stico por la imagen, el 39% de las Entidades Proveedoras tienen infraestructura para recoger el dato, el 22% tienen previsto la infraestructura, y hay un 39% que no lo tiene previsto.<\/p>\n<p>De las respuestas pueden extraer que la imagen m\u00e9dica digital avanza hacia entornos m\u00e1s flexibles de arquitectura de gesti\u00f3n de la informaci\u00f3n con la inclusi\u00f3n de nuevas modalidades y procesos asistenciales.<\/p>\n","protected":false},"author":21,"featured_media":3362,"menu_order":0,"template":"","meta":{"_acf_changed":false,"inline_featured_image":false},"etiqueta":[],"tipus":[],"topic":[123],"class_list":["post-1894","noticia","type-noticia","status-publish","has-post-thumbnail","hentry","topic-actualidad"],"acf":{"imatge":3364,"autor":"Adri\u00e0 G.Font","textos_destacats":[{"texte":"La imagen m\u00e9dica digital avanza hacia entornos m\u00e1s flexibles de arquitectura de gesti\u00f3n de la informaci\u00f3n con la inclusi\u00f3n de nuevas modalidades y procesos asistenciales."}]},"yoast_head":"<!-- This site is optimized with the Yoast SEO plugin v27.1.1 - https:\/\/yoast.com\/product\/yoast-seo-wordpress\/ -->\n<title>Imagen M\u00e9dica Digital: conclusiones del mapa de estudio de las tendencias - Fundaci\u00f3 TIC Salut i Social<\/title>\n<meta name=\"robots\" content=\"index, follow, max-snippet:-1, max-image-preview:large, max-video-preview:-1\" \/>\n<link rel=\"canonical\" href=\"https:\/\/ticsalutsocial.atoom.space\/es\/noticia\/imagen-medica-digital-conclusiones-del-mapa-de-estudio-de-las-tendencias\/\" \/>\n<meta property=\"og:locale\" content=\"es_ES\" \/>\n<meta property=\"og:type\" content=\"article\" \/>\n<meta property=\"og:title\" content=\"Imagen M\u00e9dica Digital: conclusiones del mapa de estudio de las tendencias - Fundaci\u00f3 TIC Salut i Social\" \/>\n<meta property=\"og:description\" content=\"El 72% de las entidades estar\u00edan interesadas en una infraestructura a nivel de todo el\u00a0SISCAT, para la gesti\u00f3n de im\u00e1genes en el\u00a0Cloud\u00a0y en formato\u00a0SAAS, lo\u00a0que indica que los modelos de gesti\u00f3n\u00a0cloud\u00a0avanzan en su despliegue, y el ejemplo es la aprobaci\u00f3n en la imagen m\u00e9dica digital. El 83% de las Entidades Proveedoras exponen que pueden acceder [&hellip;]\" \/>\n<meta property=\"og:url\" content=\"https:\/\/ticsalutsocial.atoom.space\/es\/noticia\/imagen-medica-digital-conclusiones-del-mapa-de-estudio-de-las-tendencias\/\" \/>\n<meta property=\"og:site_name\" content=\"Fundaci\u00f3 TIC Salut i Social\" \/>\n<meta property=\"article:modified_time\" content=\"2021-07-21T13:36:14+00:00\" \/>\n<meta property=\"og:image\" content=\"https:\/\/ticsalutsocial.atoom.space\/wp-content\/uploads\/2018\/01\/imagen.png\" \/>\n\t<meta property=\"og:image:width\" content=\"1111\" \/>\n\t<meta property=\"og:image:height\" content=\"625\" \/>\n\t<meta property=\"og:image:type\" content=\"image\/png\" \/>\n<meta name=\"twitter:card\" content=\"summary_large_image\" \/>\n<meta name=\"twitter:label1\" content=\"Tiempo de lectura\" \/>\n\t<meta name=\"twitter:data1\" content=\"1 minuto\" \/>\n<script type=\"application\/ld+json\" class=\"yoast-schema-graph\">{\"@context\":\"https:\/\/schema.org\",\"@graph\":[{\"@type\":\"WebPage\",\"@id\":\"https:\/\/ticsalutsocial.atoom.space\/es\/noticia\/imagen-medica-digital-conclusiones-del-mapa-de-estudio-de-las-tendencias\/\",\"url\":\"https:\/\/ticsalutsocial.atoom.space\/es\/noticia\/imagen-medica-digital-conclusiones-del-mapa-de-estudio-de-las-tendencias\/\",\"name\":\"Imagen M\u00e9dica Digital: conclusiones del mapa de estudio de las tendencias - Fundaci\u00f3 TIC Salut i Social\",\"isPartOf\":{\"@id\":\"https:\/\/ticsalutsocial.atoom.space\/es\/#website\"},\"primaryImageOfPage\":{\"@id\":\"https:\/\/ticsalutsocial.atoom.space\/es\/noticia\/imagen-medica-digital-conclusiones-del-mapa-de-estudio-de-las-tendencias\/#primaryimage\"},\"image\":{\"@id\":\"https:\/\/ticsalutsocial.atoom.space\/es\/noticia\/imagen-medica-digital-conclusiones-del-mapa-de-estudio-de-las-tendencias\/#primaryimage\"},\"thumbnailUrl\":\"https:\/\/ticsalutsocial.atoom.space\/wp-content\/uploads\/2018\/01\/imagen.png\",\"datePublished\":\"2018-01-10T11:28:43+00:00\",\"dateModified\":\"2021-07-21T13:36:14+00:00\",\"breadcrumb\":{\"@id\":\"https:\/\/ticsalutsocial.atoom.space\/es\/noticia\/imagen-medica-digital-conclusiones-del-mapa-de-estudio-de-las-tendencias\/#breadcrumb\"},\"inLanguage\":\"es\",\"potentialAction\":[{\"@type\":\"ReadAction\",\"target\":[\"https:\/\/ticsalutsocial.atoom.space\/es\/noticia\/imagen-medica-digital-conclusiones-del-mapa-de-estudio-de-las-tendencias\/\"]}]},{\"@type\":\"ImageObject\",\"inLanguage\":\"es\",\"@id\":\"https:\/\/ticsalutsocial.atoom.space\/es\/noticia\/imagen-medica-digital-conclusiones-del-mapa-de-estudio-de-las-tendencias\/#primaryimage\",\"url\":\"https:\/\/ticsalutsocial.atoom.space\/wp-content\/uploads\/2018\/01\/imagen.png\",\"contentUrl\":\"https:\/\/ticsalutsocial.atoom.space\/wp-content\/uploads\/2018\/01\/imagen.png\",\"width\":1111,\"height\":625},{\"@type\":\"BreadcrumbList\",\"@id\":\"https:\/\/ticsalutsocial.atoom.space\/es\/noticia\/imagen-medica-digital-conclusiones-del-mapa-de-estudio-de-las-tendencias\/#breadcrumb\",\"itemListElement\":[{\"@type\":\"ListItem\",\"position\":1,\"name\":\"Inici\",\"item\":\"https:\/\/ticsalutsocial.atoom.space\/es\/\"},{\"@type\":\"ListItem\",\"position\":2,\"name\":\"Imagen M\u00e9dica Digital: conclusiones del mapa de estudio de las tendencias\"}]},{\"@type\":\"WebSite\",\"@id\":\"https:\/\/ticsalutsocial.atoom.space\/es\/#website\",\"url\":\"https:\/\/ticsalutsocial.atoom.space\/es\/\",\"name\":\"Fundaci\u00f3 TIC Salut i Social\",\"description\":\"\",\"potentialAction\":[{\"@type\":\"SearchAction\",\"target\":{\"@type\":\"EntryPoint\",\"urlTemplate\":\"https:\/\/ticsalutsocial.atoom.space\/es\/?s={search_term_string}\"},\"query-input\":{\"@type\":\"PropertyValueSpecification\",\"valueRequired\":true,\"valueName\":\"search_term_string\"}}],\"inLanguage\":\"es\"}]}<\/script>\n<!-- \/ Yoast SEO plugin. -->","yoast_head_json":{"title":"Imagen M\u00e9dica Digital: conclusiones del mapa de estudio de las tendencias - Fundaci\u00f3 TIC Salut i Social","robots":{"index":"index","follow":"follow","max-snippet":"max-snippet:-1","max-image-preview":"max-image-preview:large","max-video-preview":"max-video-preview:-1"},"canonical":"https:\/\/ticsalutsocial.atoom.space\/es\/noticia\/imagen-medica-digital-conclusiones-del-mapa-de-estudio-de-las-tendencias\/","og_locale":"es_ES","og_type":"article","og_title":"Imagen M\u00e9dica Digital: conclusiones del mapa de estudio de las tendencias - Fundaci\u00f3 TIC Salut i Social","og_description":"El 72% de las entidades estar\u00edan interesadas en una infraestructura a nivel de todo el\u00a0SISCAT, para la gesti\u00f3n de im\u00e1genes en el\u00a0Cloud\u00a0y en formato\u00a0SAAS, lo\u00a0que indica que los modelos de gesti\u00f3n\u00a0cloud\u00a0avanzan en su despliegue, y el ejemplo es la aprobaci\u00f3n en la imagen m\u00e9dica digital. El 83% de las Entidades Proveedoras exponen que pueden acceder [&hellip;]","og_url":"https:\/\/ticsalutsocial.atoom.space\/es\/noticia\/imagen-medica-digital-conclusiones-del-mapa-de-estudio-de-las-tendencias\/","og_site_name":"Fundaci\u00f3 TIC Salut i Social","article_modified_time":"2021-07-21T13:36:14+00:00","og_image":[{"width":1111,"height":625,"url":"https:\/\/ticsalutsocial.atoom.space\/wp-content\/uploads\/2018\/01\/imagen.png","type":"image\/png"}],"twitter_card":"summary_large_image","twitter_misc":{"Tiempo de lectura":"1 minuto"},"schema":{"@context":"https:\/\/schema.org","@graph":[{"@type":"WebPage","@id":"https:\/\/ticsalutsocial.atoom.space\/es\/noticia\/imagen-medica-digital-conclusiones-del-mapa-de-estudio-de-las-tendencias\/","url":"https:\/\/ticsalutsocial.atoom.space\/es\/noticia\/imagen-medica-digital-conclusiones-del-mapa-de-estudio-de-las-tendencias\/","name":"Imagen M\u00e9dica Digital: conclusiones del mapa de estudio de las tendencias - Fundaci\u00f3 TIC Salut i Social","isPartOf":{"@id":"https:\/\/ticsalutsocial.atoom.space\/es\/#website"},"primaryImageOfPage":{"@id":"https:\/\/ticsalutsocial.atoom.space\/es\/noticia\/imagen-medica-digital-conclusiones-del-mapa-de-estudio-de-las-tendencias\/#primaryimage"},"image":{"@id":"https:\/\/ticsalutsocial.atoom.space\/es\/noticia\/imagen-medica-digital-conclusiones-del-mapa-de-estudio-de-las-tendencias\/#primaryimage"},"thumbnailUrl":"https:\/\/ticsalutsocial.atoom.space\/wp-content\/uploads\/2018\/01\/imagen.png","datePublished":"2018-01-10T11:28:43+00:00","dateModified":"2021-07-21T13:36:14+00:00","breadcrumb":{"@id":"https:\/\/ticsalutsocial.atoom.space\/es\/noticia\/imagen-medica-digital-conclusiones-del-mapa-de-estudio-de-las-tendencias\/#breadcrumb"},"inLanguage":"es","potentialAction":[{"@type":"ReadAction","target":["https:\/\/ticsalutsocial.atoom.space\/es\/noticia\/imagen-medica-digital-conclusiones-del-mapa-de-estudio-de-las-tendencias\/"]}]},{"@type":"ImageObject","inLanguage":"es","@id":"https:\/\/ticsalutsocial.atoom.space\/es\/noticia\/imagen-medica-digital-conclusiones-del-mapa-de-estudio-de-las-tendencias\/#primaryimage","url":"https:\/\/ticsalutsocial.atoom.space\/wp-content\/uploads\/2018\/01\/imagen.png","contentUrl":"https:\/\/ticsalutsocial.atoom.space\/wp-content\/uploads\/2018\/01\/imagen.png","width":1111,"height":625},{"@type":"BreadcrumbList","@id":"https:\/\/ticsalutsocial.atoom.space\/es\/noticia\/imagen-medica-digital-conclusiones-del-mapa-de-estudio-de-las-tendencias\/#breadcrumb","itemListElement":[{"@type":"ListItem","position":1,"name":"Inici","item":"https:\/\/ticsalutsocial.atoom.space\/es\/"},{"@type":"ListItem","position":2,"name":"Imagen M\u00e9dica Digital: conclusiones del mapa de estudio de las tendencias"}]},{"@type":"WebSite","@id":"https:\/\/ticsalutsocial.atoom.space\/es\/#website","url":"https:\/\/ticsalutsocial.atoom.space\/es\/","name":"Fundaci\u00f3 TIC Salut i Social","description":"","potentialAction":[{"@type":"SearchAction","target":{"@type":"EntryPoint","urlTemplate":"https:\/\/ticsalutsocial.atoom.space\/es\/?s={search_term_string}"},"query-input":{"@type":"PropertyValueSpecification","valueRequired":true,"valueName":"search_term_string"}}],"inLanguage":"es"}]}},"_links":{"self":[{"href":"https:\/\/ticsalutsocial.atoom.space\/es\/wp-json\/wp\/v2\/noticia\/1894","targetHints":{"allow":["GET"]}}],"collection":[{"href":"https:\/\/ticsalutsocial.atoom.space\/es\/wp-json\/wp\/v2\/noticia"}],"about":[{"href":"https:\/\/ticsalutsocial.atoom.space\/es\/wp-json\/wp\/v2\/types\/noticia"}],"author":[{"embeddable":true,"href":"https:\/\/ticsalutsocial.atoom.space\/es\/wp-json\/wp\/v2\/users\/21"}],"wp:featuredmedia":[{"embeddable":true,"href":"https:\/\/ticsalutsocial.atoom.space\/es\/wp-json\/wp\/v2\/media\/3362"}],"wp:attachment":[{"href":"https:\/\/ticsalutsocial.atoom.space\/es\/wp-json\/wp\/v2\/media?parent=1894"}],"wp:term":[{"taxonomy":"etiqueta","embeddable":true,"href":"https:\/\/ticsalutsocial.atoom.space\/es\/wp-json\/wp\/v2\/etiqueta?post=1894"},{"taxonomy":"tipus","embeddable":true,"href":"https:\/\/ticsalutsocial.atoom.space\/es\/wp-json\/wp\/v2\/tipus?post=1894"},{"taxonomy":"topic","embeddable":true,"href":"https:\/\/ticsalutsocial.atoom.space\/es\/wp-json\/wp\/v2\/topic?post=1894"}],"curies":[{"name":"wp","href":"https:\/\/api.w.org\/{rel}","templated":true}]}}