
{"id":19053,"date":"2023-02-13T10:37:21","date_gmt":"2023-02-13T08:37:21","guid":{"rendered":"https:\/\/ticsalutsocial.atoom.space\/noticia\/la-comissio-europea-presenta-la-european-cancer-imaging-initiative\/"},"modified":"2023-02-14T16:59:55","modified_gmt":"2023-02-14T14:59:55","slug":"la-comissio-europea-presenta-la-european-cancer-imaging-initiative","status":"publish","type":"noticia","link":"https:\/\/ticsalutsocial.atoom.space\/es\/noticia\/la-comissio-europea-presenta-la-european-cancer-imaging-initiative\/","title":{"rendered":"La Comisi\u00f3n Europea presenta la European Cancer Imaging Initiative"},"content":{"rendered":"\n<p>La Comisi\u00f3n Europea ha puesto en marcha la <a href=\"https:\/\/ec.europa.eu\/commission\/presscorner\/detail\/es\/ip_23_286\" target=\"_blank\" rel=\"noreferrer noopener\">Iniciativa Europea de Obtenci\u00f3n de Im\u00e1genes Oncol\u00f3gicas<\/a> (European Cancer Imaging Initiative), enmarcada en el Plan Europeo de Lucha contra el C\u00e1ncer (EBCP). Esta iniciativa contribuir\u00e1 a crear una infraestructura digital que conecte recursos y bases de datos de obtenci\u00f3n de im\u00e1genes oncol\u00f3gicas en toda la Uni\u00f3n Europea, para ayudar a los proveedores de asistencia sanitaria, los institutos de investigaci\u00f3n y empresas innovadoras a hacer el mejor uso posible de soluciones innovadoras basadas en datos para el tratamiento y cuidado del c\u00e1ncer.<\/p>\n\n\n\n<p>La nueva propuesta de la Comisi\u00f3n crear\u00e1 un <strong>nuevo marco seguro, \u00e9tico y fiable<\/strong> para que los equipos de investigaci\u00f3n, profesionales y entidades innovadoras puedan acceder a la informaci\u00f3n, de acuerdo con la Estrategia Europea de Datos y el Espacio Europeo de Datos Sanitarios ( European Health Data Space).<\/p>\n\n\n\n<p>Seg\u00fan apunta la Comisi\u00f3n, las principales organizaciones, instituciones y empresas europeas de investigaci\u00f3n colaborar\u00e1n para dise\u00f1ar la infraestructura, con el objetivo de facilitar el acceso a grandes cantidades de datos de obtenci\u00f3n de im\u00e1genes oncol\u00f3gicas, favorecer la creaci\u00f3n de nuevos conjuntos de datos sobre im\u00e1genes oncol\u00f3gicas y la interoperabilidad de los existentes, y apoyar la realizaci\u00f3n de pruebas y el desarrollo de herramientas de medicina personalizada para avanzar en el diagn\u00f3stico y tratamientos del c\u00e1ncer.<\/p>\n\n\n\n<h2 class=\"wp-block-heading\"><strong>Proyecto EUICAM<\/strong><\/h2>\n\n\n\n<p>Uno de los proyectos bandera de la <a href=\"https:\/\/digital-strategy.ec.europa.eu\/en\/events\/european-cancer-imaging-initiative-launch-event#:~:text=The%20Commission%20is%20organising%20a,the%20Cancer%20Imaging%20Initiative%20%23euCancerImaging.\" target=\"_blank\" rel=\"noreferrer noopener\">Iniciativa Europea de Obtenci\u00f3n de Im\u00e1genes Oncol\u00f3gicas<\/a> es <a href=\"https:\/\/www.eibir.org\/projects\/eucaim\/\" target=\"_blank\" rel=\"noreferrer noopener\">EUCAIM<\/a>, que desplegar\u00e1 la infraestructura europea federada de datos de obtenci\u00f3n de im\u00e1genes oncol\u00f3gicas, partiendo del trabajo realizado por la red europea <strong>AI For Health Imaging (AI4HI)<\/strong>. Su objetivo es abarcar m\u00e1s de 100.000 casos de c\u00e1ncer de aqu\u00ed a 2025 y cerca de 60 millones de im\u00e1genes oncol\u00f3gicas anotadas en un atlas distribuido de im\u00e1genes oncol\u00f3gicas.<\/p>\n\n\n\n<p>La red AI4HI est\u00e1 formada por 5 proyectos financiados por la Comisi\u00f3n Europea sobre Big Data y IA basada en imagen m\u00e9dica sobre c\u00e1ncer: <a href=\"https:\/\/incisive-project.eu\/\" target=\"_blank\" rel=\"noreferrer noopener\">INCISIVE<\/a>, <a href=\"https:\/\/chaimeleon.eu\/\" target=\"_blank\" rel=\"noreferrer noopener\">Chaimeleon<\/a>,&nbsp;<a href=\"https:\/\/eucanimage.eu\/\" target=\"_blank\" rel=\"noreferrer noopener\">EuCanImage<\/a>,&nbsp;<a href=\"https:\/\/www.procancer-i.eu\/\" target=\"_blank\" rel=\"noreferrer noopener\">ProCancer-I<\/a>, y&nbsp;<a href=\"https:\/\/www.primageproject.eu\/\" target=\"_blank\" rel=\"noreferrer noopener\">Primage<\/a>. En total, los cinco proyectos agrupan a 86 instituciones de toda Europa, entre las que <strong>figuran siete entidades catalanas:<\/strong> la Fundaci\u00f3n TIC Salud Social, el Barcelona Supercomputing Center &#8211; Centro Nacional de Supercomputaci\u00f3n, el Centro de Regulaci\u00f3n Gen\u00f3mica, la Universidad de Barcelona, la Fundaci\u00f3n Instituto de Investigaci\u00f3n Biom\u00e9dica de Girona Doctor Josep Trueta (IDIBGI), la Fundaci\u00f3n Cl\u00ednic por la Investigaci\u00f3n Biom\u00e9dica y el Instituto de Investigaciones Sanitarias Agust\u00ed Pi i Sunyer (IDIBAPS).<\/p>\n\n\n\n<p><a href=\"https:\/\/www.primageproject.eu\/\" target=\"_blank\" rel=\"noreferrer noopener\">M\u00e1s informaci\u00f3n<\/a><\/p>\n","protected":false},"author":3,"featured_media":19052,"menu_order":0,"template":"","meta":{"_acf_changed":false,"inline_featured_image":false},"etiqueta":[],"tipus":[],"topic":[123],"class_list":["post-19053","noticia","type-noticia","status-publish","has-post-thumbnail","hentry","topic-actualidad"],"acf":{"autor":"","imatge":19052,"textos_destacats":[{"texte":"La Fundaci\u00f3n TIC participa en la iniciativa como entidad integrante de la red europea AI For Health Imaging."}],"documents":false,"finalitzat":false,"tipus_plantilla":"objectius","template_objectius":{"cont_principal":"","imatge":false,"cont_seguent":{"titol":"","contingut":""},"seccio_llistat":{"titol":"","llistat":false},"objectius":{"titol":"","objectius":false},"documents":false}},"yoast_head":"<!-- This site is optimized with the Yoast SEO plugin v27.1.1 - https:\/\/yoast.com\/product\/yoast-seo-wordpress\/ -->\n<title>La Comisi\u00f3n Europea presenta la European Cancer Imaging Initiative - Fundaci\u00f3 TIC Salut i Social<\/title>\n<meta name=\"description\" content=\"La Fundaci\u00f3n TIC participa en la iniciativa como entidad integrante de la red europea AI For Health Imaging.\" \/>\n<meta name=\"robots\" content=\"index, follow, max-snippet:-1, max-image-preview:large, max-video-preview:-1\" \/>\n<link rel=\"canonical\" href=\"https:\/\/ticsalutsocial.atoom.space\/es\/noticia\/la-comissio-europea-presenta-la-european-cancer-imaging-initiative\/\" \/>\n<meta property=\"og:locale\" content=\"es_ES\" \/>\n<meta property=\"og:type\" content=\"article\" \/>\n<meta property=\"og:title\" content=\"La Comisi\u00f3n Europea presenta la European Cancer Imaging Initiative - Fundaci\u00f3 TIC Salut i Social\" \/>\n<meta property=\"og:description\" content=\"La Fundaci\u00f3n TIC participa en la iniciativa como entidad integrante de la red europea AI For Health Imaging.\" \/>\n<meta property=\"og:url\" content=\"https:\/\/ticsalutsocial.atoom.space\/es\/noticia\/la-comissio-europea-presenta-la-european-cancer-imaging-initiative\/\" \/>\n<meta property=\"og:site_name\" content=\"Fundaci\u00f3 TIC Salut i Social\" \/>\n<meta property=\"article:modified_time\" content=\"2023-02-14T14:59:55+00:00\" \/>\n<meta property=\"og:image\" content=\"https:\/\/ticsalutsocial.atoom.space\/wp-content\/uploads\/2023\/02\/Captura2.png\" \/>\n\t<meta property=\"og:image:width\" content=\"1193\" \/>\n\t<meta property=\"og:image:height\" content=\"631\" \/>\n\t<meta property=\"og:image:type\" content=\"image\/png\" \/>\n<meta name=\"twitter:card\" content=\"summary_large_image\" \/>\n<meta name=\"twitter:label1\" content=\"Tiempo de lectura\" \/>\n\t<meta name=\"twitter:data1\" content=\"2 minutos\" \/>\n<script type=\"application\/ld+json\" class=\"yoast-schema-graph\">{\"@context\":\"https:\/\/schema.org\",\"@graph\":[{\"@type\":\"WebPage\",\"@id\":\"https:\/\/ticsalutsocial.atoom.space\/es\/noticia\/la-comissio-europea-presenta-la-european-cancer-imaging-initiative\/\",\"url\":\"https:\/\/ticsalutsocial.atoom.space\/es\/noticia\/la-comissio-europea-presenta-la-european-cancer-imaging-initiative\/\",\"name\":\"La Comisi\u00f3n Europea presenta la European Cancer Imaging Initiative - Fundaci\u00f3 TIC Salut i Social\",\"isPartOf\":{\"@id\":\"https:\/\/ticsalutsocial.atoom.space\/es\/#website\"},\"primaryImageOfPage\":{\"@id\":\"https:\/\/ticsalutsocial.atoom.space\/es\/noticia\/la-comissio-europea-presenta-la-european-cancer-imaging-initiative\/#primaryimage\"},\"image\":{\"@id\":\"https:\/\/ticsalutsocial.atoom.space\/es\/noticia\/la-comissio-europea-presenta-la-european-cancer-imaging-initiative\/#primaryimage\"},\"thumbnailUrl\":\"https:\/\/ticsalutsocial.atoom.space\/wp-content\/uploads\/2023\/02\/Captura2.png\",\"datePublished\":\"2023-02-13T08:37:21+00:00\",\"dateModified\":\"2023-02-14T14:59:55+00:00\",\"description\":\"La Fundaci\u00f3n TIC participa en la iniciativa como entidad integrante de la red europea AI For Health Imaging.\",\"breadcrumb\":{\"@id\":\"https:\/\/ticsalutsocial.atoom.space\/es\/noticia\/la-comissio-europea-presenta-la-european-cancer-imaging-initiative\/#breadcrumb\"},\"inLanguage\":\"es\",\"potentialAction\":[{\"@type\":\"ReadAction\",\"target\":[\"https:\/\/ticsalutsocial.atoom.space\/es\/noticia\/la-comissio-europea-presenta-la-european-cancer-imaging-initiative\/\"]}]},{\"@type\":\"ImageObject\",\"inLanguage\":\"es\",\"@id\":\"https:\/\/ticsalutsocial.atoom.space\/es\/noticia\/la-comissio-europea-presenta-la-european-cancer-imaging-initiative\/#primaryimage\",\"url\":\"https:\/\/ticsalutsocial.atoom.space\/wp-content\/uploads\/2023\/02\/Captura2.png\",\"contentUrl\":\"https:\/\/ticsalutsocial.atoom.space\/wp-content\/uploads\/2023\/02\/Captura2.png\",\"width\":1193,\"height\":631},{\"@type\":\"BreadcrumbList\",\"@id\":\"https:\/\/ticsalutsocial.atoom.space\/es\/noticia\/la-comissio-europea-presenta-la-european-cancer-imaging-initiative\/#breadcrumb\",\"itemListElement\":[{\"@type\":\"ListItem\",\"position\":1,\"name\":\"Inici\",\"item\":\"https:\/\/ticsalutsocial.atoom.space\/es\/\"},{\"@type\":\"ListItem\",\"position\":2,\"name\":\"La Comisi\u00f3n Europea presenta la European Cancer Imaging Initiative\"}]},{\"@type\":\"WebSite\",\"@id\":\"https:\/\/ticsalutsocial.atoom.space\/es\/#website\",\"url\":\"https:\/\/ticsalutsocial.atoom.space\/es\/\",\"name\":\"Fundaci\u00f3 TIC Salut i Social\",\"description\":\"\",\"potentialAction\":[{\"@type\":\"SearchAction\",\"target\":{\"@type\":\"EntryPoint\",\"urlTemplate\":\"https:\/\/ticsalutsocial.atoom.space\/es\/?s={search_term_string}\"},\"query-input\":{\"@type\":\"PropertyValueSpecification\",\"valueRequired\":true,\"valueName\":\"search_term_string\"}}],\"inLanguage\":\"es\"}]}<\/script>\n<!-- \/ Yoast SEO plugin. -->","yoast_head_json":{"title":"La Comisi\u00f3n Europea presenta la European Cancer Imaging Initiative - Fundaci\u00f3 TIC Salut i Social","description":"La Fundaci\u00f3n TIC participa en la iniciativa como entidad integrante de la red europea AI For Health Imaging.","robots":{"index":"index","follow":"follow","max-snippet":"max-snippet:-1","max-image-preview":"max-image-preview:large","max-video-preview":"max-video-preview:-1"},"canonical":"https:\/\/ticsalutsocial.atoom.space\/es\/noticia\/la-comissio-europea-presenta-la-european-cancer-imaging-initiative\/","og_locale":"es_ES","og_type":"article","og_title":"La Comisi\u00f3n Europea presenta la European Cancer Imaging Initiative - Fundaci\u00f3 TIC Salut i Social","og_description":"La Fundaci\u00f3n TIC participa en la iniciativa como entidad integrante de la red europea AI For Health Imaging.","og_url":"https:\/\/ticsalutsocial.atoom.space\/es\/noticia\/la-comissio-europea-presenta-la-european-cancer-imaging-initiative\/","og_site_name":"Fundaci\u00f3 TIC Salut i Social","article_modified_time":"2023-02-14T14:59:55+00:00","og_image":[{"width":1193,"height":631,"url":"https:\/\/ticsalutsocial.atoom.space\/wp-content\/uploads\/2023\/02\/Captura2.png","type":"image\/png"}],"twitter_card":"summary_large_image","twitter_misc":{"Tiempo de lectura":"2 minutos"},"schema":{"@context":"https:\/\/schema.org","@graph":[{"@type":"WebPage","@id":"https:\/\/ticsalutsocial.atoom.space\/es\/noticia\/la-comissio-europea-presenta-la-european-cancer-imaging-initiative\/","url":"https:\/\/ticsalutsocial.atoom.space\/es\/noticia\/la-comissio-europea-presenta-la-european-cancer-imaging-initiative\/","name":"La Comisi\u00f3n Europea presenta la European Cancer Imaging Initiative - Fundaci\u00f3 TIC Salut i Social","isPartOf":{"@id":"https:\/\/ticsalutsocial.atoom.space\/es\/#website"},"primaryImageOfPage":{"@id":"https:\/\/ticsalutsocial.atoom.space\/es\/noticia\/la-comissio-europea-presenta-la-european-cancer-imaging-initiative\/#primaryimage"},"image":{"@id":"https:\/\/ticsalutsocial.atoom.space\/es\/noticia\/la-comissio-europea-presenta-la-european-cancer-imaging-initiative\/#primaryimage"},"thumbnailUrl":"https:\/\/ticsalutsocial.atoom.space\/wp-content\/uploads\/2023\/02\/Captura2.png","datePublished":"2023-02-13T08:37:21+00:00","dateModified":"2023-02-14T14:59:55+00:00","description":"La Fundaci\u00f3n TIC participa en la iniciativa como entidad integrante de la red europea AI For Health Imaging.","breadcrumb":{"@id":"https:\/\/ticsalutsocial.atoom.space\/es\/noticia\/la-comissio-europea-presenta-la-european-cancer-imaging-initiative\/#breadcrumb"},"inLanguage":"es","potentialAction":[{"@type":"ReadAction","target":["https:\/\/ticsalutsocial.atoom.space\/es\/noticia\/la-comissio-europea-presenta-la-european-cancer-imaging-initiative\/"]}]},{"@type":"ImageObject","inLanguage":"es","@id":"https:\/\/ticsalutsocial.atoom.space\/es\/noticia\/la-comissio-europea-presenta-la-european-cancer-imaging-initiative\/#primaryimage","url":"https:\/\/ticsalutsocial.atoom.space\/wp-content\/uploads\/2023\/02\/Captura2.png","contentUrl":"https:\/\/ticsalutsocial.atoom.space\/wp-content\/uploads\/2023\/02\/Captura2.png","width":1193,"height":631},{"@type":"BreadcrumbList","@id":"https:\/\/ticsalutsocial.atoom.space\/es\/noticia\/la-comissio-europea-presenta-la-european-cancer-imaging-initiative\/#breadcrumb","itemListElement":[{"@type":"ListItem","position":1,"name":"Inici","item":"https:\/\/ticsalutsocial.atoom.space\/es\/"},{"@type":"ListItem","position":2,"name":"La Comisi\u00f3n Europea presenta la European Cancer Imaging Initiative"}]},{"@type":"WebSite","@id":"https:\/\/ticsalutsocial.atoom.space\/es\/#website","url":"https:\/\/ticsalutsocial.atoom.space\/es\/","name":"Fundaci\u00f3 TIC Salut i Social","description":"","potentialAction":[{"@type":"SearchAction","target":{"@type":"EntryPoint","urlTemplate":"https:\/\/ticsalutsocial.atoom.space\/es\/?s={search_term_string}"},"query-input":{"@type":"PropertyValueSpecification","valueRequired":true,"valueName":"search_term_string"}}],"inLanguage":"es"}]}},"_links":{"self":[{"href":"https:\/\/ticsalutsocial.atoom.space\/es\/wp-json\/wp\/v2\/noticia\/19053","targetHints":{"allow":["GET"]}}],"collection":[{"href":"https:\/\/ticsalutsocial.atoom.space\/es\/wp-json\/wp\/v2\/noticia"}],"about":[{"href":"https:\/\/ticsalutsocial.atoom.space\/es\/wp-json\/wp\/v2\/types\/noticia"}],"author":[{"embeddable":true,"href":"https:\/\/ticsalutsocial.atoom.space\/es\/wp-json\/wp\/v2\/users\/3"}],"wp:featuredmedia":[{"embeddable":true,"href":"https:\/\/ticsalutsocial.atoom.space\/es\/wp-json\/wp\/v2\/media\/19052"}],"wp:attachment":[{"href":"https:\/\/ticsalutsocial.atoom.space\/es\/wp-json\/wp\/v2\/media?parent=19053"}],"wp:term":[{"taxonomy":"etiqueta","embeddable":true,"href":"https:\/\/ticsalutsocial.atoom.space\/es\/wp-json\/wp\/v2\/etiqueta?post=19053"},{"taxonomy":"tipus","embeddable":true,"href":"https:\/\/ticsalutsocial.atoom.space\/es\/wp-json\/wp\/v2\/tipus?post=19053"},{"taxonomy":"topic","embeddable":true,"href":"https:\/\/ticsalutsocial.atoom.space\/es\/wp-json\/wp\/v2\/topic?post=19053"}],"curies":[{"name":"wp","href":"https:\/\/api.w.org\/{rel}","templated":true}]}}