
{"id":19219,"date":"2023-02-20T10:35:01","date_gmt":"2023-02-20T08:35:01","guid":{"rendered":"https:\/\/ticsalutsocial.atoom.space\/noticia\/nou-grup-de-treball-per-a-la-incorporacio-de-drons-a-lambit-de-la-salut\/"},"modified":"2023-02-20T10:39:42","modified_gmt":"2023-02-20T08:39:42","slug":"nou-grup-de-treball-per-a-la-incorporacio-de-drons-a-lambit-de-la-salut","status":"publish","type":"noticia","link":"https:\/\/ticsalutsocial.atoom.space\/es\/noticia\/nou-grup-de-treball-per-a-la-incorporacio-de-drons-a-lambit-de-la-salut\/","title":{"rendered":"Nuevo grupo de trabajo para la incorporaci\u00f3n de drones en el \u00e1mbito de la salud"},"content":{"rendered":"\n<p>La Fundaci\u00f3n TIC Salud Social es una de las entidades que forman parte de un nuevo grupo de trabajo constituido recientemente para analizar la incorporaci\u00f3n de drones en el \u00e1mbito de la salud en Catalu\u00f1a. Su objetivo es <strong>identificar los requerimientos<\/strong> para la implantaci\u00f3n de soluciones que incorporen el uso de esta tecnolog\u00eda, <strong>describir posibles casos de uso y crear proyectos espec\u00edficos<\/strong> que aporten un beneficio a la ciudadan\u00eda y al sistema de salud.<\/p>\n\n\n\n<p>Los drones son aeronaves no tripuladas, generalmente de tama\u00f1o reducido, que pueden ser controladas de forma remota o programadas para volar de forma aut\u00f3noma. En el \u00e1mbito de la salud, el uso de drones es muy incipiente, pero est\u00e1n surgiendo iniciativas y pruebas piloto para mejorar la accesibilidad y la eficiencia de la atenci\u00f3n m\u00e9dica, facilitando por ejemplo, la entrega de suministros m\u00e9dicos y medicamentos, el transporte de muestras de laboratorio para su an\u00e1lisis, o el apoyo a los servicios de emergencias m\u00e9dicas<\/p>\n\n\n\n<p>El grupo de trabajo est\u00e1 formado por representantes de la Comisi\u00f3n Departamental de Innovaci\u00f3n y Transformaci\u00f3n del Sistema de Salud del Departamento de Salud, el Consorcio de Salud y Social de Catalu\u00f1a, la Uni\u00f3n Catalana de Hospitales, entidades del Sistema Sanitario Integral de Utilizaci\u00f3n P\u00fablica de Catalu\u00f1a (SISCAT), empresas tecnol\u00f3gicas y la Fundaci\u00f3n TIC Salut Social.<\/p>\n\n\n\n<p>La responsable del \u00c1rea de Atenci\u00f3n No Presencial de la Fundaci\u00f3n TIC Salut Social, <strong>N\u00faria Abd\u00f3n<\/strong>, explica que han establecido cuatro fases de trabajo: \u201c<strong>analizaremos y difundiremos el uso de drones en el SISCAT, identificaremos los requerimientos del marco regulador y tecnol\u00f3gico , definiremos casos de uso aplicables a salud, y finalmente promoveremos proyectos para la implantaci\u00f3n de esta tecnolog\u00eda<\/strong>\u201d.<\/p>\n","protected":false},"author":3,"featured_media":19218,"menu_order":0,"template":"","meta":{"_acf_changed":false,"inline_featured_image":false},"etiqueta":[],"tipus":[],"topic":[119],"class_list":["post-19219","noticia","type-noticia","status-publish","has-post-thumbnail","hentry","topic-innovacion"],"acf":{"autor":"","imatge":19218,"textos_destacats":[{"texte":"La Fundaci\u00f3n TIC Salut Social es una de las entidades que forman parte del grupo de trabajo."}],"documents":false,"finalitzat":false,"tipus_plantilla":"objectius","template_objectius":{"cont_principal":"","imatge":false,"cont_seguent":{"titol":"","contingut":""},"seccio_llistat":{"titol":"","llistat":false},"objectius":{"titol":"","objectius":false},"documents":false}},"yoast_head":"<!-- This site is optimized with the Yoast SEO plugin v27.1.1 - https:\/\/yoast.com\/product\/yoast-seo-wordpress\/ -->\n<title>Nuevo grupo de trabajo para la incorporaci\u00f3n de drones en el \u00e1mbito de la salud - Fundaci\u00f3 TIC Salut i Social<\/title>\n<meta name=\"description\" content=\"La Fundaci\u00f3 TIC Salut Social \u00e9s una de les entitats que formen part del grup de treball.\" \/>\n<meta name=\"robots\" content=\"index, follow, max-snippet:-1, max-image-preview:large, max-video-preview:-1\" \/>\n<link rel=\"canonical\" href=\"https:\/\/ticsalutsocial.atoom.space\/es\/noticia\/nou-grup-de-treball-per-a-la-incorporacio-de-drons-a-lambit-de-la-salut\/\" \/>\n<meta property=\"og:locale\" content=\"es_ES\" \/>\n<meta property=\"og:type\" content=\"article\" \/>\n<meta property=\"og:title\" content=\"Nuevo grupo de trabajo para la incorporaci\u00f3n de drones en el \u00e1mbito de la salud - Fundaci\u00f3 TIC Salut i Social\" \/>\n<meta property=\"og:description\" content=\"La Fundaci\u00f3 TIC Salut Social \u00e9s una de les entitats que formen part del grup de treball.\" \/>\n<meta property=\"og:url\" content=\"https:\/\/ticsalutsocial.atoom.space\/es\/noticia\/nou-grup-de-treball-per-a-la-incorporacio-de-drons-a-lambit-de-la-salut\/\" \/>\n<meta property=\"og:site_name\" content=\"Fundaci\u00f3 TIC Salut i Social\" \/>\n<meta property=\"article:modified_time\" content=\"2023-02-20T08:39:42+00:00\" \/>\n<meta property=\"og:image\" content=\"https:\/\/ticsalutsocial.atoom.space\/wp-content\/uploads\/2023\/02\/pexels-pixabay-207586-scaled.jpg\" \/>\n\t<meta property=\"og:image:width\" content=\"2560\" \/>\n\t<meta property=\"og:image:height\" content=\"1432\" \/>\n\t<meta property=\"og:image:type\" content=\"image\/jpeg\" \/>\n<meta name=\"twitter:card\" content=\"summary_large_image\" \/>\n<meta name=\"twitter:label1\" content=\"Tiempo de lectura\" \/>\n\t<meta name=\"twitter:data1\" content=\"2 minutos\" \/>\n<script type=\"application\/ld+json\" class=\"yoast-schema-graph\">{\"@context\":\"https:\/\/schema.org\",\"@graph\":[{\"@type\":\"WebPage\",\"@id\":\"https:\/\/ticsalutsocial.atoom.space\/es\/noticia\/nou-grup-de-treball-per-a-la-incorporacio-de-drons-a-lambit-de-la-salut\/\",\"url\":\"https:\/\/ticsalutsocial.atoom.space\/es\/noticia\/nou-grup-de-treball-per-a-la-incorporacio-de-drons-a-lambit-de-la-salut\/\",\"name\":\"Nuevo grupo de trabajo para la incorporaci\u00f3n de drones en el \u00e1mbito de la salud - Fundaci\u00f3 TIC Salut i Social\",\"isPartOf\":{\"@id\":\"https:\/\/ticsalutsocial.atoom.space\/es\/#website\"},\"primaryImageOfPage\":{\"@id\":\"https:\/\/ticsalutsocial.atoom.space\/es\/noticia\/nou-grup-de-treball-per-a-la-incorporacio-de-drons-a-lambit-de-la-salut\/#primaryimage\"},\"image\":{\"@id\":\"https:\/\/ticsalutsocial.atoom.space\/es\/noticia\/nou-grup-de-treball-per-a-la-incorporacio-de-drons-a-lambit-de-la-salut\/#primaryimage\"},\"thumbnailUrl\":\"https:\/\/ticsalutsocial.atoom.space\/wp-content\/uploads\/2023\/02\/pexels-pixabay-207586-scaled.jpg\",\"datePublished\":\"2023-02-20T08:35:01+00:00\",\"dateModified\":\"2023-02-20T08:39:42+00:00\",\"description\":\"La Fundaci\u00f3 TIC Salut Social \u00e9s una de les entitats que formen part del grup de treball.\",\"breadcrumb\":{\"@id\":\"https:\/\/ticsalutsocial.atoom.space\/es\/noticia\/nou-grup-de-treball-per-a-la-incorporacio-de-drons-a-lambit-de-la-salut\/#breadcrumb\"},\"inLanguage\":\"es\",\"potentialAction\":[{\"@type\":\"ReadAction\",\"target\":[\"https:\/\/ticsalutsocial.atoom.space\/es\/noticia\/nou-grup-de-treball-per-a-la-incorporacio-de-drons-a-lambit-de-la-salut\/\"]}]},{\"@type\":\"ImageObject\",\"inLanguage\":\"es\",\"@id\":\"https:\/\/ticsalutsocial.atoom.space\/es\/noticia\/nou-grup-de-treball-per-a-la-incorporacio-de-drons-a-lambit-de-la-salut\/#primaryimage\",\"url\":\"https:\/\/ticsalutsocial.atoom.space\/wp-content\/uploads\/2023\/02\/pexels-pixabay-207586-scaled.jpg\",\"contentUrl\":\"https:\/\/ticsalutsocial.atoom.space\/wp-content\/uploads\/2023\/02\/pexels-pixabay-207586-scaled.jpg\",\"width\":2560,\"height\":1432},{\"@type\":\"BreadcrumbList\",\"@id\":\"https:\/\/ticsalutsocial.atoom.space\/es\/noticia\/nou-grup-de-treball-per-a-la-incorporacio-de-drons-a-lambit-de-la-salut\/#breadcrumb\",\"itemListElement\":[{\"@type\":\"ListItem\",\"position\":1,\"name\":\"Inici\",\"item\":\"https:\/\/ticsalutsocial.atoom.space\/es\/\"},{\"@type\":\"ListItem\",\"position\":2,\"name\":\"Nuevo grupo de trabajo para la incorporaci\u00f3n de drones en el \u00e1mbito de la salud\"}]},{\"@type\":\"WebSite\",\"@id\":\"https:\/\/ticsalutsocial.atoom.space\/es\/#website\",\"url\":\"https:\/\/ticsalutsocial.atoom.space\/es\/\",\"name\":\"Fundaci\u00f3 TIC Salut i Social\",\"description\":\"\",\"potentialAction\":[{\"@type\":\"SearchAction\",\"target\":{\"@type\":\"EntryPoint\",\"urlTemplate\":\"https:\/\/ticsalutsocial.atoom.space\/es\/?s={search_term_string}\"},\"query-input\":{\"@type\":\"PropertyValueSpecification\",\"valueRequired\":true,\"valueName\":\"search_term_string\"}}],\"inLanguage\":\"es\"}]}<\/script>\n<!-- \/ Yoast SEO plugin. -->","yoast_head_json":{"title":"Nuevo grupo de trabajo para la incorporaci\u00f3n de drones en el \u00e1mbito de la salud - Fundaci\u00f3 TIC Salut i Social","description":"La Fundaci\u00f3 TIC Salut Social \u00e9s una de les entitats que formen part del grup de treball.","robots":{"index":"index","follow":"follow","max-snippet":"max-snippet:-1","max-image-preview":"max-image-preview:large","max-video-preview":"max-video-preview:-1"},"canonical":"https:\/\/ticsalutsocial.atoom.space\/es\/noticia\/nou-grup-de-treball-per-a-la-incorporacio-de-drons-a-lambit-de-la-salut\/","og_locale":"es_ES","og_type":"article","og_title":"Nuevo grupo de trabajo para la incorporaci\u00f3n de drones en el \u00e1mbito de la salud - Fundaci\u00f3 TIC Salut i Social","og_description":"La Fundaci\u00f3 TIC Salut Social \u00e9s una de les entitats que formen part del grup de treball.","og_url":"https:\/\/ticsalutsocial.atoom.space\/es\/noticia\/nou-grup-de-treball-per-a-la-incorporacio-de-drons-a-lambit-de-la-salut\/","og_site_name":"Fundaci\u00f3 TIC Salut i Social","article_modified_time":"2023-02-20T08:39:42+00:00","og_image":[{"width":2560,"height":1432,"url":"https:\/\/ticsalutsocial.atoom.space\/wp-content\/uploads\/2023\/02\/pexels-pixabay-207586-scaled.jpg","type":"image\/jpeg"}],"twitter_card":"summary_large_image","twitter_misc":{"Tiempo de lectura":"2 minutos"},"schema":{"@context":"https:\/\/schema.org","@graph":[{"@type":"WebPage","@id":"https:\/\/ticsalutsocial.atoom.space\/es\/noticia\/nou-grup-de-treball-per-a-la-incorporacio-de-drons-a-lambit-de-la-salut\/","url":"https:\/\/ticsalutsocial.atoom.space\/es\/noticia\/nou-grup-de-treball-per-a-la-incorporacio-de-drons-a-lambit-de-la-salut\/","name":"Nuevo grupo de trabajo para la incorporaci\u00f3n de drones en el \u00e1mbito de la salud - Fundaci\u00f3 TIC Salut i Social","isPartOf":{"@id":"https:\/\/ticsalutsocial.atoom.space\/es\/#website"},"primaryImageOfPage":{"@id":"https:\/\/ticsalutsocial.atoom.space\/es\/noticia\/nou-grup-de-treball-per-a-la-incorporacio-de-drons-a-lambit-de-la-salut\/#primaryimage"},"image":{"@id":"https:\/\/ticsalutsocial.atoom.space\/es\/noticia\/nou-grup-de-treball-per-a-la-incorporacio-de-drons-a-lambit-de-la-salut\/#primaryimage"},"thumbnailUrl":"https:\/\/ticsalutsocial.atoom.space\/wp-content\/uploads\/2023\/02\/pexels-pixabay-207586-scaled.jpg","datePublished":"2023-02-20T08:35:01+00:00","dateModified":"2023-02-20T08:39:42+00:00","description":"La Fundaci\u00f3 TIC Salut Social \u00e9s una de les entitats que formen part del grup de treball.","breadcrumb":{"@id":"https:\/\/ticsalutsocial.atoom.space\/es\/noticia\/nou-grup-de-treball-per-a-la-incorporacio-de-drons-a-lambit-de-la-salut\/#breadcrumb"},"inLanguage":"es","potentialAction":[{"@type":"ReadAction","target":["https:\/\/ticsalutsocial.atoom.space\/es\/noticia\/nou-grup-de-treball-per-a-la-incorporacio-de-drons-a-lambit-de-la-salut\/"]}]},{"@type":"ImageObject","inLanguage":"es","@id":"https:\/\/ticsalutsocial.atoom.space\/es\/noticia\/nou-grup-de-treball-per-a-la-incorporacio-de-drons-a-lambit-de-la-salut\/#primaryimage","url":"https:\/\/ticsalutsocial.atoom.space\/wp-content\/uploads\/2023\/02\/pexels-pixabay-207586-scaled.jpg","contentUrl":"https:\/\/ticsalutsocial.atoom.space\/wp-content\/uploads\/2023\/02\/pexels-pixabay-207586-scaled.jpg","width":2560,"height":1432},{"@type":"BreadcrumbList","@id":"https:\/\/ticsalutsocial.atoom.space\/es\/noticia\/nou-grup-de-treball-per-a-la-incorporacio-de-drons-a-lambit-de-la-salut\/#breadcrumb","itemListElement":[{"@type":"ListItem","position":1,"name":"Inici","item":"https:\/\/ticsalutsocial.atoom.space\/es\/"},{"@type":"ListItem","position":2,"name":"Nuevo grupo de trabajo para la incorporaci\u00f3n de drones en el \u00e1mbito de la salud"}]},{"@type":"WebSite","@id":"https:\/\/ticsalutsocial.atoom.space\/es\/#website","url":"https:\/\/ticsalutsocial.atoom.space\/es\/","name":"Fundaci\u00f3 TIC Salut i Social","description":"","potentialAction":[{"@type":"SearchAction","target":{"@type":"EntryPoint","urlTemplate":"https:\/\/ticsalutsocial.atoom.space\/es\/?s={search_term_string}"},"query-input":{"@type":"PropertyValueSpecification","valueRequired":true,"valueName":"search_term_string"}}],"inLanguage":"es"}]}},"_links":{"self":[{"href":"https:\/\/ticsalutsocial.atoom.space\/es\/wp-json\/wp\/v2\/noticia\/19219","targetHints":{"allow":["GET"]}}],"collection":[{"href":"https:\/\/ticsalutsocial.atoom.space\/es\/wp-json\/wp\/v2\/noticia"}],"about":[{"href":"https:\/\/ticsalutsocial.atoom.space\/es\/wp-json\/wp\/v2\/types\/noticia"}],"author":[{"embeddable":true,"href":"https:\/\/ticsalutsocial.atoom.space\/es\/wp-json\/wp\/v2\/users\/3"}],"wp:featuredmedia":[{"embeddable":true,"href":"https:\/\/ticsalutsocial.atoom.space\/es\/wp-json\/wp\/v2\/media\/19218"}],"wp:attachment":[{"href":"https:\/\/ticsalutsocial.atoom.space\/es\/wp-json\/wp\/v2\/media?parent=19219"}],"wp:term":[{"taxonomy":"etiqueta","embeddable":true,"href":"https:\/\/ticsalutsocial.atoom.space\/es\/wp-json\/wp\/v2\/etiqueta?post=19219"},{"taxonomy":"tipus","embeddable":true,"href":"https:\/\/ticsalutsocial.atoom.space\/es\/wp-json\/wp\/v2\/tipus?post=19219"},{"taxonomy":"topic","embeddable":true,"href":"https:\/\/ticsalutsocial.atoom.space\/es\/wp-json\/wp\/v2\/topic?post=19219"}],"curies":[{"name":"wp","href":"https:\/\/api.w.org\/{rel}","templated":true}]}}