
{"id":19287,"date":"2023-02-24T11:25:08","date_gmt":"2023-02-24T09:25:08","guid":{"rendered":"https:\/\/ticsalutsocial.atoom.space\/noticia\/entrevista-la-meva-experiencia-a-larea-dintelligencia-artificial-esta-sent-molt-enriquidora-i-estic-aprenent-coses-increibles\/"},"modified":"2023-02-24T11:56:20","modified_gmt":"2023-02-24T09:56:20","slug":"entrevista-la-meva-experiencia-a-larea-dintelligencia-artificial-esta-sent-molt-enriquidora-i-estic-aprenent-coses-increibles","status":"publish","type":"noticia","link":"https:\/\/ticsalutsocial.atoom.space\/es\/noticia\/entrevista-la-meva-experiencia-a-larea-dintelligencia-artificial-esta-sent-molt-enriquidora-i-estic-aprenent-coses-increibles\/","title":{"rendered":"Entrevista: \u00abMi experiencia en el \u00c1rea de Inteligencia Artificial est\u00e1 siendo muy enriquecedora y estoy aprendiendo cosas incre\u00edbles\u00bb"},"content":{"rendered":"\n<p>Vaneza G\u00f3mez lleg\u00f3 de Bogot\u00e1 (Colombia) a Barcelona hace a\u00f1o y medio, despu\u00e9s de ganar una beca para terminar sus estudios de grado en la Universidad Polit\u00e9cnica de Catalu\u00f1a y graduarse en Ingenier\u00eda Biom\u00e9dica. Ahora, a sus 23 a\u00f1os,<strong> acaba de presentar con \u00e9xito su Trabajo de Final de Grado<\/strong>, en el que ha aportado el conocimiento adquirido durante sus pr\u00e1cticas y trabajo actual en el \u00c1rea de Inteligencia Artificial de la Fundaci\u00f3n TIC Salut Social.<\/p>\n\n\n\n<h2 class=\"wp-block-heading\"><strong>\u00bfPor qu\u00e9 decidiste estudiar Ingenier\u00eda Biom\u00e9dica?<\/strong><\/h2>\n\n\n\n<p>Porque es una carrera que se adecuaba mucho a todas mis preferencias: matem\u00e1ticas, ciencias exactas y ciencias humanas, mec\u00e1nica y medicina. \u00a1Es un poco todo lo que quiero aprender en mi vida! Por la misma carrera me he graduado de tres universidades: la Universidad Polit\u00e9cnica de Catalu\u00f1a en Barcelona, y la Universidad del Rosario y la Escuela Colombiana de Ingenier\u00eda Julio Garavito en Bogot\u00e1, Colombia.<\/p>\n\n\n\n<h2 class=\"wp-block-heading\"><strong>\u00bfEn qu\u00e9 ha consistido tu trabajo de fin de grado?<\/strong><\/h2>\n\n\n\n<p>Mi trabajo ha consistido en la Generaci\u00f3n de Se\u00f1ales de Electroencefalograf\u00eda (EEG) sint\u00e9tica para el entrenamiento de modelos de aprendizaje autom\u00e1tico en la detecci\u00f3n de la enfermedad de Parkinson. Escog\u00ed este tema porque el an\u00e1lisis y procesamiento de se\u00f1ales e im\u00e1genes m\u00e9dicas es un \u00e1rea que me ha gustado much\u00edsimo a lo largo de mi grado, y durante las pr\u00e1cticas en la Fundaci\u00f3n TIC Salut Social trabaj\u00e9 tambi\u00e9n con datos sint\u00e9ticos y quer\u00eda profundizar m\u00e1s al respecto.<\/p>\n\n\n\n<h2 class=\"wp-block-heading\"><strong>\u00bfY cu\u00e1les son las conclusiones del trabajo?<\/strong><\/h2>\n\n\n\n<p>En mi trabajo he conseguido generar se\u00f1ales de EEG sint\u00e9ticas que son una representaci\u00f3n v\u00e1lida de las se\u00f1ales reales tanto para pacientes \u201ccontrol\u201d como para pacientes con la enfermedad de Parkinson. Tambi\u00e9n he conseguido entrenar un modelo de<em> Machine Learning<\/em> para la detecci\u00f3n de la enfermedad a partir de las se\u00f1ales EEG con una precisi\u00f3n del 97,88% en se\u00f1ales reales y del 84% en se\u00f1ales sint\u00e9ticas. Estos resultados no hubieran sido posible sin los conocimientos de datos sint\u00e9ticos y aprendizaje autom\u00e1tico que adquir\u00ed durante las pr\u00e1cticas y el apoyo de mis tutores de tesis en la Fundaci\u00f3n TIC Salut Social, Susanna Auss\u00f3 y Didier Dom\u00ednguez.<\/p>\n\n\n\n<h2 class=\"wp-block-heading\"><strong>\u00bfCu\u00e1l es tu labor actual en la Fundaci\u00f3n TIC Salut Social y c\u00f3mo valoras tu experiencia?<\/strong><\/h2>\n\n\n\n<p>Mi tarea actual sigue dirigida hacia la creaci\u00f3n de datos m\u00e9dicos sint\u00e9ticos tabulares y relacionales, a tratar de mejorar estas t\u00e9cnicas y a probar herramientas nuevas. \u00a1Mi experiencia en el \u00c1rea de Inteligencia Artificial est\u00e1 siendo muy enriquecedora y estoy aprendiendo cosas incre\u00edbles!<\/p>\n\n\n\n<h2 class=\"wp-block-heading\"><strong>\u00bfEn qu\u00e9 \u00e1rea te gustar\u00eda especializarte y seguir trabajando en el futuro?<\/strong><\/h2>\n\n\n\n<p>En el futuro me gustar\u00eda seguir trabajando en el \u00e1mbito de la Inteligencia Artificial aplicada a la salud para dar soluciones computacionales \u00f3ptimas a los equipos de profesionales e investigadores de la salud.<\/p>\n","protected":false},"author":3,"featured_media":19282,"menu_order":0,"template":"","meta":{"_acf_changed":false,"inline_featured_image":false},"etiqueta":[],"tipus":[879],"topic":[130],"class_list":["post-19287","noticia","type-noticia","status-publish","has-post-thumbnail","hentry","tipus-inteligencia-artificial","topic-la-fundacion"],"acf":{"autor":"","imatge":19282,"textos_destacats":[{"texte":"Su trabajo de final de grado ha consistido en la Generaci\u00f3n de Se\u00f1ales de Electroencefalograf\u00eda (EEG) sint\u00e9tica para el entrenamiento de modelos de aprendizaje autom\u00e1tico en la detecci\u00f3n de la enfermedad de Parkinson. "}],"documents":false,"finalitzat":false,"tipus_plantilla":"objectius","template_objectius":{"cont_principal":"","imatge":false,"cont_seguent":{"titol":"","contingut":""},"seccio_llistat":{"titol":"","llistat":false},"objectius":{"titol":"","objectius":false},"documents":false}},"yoast_head":"<!-- This site is optimized with the Yoast SEO plugin v27.1.1 - https:\/\/yoast.com\/product\/yoast-seo-wordpress\/ -->\n<title>Entrevista: &quot;Mi experiencia en el \u00c1rea de Inteligencia Artificial est\u00e1 siendo muy enriquecedora y estoy aprendiendo cosas incre\u00edbles&quot; - Fundaci\u00f3 TIC Salut i Social<\/title>\n<meta name=\"robots\" content=\"index, follow, max-snippet:-1, max-image-preview:large, max-video-preview:-1\" \/>\n<link rel=\"canonical\" href=\"https:\/\/ticsalutsocial.atoom.space\/es\/noticia\/entrevista-la-meva-experiencia-a-larea-dintelligencia-artificial-esta-sent-molt-enriquidora-i-estic-aprenent-coses-increibles\/\" \/>\n<meta property=\"og:locale\" content=\"es_ES\" \/>\n<meta property=\"og:type\" content=\"article\" \/>\n<meta property=\"og:title\" content=\"Entrevista: &quot;Mi experiencia en el \u00c1rea de Inteligencia Artificial est\u00e1 siendo muy enriquecedora y estoy aprendiendo cosas incre\u00edbles&quot; - Fundaci\u00f3 TIC Salut i Social\" \/>\n<meta property=\"og:description\" content=\"Vaneza G\u00f3mez lleg\u00f3 de Bogot\u00e1 (Colombia) a Barcelona hace a\u00f1o y medio, despu\u00e9s de ganar una beca para terminar sus estudios de grado en la Universidad Polit\u00e9cnica de Catalu\u00f1a y graduarse en Ingenier\u00eda Biom\u00e9dica. Ahora, a sus 23 a\u00f1os, acaba de presentar con \u00e9xito su Trabajo de Final de Grado, en el que ha aportado [&hellip;]\" \/>\n<meta property=\"og:url\" content=\"https:\/\/ticsalutsocial.atoom.space\/es\/noticia\/entrevista-la-meva-experiencia-a-larea-dintelligencia-artificial-esta-sent-molt-enriquidora-i-estic-aprenent-coses-increibles\/\" \/>\n<meta property=\"og:site_name\" content=\"Fundaci\u00f3 TIC Salut i Social\" \/>\n<meta property=\"article:modified_time\" content=\"2023-02-24T09:56:20+00:00\" \/>\n<meta property=\"og:image\" content=\"https:\/\/ticsalutsocial.atoom.space\/wp-content\/uploads\/2023\/02\/Vaneza.png\" \/>\n\t<meta property=\"og:image:width\" content=\"1182\" \/>\n\t<meta property=\"og:image:height\" content=\"537\" \/>\n\t<meta property=\"og:image:type\" content=\"image\/png\" \/>\n<meta name=\"twitter:card\" content=\"summary_large_image\" \/>\n<meta name=\"twitter:label1\" content=\"Tiempo de lectura\" \/>\n\t<meta name=\"twitter:data1\" content=\"2 minutos\" \/>\n<script type=\"application\/ld+json\" class=\"yoast-schema-graph\">{\"@context\":\"https:\/\/schema.org\",\"@graph\":[{\"@type\":\"WebPage\",\"@id\":\"https:\/\/ticsalutsocial.atoom.space\/es\/noticia\/entrevista-la-meva-experiencia-a-larea-dintelligencia-artificial-esta-sent-molt-enriquidora-i-estic-aprenent-coses-increibles\/\",\"url\":\"https:\/\/ticsalutsocial.atoom.space\/es\/noticia\/entrevista-la-meva-experiencia-a-larea-dintelligencia-artificial-esta-sent-molt-enriquidora-i-estic-aprenent-coses-increibles\/\",\"name\":\"Entrevista: \\\"Mi experiencia en el \u00c1rea de Inteligencia Artificial est\u00e1 siendo muy enriquecedora y estoy aprendiendo cosas incre\u00edbles\\\" - Fundaci\u00f3 TIC Salut i Social\",\"isPartOf\":{\"@id\":\"https:\/\/ticsalutsocial.atoom.space\/es\/#website\"},\"primaryImageOfPage\":{\"@id\":\"https:\/\/ticsalutsocial.atoom.space\/es\/noticia\/entrevista-la-meva-experiencia-a-larea-dintelligencia-artificial-esta-sent-molt-enriquidora-i-estic-aprenent-coses-increibles\/#primaryimage\"},\"image\":{\"@id\":\"https:\/\/ticsalutsocial.atoom.space\/es\/noticia\/entrevista-la-meva-experiencia-a-larea-dintelligencia-artificial-esta-sent-molt-enriquidora-i-estic-aprenent-coses-increibles\/#primaryimage\"},\"thumbnailUrl\":\"https:\/\/ticsalutsocial.atoom.space\/wp-content\/uploads\/2023\/02\/Vaneza.png\",\"datePublished\":\"2023-02-24T09:25:08+00:00\",\"dateModified\":\"2023-02-24T09:56:20+00:00\",\"breadcrumb\":{\"@id\":\"https:\/\/ticsalutsocial.atoom.space\/es\/noticia\/entrevista-la-meva-experiencia-a-larea-dintelligencia-artificial-esta-sent-molt-enriquidora-i-estic-aprenent-coses-increibles\/#breadcrumb\"},\"inLanguage\":\"es\",\"potentialAction\":[{\"@type\":\"ReadAction\",\"target\":[\"https:\/\/ticsalutsocial.atoom.space\/es\/noticia\/entrevista-la-meva-experiencia-a-larea-dintelligencia-artificial-esta-sent-molt-enriquidora-i-estic-aprenent-coses-increibles\/\"]}]},{\"@type\":\"ImageObject\",\"inLanguage\":\"es\",\"@id\":\"https:\/\/ticsalutsocial.atoom.space\/es\/noticia\/entrevista-la-meva-experiencia-a-larea-dintelligencia-artificial-esta-sent-molt-enriquidora-i-estic-aprenent-coses-increibles\/#primaryimage\",\"url\":\"https:\/\/ticsalutsocial.atoom.space\/wp-content\/uploads\/2023\/02\/Vaneza.png\",\"contentUrl\":\"https:\/\/ticsalutsocial.atoom.space\/wp-content\/uploads\/2023\/02\/Vaneza.png\",\"width\":1182,\"height\":537},{\"@type\":\"BreadcrumbList\",\"@id\":\"https:\/\/ticsalutsocial.atoom.space\/es\/noticia\/entrevista-la-meva-experiencia-a-larea-dintelligencia-artificial-esta-sent-molt-enriquidora-i-estic-aprenent-coses-increibles\/#breadcrumb\",\"itemListElement\":[{\"@type\":\"ListItem\",\"position\":1,\"name\":\"Inici\",\"item\":\"https:\/\/ticsalutsocial.atoom.space\/es\/\"},{\"@type\":\"ListItem\",\"position\":2,\"name\":\"Entrevista: &#8220;Mi experiencia en el \u00c1rea de Inteligencia Artificial est\u00e1 siendo muy enriquecedora y estoy aprendiendo cosas incre\u00edbles&#8221;\"}]},{\"@type\":\"WebSite\",\"@id\":\"https:\/\/ticsalutsocial.atoom.space\/es\/#website\",\"url\":\"https:\/\/ticsalutsocial.atoom.space\/es\/\",\"name\":\"Fundaci\u00f3 TIC Salut i Social\",\"description\":\"\",\"potentialAction\":[{\"@type\":\"SearchAction\",\"target\":{\"@type\":\"EntryPoint\",\"urlTemplate\":\"https:\/\/ticsalutsocial.atoom.space\/es\/?s={search_term_string}\"},\"query-input\":{\"@type\":\"PropertyValueSpecification\",\"valueRequired\":true,\"valueName\":\"search_term_string\"}}],\"inLanguage\":\"es\"}]}<\/script>\n<!-- \/ Yoast SEO plugin. -->","yoast_head_json":{"title":"Entrevista: \"Mi experiencia en el \u00c1rea de Inteligencia Artificial est\u00e1 siendo muy enriquecedora y estoy aprendiendo cosas incre\u00edbles\" - Fundaci\u00f3 TIC Salut i Social","robots":{"index":"index","follow":"follow","max-snippet":"max-snippet:-1","max-image-preview":"max-image-preview:large","max-video-preview":"max-video-preview:-1"},"canonical":"https:\/\/ticsalutsocial.atoom.space\/es\/noticia\/entrevista-la-meva-experiencia-a-larea-dintelligencia-artificial-esta-sent-molt-enriquidora-i-estic-aprenent-coses-increibles\/","og_locale":"es_ES","og_type":"article","og_title":"Entrevista: \"Mi experiencia en el \u00c1rea de Inteligencia Artificial est\u00e1 siendo muy enriquecedora y estoy aprendiendo cosas incre\u00edbles\" - Fundaci\u00f3 TIC Salut i Social","og_description":"Vaneza G\u00f3mez lleg\u00f3 de Bogot\u00e1 (Colombia) a Barcelona hace a\u00f1o y medio, despu\u00e9s de ganar una beca para terminar sus estudios de grado en la Universidad Polit\u00e9cnica de Catalu\u00f1a y graduarse en Ingenier\u00eda Biom\u00e9dica. Ahora, a sus 23 a\u00f1os, acaba de presentar con \u00e9xito su Trabajo de Final de Grado, en el que ha aportado [&hellip;]","og_url":"https:\/\/ticsalutsocial.atoom.space\/es\/noticia\/entrevista-la-meva-experiencia-a-larea-dintelligencia-artificial-esta-sent-molt-enriquidora-i-estic-aprenent-coses-increibles\/","og_site_name":"Fundaci\u00f3 TIC Salut i Social","article_modified_time":"2023-02-24T09:56:20+00:00","og_image":[{"width":1182,"height":537,"url":"https:\/\/ticsalutsocial.atoom.space\/wp-content\/uploads\/2023\/02\/Vaneza.png","type":"image\/png"}],"twitter_card":"summary_large_image","twitter_misc":{"Tiempo de lectura":"2 minutos"},"schema":{"@context":"https:\/\/schema.org","@graph":[{"@type":"WebPage","@id":"https:\/\/ticsalutsocial.atoom.space\/es\/noticia\/entrevista-la-meva-experiencia-a-larea-dintelligencia-artificial-esta-sent-molt-enriquidora-i-estic-aprenent-coses-increibles\/","url":"https:\/\/ticsalutsocial.atoom.space\/es\/noticia\/entrevista-la-meva-experiencia-a-larea-dintelligencia-artificial-esta-sent-molt-enriquidora-i-estic-aprenent-coses-increibles\/","name":"Entrevista: \"Mi experiencia en el \u00c1rea de Inteligencia Artificial est\u00e1 siendo muy enriquecedora y estoy aprendiendo cosas incre\u00edbles\" - Fundaci\u00f3 TIC Salut i Social","isPartOf":{"@id":"https:\/\/ticsalutsocial.atoom.space\/es\/#website"},"primaryImageOfPage":{"@id":"https:\/\/ticsalutsocial.atoom.space\/es\/noticia\/entrevista-la-meva-experiencia-a-larea-dintelligencia-artificial-esta-sent-molt-enriquidora-i-estic-aprenent-coses-increibles\/#primaryimage"},"image":{"@id":"https:\/\/ticsalutsocial.atoom.space\/es\/noticia\/entrevista-la-meva-experiencia-a-larea-dintelligencia-artificial-esta-sent-molt-enriquidora-i-estic-aprenent-coses-increibles\/#primaryimage"},"thumbnailUrl":"https:\/\/ticsalutsocial.atoom.space\/wp-content\/uploads\/2023\/02\/Vaneza.png","datePublished":"2023-02-24T09:25:08+00:00","dateModified":"2023-02-24T09:56:20+00:00","breadcrumb":{"@id":"https:\/\/ticsalutsocial.atoom.space\/es\/noticia\/entrevista-la-meva-experiencia-a-larea-dintelligencia-artificial-esta-sent-molt-enriquidora-i-estic-aprenent-coses-increibles\/#breadcrumb"},"inLanguage":"es","potentialAction":[{"@type":"ReadAction","target":["https:\/\/ticsalutsocial.atoom.space\/es\/noticia\/entrevista-la-meva-experiencia-a-larea-dintelligencia-artificial-esta-sent-molt-enriquidora-i-estic-aprenent-coses-increibles\/"]}]},{"@type":"ImageObject","inLanguage":"es","@id":"https:\/\/ticsalutsocial.atoom.space\/es\/noticia\/entrevista-la-meva-experiencia-a-larea-dintelligencia-artificial-esta-sent-molt-enriquidora-i-estic-aprenent-coses-increibles\/#primaryimage","url":"https:\/\/ticsalutsocial.atoom.space\/wp-content\/uploads\/2023\/02\/Vaneza.png","contentUrl":"https:\/\/ticsalutsocial.atoom.space\/wp-content\/uploads\/2023\/02\/Vaneza.png","width":1182,"height":537},{"@type":"BreadcrumbList","@id":"https:\/\/ticsalutsocial.atoom.space\/es\/noticia\/entrevista-la-meva-experiencia-a-larea-dintelligencia-artificial-esta-sent-molt-enriquidora-i-estic-aprenent-coses-increibles\/#breadcrumb","itemListElement":[{"@type":"ListItem","position":1,"name":"Inici","item":"https:\/\/ticsalutsocial.atoom.space\/es\/"},{"@type":"ListItem","position":2,"name":"Entrevista: &#8220;Mi experiencia en el \u00c1rea de Inteligencia Artificial est\u00e1 siendo muy enriquecedora y estoy aprendiendo cosas incre\u00edbles&#8221;"}]},{"@type":"WebSite","@id":"https:\/\/ticsalutsocial.atoom.space\/es\/#website","url":"https:\/\/ticsalutsocial.atoom.space\/es\/","name":"Fundaci\u00f3 TIC Salut i Social","description":"","potentialAction":[{"@type":"SearchAction","target":{"@type":"EntryPoint","urlTemplate":"https:\/\/ticsalutsocial.atoom.space\/es\/?s={search_term_string}"},"query-input":{"@type":"PropertyValueSpecification","valueRequired":true,"valueName":"search_term_string"}}],"inLanguage":"es"}]}},"_links":{"self":[{"href":"https:\/\/ticsalutsocial.atoom.space\/es\/wp-json\/wp\/v2\/noticia\/19287","targetHints":{"allow":["GET"]}}],"collection":[{"href":"https:\/\/ticsalutsocial.atoom.space\/es\/wp-json\/wp\/v2\/noticia"}],"about":[{"href":"https:\/\/ticsalutsocial.atoom.space\/es\/wp-json\/wp\/v2\/types\/noticia"}],"author":[{"embeddable":true,"href":"https:\/\/ticsalutsocial.atoom.space\/es\/wp-json\/wp\/v2\/users\/3"}],"wp:featuredmedia":[{"embeddable":true,"href":"https:\/\/ticsalutsocial.atoom.space\/es\/wp-json\/wp\/v2\/media\/19282"}],"wp:attachment":[{"href":"https:\/\/ticsalutsocial.atoom.space\/es\/wp-json\/wp\/v2\/media?parent=19287"}],"wp:term":[{"taxonomy":"etiqueta","embeddable":true,"href":"https:\/\/ticsalutsocial.atoom.space\/es\/wp-json\/wp\/v2\/etiqueta?post=19287"},{"taxonomy":"tipus","embeddable":true,"href":"https:\/\/ticsalutsocial.atoom.space\/es\/wp-json\/wp\/v2\/tipus?post=19287"},{"taxonomy":"topic","embeddable":true,"href":"https:\/\/ticsalutsocial.atoom.space\/es\/wp-json\/wp\/v2\/topic?post=19287"}],"curies":[{"name":"wp","href":"https:\/\/api.w.org\/{rel}","templated":true}]}}