
{"id":19306,"date":"2023-03-01T10:05:22","date_gmt":"2023-03-01T08:05:22","guid":{"rendered":"https:\/\/ticsalutsocial.atoom.space\/noticia\/joan-guanyabens-nou-director-de-la-fundacio-tic-salut-social\/"},"modified":"2023-03-01T10:27:36","modified_gmt":"2023-03-01T08:27:36","slug":"joan-guanyabens-nou-director-de-la-fundacio-tic-salut-social","status":"publish","type":"noticia","link":"https:\/\/ticsalutsocial.atoom.space\/es\/noticia\/joan-guanyabens-nou-director-de-la-fundacio-tic-salut-social\/","title":{"rendered":"Joan Guanyabens, nuevo Director de la Fundaci\u00f3n TIC Salut Social"},"content":{"rendered":"\n<p>El Patronato de la Fundaci\u00f3n TIC Salut Social ha nombrado a <strong>Joan Guanyabens <\/strong>como nuevo Director de la entidad, en la reuni\u00f3n celebrada el 28 de febrero de 2023.<\/p>\n\n\n\n<p>Guanyabens tiene una <strong>amplia trayectoria en gesti\u00f3n sanitaria<\/strong> y <strong>ha colaborado activamente con la Fundaci\u00f3n TIC Salut Social<\/strong>, como consultor desde 2020 y como vocal del Patronato de 2007 hasta 2012.<\/p>\n\n\n\n<p>Licenciado en Medicina en la Universidad de Barcelona y M\u00e1ster en Gesti\u00f3n Sanitaria por ESADE, a lo largo de su trayectoria profesional ha ocupado diversas posiciones de responsabilidad en el sector p\u00fablico: Director de la Agencia Catalana de Salud para la Informaci\u00f3n, Evaluaci\u00f3n y Calidad de la Salud (2009-2012), Coordinador General de las TIC (2007-2012), y asesor, evaluador, auditor y experto en sistemas de informaci\u00f3n sanitaria en la Comisi\u00f3n Europea (1988-2001).<\/p>\n\n\n\n<p>En el \u00e1mbito acad\u00e9mico ha sido Director General de la Fundaci\u00f3n de Estudios Superiores en Ciencias de la Salud de Vic (2017-2019), es Director del M\u00e1ster en Digital Health del OBS Business School, y codirector acad\u00e9mico y profesor del M\u00e1ster en Big Data Sanitaria de la escuela de negocios ENIIT Innova IT.<\/p>\n\n\n\n<p>Por \u00faltimo, tambi\u00e9n cuenta con experiencia en el sector privado: es fundador de la cooperativa Saluscoop, y ha ejercido de Director de tecnolog\u00edas de la informaci\u00f3n de la salud en PwC (2012-2015), entre otras posiciones.<\/p>\n","protected":false},"author":12,"featured_media":19305,"menu_order":0,"template":"","meta":{"_acf_changed":false,"inline_featured_image":false},"etiqueta":[],"tipus":[],"topic":[130],"class_list":["post-19306","noticia","type-noticia","status-publish","has-post-thumbnail","hentry","topic-la-fundacion"],"acf":{"finalitzat":false,"tipus_plantilla":"objectius","template_objectius":{"cont_principal":"","imatge":false,"cont_seguent":{"titol":"","contingut":""},"seccio_llistat":{"titol":"","llistat":false},"objectius":{"titol":"","objectius":false},"documents":false},"autor":"","imatge":19305,"textos_destacats":[{"texte":"Guanyabens tiene una amplia trayectoria en gesti\u00f3n sanitaria y ha colaborado activamente con la Fundaci\u00f3n TIC Salut Social"}],"documents":false},"yoast_head":"<!-- This site is optimized with the Yoast SEO plugin v27.1.1 - https:\/\/yoast.com\/product\/yoast-seo-wordpress\/ -->\n<title>Joan Guanyabens, nuevo Director de la Fundaci\u00f3n TIC Salut Social - Fundaci\u00f3 TIC Salut i Social<\/title>\n<meta name=\"robots\" content=\"index, follow, max-snippet:-1, max-image-preview:large, max-video-preview:-1\" \/>\n<link rel=\"canonical\" href=\"https:\/\/ticsalutsocial.atoom.space\/es\/noticia\/joan-guanyabens-nou-director-de-la-fundacio-tic-salut-social\/\" \/>\n<meta property=\"og:locale\" content=\"es_ES\" \/>\n<meta property=\"og:type\" content=\"article\" \/>\n<meta property=\"og:title\" content=\"Joan Guanyabens, nuevo Director de la Fundaci\u00f3n TIC Salut Social - Fundaci\u00f3 TIC Salut i Social\" \/>\n<meta property=\"og:description\" content=\"El Patronato de la Fundaci\u00f3n TIC Salut Social ha nombrado a Joan Guanyabens como nuevo Director de la entidad, en la reuni\u00f3n celebrada el 28 de febrero de 2023. Guanyabens tiene una amplia trayectoria en gesti\u00f3n sanitaria y ha colaborado activamente con la Fundaci\u00f3n TIC Salut Social, como consultor desde 2020 y como vocal del [&hellip;]\" \/>\n<meta property=\"og:url\" content=\"https:\/\/ticsalutsocial.atoom.space\/es\/noticia\/joan-guanyabens-nou-director-de-la-fundacio-tic-salut-social\/\" \/>\n<meta property=\"og:site_name\" content=\"Fundaci\u00f3 TIC Salut i Social\" \/>\n<meta property=\"article:modified_time\" content=\"2023-03-01T08:27:36+00:00\" \/>\n<meta property=\"og:image\" content=\"https:\/\/ticsalutsocial.atoom.space\/wp-content\/uploads\/2023\/03\/Joan-Guanyabens-director-FTSS-1.jpg\" \/>\n\t<meta property=\"og:image:width\" content=\"2560\" \/>\n\t<meta property=\"og:image:height\" content=\"1920\" \/>\n\t<meta property=\"og:image:type\" content=\"image\/jpeg\" \/>\n<meta name=\"twitter:card\" content=\"summary_large_image\" \/>\n<meta name=\"twitter:label1\" content=\"Tiempo de lectura\" \/>\n\t<meta name=\"twitter:data1\" content=\"1 minuto\" \/>\n<script type=\"application\/ld+json\" class=\"yoast-schema-graph\">{\"@context\":\"https:\/\/schema.org\",\"@graph\":[{\"@type\":\"WebPage\",\"@id\":\"https:\/\/ticsalutsocial.atoom.space\/es\/noticia\/joan-guanyabens-nou-director-de-la-fundacio-tic-salut-social\/\",\"url\":\"https:\/\/ticsalutsocial.atoom.space\/es\/noticia\/joan-guanyabens-nou-director-de-la-fundacio-tic-salut-social\/\",\"name\":\"Joan Guanyabens, nuevo Director de la Fundaci\u00f3n TIC Salut Social - Fundaci\u00f3 TIC Salut i Social\",\"isPartOf\":{\"@id\":\"https:\/\/ticsalutsocial.atoom.space\/es\/#website\"},\"primaryImageOfPage\":{\"@id\":\"https:\/\/ticsalutsocial.atoom.space\/es\/noticia\/joan-guanyabens-nou-director-de-la-fundacio-tic-salut-social\/#primaryimage\"},\"image\":{\"@id\":\"https:\/\/ticsalutsocial.atoom.space\/es\/noticia\/joan-guanyabens-nou-director-de-la-fundacio-tic-salut-social\/#primaryimage\"},\"thumbnailUrl\":\"https:\/\/ticsalutsocial.atoom.space\/wp-content\/uploads\/2023\/03\/Joan-Guanyabens-director-FTSS-1.jpg\",\"datePublished\":\"2023-03-01T08:05:22+00:00\",\"dateModified\":\"2023-03-01T08:27:36+00:00\",\"breadcrumb\":{\"@id\":\"https:\/\/ticsalutsocial.atoom.space\/es\/noticia\/joan-guanyabens-nou-director-de-la-fundacio-tic-salut-social\/#breadcrumb\"},\"inLanguage\":\"es\",\"potentialAction\":[{\"@type\":\"ReadAction\",\"target\":[\"https:\/\/ticsalutsocial.atoom.space\/es\/noticia\/joan-guanyabens-nou-director-de-la-fundacio-tic-salut-social\/\"]}]},{\"@type\":\"ImageObject\",\"inLanguage\":\"es\",\"@id\":\"https:\/\/ticsalutsocial.atoom.space\/es\/noticia\/joan-guanyabens-nou-director-de-la-fundacio-tic-salut-social\/#primaryimage\",\"url\":\"https:\/\/ticsalutsocial.atoom.space\/wp-content\/uploads\/2023\/03\/Joan-Guanyabens-director-FTSS-1.jpg\",\"contentUrl\":\"https:\/\/ticsalutsocial.atoom.space\/wp-content\/uploads\/2023\/03\/Joan-Guanyabens-director-FTSS-1.jpg\",\"width\":2560,\"height\":1920},{\"@type\":\"BreadcrumbList\",\"@id\":\"https:\/\/ticsalutsocial.atoom.space\/es\/noticia\/joan-guanyabens-nou-director-de-la-fundacio-tic-salut-social\/#breadcrumb\",\"itemListElement\":[{\"@type\":\"ListItem\",\"position\":1,\"name\":\"Inici\",\"item\":\"https:\/\/ticsalutsocial.atoom.space\/es\/\"},{\"@type\":\"ListItem\",\"position\":2,\"name\":\"Joan Guanyabens, nuevo Director de la Fundaci\u00f3n TIC Salut Social\"}]},{\"@type\":\"WebSite\",\"@id\":\"https:\/\/ticsalutsocial.atoom.space\/es\/#website\",\"url\":\"https:\/\/ticsalutsocial.atoom.space\/es\/\",\"name\":\"Fundaci\u00f3 TIC Salut i Social\",\"description\":\"\",\"potentialAction\":[{\"@type\":\"SearchAction\",\"target\":{\"@type\":\"EntryPoint\",\"urlTemplate\":\"https:\/\/ticsalutsocial.atoom.space\/es\/?s={search_term_string}\"},\"query-input\":{\"@type\":\"PropertyValueSpecification\",\"valueRequired\":true,\"valueName\":\"search_term_string\"}}],\"inLanguage\":\"es\"}]}<\/script>\n<!-- \/ Yoast SEO plugin. -->","yoast_head_json":{"title":"Joan Guanyabens, nuevo Director de la Fundaci\u00f3n TIC Salut Social - Fundaci\u00f3 TIC Salut i Social","robots":{"index":"index","follow":"follow","max-snippet":"max-snippet:-1","max-image-preview":"max-image-preview:large","max-video-preview":"max-video-preview:-1"},"canonical":"https:\/\/ticsalutsocial.atoom.space\/es\/noticia\/joan-guanyabens-nou-director-de-la-fundacio-tic-salut-social\/","og_locale":"es_ES","og_type":"article","og_title":"Joan Guanyabens, nuevo Director de la Fundaci\u00f3n TIC Salut Social - Fundaci\u00f3 TIC Salut i Social","og_description":"El Patronato de la Fundaci\u00f3n TIC Salut Social ha nombrado a Joan Guanyabens como nuevo Director de la entidad, en la reuni\u00f3n celebrada el 28 de febrero de 2023. Guanyabens tiene una amplia trayectoria en gesti\u00f3n sanitaria y ha colaborado activamente con la Fundaci\u00f3n TIC Salut Social, como consultor desde 2020 y como vocal del [&hellip;]","og_url":"https:\/\/ticsalutsocial.atoom.space\/es\/noticia\/joan-guanyabens-nou-director-de-la-fundacio-tic-salut-social\/","og_site_name":"Fundaci\u00f3 TIC Salut i Social","article_modified_time":"2023-03-01T08:27:36+00:00","og_image":[{"width":2560,"height":1920,"url":"https:\/\/ticsalutsocial.atoom.space\/wp-content\/uploads\/2023\/03\/Joan-Guanyabens-director-FTSS-1.jpg","type":"image\/jpeg"}],"twitter_card":"summary_large_image","twitter_misc":{"Tiempo de lectura":"1 minuto"},"schema":{"@context":"https:\/\/schema.org","@graph":[{"@type":"WebPage","@id":"https:\/\/ticsalutsocial.atoom.space\/es\/noticia\/joan-guanyabens-nou-director-de-la-fundacio-tic-salut-social\/","url":"https:\/\/ticsalutsocial.atoom.space\/es\/noticia\/joan-guanyabens-nou-director-de-la-fundacio-tic-salut-social\/","name":"Joan Guanyabens, nuevo Director de la Fundaci\u00f3n TIC Salut Social - Fundaci\u00f3 TIC Salut i Social","isPartOf":{"@id":"https:\/\/ticsalutsocial.atoom.space\/es\/#website"},"primaryImageOfPage":{"@id":"https:\/\/ticsalutsocial.atoom.space\/es\/noticia\/joan-guanyabens-nou-director-de-la-fundacio-tic-salut-social\/#primaryimage"},"image":{"@id":"https:\/\/ticsalutsocial.atoom.space\/es\/noticia\/joan-guanyabens-nou-director-de-la-fundacio-tic-salut-social\/#primaryimage"},"thumbnailUrl":"https:\/\/ticsalutsocial.atoom.space\/wp-content\/uploads\/2023\/03\/Joan-Guanyabens-director-FTSS-1.jpg","datePublished":"2023-03-01T08:05:22+00:00","dateModified":"2023-03-01T08:27:36+00:00","breadcrumb":{"@id":"https:\/\/ticsalutsocial.atoom.space\/es\/noticia\/joan-guanyabens-nou-director-de-la-fundacio-tic-salut-social\/#breadcrumb"},"inLanguage":"es","potentialAction":[{"@type":"ReadAction","target":["https:\/\/ticsalutsocial.atoom.space\/es\/noticia\/joan-guanyabens-nou-director-de-la-fundacio-tic-salut-social\/"]}]},{"@type":"ImageObject","inLanguage":"es","@id":"https:\/\/ticsalutsocial.atoom.space\/es\/noticia\/joan-guanyabens-nou-director-de-la-fundacio-tic-salut-social\/#primaryimage","url":"https:\/\/ticsalutsocial.atoom.space\/wp-content\/uploads\/2023\/03\/Joan-Guanyabens-director-FTSS-1.jpg","contentUrl":"https:\/\/ticsalutsocial.atoom.space\/wp-content\/uploads\/2023\/03\/Joan-Guanyabens-director-FTSS-1.jpg","width":2560,"height":1920},{"@type":"BreadcrumbList","@id":"https:\/\/ticsalutsocial.atoom.space\/es\/noticia\/joan-guanyabens-nou-director-de-la-fundacio-tic-salut-social\/#breadcrumb","itemListElement":[{"@type":"ListItem","position":1,"name":"Inici","item":"https:\/\/ticsalutsocial.atoom.space\/es\/"},{"@type":"ListItem","position":2,"name":"Joan Guanyabens, nuevo Director de la Fundaci\u00f3n TIC Salut Social"}]},{"@type":"WebSite","@id":"https:\/\/ticsalutsocial.atoom.space\/es\/#website","url":"https:\/\/ticsalutsocial.atoom.space\/es\/","name":"Fundaci\u00f3 TIC Salut i Social","description":"","potentialAction":[{"@type":"SearchAction","target":{"@type":"EntryPoint","urlTemplate":"https:\/\/ticsalutsocial.atoom.space\/es\/?s={search_term_string}"},"query-input":{"@type":"PropertyValueSpecification","valueRequired":true,"valueName":"search_term_string"}}],"inLanguage":"es"}]}},"_links":{"self":[{"href":"https:\/\/ticsalutsocial.atoom.space\/es\/wp-json\/wp\/v2\/noticia\/19306","targetHints":{"allow":["GET"]}}],"collection":[{"href":"https:\/\/ticsalutsocial.atoom.space\/es\/wp-json\/wp\/v2\/noticia"}],"about":[{"href":"https:\/\/ticsalutsocial.atoom.space\/es\/wp-json\/wp\/v2\/types\/noticia"}],"author":[{"embeddable":true,"href":"https:\/\/ticsalutsocial.atoom.space\/es\/wp-json\/wp\/v2\/users\/12"}],"wp:featuredmedia":[{"embeddable":true,"href":"https:\/\/ticsalutsocial.atoom.space\/es\/wp-json\/wp\/v2\/media\/19305"}],"wp:attachment":[{"href":"https:\/\/ticsalutsocial.atoom.space\/es\/wp-json\/wp\/v2\/media?parent=19306"}],"wp:term":[{"taxonomy":"etiqueta","embeddable":true,"href":"https:\/\/ticsalutsocial.atoom.space\/es\/wp-json\/wp\/v2\/etiqueta?post=19306"},{"taxonomy":"tipus","embeddable":true,"href":"https:\/\/ticsalutsocial.atoom.space\/es\/wp-json\/wp\/v2\/tipus?post=19306"},{"taxonomy":"topic","embeddable":true,"href":"https:\/\/ticsalutsocial.atoom.space\/es\/wp-json\/wp\/v2\/topic?post=19306"}],"curies":[{"name":"wp","href":"https:\/\/api.w.org\/{rel}","templated":true}]}}