
{"id":19344,"date":"2023-03-10T10:00:00","date_gmt":"2023-03-10T08:00:00","guid":{"rendered":"https:\/\/ticsalutsocial.atoom.space\/?post_type=noticia&#038;p=19344"},"modified":"2023-03-10T11:11:44","modified_gmt":"2023-03-10T09:11:44","slug":"accessibilitat-digital","status":"publish","type":"noticia","link":"https:\/\/ticsalutsocial.atoom.space\/es\/noticia\/accessibilitat-digital\/","title":{"rendered":"La falta de conocimiento sobre accesibilitdad entre empreses tecnol\u00f3gicas es una realidad"},"content":{"rendered":"<p>Recientemete hemos podido hablar con Pedro Esquiva, responsable de accesibilidad digital en Pasiona Consulting. Entregado, pasional, amante de la innovaci\u00f3n y la accesibilidad digital. Convencido de que el principal activo de cualquier empresa son las personas que la componen.<\/p>\n<p>Con m\u00e1s de 5 a\u00f1os de experiencia en toma de decisiones, desarrollo de negocio, gesti\u00f3n de grandes cuentas, proyectos y equipos de personas deslocalizados aplicando metodolog\u00edas \u00e1giles, m\u00e1s de 10 a\u00f1os de experiencia en administraci\u00f3n de sistemas, transformaci\u00f3n digital y gesti\u00f3n del cambio, desarrollo e innovaci\u00f3n, formaci\u00f3n presencial\/digital, webinars y accesibilidad digital WCAG en proyectos internacionales.<\/p>\n<p>Esto es lo que nos coment\u00f3 en relaci\u00f3n a su <em>expertise<\/em>:<\/p>\n<p>&nbsp;<\/p>\n<h3><b><span data-contrast=\"auto\">\u00bfQu\u00e9 es Pasiona y cu\u00e1l es tu funci\u00f3n en la organizaci\u00f3n?\u00a0<\/span><\/b><span data-ccp-props=\"{&quot;201341983&quot;:0,&quot;335551550&quot;:6,&quot;335551620&quot;:6,&quot;335559738&quot;:120,&quot;335559739&quot;:0,&quot;335559740&quot;:274}\">\u00a0<\/span><\/h3>\n<p><span data-ccp-props=\"{&quot;201341983&quot;:0,&quot;335551550&quot;:6,&quot;335551620&quot;:6,&quot;335559685&quot;:360,&quot;335559738&quot;:120,&quot;335559739&quot;:0,&quot;335559740&quot;:274}\"> Pasiona es una consultora tecnol\u00f3gica especialista en el desarrollo de software a medida y en el crecimiento de equipos t\u00e9cnicos. <\/span><\/p>\n<p><span data-ccp-props=\"{&quot;201341983&quot;:0,&quot;335551550&quot;:6,&quot;335551620&quot;:6,&quot;335559685&quot;:360,&quot;335559738&quot;:120,&quot;335559739&quot;:0,&quot;335559740&quot;:274}\">Yo desempe\u00f1o el rol de responsable de accesibilidad digital.\u00a0 y, por ende, mis tareas son: concienciar, formar y crear software accesible.<\/span><\/p>\n<p>&nbsp;<\/p>\n<h3><b><span data-contrast=\"auto\">\u00bfPara las personas que no est\u00e1n familiarizadas con el concepto, qu\u00e9 es la accesibilidad digital y cuando se debe aplicar?<\/span><\/b><span data-ccp-props=\"{&quot;201341983&quot;:0,&quot;335551550&quot;:6,&quot;335551620&quot;:6,&quot;335559738&quot;:120,&quot;335559739&quot;:0,&quot;335559740&quot;:274}\">\u00a0<\/span><\/h3>\n<p><span data-ccp-props=\"{&quot;201341983&quot;:0,&quot;335551550&quot;:6,&quot;335551620&quot;:6,&quot;335559685&quot;:360,&quot;335559738&quot;:120,&quot;335559739&quot;:0,&quot;335559740&quot;:274}\"> La accesibilidad digital es hacer que el software pueda ser utilizado por todas las personas. Incluidas personas con discapacidad y personas mayores. Actualmente todo el software construido deber\u00eda ser accesible pero lo cierto es que solo se aplica a los potenciales usuarios de estos recursos.<\/span><\/p>\n<p>&nbsp;<\/p>\n<h3><b><span data-contrast=\"auto\">\u00bfExisten organismos nacionales o internacionales que velen por el cumplimiento de la accesibilidad digital?<\/span><\/b><span data-ccp-props=\"{&quot;201341983&quot;:0,&quot;335551550&quot;:6,&quot;335551620&quot;:6,&quot;335559738&quot;:120,&quot;335559739&quot;:0,&quot;335559740&quot;:274}\">\u00a0<\/span><\/h3>\n<p>S\u00ed. Existe el <em>World Wide Web Consortium<\/em>, organismo internacional que regula la WCAG, <em>Web Content Accessibilty Guidelnes<\/em>. Son las pautas que regulan los criterios de accesibilidad para construir un software universal.<\/p>\n<p><span data-ccp-props=\"{&quot;201341983&quot;:0,&quot;335551550&quot;:6,&quot;335551620&quot;:6,&quot;335559685&quot;:360,&quot;335559738&quot;:120,&quot;335559739&quot;:0,&quot;335559740&quot;:274}\">\u00a0<\/span><\/p>\n<h3><b><span data-contrast=\"auto\">\u00bfCu\u00e1l es el nivel o est\u00e1ndar m\u00ednimo de accesibilidad que deber\u00eda de tener cualquier producto o contenido digital?\u00a0\u00a0<\/span><\/b><span data-ccp-props=\"{&quot;201341983&quot;:0,&quot;335551550&quot;:6,&quot;335551620&quot;:6,&quot;335559738&quot;:120,&quot;335559739&quot;:0,&quot;335559740&quot;:274}\">\u00a0<\/span><\/h3>\n<p>Las pautas WCAG tienen 3 niveles: A, doble A y triple A. El nivel obligatorio es el doble A en su versi\u00f3n m\u00e1s reciente de 2.1.<\/p>\n<p>Actualmente nos encontramos con empresas que no cumplen con estas pautas. Por ejemplo, 12 webs del IBEX 35 cumplen con el nivel de Accesibilidad. Muy pocas empresas lo est\u00e1n cumpliendo.<\/p>\n<p><span data-ccp-props=\"{&quot;201341983&quot;:0,&quot;335551550&quot;:6,&quot;335551620&quot;:6,&quot;335559685&quot;:360,&quot;335559738&quot;:120,&quot;335559739&quot;:0,&quot;335559740&quot;:274}\">\u00a0<\/span><\/p>\n<h3><b><span data-contrast=\"auto\">Por lo tanto, \u00bfaccesibilidad des del dise\u00f1o es un mantra ampliamente reconocido y aplicado o a\u00fan hace falta hacer pedagog\u00eda sobre esta cuesti\u00f3n?<\/span><\/b><span data-ccp-props=\"{&quot;201341983&quot;:0,&quot;335551550&quot;:6,&quot;335551620&quot;:6,&quot;335559738&quot;:120,&quot;335559739&quot;:0,&quot;335559740&quot;:274}\">\u00a0<\/span><\/h3>\n<p>Desgraciadamente sigue habiendo una falta de conocimiento por parte de las empresas . Sin embargo en este aspecto desde Pasiona podemos tenderles una mano a que vayan asumiendo este nuevo reto. Ya sea ofreciendo formaciones para equipos t\u00e9cnicos, o bien ofreciendo un servicio de consultor\u00eda durante el proceso de desarrollo de software. Incluso podemos realizar el propio desarrollo de software accesible.<\/p>\n<p>&nbsp;<\/p>\n<p>La conversaci\u00f3n sigui\u00f3 abordando cuestiones m\u00e1s pr\u00e1cticas como la optimizaci\u00f3n de recursos para integrar accesibilidad digital o detalles sobre proyectos concretos.<\/p>\n<p>Esto es lo que Pedro nos respondi\u00f3:<\/p>\n<p><iframe loading=\"lazy\" title=\"TIC Salut Social | Accesibilidad digital\" width=\"500\" height=\"281\" src=\"https:\/\/www.youtube.com\/embed\/Vm9ZmCmHUKg?feature=oembed\" frameborder=\"0\" allow=\"accelerometer; autoplay; clipboard-write; encrypted-media; gyroscope; picture-in-picture; web-share\" referrerpolicy=\"strict-origin-when-cross-origin\" allowfullscreen><\/iframe><\/p>\n<p>&nbsp;<\/p>\n","protected":false},"author":3,"featured_media":19440,"menu_order":0,"template":"","meta":{"_acf_changed":false,"inline_featured_image":false},"etiqueta":[],"tipus":[654],"topic":[123],"class_list":["post-19344","noticia","type-noticia","status-publish","has-post-thumbnail","hentry","tipus-activos-digitales","topic-actualidad"],"acf":{"finalitzat":false,"tipus_plantilla":"objectius","template_objectius":{"cont_principal":"","imatge":false,"cont_seguent":{"titol":"","contingut":""},"seccio_llistat":{"titol":"","llistat":false},"objectius":{"titol":"","objectius":false},"documents":false},"autor":"","imatge":false,"textos_destacats":[{"texte":"Incluir accessibilidad desde el dise\u00f1o de un proyecto permite llegar a m\u00e1s personas en el menor tiempo posible"}],"documents":false},"yoast_head":"<!-- This site is optimized with the Yoast SEO plugin v27.1.1 - https:\/\/yoast.com\/product\/yoast-seo-wordpress\/ -->\n<title>La falta de conocimiento sobre accesibilitdad entre empreses tecnol\u00f3gicas es una realidad - Fundaci\u00f3 TIC Salut i Social<\/title>\n<meta name=\"robots\" content=\"index, follow, max-snippet:-1, max-image-preview:large, max-video-preview:-1\" \/>\n<link rel=\"canonical\" href=\"https:\/\/ticsalutsocial.atoom.space\/es\/noticia\/accessibilitat-digital\/\" \/>\n<meta property=\"og:locale\" content=\"es_ES\" \/>\n<meta property=\"og:type\" content=\"article\" \/>\n<meta property=\"og:title\" content=\"La falta de conocimiento sobre accesibilitdad entre empreses tecnol\u00f3gicas es una realidad - Fundaci\u00f3 TIC Salut i Social\" \/>\n<meta property=\"og:description\" content=\"Recientemete hemos podido hablar con Pedro Esquiva, responsable de accesibilidad digital en Pasiona Consulting. Entregado, pasional, amante de la innovaci\u00f3n y la accesibilidad digital. Convencido de que el principal activo de cualquier empresa son las personas que la componen. Con m\u00e1s de 5 a\u00f1os de experiencia en toma de decisiones, desarrollo de negocio, gesti\u00f3n de [&hellip;]\" \/>\n<meta property=\"og:url\" content=\"https:\/\/ticsalutsocial.atoom.space\/es\/noticia\/accessibilitat-digital\/\" \/>\n<meta property=\"og:site_name\" content=\"Fundaci\u00f3 TIC Salut i Social\" \/>\n<meta property=\"article:modified_time\" content=\"2023-03-10T09:11:44+00:00\" \/>\n<meta property=\"og:image\" content=\"https:\/\/ticsalutsocial.atoom.space\/wp-content\/uploads\/2023\/03\/iStock-1319994839-scaled.jpg\" \/>\n\t<meta property=\"og:image:width\" content=\"2560\" \/>\n\t<meta property=\"og:image:height\" content=\"1707\" \/>\n\t<meta property=\"og:image:type\" content=\"image\/jpeg\" \/>\n<meta name=\"twitter:card\" content=\"summary_large_image\" \/>\n<meta name=\"twitter:label1\" content=\"Tiempo de lectura\" \/>\n\t<meta name=\"twitter:data1\" content=\"2 minutos\" \/>\n<script type=\"application\/ld+json\" class=\"yoast-schema-graph\">{\"@context\":\"https:\/\/schema.org\",\"@graph\":[{\"@type\":\"WebPage\",\"@id\":\"https:\/\/ticsalutsocial.atoom.space\/es\/noticia\/accessibilitat-digital\/\",\"url\":\"https:\/\/ticsalutsocial.atoom.space\/es\/noticia\/accessibilitat-digital\/\",\"name\":\"La falta de conocimiento sobre accesibilitdad entre empreses tecnol\u00f3gicas es una realidad - Fundaci\u00f3 TIC Salut i Social\",\"isPartOf\":{\"@id\":\"https:\/\/ticsalutsocial.atoom.space\/es\/#website\"},\"primaryImageOfPage\":{\"@id\":\"https:\/\/ticsalutsocial.atoom.space\/es\/noticia\/accessibilitat-digital\/#primaryimage\"},\"image\":{\"@id\":\"https:\/\/ticsalutsocial.atoom.space\/es\/noticia\/accessibilitat-digital\/#primaryimage\"},\"thumbnailUrl\":\"https:\/\/ticsalutsocial.atoom.space\/wp-content\/uploads\/2023\/03\/iStock-1319994839-scaled.jpg\",\"datePublished\":\"2023-03-10T08:00:00+00:00\",\"dateModified\":\"2023-03-10T09:11:44+00:00\",\"breadcrumb\":{\"@id\":\"https:\/\/ticsalutsocial.atoom.space\/es\/noticia\/accessibilitat-digital\/#breadcrumb\"},\"inLanguage\":\"es\",\"potentialAction\":[{\"@type\":\"ReadAction\",\"target\":[\"https:\/\/ticsalutsocial.atoom.space\/es\/noticia\/accessibilitat-digital\/\"]}]},{\"@type\":\"ImageObject\",\"inLanguage\":\"es\",\"@id\":\"https:\/\/ticsalutsocial.atoom.space\/es\/noticia\/accessibilitat-digital\/#primaryimage\",\"url\":\"https:\/\/ticsalutsocial.atoom.space\/wp-content\/uploads\/2023\/03\/iStock-1319994839-scaled.jpg\",\"contentUrl\":\"https:\/\/ticsalutsocial.atoom.space\/wp-content\/uploads\/2023\/03\/iStock-1319994839-scaled.jpg\",\"width\":2560,\"height\":1707,\"caption\":\"Accessibility computer icon stock photo\"},{\"@type\":\"BreadcrumbList\",\"@id\":\"https:\/\/ticsalutsocial.atoom.space\/es\/noticia\/accessibilitat-digital\/#breadcrumb\",\"itemListElement\":[{\"@type\":\"ListItem\",\"position\":1,\"name\":\"Inici\",\"item\":\"https:\/\/ticsalutsocial.atoom.space\/es\/\"},{\"@type\":\"ListItem\",\"position\":2,\"name\":\"La falta de conocimiento sobre accesibilitdad entre empreses tecnol\u00f3gicas es una realidad\"}]},{\"@type\":\"WebSite\",\"@id\":\"https:\/\/ticsalutsocial.atoom.space\/es\/#website\",\"url\":\"https:\/\/ticsalutsocial.atoom.space\/es\/\",\"name\":\"Fundaci\u00f3 TIC Salut i Social\",\"description\":\"\",\"potentialAction\":[{\"@type\":\"SearchAction\",\"target\":{\"@type\":\"EntryPoint\",\"urlTemplate\":\"https:\/\/ticsalutsocial.atoom.space\/es\/?s={search_term_string}\"},\"query-input\":{\"@type\":\"PropertyValueSpecification\",\"valueRequired\":true,\"valueName\":\"search_term_string\"}}],\"inLanguage\":\"es\"}]}<\/script>\n<!-- \/ Yoast SEO plugin. -->","yoast_head_json":{"title":"La falta de conocimiento sobre accesibilitdad entre empreses tecnol\u00f3gicas es una realidad - Fundaci\u00f3 TIC Salut i Social","robots":{"index":"index","follow":"follow","max-snippet":"max-snippet:-1","max-image-preview":"max-image-preview:large","max-video-preview":"max-video-preview:-1"},"canonical":"https:\/\/ticsalutsocial.atoom.space\/es\/noticia\/accessibilitat-digital\/","og_locale":"es_ES","og_type":"article","og_title":"La falta de conocimiento sobre accesibilitdad entre empreses tecnol\u00f3gicas es una realidad - Fundaci\u00f3 TIC Salut i Social","og_description":"Recientemete hemos podido hablar con Pedro Esquiva, responsable de accesibilidad digital en Pasiona Consulting. Entregado, pasional, amante de la innovaci\u00f3n y la accesibilidad digital. Convencido de que el principal activo de cualquier empresa son las personas que la componen. Con m\u00e1s de 5 a\u00f1os de experiencia en toma de decisiones, desarrollo de negocio, gesti\u00f3n de [&hellip;]","og_url":"https:\/\/ticsalutsocial.atoom.space\/es\/noticia\/accessibilitat-digital\/","og_site_name":"Fundaci\u00f3 TIC Salut i Social","article_modified_time":"2023-03-10T09:11:44+00:00","og_image":[{"width":2560,"height":1707,"url":"https:\/\/ticsalutsocial.atoom.space\/wp-content\/uploads\/2023\/03\/iStock-1319994839-scaled.jpg","type":"image\/jpeg"}],"twitter_card":"summary_large_image","twitter_misc":{"Tiempo de lectura":"2 minutos"},"schema":{"@context":"https:\/\/schema.org","@graph":[{"@type":"WebPage","@id":"https:\/\/ticsalutsocial.atoom.space\/es\/noticia\/accessibilitat-digital\/","url":"https:\/\/ticsalutsocial.atoom.space\/es\/noticia\/accessibilitat-digital\/","name":"La falta de conocimiento sobre accesibilitdad entre empreses tecnol\u00f3gicas es una realidad - Fundaci\u00f3 TIC Salut i Social","isPartOf":{"@id":"https:\/\/ticsalutsocial.atoom.space\/es\/#website"},"primaryImageOfPage":{"@id":"https:\/\/ticsalutsocial.atoom.space\/es\/noticia\/accessibilitat-digital\/#primaryimage"},"image":{"@id":"https:\/\/ticsalutsocial.atoom.space\/es\/noticia\/accessibilitat-digital\/#primaryimage"},"thumbnailUrl":"https:\/\/ticsalutsocial.atoom.space\/wp-content\/uploads\/2023\/03\/iStock-1319994839-scaled.jpg","datePublished":"2023-03-10T08:00:00+00:00","dateModified":"2023-03-10T09:11:44+00:00","breadcrumb":{"@id":"https:\/\/ticsalutsocial.atoom.space\/es\/noticia\/accessibilitat-digital\/#breadcrumb"},"inLanguage":"es","potentialAction":[{"@type":"ReadAction","target":["https:\/\/ticsalutsocial.atoom.space\/es\/noticia\/accessibilitat-digital\/"]}]},{"@type":"ImageObject","inLanguage":"es","@id":"https:\/\/ticsalutsocial.atoom.space\/es\/noticia\/accessibilitat-digital\/#primaryimage","url":"https:\/\/ticsalutsocial.atoom.space\/wp-content\/uploads\/2023\/03\/iStock-1319994839-scaled.jpg","contentUrl":"https:\/\/ticsalutsocial.atoom.space\/wp-content\/uploads\/2023\/03\/iStock-1319994839-scaled.jpg","width":2560,"height":1707,"caption":"Accessibility computer icon stock photo"},{"@type":"BreadcrumbList","@id":"https:\/\/ticsalutsocial.atoom.space\/es\/noticia\/accessibilitat-digital\/#breadcrumb","itemListElement":[{"@type":"ListItem","position":1,"name":"Inici","item":"https:\/\/ticsalutsocial.atoom.space\/es\/"},{"@type":"ListItem","position":2,"name":"La falta de conocimiento sobre accesibilitdad entre empreses tecnol\u00f3gicas es una realidad"}]},{"@type":"WebSite","@id":"https:\/\/ticsalutsocial.atoom.space\/es\/#website","url":"https:\/\/ticsalutsocial.atoom.space\/es\/","name":"Fundaci\u00f3 TIC Salut i Social","description":"","potentialAction":[{"@type":"SearchAction","target":{"@type":"EntryPoint","urlTemplate":"https:\/\/ticsalutsocial.atoom.space\/es\/?s={search_term_string}"},"query-input":{"@type":"PropertyValueSpecification","valueRequired":true,"valueName":"search_term_string"}}],"inLanguage":"es"}]}},"_links":{"self":[{"href":"https:\/\/ticsalutsocial.atoom.space\/es\/wp-json\/wp\/v2\/noticia\/19344","targetHints":{"allow":["GET"]}}],"collection":[{"href":"https:\/\/ticsalutsocial.atoom.space\/es\/wp-json\/wp\/v2\/noticia"}],"about":[{"href":"https:\/\/ticsalutsocial.atoom.space\/es\/wp-json\/wp\/v2\/types\/noticia"}],"author":[{"embeddable":true,"href":"https:\/\/ticsalutsocial.atoom.space\/es\/wp-json\/wp\/v2\/users\/3"}],"wp:featuredmedia":[{"embeddable":true,"href":"https:\/\/ticsalutsocial.atoom.space\/es\/wp-json\/wp\/v2\/media\/19440"}],"wp:attachment":[{"href":"https:\/\/ticsalutsocial.atoom.space\/es\/wp-json\/wp\/v2\/media?parent=19344"}],"wp:term":[{"taxonomy":"etiqueta","embeddable":true,"href":"https:\/\/ticsalutsocial.atoom.space\/es\/wp-json\/wp\/v2\/etiqueta?post=19344"},{"taxonomy":"tipus","embeddable":true,"href":"https:\/\/ticsalutsocial.atoom.space\/es\/wp-json\/wp\/v2\/tipus?post=19344"},{"taxonomy":"topic","embeddable":true,"href":"https:\/\/ticsalutsocial.atoom.space\/es\/wp-json\/wp\/v2\/topic?post=19344"}],"curies":[{"name":"wp","href":"https:\/\/api.w.org\/{rel}","templated":true}]}}