
{"id":19794,"date":"2023-03-22T17:05:21","date_gmt":"2023-03-22T15:05:21","guid":{"rendered":"https:\/\/ticsalutsocial.atoom.space\/noticia\/aran-salut-i-la-fundacio-tic-salut-social-signen-un-acord-per-desplegar-el-model-datencio-centrada-en-la-persona\/"},"modified":"2024-03-13T10:42:11","modified_gmt":"2024-03-13T08:42:11","slug":"aran-salut-i-la-fundacio-tic-salut-social-signen-un-acord-per-desplegar-el-model-datencio-centrada-en-la-persona","status":"publish","type":"noticia","link":"https:\/\/ticsalutsocial.atoom.space\/es\/noticia\/aran-salut-i-la-fundacio-tic-salut-social-signen-un-acord-per-desplegar-el-model-datencio-centrada-en-la-persona\/","title":{"rendered":"Aran Salut y la Fundaci\u00f3n TIC Salut Social firman un acuerdo para desplegar el modelo de Atenci\u00f3n Centrada en la Persona"},"content":{"rendered":"<p>Esta ma\u00f1ana Aran Salut, Servicios Asistenciaus Integrats, y la Fundaci\u00f3n TIC Salut Social han firmado un convenio de colaboraci\u00f3n para establecer las l\u00edneas de acci\u00f3n que desplegar\u00e1n el modelo de Atenci\u00f3n Centrada en la Persona (ACP) impulsado por el Conselh Generau de Ar\u00e1n. El despliegue de este modelo es posible gracias a la financiaci\u00f3n mediante fondos Next Generation. El encuentro realizado entre Jordi Vilana, director-gerente de Aran Salut, y Joan Guanyabens, director de la Fundaci\u00f3n TIC Salut Social, representa el pistoletazo de salida para el despliegue de los cuidados integrados en el Valle de Ar\u00e1n.<\/p>\n<p>El modelo de ACP se desplegar\u00e1 a trav\u00e9s del <em>Programa para el desarrollo<\/em> <em>e implementaci\u00f3n del modelo de Atenci\u00f3n Centrada en la Persona<\/em> y est\u00e1n implicados organismos como los departamentos de Derechos Sociales y de Salud de la Generalitat de Catalu\u00f1a, la Fundaci\u00f3n Uni\u00f3n Catalana de Hospitales y la Universidad Polit\u00e9cnica de Catalu\u00f1a.<\/p>\n<p>Los objetivos de este proyecto son consolidar la gesti\u00f3n de cuidados sociales y sanitarios de manera \u00fanica e integrada, y responder a la l\u00f3gica de apoderar con mayor autonom\u00eda y calidad de vida a las personas.<\/p>\n<h4><strong>M\u00e1s eficiencia a trav\u00e9s de la personalizaci\u00f3n<\/strong><\/h4>\n<p>Las acciones est\u00e1n encaminadas al dise\u00f1o y desarrollo de una atenci\u00f3n m\u00e1s proactiva a trav\u00e9s de modelos predictivos para la identificaci\u00f3n precoz de situaciones de vulnerabilidad social y\/o complejidad cl\u00ednica que permitan proponer itinerarios de cuidados personalizados.<\/p>\n<p>La modernizaci\u00f3n de la atenci\u00f3n se conseguir\u00e1 a trav\u00e9s de un ecosistema de soluciones tecnol\u00f3gicas y digitales conjugando la rob\u00f3tica, la dom\u00f3tica y la telemedicina. En este sentido, la atenci\u00f3n domiciliaria como \u00e1mbito de actuaci\u00f3n permitir\u00e1 el despliegue tecnol\u00f3gico con el objetivo de alargar una vida aut\u00f3noma e independiente a las personas.<\/p>\n<p>&nbsp;<\/p>\n<p><img loading=\"lazy\" decoding=\"async\" class=\"alignnone  wp-image-25929\" src=\"https:\/\/ticsalutsocial.atoom.space\/wp-content\/uploads\/2023\/08\/Captura-de-pantalla-2024-03-13-a-les-9.13.19-300x27.png\" alt=\"\" width=\"589\" height=\"53\" srcset=\"https:\/\/ticsalutsocial.atoom.space\/wp-content\/uploads\/2023\/08\/Captura-de-pantalla-2024-03-13-a-les-9.13.19-300x27.png 300w, https:\/\/ticsalutsocial.atoom.space\/wp-content\/uploads\/2023\/08\/Captura-de-pantalla-2024-03-13-a-les-9.13.19-1024x92.png 1024w, https:\/\/ticsalutsocial.atoom.space\/wp-content\/uploads\/2023\/08\/Captura-de-pantalla-2024-03-13-a-les-9.13.19-768x69.png 768w, https:\/\/ticsalutsocial.atoom.space\/wp-content\/uploads\/2023\/08\/Captura-de-pantalla-2024-03-13-a-les-9.13.19.png 1292w\" sizes=\"auto, (max-width: 589px) 100vw, 589px\" \/><\/p>\n","protected":false},"author":3,"featured_media":19719,"menu_order":0,"template":"","meta":{"_acf_changed":false,"inline_featured_image":false},"etiqueta":[],"tipus":[94],"topic":[123],"class_list":["post-19794","noticia","type-noticia","status-publish","has-post-thumbnail","hentry","tipus-integracion-social-y-sanitaria","topic-actualidad"],"acf":{"finalitzat":false,"tipus_plantilla":"objectius","template_objectius":{"cont_principal":"","imatge":19724,"cont_seguent":{"titol":"","contingut":""},"seccio_llistat":{"titol":"","llistat":false},"objectius":{"titol":"","objectius":false},"documents":false},"autor":"","imatge":false,"textos_destacats":[{"texte":"Los objetivos de este proyecto son consolidar la gesti\u00f3n de cuidados sociales y sanitarios de manera \u00fanica e integrada, y responder a la l\u00f3gica de apoderar con mayor autonom\u00eda y calidad de vida a las personas."}],"documents":false},"yoast_head":"<!-- This site is optimized with the Yoast SEO plugin v27.1.1 - https:\/\/yoast.com\/product\/yoast-seo-wordpress\/ -->\n<title>Aran Salut y la Fundaci\u00f3n TIC Salut Social firman un acuerdo para desplegar el modelo de Atenci\u00f3n Centrada en la Persona - Fundaci\u00f3 TIC Salut i Social<\/title>\n<meta name=\"robots\" content=\"index, follow, max-snippet:-1, max-image-preview:large, max-video-preview:-1\" \/>\n<link rel=\"canonical\" href=\"https:\/\/ticsalutsocial.atoom.space\/es\/noticia\/aran-salut-i-la-fundacio-tic-salut-social-signen-un-acord-per-desplegar-el-model-datencio-centrada-en-la-persona\/\" \/>\n<meta property=\"og:locale\" content=\"es_ES\" \/>\n<meta property=\"og:type\" content=\"article\" \/>\n<meta property=\"og:title\" content=\"Aran Salut y la Fundaci\u00f3n TIC Salut Social firman un acuerdo para desplegar el modelo de Atenci\u00f3n Centrada en la Persona - Fundaci\u00f3 TIC Salut i Social\" \/>\n<meta property=\"og:description\" content=\"Esta ma\u00f1ana Aran Salut, Servicios Asistenciaus Integrats, y la Fundaci\u00f3n TIC Salut Social han firmado un convenio de colaboraci\u00f3n para establecer las l\u00edneas de acci\u00f3n que desplegar\u00e1n el modelo de Atenci\u00f3n Centrada en la Persona (ACP) impulsado por el Conselh Generau de Ar\u00e1n. El despliegue de este modelo es posible gracias a la financiaci\u00f3n mediante [&hellip;]\" \/>\n<meta property=\"og:url\" content=\"https:\/\/ticsalutsocial.atoom.space\/es\/noticia\/aran-salut-i-la-fundacio-tic-salut-social-signen-un-acord-per-desplegar-el-model-datencio-centrada-en-la-persona\/\" \/>\n<meta property=\"og:site_name\" content=\"Fundaci\u00f3 TIC Salut i Social\" \/>\n<meta property=\"article:modified_time\" content=\"2024-03-13T08:42:11+00:00\" \/>\n<meta property=\"og:image\" content=\"https:\/\/ticsalutsocial.atoom.space\/wp-content\/uploads\/2023\/03\/pexels-kampus-production-8428076-scaled.jpg\" \/>\n\t<meta property=\"og:image:width\" content=\"2560\" \/>\n\t<meta property=\"og:image:height\" content=\"1707\" \/>\n\t<meta property=\"og:image:type\" content=\"image\/jpeg\" \/>\n<meta name=\"twitter:card\" content=\"summary_large_image\" \/>\n<meta name=\"twitter:label1\" content=\"Tiempo de lectura\" \/>\n\t<meta name=\"twitter:data1\" content=\"2 minutos\" \/>\n<script type=\"application\/ld+json\" class=\"yoast-schema-graph\">{\"@context\":\"https:\/\/schema.org\",\"@graph\":[{\"@type\":\"WebPage\",\"@id\":\"https:\/\/ticsalutsocial.atoom.space\/es\/noticia\/aran-salut-i-la-fundacio-tic-salut-social-signen-un-acord-per-desplegar-el-model-datencio-centrada-en-la-persona\/\",\"url\":\"https:\/\/ticsalutsocial.atoom.space\/es\/noticia\/aran-salut-i-la-fundacio-tic-salut-social-signen-un-acord-per-desplegar-el-model-datencio-centrada-en-la-persona\/\",\"name\":\"Aran Salut y la Fundaci\u00f3n TIC Salut Social firman un acuerdo para desplegar el modelo de Atenci\u00f3n Centrada en la Persona - Fundaci\u00f3 TIC Salut i Social\",\"isPartOf\":{\"@id\":\"https:\/\/ticsalutsocial.atoom.space\/es\/#website\"},\"primaryImageOfPage\":{\"@id\":\"https:\/\/ticsalutsocial.atoom.space\/es\/noticia\/aran-salut-i-la-fundacio-tic-salut-social-signen-un-acord-per-desplegar-el-model-datencio-centrada-en-la-persona\/#primaryimage\"},\"image\":{\"@id\":\"https:\/\/ticsalutsocial.atoom.space\/es\/noticia\/aran-salut-i-la-fundacio-tic-salut-social-signen-un-acord-per-desplegar-el-model-datencio-centrada-en-la-persona\/#primaryimage\"},\"thumbnailUrl\":\"https:\/\/ticsalutsocial.atoom.space\/wp-content\/uploads\/2023\/03\/pexels-kampus-production-8428076-scaled.jpg\",\"datePublished\":\"2023-03-22T15:05:21+00:00\",\"dateModified\":\"2024-03-13T08:42:11+00:00\",\"breadcrumb\":{\"@id\":\"https:\/\/ticsalutsocial.atoom.space\/es\/noticia\/aran-salut-i-la-fundacio-tic-salut-social-signen-un-acord-per-desplegar-el-model-datencio-centrada-en-la-persona\/#breadcrumb\"},\"inLanguage\":\"es\",\"potentialAction\":[{\"@type\":\"ReadAction\",\"target\":[\"https:\/\/ticsalutsocial.atoom.space\/es\/noticia\/aran-salut-i-la-fundacio-tic-salut-social-signen-un-acord-per-desplegar-el-model-datencio-centrada-en-la-persona\/\"]}]},{\"@type\":\"ImageObject\",\"inLanguage\":\"es\",\"@id\":\"https:\/\/ticsalutsocial.atoom.space\/es\/noticia\/aran-salut-i-la-fundacio-tic-salut-social-signen-un-acord-per-desplegar-el-model-datencio-centrada-en-la-persona\/#primaryimage\",\"url\":\"https:\/\/ticsalutsocial.atoom.space\/wp-content\/uploads\/2023\/03\/pexels-kampus-production-8428076-scaled.jpg\",\"contentUrl\":\"https:\/\/ticsalutsocial.atoom.space\/wp-content\/uploads\/2023\/03\/pexels-kampus-production-8428076-scaled.jpg\",\"width\":2560,\"height\":1707},{\"@type\":\"BreadcrumbList\",\"@id\":\"https:\/\/ticsalutsocial.atoom.space\/es\/noticia\/aran-salut-i-la-fundacio-tic-salut-social-signen-un-acord-per-desplegar-el-model-datencio-centrada-en-la-persona\/#breadcrumb\",\"itemListElement\":[{\"@type\":\"ListItem\",\"position\":1,\"name\":\"Inici\",\"item\":\"https:\/\/ticsalutsocial.atoom.space\/es\/\"},{\"@type\":\"ListItem\",\"position\":2,\"name\":\"Aran Salut y la Fundaci\u00f3n TIC Salut Social firman un acuerdo para desplegar el modelo de Atenci\u00f3n Centrada en la Persona\"}]},{\"@type\":\"WebSite\",\"@id\":\"https:\/\/ticsalutsocial.atoom.space\/es\/#website\",\"url\":\"https:\/\/ticsalutsocial.atoom.space\/es\/\",\"name\":\"Fundaci\u00f3 TIC Salut i Social\",\"description\":\"\",\"potentialAction\":[{\"@type\":\"SearchAction\",\"target\":{\"@type\":\"EntryPoint\",\"urlTemplate\":\"https:\/\/ticsalutsocial.atoom.space\/es\/?s={search_term_string}\"},\"query-input\":{\"@type\":\"PropertyValueSpecification\",\"valueRequired\":true,\"valueName\":\"search_term_string\"}}],\"inLanguage\":\"es\"}]}<\/script>\n<!-- \/ Yoast SEO plugin. -->","yoast_head_json":{"title":"Aran Salut y la Fundaci\u00f3n TIC Salut Social firman un acuerdo para desplegar el modelo de Atenci\u00f3n Centrada en la Persona - Fundaci\u00f3 TIC Salut i Social","robots":{"index":"index","follow":"follow","max-snippet":"max-snippet:-1","max-image-preview":"max-image-preview:large","max-video-preview":"max-video-preview:-1"},"canonical":"https:\/\/ticsalutsocial.atoom.space\/es\/noticia\/aran-salut-i-la-fundacio-tic-salut-social-signen-un-acord-per-desplegar-el-model-datencio-centrada-en-la-persona\/","og_locale":"es_ES","og_type":"article","og_title":"Aran Salut y la Fundaci\u00f3n TIC Salut Social firman un acuerdo para desplegar el modelo de Atenci\u00f3n Centrada en la Persona - Fundaci\u00f3 TIC Salut i Social","og_description":"Esta ma\u00f1ana Aran Salut, Servicios Asistenciaus Integrats, y la Fundaci\u00f3n TIC Salut Social han firmado un convenio de colaboraci\u00f3n para establecer las l\u00edneas de acci\u00f3n que desplegar\u00e1n el modelo de Atenci\u00f3n Centrada en la Persona (ACP) impulsado por el Conselh Generau de Ar\u00e1n. El despliegue de este modelo es posible gracias a la financiaci\u00f3n mediante [&hellip;]","og_url":"https:\/\/ticsalutsocial.atoom.space\/es\/noticia\/aran-salut-i-la-fundacio-tic-salut-social-signen-un-acord-per-desplegar-el-model-datencio-centrada-en-la-persona\/","og_site_name":"Fundaci\u00f3 TIC Salut i Social","article_modified_time":"2024-03-13T08:42:11+00:00","og_image":[{"width":2560,"height":1707,"url":"https:\/\/ticsalutsocial.atoom.space\/wp-content\/uploads\/2023\/03\/pexels-kampus-production-8428076-scaled.jpg","type":"image\/jpeg"}],"twitter_card":"summary_large_image","twitter_misc":{"Tiempo de lectura":"2 minutos"},"schema":{"@context":"https:\/\/schema.org","@graph":[{"@type":"WebPage","@id":"https:\/\/ticsalutsocial.atoom.space\/es\/noticia\/aran-salut-i-la-fundacio-tic-salut-social-signen-un-acord-per-desplegar-el-model-datencio-centrada-en-la-persona\/","url":"https:\/\/ticsalutsocial.atoom.space\/es\/noticia\/aran-salut-i-la-fundacio-tic-salut-social-signen-un-acord-per-desplegar-el-model-datencio-centrada-en-la-persona\/","name":"Aran Salut y la Fundaci\u00f3n TIC Salut Social firman un acuerdo para desplegar el modelo de Atenci\u00f3n Centrada en la Persona - Fundaci\u00f3 TIC Salut i Social","isPartOf":{"@id":"https:\/\/ticsalutsocial.atoom.space\/es\/#website"},"primaryImageOfPage":{"@id":"https:\/\/ticsalutsocial.atoom.space\/es\/noticia\/aran-salut-i-la-fundacio-tic-salut-social-signen-un-acord-per-desplegar-el-model-datencio-centrada-en-la-persona\/#primaryimage"},"image":{"@id":"https:\/\/ticsalutsocial.atoom.space\/es\/noticia\/aran-salut-i-la-fundacio-tic-salut-social-signen-un-acord-per-desplegar-el-model-datencio-centrada-en-la-persona\/#primaryimage"},"thumbnailUrl":"https:\/\/ticsalutsocial.atoom.space\/wp-content\/uploads\/2023\/03\/pexels-kampus-production-8428076-scaled.jpg","datePublished":"2023-03-22T15:05:21+00:00","dateModified":"2024-03-13T08:42:11+00:00","breadcrumb":{"@id":"https:\/\/ticsalutsocial.atoom.space\/es\/noticia\/aran-salut-i-la-fundacio-tic-salut-social-signen-un-acord-per-desplegar-el-model-datencio-centrada-en-la-persona\/#breadcrumb"},"inLanguage":"es","potentialAction":[{"@type":"ReadAction","target":["https:\/\/ticsalutsocial.atoom.space\/es\/noticia\/aran-salut-i-la-fundacio-tic-salut-social-signen-un-acord-per-desplegar-el-model-datencio-centrada-en-la-persona\/"]}]},{"@type":"ImageObject","inLanguage":"es","@id":"https:\/\/ticsalutsocial.atoom.space\/es\/noticia\/aran-salut-i-la-fundacio-tic-salut-social-signen-un-acord-per-desplegar-el-model-datencio-centrada-en-la-persona\/#primaryimage","url":"https:\/\/ticsalutsocial.atoom.space\/wp-content\/uploads\/2023\/03\/pexels-kampus-production-8428076-scaled.jpg","contentUrl":"https:\/\/ticsalutsocial.atoom.space\/wp-content\/uploads\/2023\/03\/pexels-kampus-production-8428076-scaled.jpg","width":2560,"height":1707},{"@type":"BreadcrumbList","@id":"https:\/\/ticsalutsocial.atoom.space\/es\/noticia\/aran-salut-i-la-fundacio-tic-salut-social-signen-un-acord-per-desplegar-el-model-datencio-centrada-en-la-persona\/#breadcrumb","itemListElement":[{"@type":"ListItem","position":1,"name":"Inici","item":"https:\/\/ticsalutsocial.atoom.space\/es\/"},{"@type":"ListItem","position":2,"name":"Aran Salut y la Fundaci\u00f3n TIC Salut Social firman un acuerdo para desplegar el modelo de Atenci\u00f3n Centrada en la Persona"}]},{"@type":"WebSite","@id":"https:\/\/ticsalutsocial.atoom.space\/es\/#website","url":"https:\/\/ticsalutsocial.atoom.space\/es\/","name":"Fundaci\u00f3 TIC Salut i Social","description":"","potentialAction":[{"@type":"SearchAction","target":{"@type":"EntryPoint","urlTemplate":"https:\/\/ticsalutsocial.atoom.space\/es\/?s={search_term_string}"},"query-input":{"@type":"PropertyValueSpecification","valueRequired":true,"valueName":"search_term_string"}}],"inLanguage":"es"}]}},"_links":{"self":[{"href":"https:\/\/ticsalutsocial.atoom.space\/es\/wp-json\/wp\/v2\/noticia\/19794","targetHints":{"allow":["GET"]}}],"collection":[{"href":"https:\/\/ticsalutsocial.atoom.space\/es\/wp-json\/wp\/v2\/noticia"}],"about":[{"href":"https:\/\/ticsalutsocial.atoom.space\/es\/wp-json\/wp\/v2\/types\/noticia"}],"author":[{"embeddable":true,"href":"https:\/\/ticsalutsocial.atoom.space\/es\/wp-json\/wp\/v2\/users\/3"}],"wp:featuredmedia":[{"embeddable":true,"href":"https:\/\/ticsalutsocial.atoom.space\/es\/wp-json\/wp\/v2\/media\/19719"}],"wp:attachment":[{"href":"https:\/\/ticsalutsocial.atoom.space\/es\/wp-json\/wp\/v2\/media?parent=19794"}],"wp:term":[{"taxonomy":"etiqueta","embeddable":true,"href":"https:\/\/ticsalutsocial.atoom.space\/es\/wp-json\/wp\/v2\/etiqueta?post=19794"},{"taxonomy":"tipus","embeddable":true,"href":"https:\/\/ticsalutsocial.atoom.space\/es\/wp-json\/wp\/v2\/tipus?post=19794"},{"taxonomy":"topic","embeddable":true,"href":"https:\/\/ticsalutsocial.atoom.space\/es\/wp-json\/wp\/v2\/topic?post=19794"}],"curies":[{"name":"wp","href":"https:\/\/api.w.org\/{rel}","templated":true}]}}