
{"id":19796,"date":"2023-03-17T13:33:34","date_gmt":"2023-03-17T11:33:34","guid":{"rendered":"https:\/\/ticsalutsocial.atoom.space\/noticia\/vic-acull-les-xii-jornades-rdi-tic-salut-social-per-debatre-sobre-cures-atencio-integrada-i-el-canvi-de-paradigma-en-la-cultura-organitzativa\/"},"modified":"2023-03-23T14:04:05","modified_gmt":"2023-03-23T12:04:05","slug":"vic-acull-les-xii-jornades-rdi-tic-salut-social-per-debatre-sobre-cures-atencio-integrada-i-el-canvi-de-paradigma-en-la-cultura-organitzativa","status":"publish","type":"noticia","link":"https:\/\/ticsalutsocial.atoom.space\/es\/noticia\/vic-acull-les-xii-jornades-rdi-tic-salut-social-per-debatre-sobre-cures-atencio-integrada-i-el-canvi-de-paradigma-en-la-cultura-organitzativa\/","title":{"rendered":"Vic acoge las XII Jornadas R+D+I TIC Salut Social para debatir sobre cuidados, atenci\u00f3n integrada y el cambio de paradigma en la cultura organizativa"},"content":{"rendered":"\n<p>Las <strong>XII Jornadas R+D+I TIC Salut Social<\/strong> celebradas ayer en el Aula Magna de la Universidad de Vic \u2013 Universidad Central de Catalu\u00f1a y co-organizadas por la Fundaci\u00f3n TIC Salut Social y la Universidad de Vic, y con la colaboraci\u00f3n del ICS Catalu\u00f1a Central, el Consorcio Hospitalario de Vic, Althaia, el EAP Vic, la Fundaci\u00f3n Hospital de la Santa Cruz de Vic y FORES abordaron el despliegue de la integraci\u00f3n social y sanitaria de forma pr\u00e1ctica.<\/p>\n\n\n\n<p>El consejero de Salud de la Generalitat de Catalu\u00f1a, Manel Balcells, inaugur\u00f3 el acto destacando \u201cque los retos son claros e intensos. La Agencia Integrada de Atenci\u00f3n Social y Sanitaria es un instrumento para desplegar con efectividad la atenci\u00f3n integrada y dentro de ese instrumento tenemos tambi\u00e9n la tecnolog\u00eda\u201d.<\/p>\n\n\n\n<p>Con la mirada puesta en la comunidad y las TIC, la jornada acogi\u00f3 a m\u00e1s de 270 personas con perfiles interdisciplinarios como trabajadoras sociales, enfermeras, m\u00e9dicas, psic\u00f3logas, tecn\u00f3logos y cargos directivos del Sistema de Salud y el Departamento de Derechos Sociales. El debate generado permiti\u00f3 tratar el estado de la cuesti\u00f3n a partir de evidencias basadas en la investigaci\u00f3n, proyectos e iniciativas reales.<\/p>\n\n\n\n<h2 class=\"wp-block-heading\">Curas dirigidas por la persona<\/h2>\n\n\n\n<p>En una intervenci\u00f3n conjunta entre Aina Plaza, directora general de Planificaci\u00f3n en Salud del Departamento de Salud, y Marta Segura, directora general de la Autonom\u00eda Personal y la Discapacidad del Departamento de Derechos Sociales, la audiencia conoci\u00f3 la perspectiva pol\u00edtica en materia de cuidados y atenci\u00f3n integradas. El despliegue de un cambio en el modelo de atenci\u00f3n se est\u00e1 iniciando a partir de siete regiones de Catalu\u00f1a con la intenci\u00f3n de extrapolarlo de forma progresiva a todo el territorio catal\u00e1n. En este sentido, se quiere aprovechar el conocimiento y experiencia de Osona, Manresa, Amposta, Giron\u00e8s, Garrotxa\/Ripoll\u00e8s, El Prat y Barcelona para iniciar esta fase inicial.<\/p>\n\n\n\n<p>El acento puesto en el territorio no es casual. Son las profesionales como enfermeras o trabajadoras sociales quienes tienen conocimiento de causa y quienes mejor pueden ayudar a potenciar lo que Segura apuntaba: \u201cEl concepto de cuidados centrados en la persona est\u00e1 obsoleto. En un contexto de sociedad digital como el actual deber\u00edamos hablar de cuidados dirigidos por la persona\u201d donde la decisi\u00f3n final de c\u00f3mo quiere ser atendida una persona depende en \u00faltima instancia de la beneficiaria del servicio.<\/p>\n\n\n\n<figure class=\"wp-block-image size-large\"><img loading=\"lazy\" decoding=\"async\" width=\"1024\" height=\"684\" src=\"https:\/\/ticsalutsocial.atoom.space\/wp-content\/uploads\/2023\/03\/IMG-20230316-WA0051-1024x684.jpg\" alt=\"\" class=\"wp-image-19522\" srcset=\"https:\/\/ticsalutsocial.atoom.space\/wp-content\/uploads\/2023\/03\/IMG-20230316-WA0051-1024x684.jpg 1024w, https:\/\/ticsalutsocial.atoom.space\/wp-content\/uploads\/2023\/03\/IMG-20230316-WA0051-300x200.jpg 300w, https:\/\/ticsalutsocial.atoom.space\/wp-content\/uploads\/2023\/03\/IMG-20230316-WA0051-768x513.jpg 768w, https:\/\/ticsalutsocial.atoom.space\/wp-content\/uploads\/2023\/03\/IMG-20230316-WA0051-1536x1025.jpg 1536w, https:\/\/ticsalutsocial.atoom.space\/wp-content\/uploads\/2023\/03\/IMG-20230316-WA0051.jpg 1600w\" sizes=\"auto, (max-width: 1024px) 100vw, 1024px\" \/><figcaption class=\"wp-element-caption\"> Marta Segura, directora general de la Autonomia Personal y la Discapacidad del Departamento de Derechos Sociales.<\/figcaption><\/figure>\n\n\n\n<h2 class=\"wp-block-heading\"><strong>Cambio de paradigma en la cultura organizativa<\/strong><\/h2>\n\n\n\n<p>El coloquio continu\u00f3 con una reflexi\u00f3n sobre<em> c\u00f3mo integrar para atender mejor<\/em>, llevado a cabo entre el Sr. Toni Dedeu, asesor de Atenci\u00f3n Primaria de Salud e Integrada en la Organizaci\u00f3n Mundial de la Salud, y el Sr. Jordi Piera, director de estrategia en salud digital del Servicio Catal\u00e1n de la Salud. Piera reflexion\u00f3 sobre algunas claves para el \u00e9xito en la gesti\u00f3n del cambio afirmando que \u201chay que romper las din\u00e1micas de trabajo aisladas y verticales entre distintos niveles asistenciales y organizativos. Tambi\u00e9n entre las especializaciones profesionales y el modelo operativo en la prestaci\u00f3n de servicios y compartici\u00f3n de informaci\u00f3n de los sistemas\u201d. Seg\u00fan los ponentes, el \u00e9xito de integrar cuidados radica en un cambio de paradigma sobre la cultura organizativa. Formularla como un todo, trabajar de forma conjunta y para un objetivo com\u00fan. Es decir, replantearse toda la vertiente organizativa. En este escenario, las TIC juegan un rol importante para facilitar la comunicaci\u00f3n y compartici\u00f3n de conocimiento e informaci\u00f3n.<\/p>\n\n\n\n<p>Piera conclu\u00eda, \u201cnos equivocaremos menos si pensamos en el ciclo de trabajo. \u00bfCu\u00e1l es el proceso asistencial, qu\u00e9 necesidad de informaci\u00f3n tiene y c\u00f3mo aplicamos soluciones a casu\u00edsticas concretas\u201d.<\/p>\n\n\n\n<p>La jornada concluy\u00f3 con p\u00edldoras de conocimiento aportado por diferentes proyectos tecnol\u00f3gicos y de atenci\u00f3n a la persona a cargo de entidades y organizaciones de la Catalu\u00f1a central.<\/p>\n\n\n\n<hr class=\"wp-block-separator has-alpha-channel-opacity\"\/>\n\n\n\n<h2 class=\"wp-block-heading\"><strong>Contacto para m\u00e1s informaci\u00f3n:\u00a0<\/strong>\u00a0<\/h2>\n\n\n\n<p><strong>UVic &#8211; UCC<\/strong>&nbsp;<\/p>\n\n\n\n<p>Eva Funoll: Tel. 628 383 421 &#8211; <a href=\"mailto:eva.funoll@uvic.cat\" target=\"_blank\" rel=\"noreferrer noopener\">eva.funoll@uvic.cat<\/a>&nbsp;<\/p>\n\n\n\n<p><strong>Fundaci\u00f3n TIC Salut Social<\/strong>\u00a0<\/p>\n\n\n\n<p>Victor Barber\u00e0 Aranda: Tel. 677345129 &#8211; <a href=\"mailto:vbarbera@ticsalutsocial.cat\" target=\"_blank\" rel=\"noreferrer noopener\">vbarbera@ticsalutsocial.cat<\/a>&nbsp;<\/p>\n\n\n\n<p><\/p>\n\n\n\n<figure class=\"wp-block-image size-full\"><img loading=\"lazy\" decoding=\"async\" width=\"881\" height=\"165\" src=\"https:\/\/ticsalutsocial.atoom.space\/wp-content\/uploads\/2023\/03\/Captura.png\" alt=\"\" class=\"wp-image-19528\" srcset=\"https:\/\/ticsalutsocial.atoom.space\/wp-content\/uploads\/2023\/03\/Captura.png 881w, https:\/\/ticsalutsocial.atoom.space\/wp-content\/uploads\/2023\/03\/Captura-300x56.png 300w, https:\/\/ticsalutsocial.atoom.space\/wp-content\/uploads\/2023\/03\/Captura-768x144.png 768w\" sizes=\"auto, (max-width: 881px) 100vw, 881px\" \/><\/figure>\n","protected":false},"author":3,"featured_media":19527,"menu_order":0,"template":"","meta":{"_acf_changed":false,"inline_featured_image":false},"etiqueta":[],"tipus":[],"topic":[],"class_list":["post-19796","noticia","type-noticia","status-publish","has-post-thumbnail","hentry"],"acf":{"autor":"","imatge":19527,"textos_destacats":[{"texte":"La Agencia de Atenci\u00f3n Integrada Social y Sanitaria ser\u00e1 un instrumento de cambio para avanzar de forma \u00e1gil hacia un modelo de cuidados y atenci\u00f3n integradas."},{"texte":"El despliegue del modelo en cuidados integrados est\u00e1 previsto iniciar en siete territorios: Osona, Manresa, Amposta, Giron\u00e8s, Garrotxa\/Ripoll\u00e8s, El Prat y Barcelona."},{"texte":"Los ejes de actuaci\u00f3n por el \u00e9xito pasan por el modelo de gobernanza territorial, sistemas de informaci\u00f3n integrados y proyectos innovadores."}],"documents":false,"finalitzat":false,"tipus_plantilla":"objectius","template_objectius":{"cont_principal":"","imatge":false,"cont_seguent":{"titol":"","contingut":""},"seccio_llistat":{"titol":"","llistat":false},"objectius":{"titol":"","objectius":false},"documents":false}},"yoast_head":"<!-- This site is optimized with the Yoast SEO plugin v27.1.1 - https:\/\/yoast.com\/product\/yoast-seo-wordpress\/ -->\n<title>Vic acoge las XII Jornadas R+D+I TIC Salut Social para debatir sobre cuidados, atenci\u00f3n integrada y el cambio de paradigma en la cultura organizativa - Fundaci\u00f3 TIC Salut i Social<\/title>\n<meta name=\"robots\" content=\"index, follow, max-snippet:-1, max-image-preview:large, max-video-preview:-1\" \/>\n<link rel=\"canonical\" href=\"https:\/\/ticsalutsocial.atoom.space\/es\/noticia\/vic-acull-les-xii-jornades-rdi-tic-salut-social-per-debatre-sobre-cures-atencio-integrada-i-el-canvi-de-paradigma-en-la-cultura-organitzativa\/\" \/>\n<meta property=\"og:locale\" content=\"es_ES\" \/>\n<meta property=\"og:type\" content=\"article\" \/>\n<meta property=\"og:title\" content=\"Vic acoge las XII Jornadas R+D+I TIC Salut Social para debatir sobre cuidados, atenci\u00f3n integrada y el cambio de paradigma en la cultura organizativa - Fundaci\u00f3 TIC Salut i Social\" \/>\n<meta property=\"og:description\" content=\"Las XII Jornadas R+D+I TIC Salut Social celebradas ayer en el Aula Magna de la Universidad de Vic \u2013 Universidad Central de Catalu\u00f1a y co-organizadas por la Fundaci\u00f3n TIC Salut Social y la Universidad de Vic, y con la colaboraci\u00f3n del ICS Catalu\u00f1a Central, el Consorcio Hospitalario de Vic, Althaia, el EAP Vic, la Fundaci\u00f3n [&hellip;]\" \/>\n<meta property=\"og:url\" content=\"https:\/\/ticsalutsocial.atoom.space\/es\/noticia\/vic-acull-les-xii-jornades-rdi-tic-salut-social-per-debatre-sobre-cures-atencio-integrada-i-el-canvi-de-paradigma-en-la-cultura-organitzativa\/\" \/>\n<meta property=\"og:site_name\" content=\"Fundaci\u00f3 TIC Salut i Social\" \/>\n<meta property=\"article:modified_time\" content=\"2023-03-23T12:04:05+00:00\" \/>\n<meta property=\"og:image\" content=\"https:\/\/ticsalutsocial.atoom.space\/wp-content\/uploads\/2023\/03\/IMG-20230316-WA0024.jpg\" \/>\n\t<meta property=\"og:image:width\" content=\"1600\" \/>\n\t<meta property=\"og:image:height\" content=\"1068\" \/>\n\t<meta property=\"og:image:type\" content=\"image\/jpeg\" \/>\n<meta name=\"twitter:card\" content=\"summary_large_image\" \/>\n<meta name=\"twitter:label1\" content=\"Tiempo de lectura\" \/>\n\t<meta name=\"twitter:data1\" content=\"4 minutos\" \/>\n<script type=\"application\/ld+json\" class=\"yoast-schema-graph\">{\"@context\":\"https:\/\/schema.org\",\"@graph\":[{\"@type\":\"WebPage\",\"@id\":\"https:\/\/ticsalutsocial.atoom.space\/es\/noticia\/vic-acull-les-xii-jornades-rdi-tic-salut-social-per-debatre-sobre-cures-atencio-integrada-i-el-canvi-de-paradigma-en-la-cultura-organitzativa\/\",\"url\":\"https:\/\/ticsalutsocial.atoom.space\/es\/noticia\/vic-acull-les-xii-jornades-rdi-tic-salut-social-per-debatre-sobre-cures-atencio-integrada-i-el-canvi-de-paradigma-en-la-cultura-organitzativa\/\",\"name\":\"Vic acoge las XII Jornadas R+D+I TIC Salut Social para debatir sobre cuidados, atenci\u00f3n integrada y el cambio de paradigma en la cultura organizativa - Fundaci\u00f3 TIC Salut i Social\",\"isPartOf\":{\"@id\":\"https:\/\/ticsalutsocial.atoom.space\/es\/#website\"},\"primaryImageOfPage\":{\"@id\":\"https:\/\/ticsalutsocial.atoom.space\/es\/noticia\/vic-acull-les-xii-jornades-rdi-tic-salut-social-per-debatre-sobre-cures-atencio-integrada-i-el-canvi-de-paradigma-en-la-cultura-organitzativa\/#primaryimage\"},\"image\":{\"@id\":\"https:\/\/ticsalutsocial.atoom.space\/es\/noticia\/vic-acull-les-xii-jornades-rdi-tic-salut-social-per-debatre-sobre-cures-atencio-integrada-i-el-canvi-de-paradigma-en-la-cultura-organitzativa\/#primaryimage\"},\"thumbnailUrl\":\"https:\/\/ticsalutsocial.atoom.space\/wp-content\/uploads\/2023\/03\/IMG-20230316-WA0024.jpg\",\"datePublished\":\"2023-03-17T11:33:34+00:00\",\"dateModified\":\"2023-03-23T12:04:05+00:00\",\"breadcrumb\":{\"@id\":\"https:\/\/ticsalutsocial.atoom.space\/es\/noticia\/vic-acull-les-xii-jornades-rdi-tic-salut-social-per-debatre-sobre-cures-atencio-integrada-i-el-canvi-de-paradigma-en-la-cultura-organitzativa\/#breadcrumb\"},\"inLanguage\":\"es\",\"potentialAction\":[{\"@type\":\"ReadAction\",\"target\":[\"https:\/\/ticsalutsocial.atoom.space\/es\/noticia\/vic-acull-les-xii-jornades-rdi-tic-salut-social-per-debatre-sobre-cures-atencio-integrada-i-el-canvi-de-paradigma-en-la-cultura-organitzativa\/\"]}]},{\"@type\":\"ImageObject\",\"inLanguage\":\"es\",\"@id\":\"https:\/\/ticsalutsocial.atoom.space\/es\/noticia\/vic-acull-les-xii-jornades-rdi-tic-salut-social-per-debatre-sobre-cures-atencio-integrada-i-el-canvi-de-paradigma-en-la-cultura-organitzativa\/#primaryimage\",\"url\":\"https:\/\/ticsalutsocial.atoom.space\/wp-content\/uploads\/2023\/03\/IMG-20230316-WA0024.jpg\",\"contentUrl\":\"https:\/\/ticsalutsocial.atoom.space\/wp-content\/uploads\/2023\/03\/IMG-20230316-WA0024.jpg\",\"width\":1600,\"height\":1068},{\"@type\":\"BreadcrumbList\",\"@id\":\"https:\/\/ticsalutsocial.atoom.space\/es\/noticia\/vic-acull-les-xii-jornades-rdi-tic-salut-social-per-debatre-sobre-cures-atencio-integrada-i-el-canvi-de-paradigma-en-la-cultura-organitzativa\/#breadcrumb\",\"itemListElement\":[{\"@type\":\"ListItem\",\"position\":1,\"name\":\"Inici\",\"item\":\"https:\/\/ticsalutsocial.atoom.space\/es\/\"},{\"@type\":\"ListItem\",\"position\":2,\"name\":\"Vic acoge las XII Jornadas R+D+I TIC Salut Social para debatir sobre cuidados, atenci\u00f3n integrada y el cambio de paradigma en la cultura organizativa\"}]},{\"@type\":\"WebSite\",\"@id\":\"https:\/\/ticsalutsocial.atoom.space\/es\/#website\",\"url\":\"https:\/\/ticsalutsocial.atoom.space\/es\/\",\"name\":\"Fundaci\u00f3 TIC Salut i Social\",\"description\":\"\",\"potentialAction\":[{\"@type\":\"SearchAction\",\"target\":{\"@type\":\"EntryPoint\",\"urlTemplate\":\"https:\/\/ticsalutsocial.atoom.space\/es\/?s={search_term_string}\"},\"query-input\":{\"@type\":\"PropertyValueSpecification\",\"valueRequired\":true,\"valueName\":\"search_term_string\"}}],\"inLanguage\":\"es\"}]}<\/script>\n<!-- \/ Yoast SEO plugin. -->","yoast_head_json":{"title":"Vic acoge las XII Jornadas R+D+I TIC Salut Social para debatir sobre cuidados, atenci\u00f3n integrada y el cambio de paradigma en la cultura organizativa - Fundaci\u00f3 TIC Salut i Social","robots":{"index":"index","follow":"follow","max-snippet":"max-snippet:-1","max-image-preview":"max-image-preview:large","max-video-preview":"max-video-preview:-1"},"canonical":"https:\/\/ticsalutsocial.atoom.space\/es\/noticia\/vic-acull-les-xii-jornades-rdi-tic-salut-social-per-debatre-sobre-cures-atencio-integrada-i-el-canvi-de-paradigma-en-la-cultura-organitzativa\/","og_locale":"es_ES","og_type":"article","og_title":"Vic acoge las XII Jornadas R+D+I TIC Salut Social para debatir sobre cuidados, atenci\u00f3n integrada y el cambio de paradigma en la cultura organizativa - Fundaci\u00f3 TIC Salut i Social","og_description":"Las XII Jornadas R+D+I TIC Salut Social celebradas ayer en el Aula Magna de la Universidad de Vic \u2013 Universidad Central de Catalu\u00f1a y co-organizadas por la Fundaci\u00f3n TIC Salut Social y la Universidad de Vic, y con la colaboraci\u00f3n del ICS Catalu\u00f1a Central, el Consorcio Hospitalario de Vic, Althaia, el EAP Vic, la Fundaci\u00f3n [&hellip;]","og_url":"https:\/\/ticsalutsocial.atoom.space\/es\/noticia\/vic-acull-les-xii-jornades-rdi-tic-salut-social-per-debatre-sobre-cures-atencio-integrada-i-el-canvi-de-paradigma-en-la-cultura-organitzativa\/","og_site_name":"Fundaci\u00f3 TIC Salut i Social","article_modified_time":"2023-03-23T12:04:05+00:00","og_image":[{"width":1600,"height":1068,"url":"https:\/\/ticsalutsocial.atoom.space\/wp-content\/uploads\/2023\/03\/IMG-20230316-WA0024.jpg","type":"image\/jpeg"}],"twitter_card":"summary_large_image","twitter_misc":{"Tiempo de lectura":"4 minutos"},"schema":{"@context":"https:\/\/schema.org","@graph":[{"@type":"WebPage","@id":"https:\/\/ticsalutsocial.atoom.space\/es\/noticia\/vic-acull-les-xii-jornades-rdi-tic-salut-social-per-debatre-sobre-cures-atencio-integrada-i-el-canvi-de-paradigma-en-la-cultura-organitzativa\/","url":"https:\/\/ticsalutsocial.atoom.space\/es\/noticia\/vic-acull-les-xii-jornades-rdi-tic-salut-social-per-debatre-sobre-cures-atencio-integrada-i-el-canvi-de-paradigma-en-la-cultura-organitzativa\/","name":"Vic acoge las XII Jornadas R+D+I TIC Salut Social para debatir sobre cuidados, atenci\u00f3n integrada y el cambio de paradigma en la cultura organizativa - Fundaci\u00f3 TIC Salut i Social","isPartOf":{"@id":"https:\/\/ticsalutsocial.atoom.space\/es\/#website"},"primaryImageOfPage":{"@id":"https:\/\/ticsalutsocial.atoom.space\/es\/noticia\/vic-acull-les-xii-jornades-rdi-tic-salut-social-per-debatre-sobre-cures-atencio-integrada-i-el-canvi-de-paradigma-en-la-cultura-organitzativa\/#primaryimage"},"image":{"@id":"https:\/\/ticsalutsocial.atoom.space\/es\/noticia\/vic-acull-les-xii-jornades-rdi-tic-salut-social-per-debatre-sobre-cures-atencio-integrada-i-el-canvi-de-paradigma-en-la-cultura-organitzativa\/#primaryimage"},"thumbnailUrl":"https:\/\/ticsalutsocial.atoom.space\/wp-content\/uploads\/2023\/03\/IMG-20230316-WA0024.jpg","datePublished":"2023-03-17T11:33:34+00:00","dateModified":"2023-03-23T12:04:05+00:00","breadcrumb":{"@id":"https:\/\/ticsalutsocial.atoom.space\/es\/noticia\/vic-acull-les-xii-jornades-rdi-tic-salut-social-per-debatre-sobre-cures-atencio-integrada-i-el-canvi-de-paradigma-en-la-cultura-organitzativa\/#breadcrumb"},"inLanguage":"es","potentialAction":[{"@type":"ReadAction","target":["https:\/\/ticsalutsocial.atoom.space\/es\/noticia\/vic-acull-les-xii-jornades-rdi-tic-salut-social-per-debatre-sobre-cures-atencio-integrada-i-el-canvi-de-paradigma-en-la-cultura-organitzativa\/"]}]},{"@type":"ImageObject","inLanguage":"es","@id":"https:\/\/ticsalutsocial.atoom.space\/es\/noticia\/vic-acull-les-xii-jornades-rdi-tic-salut-social-per-debatre-sobre-cures-atencio-integrada-i-el-canvi-de-paradigma-en-la-cultura-organitzativa\/#primaryimage","url":"https:\/\/ticsalutsocial.atoom.space\/wp-content\/uploads\/2023\/03\/IMG-20230316-WA0024.jpg","contentUrl":"https:\/\/ticsalutsocial.atoom.space\/wp-content\/uploads\/2023\/03\/IMG-20230316-WA0024.jpg","width":1600,"height":1068},{"@type":"BreadcrumbList","@id":"https:\/\/ticsalutsocial.atoom.space\/es\/noticia\/vic-acull-les-xii-jornades-rdi-tic-salut-social-per-debatre-sobre-cures-atencio-integrada-i-el-canvi-de-paradigma-en-la-cultura-organitzativa\/#breadcrumb","itemListElement":[{"@type":"ListItem","position":1,"name":"Inici","item":"https:\/\/ticsalutsocial.atoom.space\/es\/"},{"@type":"ListItem","position":2,"name":"Vic acoge las XII Jornadas R+D+I TIC Salut Social para debatir sobre cuidados, atenci\u00f3n integrada y el cambio de paradigma en la cultura organizativa"}]},{"@type":"WebSite","@id":"https:\/\/ticsalutsocial.atoom.space\/es\/#website","url":"https:\/\/ticsalutsocial.atoom.space\/es\/","name":"Fundaci\u00f3 TIC Salut i Social","description":"","potentialAction":[{"@type":"SearchAction","target":{"@type":"EntryPoint","urlTemplate":"https:\/\/ticsalutsocial.atoom.space\/es\/?s={search_term_string}"},"query-input":{"@type":"PropertyValueSpecification","valueRequired":true,"valueName":"search_term_string"}}],"inLanguage":"es"}]}},"_links":{"self":[{"href":"https:\/\/ticsalutsocial.atoom.space\/es\/wp-json\/wp\/v2\/noticia\/19796","targetHints":{"allow":["GET"]}}],"collection":[{"href":"https:\/\/ticsalutsocial.atoom.space\/es\/wp-json\/wp\/v2\/noticia"}],"about":[{"href":"https:\/\/ticsalutsocial.atoom.space\/es\/wp-json\/wp\/v2\/types\/noticia"}],"author":[{"embeddable":true,"href":"https:\/\/ticsalutsocial.atoom.space\/es\/wp-json\/wp\/v2\/users\/3"}],"wp:featuredmedia":[{"embeddable":true,"href":"https:\/\/ticsalutsocial.atoom.space\/es\/wp-json\/wp\/v2\/media\/19527"}],"wp:attachment":[{"href":"https:\/\/ticsalutsocial.atoom.space\/es\/wp-json\/wp\/v2\/media?parent=19796"}],"wp:term":[{"taxonomy":"etiqueta","embeddable":true,"href":"https:\/\/ticsalutsocial.atoom.space\/es\/wp-json\/wp\/v2\/etiqueta?post=19796"},{"taxonomy":"tipus","embeddable":true,"href":"https:\/\/ticsalutsocial.atoom.space\/es\/wp-json\/wp\/v2\/tipus?post=19796"},{"taxonomy":"topic","embeddable":true,"href":"https:\/\/ticsalutsocial.atoom.space\/es\/wp-json\/wp\/v2\/topic?post=19796"}],"curies":[{"name":"wp","href":"https:\/\/api.w.org\/{rel}","templated":true}]}}