
{"id":19802,"date":"2023-03-23T15:11:21","date_gmt":"2023-03-23T13:11:21","guid":{"rendered":"https:\/\/ticsalutsocial.atoom.space\/noticia\/resolucio-de-la-creacio-del-programa-per-a-la-promocio-i-desenvolupament-de-la-intelligencia-artificial-al-sistema-de-salut\/"},"modified":"2023-03-23T15:15:14","modified_gmt":"2023-03-23T13:15:14","slug":"resolucio-de-la-creacio-del-programa-per-a-la-promocio-i-desenvolupament-de-la-intelligencia-artificial-al-sistema-de-salut","status":"publish","type":"noticia","link":"https:\/\/ticsalutsocial.atoom.space\/es\/noticia\/resolucio-de-la-creacio-del-programa-per-a-la-promocio-i-desenvolupament-de-la-intelligencia-artificial-al-sistema-de-salut\/","title":{"rendered":"Resoluci\u00f3n de la creaci\u00f3n del Programa para la promoci\u00f3n y desarrollo de la inteligencia artificial en el sistema de salud"},"content":{"rendered":"\n<p>El Diario Oficial de la Generalitat de Catalunya ha publicado la&nbsp;<a href=\"https:\/\/dogc.gencat.cat\/ca\/document-del-dogc\/?documentId=955573\" target=\"_blank\" rel=\"noreferrer noopener\">resoluci\u00f3n SLT\/954\/2023<\/a>, de 19 de marzo, por la que se crea el Programa para la promoci\u00f3n y desarrollo de la inteligencia artificial en el sistema de salud.<\/p>\n\n\n\n<p>Tal y como se especifica en el documento, la finalidad del Programa Salut\/IA es la creaci\u00f3n de un entorno facilitador para la innovaci\u00f3n en el \u00e1mbito de la salud mediante el desarrollo y la implementaci\u00f3n de soluciones de inteligencia artificial (IA) para la mejora de la salud de la ciudadan\u00eda, que priorice la prevenci\u00f3n, lidere la implantaci\u00f3n de soluciones de IA y contribuya a la mejora de la calidad asistencial y la sostenibilidad del sistema de salud, poniendo en valor el conocimiento generado por el Sistema sanitario integral de utilizaci\u00f3n p\u00fablica de Catalu\u00f1a (SISCAT).<\/p>\n\n\n\n<h2 class=\"wp-block-heading\"><strong>Funciones del Programa Salut\/IA<\/strong><\/h2>\n\n\n\n<p>A continuaci\u00f3n, enumeramos las funciones del Programa Salut\/IA que se detallan en la resoluci\u00f3n:<\/p>\n\n\n\n<ul class=\"wp-block-list\">\n<li>Impulsar el ecosistema de la IA en la salud con la promoci\u00f3n de la investigaci\u00f3n, el desarrollo y la innovaci\u00f3n que facilite la transferencia de conocimiento al SISCAT con el objetivo de incrementar la capacidad del SISCAT de desarrollar la IA.<\/li>\n\n\n\n<li>Establecer la adopci\u00f3n de la innovaci\u00f3n como un punto clave para la implantaci\u00f3n de la IA que avance en el establecimiento de metodolog\u00edas de evaluaci\u00f3n a escala cl\u00ednica, \u00e9tica, legal y tecnol\u00f3gica para dar un sello de garant\u00eda de seguridad a las soluciones, previamente a su implantaci\u00f3n en el SISCAT. La verificaci\u00f3n del funcionamiento y el impacto de los algoritmos debe llevarla a cabo un equipo de profesionales expertos en diferentes campos de conocimiento.<\/li>\n\n\n\n<li>Promover la mejora de la eficiencia del SISCAT desarrollando soluciones de IA a escala sist\u00e9mica con el fin de optimizar el bienestar de las personas, siempre que se cumplan todos los criterios de evaluaci\u00f3n que garanticen la fiabilidad de las soluciones.<\/li>\n\n\n\n<li>Garantizar que la IA sirva al inter\u00e9s com\u00fan y a la creaci\u00f3n de valor p\u00fablico a largo plazo, evitando que se fomente una tecnolog\u00eda sub\u00f3ptima.<\/li>\n\n\n\n<li>Facilitar el alineamiento estrat\u00e9gico de todos los agentes implicados respondiendo a las pol\u00edticas y prioridades globales del SISCAT definidas en el Plan de salud de Catalunya.<\/li>\n\n\n\n<li>Velar por que los procesos de contrataci\u00f3n e incorporaci\u00f3n de la IA en el sector salud avancen y establezcan una visi\u00f3n m\u00e1s amplia de la IA que permita disponer de sistemas de innovaci\u00f3n de valor p\u00fablico.<\/li>\n\n\n\n<li>Favorecer la participaci\u00f3n e implicaci\u00f3n de todo el Sistema de salud de Catalu\u00f1a para garantizar una mejora sustancial en la calidad de la informaci\u00f3n y en la consecuci\u00f3n de resultados de mayor impacto en el conjunto del Sistema con los recursos dedicados.<\/li>\n\n\n\n<li>Promover la equidad, garantizando el acceso a todo el sistema de salud de Catalu\u00f1a de las soluciones desarrolladas, evitar desigualdades entre centros y homogeneizar la calidad asistencial.<\/li>\n\n\n\n<li>Favorecer la colaboraci\u00f3n del sector p\u00fablico y privado para crear un ecosistema de innovaci\u00f3n capaz de apoyar y avanzar en los retos del sector de salud.<\/li>\n<\/ul>\n\n\n\n<h2 class=\"wp-block-heading\"><strong>Gobernanza<\/strong><\/h2>\n\n\n\n<p>La gobernanza del Programa Salut\/IA estar\u00e1 formada por un Comit\u00e9 Directivo, un Comit\u00e9 Ejecutivo y la Direcci\u00f3n del Programa. Las personas integrantes de los tres \u00f3rganos ser\u00e1n altos representantes del Departamento de Salud, el Servicio Catal\u00e1n de la Salud, la Direcci\u00f3n Estrat\u00e9gica de la Comisi\u00f3n Departamental de Innovaci\u00f3n y Transformaci\u00f3n del Sistema de Salud, la Coordinaci\u00f3n General de las TIC del sistema de salud, la Agencia de Calidad y Evaluaci\u00f3n Sanitarias (AQuAS) y la Fundaci\u00f3n TIC Salut Social.<\/p>\n\n\n\n<p>El Programa tiene una vigencia m\u00e1xima de tres a\u00f1os. Para m\u00e1s informaci\u00f3n,&nbsp;<a href=\"https:\/\/dogc.gencat.cat\/ca\/document-del-dogc\/?documentId=955573\" target=\"_blank\" rel=\"noreferrer noopener\">puedes consultar la resoluci\u00f3n en este enlace<\/a>.<\/p>\n","protected":false},"author":12,"featured_media":19801,"menu_order":0,"template":"","meta":{"_acf_changed":false,"inline_featured_image":false},"etiqueta":[],"tipus":[879],"topic":[],"class_list":["post-19802","noticia","type-noticia","status-publish","has-post-thumbnail","hentry","tipus-inteligencia-artificial"],"acf":{"finalitzat":false,"tipus_plantilla":"objectius","template_objectius":{"cont_principal":"","imatge":19801,"cont_seguent":{"titol":"","contingut":""},"seccio_llistat":{"titol":"","llistat":false},"objectius":{"titol":"","objectius":false},"documents":false},"autor":"","imatge":19801,"textos_destacats":[{"texte":"La finalidad del Programa Salut\/IA es la creaci\u00f3n de un entorno facilitador para la innovaci\u00f3n en el \u00e1mbito de la salud mediante el desarrollo y la implementaci\u00f3n de soluciones de inteligencia artificial para la mejora de la salud de la ciudadan\u00eda"}],"documents":false},"yoast_head":"<!-- This site is optimized with the Yoast SEO plugin v27.1.1 - https:\/\/yoast.com\/product\/yoast-seo-wordpress\/ -->\n<title>Resoluci\u00f3n de la creaci\u00f3n del Programa para la promoci\u00f3n y desarrollo de la inteligencia artificial en el sistema de salud - Fundaci\u00f3 TIC Salut i Social<\/title>\n<meta name=\"description\" content=\"El Diari Oficial de la Generalitat de Catalunya ha publicat la resoluci\u00f3 per la qual es crea el Programa per a la promoci\u00f3 i desenvolupament de la intel\u00b7lig\u00e8ncia artificial al sistema de salut.\" \/>\n<meta name=\"robots\" content=\"index, follow, max-snippet:-1, max-image-preview:large, max-video-preview:-1\" \/>\n<link rel=\"canonical\" href=\"https:\/\/ticsalutsocial.atoom.space\/es\/noticia\/resolucio-de-la-creacio-del-programa-per-a-la-promocio-i-desenvolupament-de-la-intelligencia-artificial-al-sistema-de-salut\/\" \/>\n<meta property=\"og:locale\" content=\"es_ES\" \/>\n<meta property=\"og:type\" content=\"article\" \/>\n<meta property=\"og:title\" content=\"Resoluci\u00f3n de la creaci\u00f3n del Programa para la promoci\u00f3n y desarrollo de la inteligencia artificial en el sistema de salud - Fundaci\u00f3 TIC Salut i Social\" \/>\n<meta property=\"og:description\" content=\"El Diari Oficial de la Generalitat de Catalunya ha publicat la resoluci\u00f3 per la qual es crea el Programa per a la promoci\u00f3 i desenvolupament de la intel\u00b7lig\u00e8ncia artificial al sistema de salut.\" \/>\n<meta property=\"og:url\" content=\"https:\/\/ticsalutsocial.atoom.space\/es\/noticia\/resolucio-de-la-creacio-del-programa-per-a-la-promocio-i-desenvolupament-de-la-intelligencia-artificial-al-sistema-de-salut\/\" \/>\n<meta property=\"og:site_name\" content=\"Fundaci\u00f3 TIC Salut i Social\" \/>\n<meta property=\"article:modified_time\" content=\"2023-03-23T13:15:14+00:00\" \/>\n<meta property=\"og:image\" content=\"https:\/\/ticsalutsocial.atoom.space\/wp-content\/uploads\/2023\/03\/Aprovacio-Programa-salutIA-scaled.jpg\" \/>\n\t<meta property=\"og:image:width\" content=\"2560\" \/>\n\t<meta property=\"og:image:height\" content=\"863\" \/>\n\t<meta property=\"og:image:type\" content=\"image\/jpeg\" \/>\n<meta name=\"twitter:card\" content=\"summary_large_image\" \/>\n<meta name=\"twitter:label1\" content=\"Tiempo de lectura\" \/>\n\t<meta name=\"twitter:data1\" content=\"3 minutos\" \/>\n<script type=\"application\/ld+json\" class=\"yoast-schema-graph\">{\"@context\":\"https:\/\/schema.org\",\"@graph\":[{\"@type\":\"WebPage\",\"@id\":\"https:\/\/ticsalutsocial.atoom.space\/es\/noticia\/resolucio-de-la-creacio-del-programa-per-a-la-promocio-i-desenvolupament-de-la-intelligencia-artificial-al-sistema-de-salut\/\",\"url\":\"https:\/\/ticsalutsocial.atoom.space\/es\/noticia\/resolucio-de-la-creacio-del-programa-per-a-la-promocio-i-desenvolupament-de-la-intelligencia-artificial-al-sistema-de-salut\/\",\"name\":\"Resoluci\u00f3n de la creaci\u00f3n del Programa para la promoci\u00f3n y desarrollo de la inteligencia artificial en el sistema de salud - Fundaci\u00f3 TIC Salut i Social\",\"isPartOf\":{\"@id\":\"https:\/\/ticsalutsocial.atoom.space\/es\/#website\"},\"primaryImageOfPage\":{\"@id\":\"https:\/\/ticsalutsocial.atoom.space\/es\/noticia\/resolucio-de-la-creacio-del-programa-per-a-la-promocio-i-desenvolupament-de-la-intelligencia-artificial-al-sistema-de-salut\/#primaryimage\"},\"image\":{\"@id\":\"https:\/\/ticsalutsocial.atoom.space\/es\/noticia\/resolucio-de-la-creacio-del-programa-per-a-la-promocio-i-desenvolupament-de-la-intelligencia-artificial-al-sistema-de-salut\/#primaryimage\"},\"thumbnailUrl\":\"https:\/\/ticsalutsocial.atoom.space\/wp-content\/uploads\/2023\/03\/Aprovacio-Programa-salutIA-scaled.jpg\",\"datePublished\":\"2023-03-23T13:11:21+00:00\",\"dateModified\":\"2023-03-23T13:15:14+00:00\",\"description\":\"El Diari Oficial de la Generalitat de Catalunya ha publicat la resoluci\u00f3 per la qual es crea el Programa per a la promoci\u00f3 i desenvolupament de la intel\u00b7lig\u00e8ncia artificial al sistema de salut.\",\"breadcrumb\":{\"@id\":\"https:\/\/ticsalutsocial.atoom.space\/es\/noticia\/resolucio-de-la-creacio-del-programa-per-a-la-promocio-i-desenvolupament-de-la-intelligencia-artificial-al-sistema-de-salut\/#breadcrumb\"},\"inLanguage\":\"es\",\"potentialAction\":[{\"@type\":\"ReadAction\",\"target\":[\"https:\/\/ticsalutsocial.atoom.space\/es\/noticia\/resolucio-de-la-creacio-del-programa-per-a-la-promocio-i-desenvolupament-de-la-intelligencia-artificial-al-sistema-de-salut\/\"]}]},{\"@type\":\"ImageObject\",\"inLanguage\":\"es\",\"@id\":\"https:\/\/ticsalutsocial.atoom.space\/es\/noticia\/resolucio-de-la-creacio-del-programa-per-a-la-promocio-i-desenvolupament-de-la-intelligencia-artificial-al-sistema-de-salut\/#primaryimage\",\"url\":\"https:\/\/ticsalutsocial.atoom.space\/wp-content\/uploads\/2023\/03\/Aprovacio-Programa-salutIA-scaled.jpg\",\"contentUrl\":\"https:\/\/ticsalutsocial.atoom.space\/wp-content\/uploads\/2023\/03\/Aprovacio-Programa-salutIA-scaled.jpg\",\"width\":2560,\"height\":863,\"caption\":\"Aprovacio\u0301 Programa salut\/IA\"},{\"@type\":\"BreadcrumbList\",\"@id\":\"https:\/\/ticsalutsocial.atoom.space\/es\/noticia\/resolucio-de-la-creacio-del-programa-per-a-la-promocio-i-desenvolupament-de-la-intelligencia-artificial-al-sistema-de-salut\/#breadcrumb\",\"itemListElement\":[{\"@type\":\"ListItem\",\"position\":1,\"name\":\"Inici\",\"item\":\"https:\/\/ticsalutsocial.atoom.space\/es\/\"},{\"@type\":\"ListItem\",\"position\":2,\"name\":\"Resoluci\u00f3n de la creaci\u00f3n del Programa para la promoci\u00f3n y desarrollo de la inteligencia artificial en el sistema de salud\"}]},{\"@type\":\"WebSite\",\"@id\":\"https:\/\/ticsalutsocial.atoom.space\/es\/#website\",\"url\":\"https:\/\/ticsalutsocial.atoom.space\/es\/\",\"name\":\"Fundaci\u00f3 TIC Salut i Social\",\"description\":\"\",\"potentialAction\":[{\"@type\":\"SearchAction\",\"target\":{\"@type\":\"EntryPoint\",\"urlTemplate\":\"https:\/\/ticsalutsocial.atoom.space\/es\/?s={search_term_string}\"},\"query-input\":{\"@type\":\"PropertyValueSpecification\",\"valueRequired\":true,\"valueName\":\"search_term_string\"}}],\"inLanguage\":\"es\"}]}<\/script>\n<!-- \/ Yoast SEO plugin. -->","yoast_head_json":{"title":"Resoluci\u00f3n de la creaci\u00f3n del Programa para la promoci\u00f3n y desarrollo de la inteligencia artificial en el sistema de salud - Fundaci\u00f3 TIC Salut i Social","description":"El Diari Oficial de la Generalitat de Catalunya ha publicat la resoluci\u00f3 per la qual es crea el Programa per a la promoci\u00f3 i desenvolupament de la intel\u00b7lig\u00e8ncia artificial al sistema de salut.","robots":{"index":"index","follow":"follow","max-snippet":"max-snippet:-1","max-image-preview":"max-image-preview:large","max-video-preview":"max-video-preview:-1"},"canonical":"https:\/\/ticsalutsocial.atoom.space\/es\/noticia\/resolucio-de-la-creacio-del-programa-per-a-la-promocio-i-desenvolupament-de-la-intelligencia-artificial-al-sistema-de-salut\/","og_locale":"es_ES","og_type":"article","og_title":"Resoluci\u00f3n de la creaci\u00f3n del Programa para la promoci\u00f3n y desarrollo de la inteligencia artificial en el sistema de salud - Fundaci\u00f3 TIC Salut i Social","og_description":"El Diari Oficial de la Generalitat de Catalunya ha publicat la resoluci\u00f3 per la qual es crea el Programa per a la promoci\u00f3 i desenvolupament de la intel\u00b7lig\u00e8ncia artificial al sistema de salut.","og_url":"https:\/\/ticsalutsocial.atoom.space\/es\/noticia\/resolucio-de-la-creacio-del-programa-per-a-la-promocio-i-desenvolupament-de-la-intelligencia-artificial-al-sistema-de-salut\/","og_site_name":"Fundaci\u00f3 TIC Salut i Social","article_modified_time":"2023-03-23T13:15:14+00:00","og_image":[{"width":2560,"height":863,"url":"https:\/\/ticsalutsocial.atoom.space\/wp-content\/uploads\/2023\/03\/Aprovacio-Programa-salutIA-scaled.jpg","type":"image\/jpeg"}],"twitter_card":"summary_large_image","twitter_misc":{"Tiempo de lectura":"3 minutos"},"schema":{"@context":"https:\/\/schema.org","@graph":[{"@type":"WebPage","@id":"https:\/\/ticsalutsocial.atoom.space\/es\/noticia\/resolucio-de-la-creacio-del-programa-per-a-la-promocio-i-desenvolupament-de-la-intelligencia-artificial-al-sistema-de-salut\/","url":"https:\/\/ticsalutsocial.atoom.space\/es\/noticia\/resolucio-de-la-creacio-del-programa-per-a-la-promocio-i-desenvolupament-de-la-intelligencia-artificial-al-sistema-de-salut\/","name":"Resoluci\u00f3n de la creaci\u00f3n del Programa para la promoci\u00f3n y desarrollo de la inteligencia artificial en el sistema de salud - Fundaci\u00f3 TIC Salut i Social","isPartOf":{"@id":"https:\/\/ticsalutsocial.atoom.space\/es\/#website"},"primaryImageOfPage":{"@id":"https:\/\/ticsalutsocial.atoom.space\/es\/noticia\/resolucio-de-la-creacio-del-programa-per-a-la-promocio-i-desenvolupament-de-la-intelligencia-artificial-al-sistema-de-salut\/#primaryimage"},"image":{"@id":"https:\/\/ticsalutsocial.atoom.space\/es\/noticia\/resolucio-de-la-creacio-del-programa-per-a-la-promocio-i-desenvolupament-de-la-intelligencia-artificial-al-sistema-de-salut\/#primaryimage"},"thumbnailUrl":"https:\/\/ticsalutsocial.atoom.space\/wp-content\/uploads\/2023\/03\/Aprovacio-Programa-salutIA-scaled.jpg","datePublished":"2023-03-23T13:11:21+00:00","dateModified":"2023-03-23T13:15:14+00:00","description":"El Diari Oficial de la Generalitat de Catalunya ha publicat la resoluci\u00f3 per la qual es crea el Programa per a la promoci\u00f3 i desenvolupament de la intel\u00b7lig\u00e8ncia artificial al sistema de salut.","breadcrumb":{"@id":"https:\/\/ticsalutsocial.atoom.space\/es\/noticia\/resolucio-de-la-creacio-del-programa-per-a-la-promocio-i-desenvolupament-de-la-intelligencia-artificial-al-sistema-de-salut\/#breadcrumb"},"inLanguage":"es","potentialAction":[{"@type":"ReadAction","target":["https:\/\/ticsalutsocial.atoom.space\/es\/noticia\/resolucio-de-la-creacio-del-programa-per-a-la-promocio-i-desenvolupament-de-la-intelligencia-artificial-al-sistema-de-salut\/"]}]},{"@type":"ImageObject","inLanguage":"es","@id":"https:\/\/ticsalutsocial.atoom.space\/es\/noticia\/resolucio-de-la-creacio-del-programa-per-a-la-promocio-i-desenvolupament-de-la-intelligencia-artificial-al-sistema-de-salut\/#primaryimage","url":"https:\/\/ticsalutsocial.atoom.space\/wp-content\/uploads\/2023\/03\/Aprovacio-Programa-salutIA-scaled.jpg","contentUrl":"https:\/\/ticsalutsocial.atoom.space\/wp-content\/uploads\/2023\/03\/Aprovacio-Programa-salutIA-scaled.jpg","width":2560,"height":863,"caption":"Aprovacio\u0301 Programa salut\/IA"},{"@type":"BreadcrumbList","@id":"https:\/\/ticsalutsocial.atoom.space\/es\/noticia\/resolucio-de-la-creacio-del-programa-per-a-la-promocio-i-desenvolupament-de-la-intelligencia-artificial-al-sistema-de-salut\/#breadcrumb","itemListElement":[{"@type":"ListItem","position":1,"name":"Inici","item":"https:\/\/ticsalutsocial.atoom.space\/es\/"},{"@type":"ListItem","position":2,"name":"Resoluci\u00f3n de la creaci\u00f3n del Programa para la promoci\u00f3n y desarrollo de la inteligencia artificial en el sistema de salud"}]},{"@type":"WebSite","@id":"https:\/\/ticsalutsocial.atoom.space\/es\/#website","url":"https:\/\/ticsalutsocial.atoom.space\/es\/","name":"Fundaci\u00f3 TIC Salut i Social","description":"","potentialAction":[{"@type":"SearchAction","target":{"@type":"EntryPoint","urlTemplate":"https:\/\/ticsalutsocial.atoom.space\/es\/?s={search_term_string}"},"query-input":{"@type":"PropertyValueSpecification","valueRequired":true,"valueName":"search_term_string"}}],"inLanguage":"es"}]}},"_links":{"self":[{"href":"https:\/\/ticsalutsocial.atoom.space\/es\/wp-json\/wp\/v2\/noticia\/19802","targetHints":{"allow":["GET"]}}],"collection":[{"href":"https:\/\/ticsalutsocial.atoom.space\/es\/wp-json\/wp\/v2\/noticia"}],"about":[{"href":"https:\/\/ticsalutsocial.atoom.space\/es\/wp-json\/wp\/v2\/types\/noticia"}],"author":[{"embeddable":true,"href":"https:\/\/ticsalutsocial.atoom.space\/es\/wp-json\/wp\/v2\/users\/12"}],"wp:featuredmedia":[{"embeddable":true,"href":"https:\/\/ticsalutsocial.atoom.space\/es\/wp-json\/wp\/v2\/media\/19801"}],"wp:attachment":[{"href":"https:\/\/ticsalutsocial.atoom.space\/es\/wp-json\/wp\/v2\/media?parent=19802"}],"wp:term":[{"taxonomy":"etiqueta","embeddable":true,"href":"https:\/\/ticsalutsocial.atoom.space\/es\/wp-json\/wp\/v2\/etiqueta?post=19802"},{"taxonomy":"tipus","embeddable":true,"href":"https:\/\/ticsalutsocial.atoom.space\/es\/wp-json\/wp\/v2\/tipus?post=19802"},{"taxonomy":"topic","embeddable":true,"href":"https:\/\/ticsalutsocial.atoom.space\/es\/wp-json\/wp\/v2\/topic?post=19802"}],"curies":[{"name":"wp","href":"https:\/\/api.w.org\/{rel}","templated":true}]}}