
{"id":19854,"date":"2023-03-27T09:36:16","date_gmt":"2023-03-27T07:36:16","guid":{"rendered":"https:\/\/ticsalutsocial.atoom.space\/noticia\/lestrategia-per-acreditar-els-professionals-de-la-salut-en-competencies-tic-segueix-avancant\/"},"modified":"2023-03-27T09:59:48","modified_gmt":"2023-03-27T07:59:48","slug":"lestrategia-per-acreditar-els-professionals-de-la-salut-en-competencies-tic-segueix-avancant","status":"publish","type":"noticia","link":"https:\/\/ticsalutsocial.atoom.space\/es\/noticia\/lestrategia-per-acreditar-els-professionals-de-la-salut-en-competencies-tic-segueix-avancant\/","title":{"rendered":"El Departamento de Salud y la Fundaci\u00f3n TIC SaluT Social publican dos nuevos informes vinculados al Proyecto COMPDIG-Salut \/ Reto 4 del Foro de Di\u00e1logo Profesional"},"content":{"rendered":"<p>El proyecto <a href=\"https:\/\/ticsalutsocial.atoom.space\/project\/compdig_salut\/\">COMPDIG-Salut<\/a> naci\u00f3 con el objetivo de operativizar las conclusiones del Reto 4 del Foro de Di\u00e1logo Profesional, y mejorar las competencias TIC de los profesionales de la salud. En este contexto, durante 2021 se realiz\u00f3 un <strong>estudio exploratorio entre profesionales sanitarios activos en Catalu\u00f1a<\/strong> coordinado por <strong>Elisenda Reixach, gestora de proyectos de la Fundaci\u00f3n TIC Salut Social<\/strong>. Para realizar el estudio, se elabor\u00f3 una encuesta que incorporaba un conjunto de preguntas basadas en las competencias digitales del ACTIC necesarias para superar el Nivel Medio (ACTIC-2). 803 profesionales respondieron a la encuesta. Todos los resultados y conclusiones quedan recogidos en un informe disponible en la web de la fundaci\u00f3n y ofrecen una visi\u00f3n aproximada de la situaci\u00f3n actual, de las necesidades de formaci\u00f3n en el \u00e1mbito TIC, y qu\u00e9 acciones pertinentes para resolverlas es necesario desplegar. <a href=\"https:\/\/www.jmir.org\/2022\/11\/e38347\/\" target=\"_blank\" rel=\"noopener\">Parte de los resultados de este estudio se han publicado recientemente en la revista JMIR<\/a>.<\/p>\n<p>Adicionalmente, se ha realizado el <strong>pilotaje del Modelo de Evaluaci\u00f3n de Competencias digitales en Salud<\/strong>. El objetivo de este piloto ha sido testear la propuesta de modelo de evaluaci\u00f3n de las competencias digitales para los profesionales de salud definidas en el marco del proyecto y en un entorno asimilable a una prueba telem\u00e1tica tipo ACTIC. El pilotaje ha servido tambi\u00e9n para identificar mejoras desde el punto de vista del modelo de capacitaci\u00f3n de profesionales como el tiempo, n\u00famero de preguntas, tipo de pregunta o perfiles profesionales, entre otros. Puede acceder al informe completo de resultados.<\/p>\n<p>Los resultados de ambos estudios indican que los participantes tienen mayoritariamente un nivel de conocimiento por debajo del ACTIC 2. Se hace necesario, por tanto, reformular la estrategia de acreditaci\u00f3n y de formaci\u00f3n de profesionales, elaborar un plan de acci\u00f3n para implementarlo segmentando a los profesionales seg\u00fan las competencias digitales necesarias para la creaci\u00f3n de itinerarios, y evaluar los itinerarios y el contenido formativo con un piloto de formaci\u00f3n de profesionales.<\/p>\n","protected":false},"author":3,"featured_media":19821,"menu_order":0,"template":"","meta":{"_acf_changed":false,"inline_featured_image":false},"etiqueta":[],"tipus":[],"topic":[127],"class_list":["post-19854","noticia","type-noticia","status-publish","has-post-thumbnail","hentry","topic-proyectos"],"acf":{"finalitzat":false,"tipus_plantilla":"objectius","template_objectius":{"cont_principal":"","imatge":false,"cont_seguent":{"titol":"","contingut":""},"seccio_llistat":{"titol":"","llistat":false},"objectius":{"titol":"","objectius":false},"documents":false},"autor":"","imatge":false,"textos_destacats":[{"texte":"Los resultados de ambos estudios indican que los participantes tienen mayoritariamente un nivel de conocimiento por debajo del ACTIC 2."}],"documents":[{"titol_doc":"Estudio exploratorio del nivel de competencias digitales de los profesionales de \/Salud","document":{"ID":19825,"id":19825,"title":"COMPDIG_Competencies digitals","filename":"COMPDIG_Competencies-digitals.pdf","filesize":3418799,"url":"https:\/\/ticsalutsocial.atoom.space\/wp-content\/uploads\/2023\/03\/COMPDIG_Competencies-digitals.pdf","link":"https:\/\/ticsalutsocial.atoom.space\/es\/document\/estudi-exploratori-del-nivell-de-competencies-digitals-entre-professionals-de-salut\/compdig_competencies-digitals-2\/","alt":"","author":"3","description":"","caption":"","name":"compdig_competencies-digitals-2","status":"inherit","uploaded_to":19834,"date":"2023-03-26 16:16:02","modified":"2023-03-26 16:16:02","menu_order":0,"mime_type":"application\/pdf","type":"application","subtype":"pdf","icon":"https:\/\/ticsalutsocial.atoom.space\/wp-includes\/images\/media\/document.png"}},{"titol_doc":"Pilotaje del Modelo de Evaluaci\u00f3n de Competencias Digitales en \/Salud","document":{"ID":19828,"id":19828,"title":"COMPDIG_PilotModelAvaluacio\u0301","filename":"COMPDIG_PilotModelAvaluacio.pdf","filesize":1230913,"url":"https:\/\/ticsalutsocial.atoom.space\/wp-content\/uploads\/2023\/03\/COMPDIG_PilotModelAvaluacio.pdf","link":"https:\/\/ticsalutsocial.atoom.space\/es\/document\/estudi-exploratori-del-nivell-de-competencies-digitals-entre-professionals-de-salut\/compdig_pilotmodelavaluacio-2\/","alt":"","author":"3","description":"","caption":"","name":"compdig_pilotmodelavaluacio-2","status":"inherit","uploaded_to":19834,"date":"2023-03-26 16:16:10","modified":"2023-03-26 16:16:10","menu_order":0,"mime_type":"application\/pdf","type":"application","subtype":"pdf","icon":"https:\/\/ticsalutsocial.atoom.space\/wp-includes\/images\/media\/document.png"}}]},"yoast_head":"<!-- This site is optimized with the Yoast SEO plugin v27.1.1 - https:\/\/yoast.com\/product\/yoast-seo-wordpress\/ -->\n<title>El Departamento de Salud y la Fundaci\u00f3n TIC SaluT Social publican dos nuevos informes vinculados al Proyecto COMPDIG-Salut \/ Reto 4 del Foro de Di\u00e1logo Profesional - Fundaci\u00f3 TIC Salut i Social<\/title>\n<meta name=\"robots\" content=\"index, follow, max-snippet:-1, max-image-preview:large, max-video-preview:-1\" \/>\n<link rel=\"canonical\" href=\"https:\/\/ticsalutsocial.atoom.space\/es\/noticia\/lestrategia-per-acreditar-els-professionals-de-la-salut-en-competencies-tic-segueix-avancant\/\" \/>\n<meta property=\"og:locale\" content=\"es_ES\" \/>\n<meta property=\"og:type\" content=\"article\" \/>\n<meta property=\"og:title\" content=\"El Departamento de Salud y la Fundaci\u00f3n TIC SaluT Social publican dos nuevos informes vinculados al Proyecto COMPDIG-Salut \/ Reto 4 del Foro de Di\u00e1logo Profesional - Fundaci\u00f3 TIC Salut i Social\" \/>\n<meta property=\"og:description\" content=\"El proyecto COMPDIG-Salut naci\u00f3 con el objetivo de operativizar las conclusiones del Reto 4 del Foro de Di\u00e1logo Profesional, y mejorar las competencias TIC de los profesionales de la salud. En este contexto, durante 2021 se realiz\u00f3 un estudio exploratorio entre profesionales sanitarios activos en Catalu\u00f1a coordinado por Elisenda Reixach, gestora de proyectos de la [&hellip;]\" \/>\n<meta property=\"og:url\" content=\"https:\/\/ticsalutsocial.atoom.space\/es\/noticia\/lestrategia-per-acreditar-els-professionals-de-la-salut-en-competencies-tic-segueix-avancant\/\" \/>\n<meta property=\"og:site_name\" content=\"Fundaci\u00f3 TIC Salut i Social\" \/>\n<meta property=\"article:modified_time\" content=\"2023-03-27T07:59:48+00:00\" \/>\n<meta property=\"og:image\" content=\"https:\/\/ticsalutsocial.atoom.space\/wp-content\/uploads\/2023\/03\/49163135137_54744e4c7d_o.jpg\" \/>\n\t<meta property=\"og:image:width\" content=\"1200\" \/>\n\t<meta property=\"og:image:height\" content=\"800\" \/>\n\t<meta property=\"og:image:type\" content=\"image\/jpeg\" \/>\n<meta name=\"twitter:card\" content=\"summary_large_image\" \/>\n<meta name=\"twitter:label1\" content=\"Tiempo de lectura\" \/>\n\t<meta name=\"twitter:data1\" content=\"2 minutos\" \/>\n<script type=\"application\/ld+json\" class=\"yoast-schema-graph\">{\"@context\":\"https:\/\/schema.org\",\"@graph\":[{\"@type\":\"WebPage\",\"@id\":\"https:\/\/ticsalutsocial.atoom.space\/es\/noticia\/lestrategia-per-acreditar-els-professionals-de-la-salut-en-competencies-tic-segueix-avancant\/\",\"url\":\"https:\/\/ticsalutsocial.atoom.space\/es\/noticia\/lestrategia-per-acreditar-els-professionals-de-la-salut-en-competencies-tic-segueix-avancant\/\",\"name\":\"El Departamento de Salud y la Fundaci\u00f3n TIC SaluT Social publican dos nuevos informes vinculados al Proyecto COMPDIG-Salut \/ Reto 4 del Foro de Di\u00e1logo Profesional - Fundaci\u00f3 TIC Salut i Social\",\"isPartOf\":{\"@id\":\"https:\/\/ticsalutsocial.atoom.space\/es\/#website\"},\"primaryImageOfPage\":{\"@id\":\"https:\/\/ticsalutsocial.atoom.space\/es\/noticia\/lestrategia-per-acreditar-els-professionals-de-la-salut-en-competencies-tic-segueix-avancant\/#primaryimage\"},\"image\":{\"@id\":\"https:\/\/ticsalutsocial.atoom.space\/es\/noticia\/lestrategia-per-acreditar-els-professionals-de-la-salut-en-competencies-tic-segueix-avancant\/#primaryimage\"},\"thumbnailUrl\":\"https:\/\/ticsalutsocial.atoom.space\/wp-content\/uploads\/2023\/03\/49163135137_54744e4c7d_o.jpg\",\"datePublished\":\"2023-03-27T07:36:16+00:00\",\"dateModified\":\"2023-03-27T07:59:48+00:00\",\"breadcrumb\":{\"@id\":\"https:\/\/ticsalutsocial.atoom.space\/es\/noticia\/lestrategia-per-acreditar-els-professionals-de-la-salut-en-competencies-tic-segueix-avancant\/#breadcrumb\"},\"inLanguage\":\"es\",\"potentialAction\":[{\"@type\":\"ReadAction\",\"target\":[\"https:\/\/ticsalutsocial.atoom.space\/es\/noticia\/lestrategia-per-acreditar-els-professionals-de-la-salut-en-competencies-tic-segueix-avancant\/\"]}]},{\"@type\":\"ImageObject\",\"inLanguage\":\"es\",\"@id\":\"https:\/\/ticsalutsocial.atoom.space\/es\/noticia\/lestrategia-per-acreditar-els-professionals-de-la-salut-en-competencies-tic-segueix-avancant\/#primaryimage\",\"url\":\"https:\/\/ticsalutsocial.atoom.space\/wp-content\/uploads\/2023\/03\/49163135137_54744e4c7d_o.jpg\",\"contentUrl\":\"https:\/\/ticsalutsocial.atoom.space\/wp-content\/uploads\/2023\/03\/49163135137_54744e4c7d_o.jpg\",\"width\":1200,\"height\":800},{\"@type\":\"BreadcrumbList\",\"@id\":\"https:\/\/ticsalutsocial.atoom.space\/es\/noticia\/lestrategia-per-acreditar-els-professionals-de-la-salut-en-competencies-tic-segueix-avancant\/#breadcrumb\",\"itemListElement\":[{\"@type\":\"ListItem\",\"position\":1,\"name\":\"Inici\",\"item\":\"https:\/\/ticsalutsocial.atoom.space\/es\/\"},{\"@type\":\"ListItem\",\"position\":2,\"name\":\"El Departamento de Salud y la Fundaci\u00f3n TIC SaluT Social publican dos nuevos informes vinculados al Proyecto COMPDIG-Salut \/ Reto 4 del Foro de Di\u00e1logo Profesional\"}]},{\"@type\":\"WebSite\",\"@id\":\"https:\/\/ticsalutsocial.atoom.space\/es\/#website\",\"url\":\"https:\/\/ticsalutsocial.atoom.space\/es\/\",\"name\":\"Fundaci\u00f3 TIC Salut i Social\",\"description\":\"\",\"potentialAction\":[{\"@type\":\"SearchAction\",\"target\":{\"@type\":\"EntryPoint\",\"urlTemplate\":\"https:\/\/ticsalutsocial.atoom.space\/es\/?s={search_term_string}\"},\"query-input\":{\"@type\":\"PropertyValueSpecification\",\"valueRequired\":true,\"valueName\":\"search_term_string\"}}],\"inLanguage\":\"es\"}]}<\/script>\n<!-- \/ Yoast SEO plugin. -->","yoast_head_json":{"title":"El Departamento de Salud y la Fundaci\u00f3n TIC SaluT Social publican dos nuevos informes vinculados al Proyecto COMPDIG-Salut \/ Reto 4 del Foro de Di\u00e1logo Profesional - Fundaci\u00f3 TIC Salut i Social","robots":{"index":"index","follow":"follow","max-snippet":"max-snippet:-1","max-image-preview":"max-image-preview:large","max-video-preview":"max-video-preview:-1"},"canonical":"https:\/\/ticsalutsocial.atoom.space\/es\/noticia\/lestrategia-per-acreditar-els-professionals-de-la-salut-en-competencies-tic-segueix-avancant\/","og_locale":"es_ES","og_type":"article","og_title":"El Departamento de Salud y la Fundaci\u00f3n TIC SaluT Social publican dos nuevos informes vinculados al Proyecto COMPDIG-Salut \/ Reto 4 del Foro de Di\u00e1logo Profesional - Fundaci\u00f3 TIC Salut i Social","og_description":"El proyecto COMPDIG-Salut naci\u00f3 con el objetivo de operativizar las conclusiones del Reto 4 del Foro de Di\u00e1logo Profesional, y mejorar las competencias TIC de los profesionales de la salud. En este contexto, durante 2021 se realiz\u00f3 un estudio exploratorio entre profesionales sanitarios activos en Catalu\u00f1a coordinado por Elisenda Reixach, gestora de proyectos de la [&hellip;]","og_url":"https:\/\/ticsalutsocial.atoom.space\/es\/noticia\/lestrategia-per-acreditar-els-professionals-de-la-salut-en-competencies-tic-segueix-avancant\/","og_site_name":"Fundaci\u00f3 TIC Salut i Social","article_modified_time":"2023-03-27T07:59:48+00:00","og_image":[{"width":1200,"height":800,"url":"https:\/\/ticsalutsocial.atoom.space\/wp-content\/uploads\/2023\/03\/49163135137_54744e4c7d_o.jpg","type":"image\/jpeg"}],"twitter_card":"summary_large_image","twitter_misc":{"Tiempo de lectura":"2 minutos"},"schema":{"@context":"https:\/\/schema.org","@graph":[{"@type":"WebPage","@id":"https:\/\/ticsalutsocial.atoom.space\/es\/noticia\/lestrategia-per-acreditar-els-professionals-de-la-salut-en-competencies-tic-segueix-avancant\/","url":"https:\/\/ticsalutsocial.atoom.space\/es\/noticia\/lestrategia-per-acreditar-els-professionals-de-la-salut-en-competencies-tic-segueix-avancant\/","name":"El Departamento de Salud y la Fundaci\u00f3n TIC SaluT Social publican dos nuevos informes vinculados al Proyecto COMPDIG-Salut \/ Reto 4 del Foro de Di\u00e1logo Profesional - Fundaci\u00f3 TIC Salut i Social","isPartOf":{"@id":"https:\/\/ticsalutsocial.atoom.space\/es\/#website"},"primaryImageOfPage":{"@id":"https:\/\/ticsalutsocial.atoom.space\/es\/noticia\/lestrategia-per-acreditar-els-professionals-de-la-salut-en-competencies-tic-segueix-avancant\/#primaryimage"},"image":{"@id":"https:\/\/ticsalutsocial.atoom.space\/es\/noticia\/lestrategia-per-acreditar-els-professionals-de-la-salut-en-competencies-tic-segueix-avancant\/#primaryimage"},"thumbnailUrl":"https:\/\/ticsalutsocial.atoom.space\/wp-content\/uploads\/2023\/03\/49163135137_54744e4c7d_o.jpg","datePublished":"2023-03-27T07:36:16+00:00","dateModified":"2023-03-27T07:59:48+00:00","breadcrumb":{"@id":"https:\/\/ticsalutsocial.atoom.space\/es\/noticia\/lestrategia-per-acreditar-els-professionals-de-la-salut-en-competencies-tic-segueix-avancant\/#breadcrumb"},"inLanguage":"es","potentialAction":[{"@type":"ReadAction","target":["https:\/\/ticsalutsocial.atoom.space\/es\/noticia\/lestrategia-per-acreditar-els-professionals-de-la-salut-en-competencies-tic-segueix-avancant\/"]}]},{"@type":"ImageObject","inLanguage":"es","@id":"https:\/\/ticsalutsocial.atoom.space\/es\/noticia\/lestrategia-per-acreditar-els-professionals-de-la-salut-en-competencies-tic-segueix-avancant\/#primaryimage","url":"https:\/\/ticsalutsocial.atoom.space\/wp-content\/uploads\/2023\/03\/49163135137_54744e4c7d_o.jpg","contentUrl":"https:\/\/ticsalutsocial.atoom.space\/wp-content\/uploads\/2023\/03\/49163135137_54744e4c7d_o.jpg","width":1200,"height":800},{"@type":"BreadcrumbList","@id":"https:\/\/ticsalutsocial.atoom.space\/es\/noticia\/lestrategia-per-acreditar-els-professionals-de-la-salut-en-competencies-tic-segueix-avancant\/#breadcrumb","itemListElement":[{"@type":"ListItem","position":1,"name":"Inici","item":"https:\/\/ticsalutsocial.atoom.space\/es\/"},{"@type":"ListItem","position":2,"name":"El Departamento de Salud y la Fundaci\u00f3n TIC SaluT Social publican dos nuevos informes vinculados al Proyecto COMPDIG-Salut \/ Reto 4 del Foro de Di\u00e1logo Profesional"}]},{"@type":"WebSite","@id":"https:\/\/ticsalutsocial.atoom.space\/es\/#website","url":"https:\/\/ticsalutsocial.atoom.space\/es\/","name":"Fundaci\u00f3 TIC Salut i Social","description":"","potentialAction":[{"@type":"SearchAction","target":{"@type":"EntryPoint","urlTemplate":"https:\/\/ticsalutsocial.atoom.space\/es\/?s={search_term_string}"},"query-input":{"@type":"PropertyValueSpecification","valueRequired":true,"valueName":"search_term_string"}}],"inLanguage":"es"}]}},"_links":{"self":[{"href":"https:\/\/ticsalutsocial.atoom.space\/es\/wp-json\/wp\/v2\/noticia\/19854","targetHints":{"allow":["GET"]}}],"collection":[{"href":"https:\/\/ticsalutsocial.atoom.space\/es\/wp-json\/wp\/v2\/noticia"}],"about":[{"href":"https:\/\/ticsalutsocial.atoom.space\/es\/wp-json\/wp\/v2\/types\/noticia"}],"author":[{"embeddable":true,"href":"https:\/\/ticsalutsocial.atoom.space\/es\/wp-json\/wp\/v2\/users\/3"}],"wp:featuredmedia":[{"embeddable":true,"href":"https:\/\/ticsalutsocial.atoom.space\/es\/wp-json\/wp\/v2\/media\/19821"}],"wp:attachment":[{"href":"https:\/\/ticsalutsocial.atoom.space\/es\/wp-json\/wp\/v2\/media?parent=19854"}],"wp:term":[{"taxonomy":"etiqueta","embeddable":true,"href":"https:\/\/ticsalutsocial.atoom.space\/es\/wp-json\/wp\/v2\/etiqueta?post=19854"},{"taxonomy":"tipus","embeddable":true,"href":"https:\/\/ticsalutsocial.atoom.space\/es\/wp-json\/wp\/v2\/tipus?post=19854"},{"taxonomy":"topic","embeddable":true,"href":"https:\/\/ticsalutsocial.atoom.space\/es\/wp-json\/wp\/v2\/topic?post=19854"}],"curies":[{"name":"wp","href":"https:\/\/api.w.org\/{rel}","templated":true}]}}