
{"id":19937,"date":"2023-03-31T13:29:09","date_gmt":"2023-03-31T11:29:09","guid":{"rendered":"https:\/\/ticsalutsocial.atoom.space\/?post_type=noticia&#038;p=19937"},"modified":"2023-03-31T13:49:50","modified_gmt":"2023-03-31T11:49:50","slug":"entrevista-minteressa-molt-treballar-per-aconseguir-que-les-noves-solucions-dintel%c2%b7ligencia-artificial-sadoptin-amb-totes-les-garanties-i-puguin-impactar-sobr","status":"publish","type":"noticia","link":"https:\/\/ticsalutsocial.atoom.space\/es\/noticia\/entrevista-minteressa-molt-treballar-per-aconseguir-que-les-noves-solucions-dintel%c2%b7ligencia-artificial-sadoptin-amb-totes-les-garanties-i-puguin-impactar-sobr\/","title":{"rendered":"Entrevista: \u00abMe interesa mucho trabajar para conseguir que las nuevas soluciones de inteligencia artificial se adopten con todas las garant\u00edas y puedan impactar sobre la salud de las personas\u00bb"},"content":{"rendered":"\n<p>Maria Bretones tiene 23 a\u00f1os y desde septiembre forma parte del equipo de Inteligencia Artificial de la Fundaci\u00f3n TIC Salud Social, donde estuvo tambi\u00e9n cuatro meses de pr\u00e1cticas. Ahora acaba de presentar su Trabajo de Final de Grado (TFG) de Ingenier\u00eda Biom\u00e9dica, basado en el desarrollo de un m\u00e9todo de explicabilidad por inteligencia artificial multimodal en el \u00e1mbito de la salud. Hablamos con ella para conocer m\u00e1s sobre su trabajo y su primera experiencia laboral en el mundo de la inteligencia artificial.<\/p>\n\n\n\n<h2 class=\"wp-block-heading\">\u00bfPor qu\u00e9 estudiaste Ingenier\u00eda Biom\u00e9dica?<\/h2>\n\n\n\n<p>Cuando tuve que elegir el grado no ten\u00eda muy claro lo que quer\u00eda hacer. Decid\u00ed Ingenier\u00eda Biom\u00e9dica en la Universidad Polit\u00e9cnica de Catalu\u00f1a porque quer\u00eda un grado con contenido t\u00e9cnico y me interesaba el \u00e1mbito de la salud. Adem\u00e1s, aunque aparentemente era un grado bastante acotado, me pareci\u00f3 que cubr\u00eda muchas ramas y permit\u00eda muchas opciones de especializaci\u00f3n diferentes.<\/p>\n\n\n\n<h2 class=\"wp-block-heading\">\u00bfEn qu\u00e9 ha consistido tu TFG?<\/h2>\n\n\n\n<p>Mi TFG ha consistido en buscar y probar una metodolog\u00eda que permitiera obtener explicaciones de c\u00f3mo act\u00faan los modelos que se basan en m\u00e1s de una modalidad de datos. Concretamente, por aquellos modelos basados en imagen m\u00e9dica y datos cl\u00ednicos tabulares, ya que estas dos modalidades cubren la mayor\u00eda de los datos de salud que se generan de los pacientes. Escog\u00ed este tema porque en la Fundaci\u00f3n ya se estaba trabajando en la aplicaci\u00f3n de m\u00e9todos de explicabilidad pero no hab\u00edamos explorado este \u00e1mbito en el contexto de la inteligencia artificial (IA) multimodal, y supon\u00eda a\u00f1adir un grado de complejidad y de utilidad muy interesante.<\/p>\n\n\n\n<h2 class=\"wp-block-heading\">\u00bfCu\u00e1les son las conclusiones?<\/h2>\n\n\n\n<p>Las conclusiones del trabajo pueden resumirse en dos ideas principales. En primer lugar, se prev\u00e9 que a medida que el \u00e1mbito de la IA multimodal se consolide, tambi\u00e9n lo hagan los m\u00e9todos de explicabilidad asociados. En el contexto actual, el m\u00e9todo propuesto en el trabajo permite obtener resultados de explicabilidad con una aproximaci\u00f3n simplificada que puede resultar \u00fatil en m\u00faltiples casos de uso. En segundo lugar, se reafirma la importancia de desarrollar m\u00e9todos de explicabilidad que acompa\u00f1en cualquier soluci\u00f3n de IA para permitir y ampliar su comprensi\u00f3n, mejora, confianza y facilitar su posterior adopci\u00f3n por los sistemas de salud y los\/las profesionales que puedan realizar uso. Por tanto, si nos dirigimos a desarrollar modelos de IA multimodales, es imprescindible desarrollar tambi\u00e9n m\u00e9todos de explicabilidad compatibles.<\/p>\n\n\n\n<h2 class=\"wp-block-heading\">\u00bfQu\u00e9 te ha aportado tu experiencia a la Fundaci\u00f3n a la hora de realizar el trabajo?<\/h2>\n\n\n\n<p>Desde que empec\u00e9 en la Fundaci\u00f3n hace un a\u00f1o he podido conocer todo el ecosistema que rodea a la IA y aquellos aspectos para tener en cuenta a la hora de desarrollar soluciones aplicables en la salud. Aqu\u00ed he conocido y aprendido el concepto de explicabilidad y su relevancia, especialmente en nuestro \u00e1mbito. Por tanto, los primeros meses de pr\u00e1cticas en la Fundaci\u00f3n fueron determinantes para elegir el tema del trabajo. Una vez iniciado y acotado el tema del TFG, el trabajo que he ido realizando en la Fundaci\u00f3n me ha ayudado a conocer mejor las necesidades del \u00e1mbito, as\u00ed como las soluciones existentes, lo que me ha permitido conocer y explicar mejor todo el contexto y la justificaci\u00f3n del trabajo.<\/p>\n\n\n\n<h2 class=\"wp-block-heading\">\u00bfCu\u00e1l es tu labor actual en la Fundaci\u00f3n y c\u00f3mo valoras tu experiencia?<\/h2>\n\n\n\n<p>Actualmente trabajo en la Oficina T\u00e9cnica del Programa Salud\/IA, liderado por el \u00c1rea de IA de la Fundaci\u00f3n. En la Oficina gestionamos la documentaci\u00f3n derivada de las actividades y tareas del Programa y tambi\u00e9n nos encargamos de establecer los contactos necesarios con los equipos implicados en su ejecuci\u00f3n. En los \u00faltimos meses me he dedicado sobre todo a la Consulta Preliminar del Mercado del Reto de Retinopat\u00eda diab\u00e9tica, que cerramos durante el mes de febrero e incluy\u00f3 sesiones individuales con distintas entidades del sector. Es una experiencia que valoro muy positivamente, puesto que permite tener una visi\u00f3n muy amplia de los proyectos que se est\u00e1n desarrollando, que son muy variados e implican a profesionales muy diversos. Es una experiencia muy enriquecedora.<\/p>\n\n\n\n<h2 class=\"wp-block-heading\">\u00bfEn qu\u00e9 \u00e1rea te gustar\u00eda especializarte o seguir trabajando en el futuro?<\/h2>\n\n\n\n<p>Gracias al TFG he descubierto la rama de la IA multimodal, que creo que puede aportar mucho valor al \u00e1mbito de la salud y me gustar\u00eda profundizar m\u00e1s mis conocimientos al respecto. Tambi\u00e9n me interesa mucho trabajar por conseguir que estas nuevas soluciones se adopten con todas las garant\u00edas y puedan impactar directamente sobre la salud de las personas.<\/p>\n","protected":false},"author":12,"featured_media":19938,"menu_order":0,"template":"","meta":{"_acf_changed":false,"inline_featured_image":false},"etiqueta":[],"tipus":[],"topic":[],"class_list":["post-19937","noticia","type-noticia","status-publish","has-post-thumbnail","hentry"],"acf":{"finalitzat":false,"tipus_plantilla":"objectius","template_objectius":{"cont_principal":"","imatge":19938,"cont_seguent":{"titol":"","contingut":""},"seccio_llistat":{"titol":"","llistat":false},"objectius":{"titol":"","objectius":false},"documents":false},"autor":"","imatge":19938,"textos_destacats":[{"texte":"Maria Bretones ha centrado su TFG en el desarrollo de un m\u00e9todo de explicabilidad por inteligencia artificial multimodal en el \u00e1mbito de la salud"}],"documents":false},"yoast_head":"<!-- This site is optimized with the Yoast SEO plugin v27.1.1 - https:\/\/yoast.com\/product\/yoast-seo-wordpress\/ -->\n<title>Entrevista: &quot;Me interesa mucho trabajar para conseguir que las nuevas soluciones de inteligencia artificial se adopten con todas las garant\u00edas y puedan impactar sobre la salud de las personas&quot; - Fundaci\u00f3 TIC Salut i Social<\/title>\n<meta name=\"robots\" content=\"index, follow, max-snippet:-1, max-image-preview:large, max-video-preview:-1\" \/>\n<link rel=\"canonical\" href=\"https:\/\/ticsalutsocial.atoom.space\/es\/noticia\/entrevista-minteressa-molt-treballar-per-aconseguir-que-les-noves-solucions-dintel%c2%b7ligencia-artificial-sadoptin-amb-totes-les-garanties-i-puguin-impactar-sobr\/\" \/>\n<meta property=\"og:locale\" content=\"es_ES\" \/>\n<meta property=\"og:type\" content=\"article\" \/>\n<meta property=\"og:title\" content=\"Entrevista: &quot;Me interesa mucho trabajar para conseguir que las nuevas soluciones de inteligencia artificial se adopten con todas las garant\u00edas y puedan impactar sobre la salud de las personas&quot; - Fundaci\u00f3 TIC Salut i Social\" \/>\n<meta property=\"og:description\" content=\"Maria Bretones tiene 23 a\u00f1os y desde septiembre forma parte del equipo de Inteligencia Artificial de la Fundaci\u00f3n TIC Salud Social, donde estuvo tambi\u00e9n cuatro meses de pr\u00e1cticas. Ahora acaba de presentar su Trabajo de Final de Grado (TFG) de Ingenier\u00eda Biom\u00e9dica, basado en el desarrollo de un m\u00e9todo de explicabilidad por inteligencia artificial multimodal [&hellip;]\" \/>\n<meta property=\"og:url\" content=\"https:\/\/ticsalutsocial.atoom.space\/es\/noticia\/entrevista-minteressa-molt-treballar-per-aconseguir-que-les-noves-solucions-dintel%c2%b7ligencia-artificial-sadoptin-amb-totes-les-garanties-i-puguin-impactar-sobr\/\" \/>\n<meta property=\"og:site_name\" content=\"Fundaci\u00f3 TIC Salut i Social\" \/>\n<meta property=\"article:modified_time\" content=\"2023-03-31T11:49:50+00:00\" \/>\n<meta property=\"og:image\" content=\"https:\/\/ticsalutsocial.atoom.space\/wp-content\/uploads\/2023\/03\/Maria-Bretones.jpg\" \/>\n\t<meta property=\"og:image:width\" content=\"2560\" \/>\n\t<meta property=\"og:image:height\" content=\"1920\" \/>\n\t<meta property=\"og:image:type\" content=\"image\/jpeg\" \/>\n<meta name=\"twitter:card\" content=\"summary_large_image\" \/>\n<meta name=\"twitter:label1\" content=\"Tiempo de lectura\" \/>\n\t<meta name=\"twitter:data1\" content=\"4 minutos\" \/>\n<script type=\"application\/ld+json\" class=\"yoast-schema-graph\">{\"@context\":\"https:\/\/schema.org\",\"@graph\":[{\"@type\":\"WebPage\",\"@id\":\"https:\/\/ticsalutsocial.atoom.space\/es\/noticia\/entrevista-minteressa-molt-treballar-per-aconseguir-que-les-noves-solucions-dintel%c2%b7ligencia-artificial-sadoptin-amb-totes-les-garanties-i-puguin-impactar-sobr\/\",\"url\":\"https:\/\/ticsalutsocial.atoom.space\/es\/noticia\/entrevista-minteressa-molt-treballar-per-aconseguir-que-les-noves-solucions-dintel%c2%b7ligencia-artificial-sadoptin-amb-totes-les-garanties-i-puguin-impactar-sobr\/\",\"name\":\"Entrevista: \\\"Me interesa mucho trabajar para conseguir que las nuevas soluciones de inteligencia artificial se adopten con todas las garant\u00edas y puedan impactar sobre la salud de las personas\\\" - Fundaci\u00f3 TIC Salut i Social\",\"isPartOf\":{\"@id\":\"https:\/\/ticsalutsocial.atoom.space\/es\/#website\"},\"primaryImageOfPage\":{\"@id\":\"https:\/\/ticsalutsocial.atoom.space\/es\/noticia\/entrevista-minteressa-molt-treballar-per-aconseguir-que-les-noves-solucions-dintel%c2%b7ligencia-artificial-sadoptin-amb-totes-les-garanties-i-puguin-impactar-sobr\/#primaryimage\"},\"image\":{\"@id\":\"https:\/\/ticsalutsocial.atoom.space\/es\/noticia\/entrevista-minteressa-molt-treballar-per-aconseguir-que-les-noves-solucions-dintel%c2%b7ligencia-artificial-sadoptin-amb-totes-les-garanties-i-puguin-impactar-sobr\/#primaryimage\"},\"thumbnailUrl\":\"https:\/\/ticsalutsocial.atoom.space\/wp-content\/uploads\/2023\/03\/Maria-Bretones.jpg\",\"datePublished\":\"2023-03-31T11:29:09+00:00\",\"dateModified\":\"2023-03-31T11:49:50+00:00\",\"breadcrumb\":{\"@id\":\"https:\/\/ticsalutsocial.atoom.space\/es\/noticia\/entrevista-minteressa-molt-treballar-per-aconseguir-que-les-noves-solucions-dintel%c2%b7ligencia-artificial-sadoptin-amb-totes-les-garanties-i-puguin-impactar-sobr\/#breadcrumb\"},\"inLanguage\":\"es\",\"potentialAction\":[{\"@type\":\"ReadAction\",\"target\":[\"https:\/\/ticsalutsocial.atoom.space\/es\/noticia\/entrevista-minteressa-molt-treballar-per-aconseguir-que-les-noves-solucions-dintel%c2%b7ligencia-artificial-sadoptin-amb-totes-les-garanties-i-puguin-impactar-sobr\/\"]}]},{\"@type\":\"ImageObject\",\"inLanguage\":\"es\",\"@id\":\"https:\/\/ticsalutsocial.atoom.space\/es\/noticia\/entrevista-minteressa-molt-treballar-per-aconseguir-que-les-noves-solucions-dintel%c2%b7ligencia-artificial-sadoptin-amb-totes-les-garanties-i-puguin-impactar-sobr\/#primaryimage\",\"url\":\"https:\/\/ticsalutsocial.atoom.space\/wp-content\/uploads\/2023\/03\/Maria-Bretones.jpg\",\"contentUrl\":\"https:\/\/ticsalutsocial.atoom.space\/wp-content\/uploads\/2023\/03\/Maria-Bretones.jpg\",\"width\":2560,\"height\":1920},{\"@type\":\"BreadcrumbList\",\"@id\":\"https:\/\/ticsalutsocial.atoom.space\/es\/noticia\/entrevista-minteressa-molt-treballar-per-aconseguir-que-les-noves-solucions-dintel%c2%b7ligencia-artificial-sadoptin-amb-totes-les-garanties-i-puguin-impactar-sobr\/#breadcrumb\",\"itemListElement\":[{\"@type\":\"ListItem\",\"position\":1,\"name\":\"Inici\",\"item\":\"https:\/\/ticsalutsocial.atoom.space\/es\/\"},{\"@type\":\"ListItem\",\"position\":2,\"name\":\"Entrevista: \u00abMe interesa mucho trabajar para conseguir que las nuevas soluciones de inteligencia artificial se adopten con todas las garant\u00edas y puedan impactar sobre la salud de las personas\u00bb\"}]},{\"@type\":\"WebSite\",\"@id\":\"https:\/\/ticsalutsocial.atoom.space\/es\/#website\",\"url\":\"https:\/\/ticsalutsocial.atoom.space\/es\/\",\"name\":\"Fundaci\u00f3 TIC Salut i Social\",\"description\":\"\",\"potentialAction\":[{\"@type\":\"SearchAction\",\"target\":{\"@type\":\"EntryPoint\",\"urlTemplate\":\"https:\/\/ticsalutsocial.atoom.space\/es\/?s={search_term_string}\"},\"query-input\":{\"@type\":\"PropertyValueSpecification\",\"valueRequired\":true,\"valueName\":\"search_term_string\"}}],\"inLanguage\":\"es\"}]}<\/script>\n<!-- \/ Yoast SEO plugin. -->","yoast_head_json":{"title":"Entrevista: \"Me interesa mucho trabajar para conseguir que las nuevas soluciones de inteligencia artificial se adopten con todas las garant\u00edas y puedan impactar sobre la salud de las personas\" - Fundaci\u00f3 TIC Salut i Social","robots":{"index":"index","follow":"follow","max-snippet":"max-snippet:-1","max-image-preview":"max-image-preview:large","max-video-preview":"max-video-preview:-1"},"canonical":"https:\/\/ticsalutsocial.atoom.space\/es\/noticia\/entrevista-minteressa-molt-treballar-per-aconseguir-que-les-noves-solucions-dintel%c2%b7ligencia-artificial-sadoptin-amb-totes-les-garanties-i-puguin-impactar-sobr\/","og_locale":"es_ES","og_type":"article","og_title":"Entrevista: \"Me interesa mucho trabajar para conseguir que las nuevas soluciones de inteligencia artificial se adopten con todas las garant\u00edas y puedan impactar sobre la salud de las personas\" - Fundaci\u00f3 TIC Salut i Social","og_description":"Maria Bretones tiene 23 a\u00f1os y desde septiembre forma parte del equipo de Inteligencia Artificial de la Fundaci\u00f3n TIC Salud Social, donde estuvo tambi\u00e9n cuatro meses de pr\u00e1cticas. Ahora acaba de presentar su Trabajo de Final de Grado (TFG) de Ingenier\u00eda Biom\u00e9dica, basado en el desarrollo de un m\u00e9todo de explicabilidad por inteligencia artificial multimodal [&hellip;]","og_url":"https:\/\/ticsalutsocial.atoom.space\/es\/noticia\/entrevista-minteressa-molt-treballar-per-aconseguir-que-les-noves-solucions-dintel%c2%b7ligencia-artificial-sadoptin-amb-totes-les-garanties-i-puguin-impactar-sobr\/","og_site_name":"Fundaci\u00f3 TIC Salut i Social","article_modified_time":"2023-03-31T11:49:50+00:00","og_image":[{"width":2560,"height":1920,"url":"https:\/\/ticsalutsocial.atoom.space\/wp-content\/uploads\/2023\/03\/Maria-Bretones.jpg","type":"image\/jpeg"}],"twitter_card":"summary_large_image","twitter_misc":{"Tiempo de lectura":"4 minutos"},"schema":{"@context":"https:\/\/schema.org","@graph":[{"@type":"WebPage","@id":"https:\/\/ticsalutsocial.atoom.space\/es\/noticia\/entrevista-minteressa-molt-treballar-per-aconseguir-que-les-noves-solucions-dintel%c2%b7ligencia-artificial-sadoptin-amb-totes-les-garanties-i-puguin-impactar-sobr\/","url":"https:\/\/ticsalutsocial.atoom.space\/es\/noticia\/entrevista-minteressa-molt-treballar-per-aconseguir-que-les-noves-solucions-dintel%c2%b7ligencia-artificial-sadoptin-amb-totes-les-garanties-i-puguin-impactar-sobr\/","name":"Entrevista: \"Me interesa mucho trabajar para conseguir que las nuevas soluciones de inteligencia artificial se adopten con todas las garant\u00edas y puedan impactar sobre la salud de las personas\" - Fundaci\u00f3 TIC Salut i Social","isPartOf":{"@id":"https:\/\/ticsalutsocial.atoom.space\/es\/#website"},"primaryImageOfPage":{"@id":"https:\/\/ticsalutsocial.atoom.space\/es\/noticia\/entrevista-minteressa-molt-treballar-per-aconseguir-que-les-noves-solucions-dintel%c2%b7ligencia-artificial-sadoptin-amb-totes-les-garanties-i-puguin-impactar-sobr\/#primaryimage"},"image":{"@id":"https:\/\/ticsalutsocial.atoom.space\/es\/noticia\/entrevista-minteressa-molt-treballar-per-aconseguir-que-les-noves-solucions-dintel%c2%b7ligencia-artificial-sadoptin-amb-totes-les-garanties-i-puguin-impactar-sobr\/#primaryimage"},"thumbnailUrl":"https:\/\/ticsalutsocial.atoom.space\/wp-content\/uploads\/2023\/03\/Maria-Bretones.jpg","datePublished":"2023-03-31T11:29:09+00:00","dateModified":"2023-03-31T11:49:50+00:00","breadcrumb":{"@id":"https:\/\/ticsalutsocial.atoom.space\/es\/noticia\/entrevista-minteressa-molt-treballar-per-aconseguir-que-les-noves-solucions-dintel%c2%b7ligencia-artificial-sadoptin-amb-totes-les-garanties-i-puguin-impactar-sobr\/#breadcrumb"},"inLanguage":"es","potentialAction":[{"@type":"ReadAction","target":["https:\/\/ticsalutsocial.atoom.space\/es\/noticia\/entrevista-minteressa-molt-treballar-per-aconseguir-que-les-noves-solucions-dintel%c2%b7ligencia-artificial-sadoptin-amb-totes-les-garanties-i-puguin-impactar-sobr\/"]}]},{"@type":"ImageObject","inLanguage":"es","@id":"https:\/\/ticsalutsocial.atoom.space\/es\/noticia\/entrevista-minteressa-molt-treballar-per-aconseguir-que-les-noves-solucions-dintel%c2%b7ligencia-artificial-sadoptin-amb-totes-les-garanties-i-puguin-impactar-sobr\/#primaryimage","url":"https:\/\/ticsalutsocial.atoom.space\/wp-content\/uploads\/2023\/03\/Maria-Bretones.jpg","contentUrl":"https:\/\/ticsalutsocial.atoom.space\/wp-content\/uploads\/2023\/03\/Maria-Bretones.jpg","width":2560,"height":1920},{"@type":"BreadcrumbList","@id":"https:\/\/ticsalutsocial.atoom.space\/es\/noticia\/entrevista-minteressa-molt-treballar-per-aconseguir-que-les-noves-solucions-dintel%c2%b7ligencia-artificial-sadoptin-amb-totes-les-garanties-i-puguin-impactar-sobr\/#breadcrumb","itemListElement":[{"@type":"ListItem","position":1,"name":"Inici","item":"https:\/\/ticsalutsocial.atoom.space\/es\/"},{"@type":"ListItem","position":2,"name":"Entrevista: \u00abMe interesa mucho trabajar para conseguir que las nuevas soluciones de inteligencia artificial se adopten con todas las garant\u00edas y puedan impactar sobre la salud de las personas\u00bb"}]},{"@type":"WebSite","@id":"https:\/\/ticsalutsocial.atoom.space\/es\/#website","url":"https:\/\/ticsalutsocial.atoom.space\/es\/","name":"Fundaci\u00f3 TIC Salut i Social","description":"","potentialAction":[{"@type":"SearchAction","target":{"@type":"EntryPoint","urlTemplate":"https:\/\/ticsalutsocial.atoom.space\/es\/?s={search_term_string}"},"query-input":{"@type":"PropertyValueSpecification","valueRequired":true,"valueName":"search_term_string"}}],"inLanguage":"es"}]}},"_links":{"self":[{"href":"https:\/\/ticsalutsocial.atoom.space\/es\/wp-json\/wp\/v2\/noticia\/19937","targetHints":{"allow":["GET"]}}],"collection":[{"href":"https:\/\/ticsalutsocial.atoom.space\/es\/wp-json\/wp\/v2\/noticia"}],"about":[{"href":"https:\/\/ticsalutsocial.atoom.space\/es\/wp-json\/wp\/v2\/types\/noticia"}],"author":[{"embeddable":true,"href":"https:\/\/ticsalutsocial.atoom.space\/es\/wp-json\/wp\/v2\/users\/12"}],"wp:featuredmedia":[{"embeddable":true,"href":"https:\/\/ticsalutsocial.atoom.space\/es\/wp-json\/wp\/v2\/media\/19938"}],"wp:attachment":[{"href":"https:\/\/ticsalutsocial.atoom.space\/es\/wp-json\/wp\/v2\/media?parent=19937"}],"wp:term":[{"taxonomy":"etiqueta","embeddable":true,"href":"https:\/\/ticsalutsocial.atoom.space\/es\/wp-json\/wp\/v2\/etiqueta?post=19937"},{"taxonomy":"tipus","embeddable":true,"href":"https:\/\/ticsalutsocial.atoom.space\/es\/wp-json\/wp\/v2\/tipus?post=19937"},{"taxonomy":"topic","embeddable":true,"href":"https:\/\/ticsalutsocial.atoom.space\/es\/wp-json\/wp\/v2\/topic?post=19937"}],"curies":[{"name":"wp","href":"https:\/\/api.w.org\/{rel}","templated":true}]}}