
{"id":20718,"date":"2023-04-17T09:48:25","date_gmt":"2023-04-17T07:48:25","guid":{"rendered":"https:\/\/ticsalutsocial.atoom.space\/noticia\/el-master-en-ehealth-de-la-salle-engega-motors-per-una-nova-edicio\/"},"modified":"2023-04-17T11:13:39","modified_gmt":"2023-04-17T09:13:39","slug":"el-master-en-ehealth-de-la-salle-engega-motors-per-una-nova-edicio","status":"publish","type":"noticia","link":"https:\/\/ticsalutsocial.atoom.space\/es\/noticia\/el-master-en-ehealth-de-la-salle-engega-motors-per-una-nova-edicio\/","title":{"rendered":"El m\u00e1ster en eHealth de La Salle pone en marcha motores para una nueva edici\u00f3n"},"content":{"rendered":"\n<p>La Fundaci\u00f3n TIC Salut Social colabora con la Universidad La Salle en el impulso de su m\u00e1ster de eHealth. A fin de promover la formaci\u00f3n en nuevas tecnolog\u00edas en el \u00e1mbito de la salud como estrategia de apoyo a la gesti\u00f3n de los servicios sanitarios, la fundaci\u00f3n otorga dos becas anuales por valor del 50%. Una por el formato presencial y la otra por el formato online. De esta forma se quiere facilitar la participaci\u00f3n de profesionales de la salud que deseen realizar el <a href=\"https:\/\/www.salleurl.edu\/es\/estudios\/master-en-ehealth-tecnologias-de-la-informacion-y-gestion-sanitaria\">M\u00e1ster en eHEALTH: Tecnolog\u00edas de la informaci\u00f3n y gesti\u00f3n sanitaria<\/a>.<\/p>\n\n\n\n<h4 class=\"wp-block-heading\"><strong>La Beca:<\/strong><\/h4>\n\n\n\n<ul class=\"wp-block-list\">\n<li>Dotaci\u00f3n: 50% del precio de matr\u00edcula presencial y 50% del precio de la matr\u00edcula online en el M\u00e1ster en e-Health: Tecnolog\u00edas de la Informaci\u00f3n y gesti\u00f3n sanitaria.<\/li>\n<\/ul>\n\n\n\n<ul class=\"wp-block-list\">\n<li>Periodicidad: Anual.<\/li>\n<\/ul>\n\n\n\n<ul class=\"wp-block-list\">\n<li>\u00c1mbito: Residentes en Catalu\u00f1a.<\/li>\n<\/ul>\n\n\n\n<ul class=\"wp-block-list\">\n<li>Fecha m\u00e1ximo de inscripci\u00f3n para optar a una de las dos becas: 17 de junio de 2023.<\/li>\n<\/ul>\n\n\n\n<p><\/p>\n\n\n\n<h4 class=\"wp-block-heading\"><strong>Bases:<\/strong><\/h4>\n\n\n\n<p><strong>Primera. Objeto y finalidad:<\/strong><\/p>\n\n\n\n<p>Premiar a un\/a estudiante con talento, con referencias al sector y motivaciones profesionales vinculado\/a a un sistema innovador en el \u00e1mbito de la salud digital.<\/p>\n\n\n\n<p><strong>Segunda. \u00bfQui\u00e9n puede presentarse?<\/strong><\/p>\n\n\n\n<p>Personas f\u00edsicas mayores de edad previamente matriculadas en el m\u00e1ster e-Health, no entidades jur\u00eddicas.<\/p>\n\n\n\n<p><strong>Tercera. Requisitos m\u00ednimos:<\/strong><\/p>\n\n\n\n<p>Se valorar\u00e1:<\/p>\n\n\n\n<ul class=\"wp-block-list\">\n<li>Disponer de una carrera profesional donde el\/la solicitante demuestre que las materias que se imparten en el m\u00e1ster tienen relaci\u00f3n directa con su puesto de trabajo y su trayectoria profesional incluida en el Curr\u00edculum Vitae.<\/li>\n<\/ul>\n\n\n\n<ul class=\"wp-block-list\">\n<li>Inter\u00e9s por iniciarse o profundizar en el conocimiento de tecnolog\u00edas de la salud y la gesti\u00f3n sanitaria. As\u00ed como la aplicabilidad, el uso y el impacto que tendr\u00e1n las TIC en su futuro profesional y su puesto de trabajo concretamente.<\/li>\n<\/ul>\n\n\n\n<ul class=\"wp-block-list\">\n<li>Contar con el apoyo de un mentor perteneciente al sector sanitario y\/o tecnol\u00f3gico.<\/li>\n<\/ul>\n\n\n\n<ul class=\"wp-block-list\">\n<li>En caso de que no disponga de experiencia profesional y haga menos de tres a\u00f1os de la finalizaci\u00f3n de su grado universitario se valorar\u00e1 la nota final de grado del estudiante.<\/li>\n<\/ul>\n\n\n\n<p><strong>La solicitud debe incluir:<\/strong><\/p>\n\n\n\n<p>Para poder acceder a la Beca TIC Salut Social, el candidato debe estar aceptado en el M\u00e1ster en eHealth. Para ello ser\u00e1 necesario formalizar el proceso de <a href=\"https:\/\/admissions.salleurl.edu\/AMRegister?lan=es&amp;_ga=2.136723635.209878469.1558945953-1365627106.1558945953\" target=\"_blank\" rel=\"noreferrer noopener\">admisi\u00f3n online<\/a>.<\/p>\n\n\n\n<p><strong>Cuarta. Incompatibilidades:<\/strong><\/p>\n\n\n\n<p>Las candidaturas presentadas deben dejar constancia de si est\u00e1n recibiendo ayudas de otras entidades. Se exige total transparencia respecto a la financiaci\u00f3n p\u00fablica o privada.<\/p>\n\n\n\n<p><strong>Quinta. Categor\u00edas de participaci\u00f3n:<\/strong><\/p>\n\n\n\n<p>El jurado conceder\u00e1 un premio o beca por valor del 50% del precio de la matr\u00edcula en el m\u00e1ster modelo presencial y un premio o beca por valor del 50% en la edici\u00f3n online.<\/p>\n\n\n\n<p><strong>Sexta. Presentaci\u00f3n de Candidaturas. Plazo de presentaci\u00f3n de solicitudes:<\/strong><\/p>\n\n\n\n<p>Se abrir\u00e1 un <a href=\"https:\/\/admissions.salleurl.edu\/AMRegister?lan=es&amp;_ga=2.136723635.209878469.1558945953-1365627106.1558945953\" target=\"_blank\" rel=\"noreferrer noopener\">formulario v\u00eda la web<\/a> para aceptar propuestas o candidaturas. Todos los participantes tendr\u00e1n que presentar el documento de inscripci\u00f3n en el formato adecuado. Enviar la documentaci\u00f3n a Masters Admissions <a href=\"mailto:admissions@salle.url.edu\">admissions@salle.url.edu<\/a><\/p>\n\n\n\n<p>Cada persona o solicitante s\u00f3lo podr\u00e1 presentar una \u00fanica candidatura a esta convocatoria.<\/p>\n\n\n\n<p><strong>S\u00e9ptima. Criterios de valoraci\u00f3n de candidaturas:<\/strong><\/p>\n\n\n\n<p>Una vez terminado el plazo de presentaci\u00f3n de candidaturas, se evaluar\u00e1n todas las propuestas enviadas para determinar su calidad, teniendo en cuenta los criterios de valoraci\u00f3n anteriores.<\/p>\n\n\n\n<p>En caso necesario, el jurado podr\u00eda valorar la realizaci\u00f3n de una entrevista personal a los candidatos\/as finalistas.<\/p>\n\n\n\n<p><strong>Octava. Criterios:<\/strong><\/p>\n\n\n\n<p>El Comit\u00e9 Organizador, formado por miembros de la Fundaci\u00f3n TIC Salut Social, es el \u00faltimo responsable del buen desarrollo de la convocatoria.<\/p>\n\n\n\n<p>El Comit\u00e9 Organizador de la beca se reserva el derecho a aplicar cualquier cambio en estas bases que ayude a mejorar la consecuci\u00f3n de los objetivos del presente programa.<\/p>\n\n\n\n<p>El Comit\u00e9 Organizador de la beca se reserva el derecho de modificar, ampliar, reducir, suspender o cancelar la convocatoria sin previo aviso por cualquier raz\u00f3n no imputable a la organizaci\u00f3n, especialmente por causa de fuerza mayor.<\/p>\n\n\n\n<p>El Comit\u00e9 Organizador de la beca se reserva el derecho de anular o cancelar la totalidad o parte del concurso en caso de detectar fraude o incumplimiento de sus normas. En este caso, se reserva el derecho a no conceder la beca a los participantes que no se ajusten al marco legal vigente. Una acci\u00f3n fraudulenta descalificar\u00e1 inmediatamente a la persona que la cometa.<\/p>\n\n\n\n<p>El Comit\u00e9 Organizador de la beca decidir\u00e1 sobre los casos imprevistos que pueden presentarse y que no se hayan previsto en estas bases.<\/p>\n\n\n\n<p><strong>Novena. Jurado y sus miembros:<\/strong><\/p>\n\n\n\n<p>El jurado lo formar\u00e1n parte miembros vinculados a los estudios de la Fundaci\u00f3n TIC Salud Social y\/o Universidad La Salle, entre otros expertos que se puedan considerar seg\u00fan la tipolog\u00eda de la propuesta.<\/p>\n\n\n\n<p>Para m\u00e1s informaci\u00f3n contactar con: <a href=\"mailto:n.garcia@salle.url.edu\" target=\"_blank\" rel=\"noreferrer noopener\">N\u00faria Garcia Alvero<\/a>.<\/p>\n","protected":false},"author":3,"featured_media":20709,"menu_order":0,"template":"","meta":{"_acf_changed":false,"inline_featured_image":false},"etiqueta":[],"tipus":[],"topic":[130],"class_list":["post-20718","noticia","type-noticia","status-publish","has-post-thumbnail","hentry","topic-la-fundacion"],"acf":{"autor":"","imatge":20716,"textos_destacats":[{"texte":"El m\u00e1ster en eHealth sobre Tecnolog\u00edas de la informaci\u00f3n y gesti\u00f3n sanitaria celebra este a\u00f1o sus 10a edici\u00f3n presencial y 8a online respectivamente."},{"texte":""}],"documents":false,"finalitzat":false,"tipus_plantilla":"objectius","template_objectius":{"cont_principal":"","imatge":false,"cont_seguent":{"titol":"","contingut":""},"seccio_llistat":{"titol":"","llistat":false},"objectius":{"titol":"","objectius":false},"documents":false}},"yoast_head":"<!-- This site is optimized with the Yoast SEO plugin v27.1.1 - https:\/\/yoast.com\/product\/yoast-seo-wordpress\/ -->\n<title>El m\u00e1ster en eHealth de La Salle pone en marcha motores para una nueva edici\u00f3n - Fundaci\u00f3 TIC Salut i Social<\/title>\n<meta name=\"robots\" content=\"index, follow, max-snippet:-1, max-image-preview:large, max-video-preview:-1\" \/>\n<link rel=\"canonical\" href=\"https:\/\/ticsalutsocial.atoom.space\/es\/noticia\/el-master-en-ehealth-de-la-salle-engega-motors-per-una-nova-edicio\/\" \/>\n<meta property=\"og:locale\" content=\"es_ES\" \/>\n<meta property=\"og:type\" content=\"article\" \/>\n<meta property=\"og:title\" content=\"El m\u00e1ster en eHealth de La Salle pone en marcha motores para una nueva edici\u00f3n - Fundaci\u00f3 TIC Salut i Social\" \/>\n<meta property=\"og:description\" content=\"La Fundaci\u00f3n TIC Salut Social colabora con la Universidad La Salle en el impulso de su m\u00e1ster de eHealth. A fin de promover la formaci\u00f3n en nuevas tecnolog\u00edas en el \u00e1mbito de la salud como estrategia de apoyo a la gesti\u00f3n de los servicios sanitarios, la fundaci\u00f3n otorga dos becas anuales por valor del 50%. [&hellip;]\" \/>\n<meta property=\"og:url\" content=\"https:\/\/ticsalutsocial.atoom.space\/es\/noticia\/el-master-en-ehealth-de-la-salle-engega-motors-per-una-nova-edicio\/\" \/>\n<meta property=\"og:site_name\" content=\"Fundaci\u00f3 TIC Salut i Social\" \/>\n<meta property=\"article:modified_time\" content=\"2023-04-17T09:13:39+00:00\" \/>\n<meta property=\"og:image\" content=\"https:\/\/ticsalutsocial.atoom.space\/wp-content\/uploads\/2023\/04\/iStock-1286810754-scaled.jpg\" \/>\n\t<meta property=\"og:image:width\" content=\"2560\" \/>\n\t<meta property=\"og:image:height\" content=\"1707\" \/>\n\t<meta property=\"og:image:type\" content=\"image\/jpeg\" \/>\n<meta name=\"twitter:card\" content=\"summary_large_image\" \/>\n<meta name=\"twitter:label1\" content=\"Tiempo de lectura\" \/>\n\t<meta name=\"twitter:data1\" content=\"4 minutos\" \/>\n<script type=\"application\/ld+json\" class=\"yoast-schema-graph\">{\"@context\":\"https:\/\/schema.org\",\"@graph\":[{\"@type\":\"WebPage\",\"@id\":\"https:\/\/ticsalutsocial.atoom.space\/es\/noticia\/el-master-en-ehealth-de-la-salle-engega-motors-per-una-nova-edicio\/\",\"url\":\"https:\/\/ticsalutsocial.atoom.space\/es\/noticia\/el-master-en-ehealth-de-la-salle-engega-motors-per-una-nova-edicio\/\",\"name\":\"El m\u00e1ster en eHealth de La Salle pone en marcha motores para una nueva edici\u00f3n - Fundaci\u00f3 TIC Salut i Social\",\"isPartOf\":{\"@id\":\"https:\/\/ticsalutsocial.atoom.space\/es\/#website\"},\"primaryImageOfPage\":{\"@id\":\"https:\/\/ticsalutsocial.atoom.space\/es\/noticia\/el-master-en-ehealth-de-la-salle-engega-motors-per-una-nova-edicio\/#primaryimage\"},\"image\":{\"@id\":\"https:\/\/ticsalutsocial.atoom.space\/es\/noticia\/el-master-en-ehealth-de-la-salle-engega-motors-per-una-nova-edicio\/#primaryimage\"},\"thumbnailUrl\":\"https:\/\/ticsalutsocial.atoom.space\/wp-content\/uploads\/2023\/04\/iStock-1286810754-scaled.jpg\",\"datePublished\":\"2023-04-17T07:48:25+00:00\",\"dateModified\":\"2023-04-17T09:13:39+00:00\",\"breadcrumb\":{\"@id\":\"https:\/\/ticsalutsocial.atoom.space\/es\/noticia\/el-master-en-ehealth-de-la-salle-engega-motors-per-una-nova-edicio\/#breadcrumb\"},\"inLanguage\":\"es\",\"potentialAction\":[{\"@type\":\"ReadAction\",\"target\":[\"https:\/\/ticsalutsocial.atoom.space\/es\/noticia\/el-master-en-ehealth-de-la-salle-engega-motors-per-una-nova-edicio\/\"]}]},{\"@type\":\"ImageObject\",\"inLanguage\":\"es\",\"@id\":\"https:\/\/ticsalutsocial.atoom.space\/es\/noticia\/el-master-en-ehealth-de-la-salle-engega-motors-per-una-nova-edicio\/#primaryimage\",\"url\":\"https:\/\/ticsalutsocial.atoom.space\/wp-content\/uploads\/2023\/04\/iStock-1286810754-scaled.jpg\",\"contentUrl\":\"https:\/\/ticsalutsocial.atoom.space\/wp-content\/uploads\/2023\/04\/iStock-1286810754-scaled.jpg\",\"width\":2560,\"height\":1707,\"caption\":\"Male black patient talking on conference video call to female african doctor. Virtual therapist consulting young man during online appointment on laptop at home. Telemedicine chat, telehealth meeting\"},{\"@type\":\"BreadcrumbList\",\"@id\":\"https:\/\/ticsalutsocial.atoom.space\/es\/noticia\/el-master-en-ehealth-de-la-salle-engega-motors-per-una-nova-edicio\/#breadcrumb\",\"itemListElement\":[{\"@type\":\"ListItem\",\"position\":1,\"name\":\"Inici\",\"item\":\"https:\/\/ticsalutsocial.atoom.space\/es\/\"},{\"@type\":\"ListItem\",\"position\":2,\"name\":\"El m\u00e1ster en eHealth de La Salle pone en marcha motores para una nueva edici\u00f3n\"}]},{\"@type\":\"WebSite\",\"@id\":\"https:\/\/ticsalutsocial.atoom.space\/es\/#website\",\"url\":\"https:\/\/ticsalutsocial.atoom.space\/es\/\",\"name\":\"Fundaci\u00f3 TIC Salut i Social\",\"description\":\"\",\"potentialAction\":[{\"@type\":\"SearchAction\",\"target\":{\"@type\":\"EntryPoint\",\"urlTemplate\":\"https:\/\/ticsalutsocial.atoom.space\/es\/?s={search_term_string}\"},\"query-input\":{\"@type\":\"PropertyValueSpecification\",\"valueRequired\":true,\"valueName\":\"search_term_string\"}}],\"inLanguage\":\"es\"}]}<\/script>\n<!-- \/ Yoast SEO plugin. -->","yoast_head_json":{"title":"El m\u00e1ster en eHealth de La Salle pone en marcha motores para una nueva edici\u00f3n - Fundaci\u00f3 TIC Salut i Social","robots":{"index":"index","follow":"follow","max-snippet":"max-snippet:-1","max-image-preview":"max-image-preview:large","max-video-preview":"max-video-preview:-1"},"canonical":"https:\/\/ticsalutsocial.atoom.space\/es\/noticia\/el-master-en-ehealth-de-la-salle-engega-motors-per-una-nova-edicio\/","og_locale":"es_ES","og_type":"article","og_title":"El m\u00e1ster en eHealth de La Salle pone en marcha motores para una nueva edici\u00f3n - Fundaci\u00f3 TIC Salut i Social","og_description":"La Fundaci\u00f3n TIC Salut Social colabora con la Universidad La Salle en el impulso de su m\u00e1ster de eHealth. A fin de promover la formaci\u00f3n en nuevas tecnolog\u00edas en el \u00e1mbito de la salud como estrategia de apoyo a la gesti\u00f3n de los servicios sanitarios, la fundaci\u00f3n otorga dos becas anuales por valor del 50%. [&hellip;]","og_url":"https:\/\/ticsalutsocial.atoom.space\/es\/noticia\/el-master-en-ehealth-de-la-salle-engega-motors-per-una-nova-edicio\/","og_site_name":"Fundaci\u00f3 TIC Salut i Social","article_modified_time":"2023-04-17T09:13:39+00:00","og_image":[{"width":2560,"height":1707,"url":"https:\/\/ticsalutsocial.atoom.space\/wp-content\/uploads\/2023\/04\/iStock-1286810754-scaled.jpg","type":"image\/jpeg"}],"twitter_card":"summary_large_image","twitter_misc":{"Tiempo de lectura":"4 minutos"},"schema":{"@context":"https:\/\/schema.org","@graph":[{"@type":"WebPage","@id":"https:\/\/ticsalutsocial.atoom.space\/es\/noticia\/el-master-en-ehealth-de-la-salle-engega-motors-per-una-nova-edicio\/","url":"https:\/\/ticsalutsocial.atoom.space\/es\/noticia\/el-master-en-ehealth-de-la-salle-engega-motors-per-una-nova-edicio\/","name":"El m\u00e1ster en eHealth de La Salle pone en marcha motores para una nueva edici\u00f3n - Fundaci\u00f3 TIC Salut i Social","isPartOf":{"@id":"https:\/\/ticsalutsocial.atoom.space\/es\/#website"},"primaryImageOfPage":{"@id":"https:\/\/ticsalutsocial.atoom.space\/es\/noticia\/el-master-en-ehealth-de-la-salle-engega-motors-per-una-nova-edicio\/#primaryimage"},"image":{"@id":"https:\/\/ticsalutsocial.atoom.space\/es\/noticia\/el-master-en-ehealth-de-la-salle-engega-motors-per-una-nova-edicio\/#primaryimage"},"thumbnailUrl":"https:\/\/ticsalutsocial.atoom.space\/wp-content\/uploads\/2023\/04\/iStock-1286810754-scaled.jpg","datePublished":"2023-04-17T07:48:25+00:00","dateModified":"2023-04-17T09:13:39+00:00","breadcrumb":{"@id":"https:\/\/ticsalutsocial.atoom.space\/es\/noticia\/el-master-en-ehealth-de-la-salle-engega-motors-per-una-nova-edicio\/#breadcrumb"},"inLanguage":"es","potentialAction":[{"@type":"ReadAction","target":["https:\/\/ticsalutsocial.atoom.space\/es\/noticia\/el-master-en-ehealth-de-la-salle-engega-motors-per-una-nova-edicio\/"]}]},{"@type":"ImageObject","inLanguage":"es","@id":"https:\/\/ticsalutsocial.atoom.space\/es\/noticia\/el-master-en-ehealth-de-la-salle-engega-motors-per-una-nova-edicio\/#primaryimage","url":"https:\/\/ticsalutsocial.atoom.space\/wp-content\/uploads\/2023\/04\/iStock-1286810754-scaled.jpg","contentUrl":"https:\/\/ticsalutsocial.atoom.space\/wp-content\/uploads\/2023\/04\/iStock-1286810754-scaled.jpg","width":2560,"height":1707,"caption":"Male black patient talking on conference video call to female african doctor. Virtual therapist consulting young man during online appointment on laptop at home. Telemedicine chat, telehealth meeting"},{"@type":"BreadcrumbList","@id":"https:\/\/ticsalutsocial.atoom.space\/es\/noticia\/el-master-en-ehealth-de-la-salle-engega-motors-per-una-nova-edicio\/#breadcrumb","itemListElement":[{"@type":"ListItem","position":1,"name":"Inici","item":"https:\/\/ticsalutsocial.atoom.space\/es\/"},{"@type":"ListItem","position":2,"name":"El m\u00e1ster en eHealth de La Salle pone en marcha motores para una nueva edici\u00f3n"}]},{"@type":"WebSite","@id":"https:\/\/ticsalutsocial.atoom.space\/es\/#website","url":"https:\/\/ticsalutsocial.atoom.space\/es\/","name":"Fundaci\u00f3 TIC Salut i Social","description":"","potentialAction":[{"@type":"SearchAction","target":{"@type":"EntryPoint","urlTemplate":"https:\/\/ticsalutsocial.atoom.space\/es\/?s={search_term_string}"},"query-input":{"@type":"PropertyValueSpecification","valueRequired":true,"valueName":"search_term_string"}}],"inLanguage":"es"}]}},"_links":{"self":[{"href":"https:\/\/ticsalutsocial.atoom.space\/es\/wp-json\/wp\/v2\/noticia\/20718","targetHints":{"allow":["GET"]}}],"collection":[{"href":"https:\/\/ticsalutsocial.atoom.space\/es\/wp-json\/wp\/v2\/noticia"}],"about":[{"href":"https:\/\/ticsalutsocial.atoom.space\/es\/wp-json\/wp\/v2\/types\/noticia"}],"author":[{"embeddable":true,"href":"https:\/\/ticsalutsocial.atoom.space\/es\/wp-json\/wp\/v2\/users\/3"}],"wp:featuredmedia":[{"embeddable":true,"href":"https:\/\/ticsalutsocial.atoom.space\/es\/wp-json\/wp\/v2\/media\/20709"}],"wp:attachment":[{"href":"https:\/\/ticsalutsocial.atoom.space\/es\/wp-json\/wp\/v2\/media?parent=20718"}],"wp:term":[{"taxonomy":"etiqueta","embeddable":true,"href":"https:\/\/ticsalutsocial.atoom.space\/es\/wp-json\/wp\/v2\/etiqueta?post=20718"},{"taxonomy":"tipus","embeddable":true,"href":"https:\/\/ticsalutsocial.atoom.space\/es\/wp-json\/wp\/v2\/tipus?post=20718"},{"taxonomy":"topic","embeddable":true,"href":"https:\/\/ticsalutsocial.atoom.space\/es\/wp-json\/wp\/v2\/topic?post=20718"}],"curies":[{"name":"wp","href":"https:\/\/api.w.org\/{rel}","templated":true}]}}