
{"id":20761,"date":"2023-04-21T14:49:10","date_gmt":"2023-04-21T12:49:10","guid":{"rendered":"https:\/\/ticsalutsocial.atoom.space\/noticia\/mes-de-190-professionals-de-la-salut-de-catalunya-finalitzen-el-curs-smart-health-awareness-sobre-intelligencia-artificial-i-big-data\/"},"modified":"2023-04-21T14:52:45","modified_gmt":"2023-04-21T12:52:45","slug":"mes-de-190-professionals-de-la-salut-de-catalunya-finalitzen-el-curs-smart-health-awareness-sobre-intelligencia-artificial-i-big-data","status":"publish","type":"noticia","link":"https:\/\/ticsalutsocial.atoom.space\/es\/noticia\/mes-de-190-professionals-de-la-salut-de-catalunya-finalitzen-el-curs-smart-health-awareness-sobre-intelligencia-artificial-i-big-data\/","title":{"rendered":"M\u00e1s de 190 profesionales de la salud de Catalu\u00f1a finalizan el curso Smart Health Awareness sobre inteligencia artificial y big data"},"content":{"rendered":"\n<p>Alumnado, representantes del sistema de salud catal\u00e1n, del Programa de Salut\/IA, Merck, IBM y la Escuela de Ingenier\u00eda de la Universidad de Navarra-Tecnun, clausuraron la primera edici\u00f3n del Curso Smart Health Awareness sobre inteligencia artificial (IA) y big data, el pasado 20 de abril en la <a href=\"https:\/\/ticsalutsocial.atoom.space\/es\/\" target=\"_blank\" rel=\"noreferrer noopener\">Fundaci\u00f3n TIC Salut Social<\/a> en Barcelona. En el acto, se presentaron los datos preliminares de asistencia y valoraci\u00f3n del curso, que en esta primera edici\u00f3n han finalizado 190 profesionales, y se expusieron casos de uso de la IA en el \u00e1mbito de la salud, as\u00ed como los retos y oportunidades que plantea esta tecnolog\u00eda.<\/p>\n\n\n\n<p>La Directora General de Planificaci\u00f3n en Salud, <strong>Aina Plaza<\/strong>, abri\u00f3 el acto destacando que <strong>\u201cel curso es oportuno porque se produce en un entorno que cuenta con dos conceptos imprescindibles para avanzar en el despliegue de la IA: un Sistema de Salud de Catalu\u00f1a referente en cuanto al volumen de digitalizaci\u00f3n de los datos y una buena calidad de los sistemas de informaci\u00f3n\u201d<\/strong>. Plaza explic\u00f3 que la salud digital es uno de los ejes de las palancas de cambio del Plan de Salud de Catalu\u00f1a 2021-2025, y remarc\u00f3 la apuesta del Departamento de Salud por la IA, con la reciente puesta en marcha del <a href=\"https:\/\/iasalut.cat\/es\/noticia\/resolucio-de-la-creacio-del-programa-per-a-la-promocio-i-desenvolupament-de-la-intelligencia-artificial-al-sistema-de-salut\/\">Programa de Salut\/ IA<\/a>.<\/p>\n\n\n\n<p>En la apertura del acto tambi\u00e9n participaron representantes de las entidades que han coorganizado el curso: <strong>Carlos Gallego<\/strong>, Director del Programa de Salut\/IA;<strong> Eduardo San Jos\u00e9<\/strong>, Gerente de Acceso al Mercado Nacional de Merck; <strong>Juan Carlos S\u00e1nchez<\/strong>, L\u00edder de Industria en Salud en IBM, e <strong>Ignacio Nicol\u00e1s<\/strong>, Director de la Unidad de Programas Profesionales de la Universidad de Navarra.<\/p>\n\n\n\n<h2 class=\"wp-block-heading\"><strong>Presentaci\u00f3n de casos pr\u00e1cticos de la IA en salud<\/strong><\/h2>\n\n\n\n<p>Gallego moder\u00f3 la primera sesi\u00f3n del acto, en la que present\u00f3 tres casos de referencia que se est\u00e1n desarrollando en el \u00e1mbito de la IA en salud: el <a href=\"https:\/\/iasalut.cat\/es\/observatori-ia-en-salut\/\">Observatorio de IA en Salud<\/a>, el proyecto europeo <a href=\"https:\/\/incisive-project.eu\/\" target=\"_blank\" rel=\"noreferrer noopener\">INCISIVE<\/a> y el uso de la IA en dermatolog\u00eda en el Hospital Cl\u00ednic.<\/p>\n\n\n\n<p>En primer lugar, la responsable del Observatorio en Salut\/IA, <strong>N\u00faria Abd\u00f3n<\/strong>, present\u00f3 los objetivos de esta iniciativa puesta en marcha en 2022 para conocer y difundir de forma transversal c\u00f3mo se genera la IA en el \u00e1mbito de la salud desde la conceptualizaci\u00f3n hasta la implantaci\u00f3n, incidiendo en los riesgos y oportunidades que se generan. Abd\u00f3n comparti\u00f3 los \u00faltimos informes y datos del Observatorio, que a fecha de hoy ya ha detectado 107 algoritmos de IA en distintos grados de madurez que se est\u00e1n desarrollando en el \u00e1mbito de la salud, y sigue recopilando toda esta informaci\u00f3n a trav\u00e9s de los <a href=\"https:\/\/iasalut.cat\/es\/observatori-ia-en-salut\/registre-dalgorismes\/\">formularios habilitados en su p\u00e1gina web<\/a>.<\/p>\n\n\n\n<p>Seguidamente, <strong>Didier Dom\u00ednguez<\/strong>, experto del \u00c1rea de Inteligencia Artificial de la Fundaci\u00f3n TIC Salut Social, present\u00f3 los retos del proyecto europeo INCISIVE, en el que 26 partners de toda Europa est\u00e1n trabajando para conseguir dos grandes retos. Por un lado, crear 20 algoritmos de IA para cuatro tipos de c\u00e1ncer (mama, pulm\u00f3n, colon y pr\u00f3stata) que permitan mejorar el diagn\u00f3stico, pron\u00f3stico y tratamiento de la enfermedad; y por el otro, crear un repositorio federado interoperable paneuropeo de im\u00e1genes m\u00e9dicas que permita el intercambio seguro de datos en conformidad con los requisitos \u00e9ticos, legales y de privacidad.<\/p>\n\n\n\n<p>Por \u00faltimo, <strong>Marc Combalia<\/strong> explic\u00f3 su experiencia como Director de Inteligencia Artificial en el campo del c\u00e1ncer de piel en el Hospital Cl\u00ednic de Barcelona. Un campo que despeg\u00f3 hace tan s\u00f3lo 5 a\u00f1os con la publicaci\u00f3n de un art\u00edculo cient\u00edfico en la prestigiosa revista <em><a href=\"https:\/\/www.nature.com\/articles\/nature21056\" target=\"_blank\" rel=\"noreferrer noopener\">Nature<\/a><\/em>, y que ahora presenta un gran potencial y muchos desaf\u00edos: la IA puede convertirse en una herramienta fiable para el cribado de la enfermedad, pero presenta posibles riesgos de imprecisi\u00f3n en pacientes con cicatrices, una falta de conocimiento por parte de los y las profesionales para el correcto uso de la tecnolog\u00eda, as\u00ed como una falta de regulaci\u00f3n en el uso de las Apps de dermatolog\u00eda.<\/p>\n\n\n\n<h2 class=\"wp-block-heading\"><strong>Retos y oportunidades de la IA en salud<\/strong><\/h2>\n\n\n\n<p>En el mismo acto de clausura del curso, el coordinador general de las TIC del Sistema de Salud de Catalu\u00f1a, <strong>Pol P\u00e9rez<\/strong>, moder\u00f3 una mesa redonda sobre IA en salud, con la participaci\u00f3n de <strong>Jos\u00e9 Augusto<\/strong>, Director General del Consorcio de Salud y Social de Catalu\u00f1a; <strong>Roser Fern\u00e1ndez<\/strong>, Directora General de la Uni\u00f3n Catalana de Hospitales; <strong>Pau L\u00f3pez<\/strong>, Responsable de la Oficina T\u00e9cnica de Sistemas Informaci\u00f3n del Instituto Catal\u00e1n de la Salud, y <strong>Ramon Cunillera<\/strong>, Presidente de la Sociedad Catalana de Gesti\u00f3n Sanitaria.<\/p>\n\n\n\n<p>Durante la conversaci\u00f3n abordaron las necesidades que plantea la IA en este \u00e1mbito: es necesaria una regulaci\u00f3n, formar a los profesionales en el uso de esta tecnolog\u00eda, trabajar por un uso \u00e9tico y fiable de la IA, y apostar por una gobernanza p\u00fablica, que es compatible con la colaboraci\u00f3n p\u00fablico-privada, para que responda a las necesidades del sistema de salud y la ciudadan\u00eda, y no de la industria o las grandes tecnol\u00f3gicas. Asimismo, en el debate qued\u00f3 patente la <strong>predisposici\u00f3n de todos los actores para coordinar esfuerzos para un despliegue equitativo de la IA<\/strong> que permita a todas las personas de Catalu\u00f1a, tanto de regiones de fuera de Barcelona como de la capital, tener acceso a los beneficios que aporta esta tecnolog\u00eda.<\/p>\n\n\n\n<p>El director de la Fundaci\u00f3n TIC Salut Social, <strong>Joan Guanyabens<\/strong>, clausur\u00f3 el acto remarcando que el Programa Salut\/IA es el mecanismo oficial para crear un entorno facilitador para la innovaci\u00f3n en el \u00e1mbito de la salud mediante el desarrollo y la implementaci\u00f3n de soluciones de IA para la mejora de la salud de la ciudadan\u00eda. En este sentido, incidi\u00f3 en que <strong>\u201cla IA tiene tantos riesgos como beneficios\u201d<\/strong> y que por este motivo, <strong>\u201csi queremos utilizar un algoritmo, desde la administraci\u00f3n p\u00fablica tenemos la obligaci\u00f3n de evaluarlo con nuestros datos antes de llevarlo al sistema\u201d<\/strong>.<\/p>\n\n\n\n<p>Al finalizar, la Directora M\u00e9dica de Merck en Espa\u00f1a, <strong>Isabel S\u00e1nchez<\/strong>, destac\u00f3 el papel de su empresa en el impulso de iniciativas como el Curso Smart Health Awareness.<\/p>\n\n\n\n<h2 class=\"wp-block-heading\"><strong>Sobre el curso Smart Health Awareness<\/strong><\/h2>\n\n\n\n<p>El curso Smart Health Awareness ha sido una de las l\u00edneas de trabajo desarrolladas en el marco del Programa de Salut\/IA. Tal y como asegur\u00f3 Gallego cuando se inaugur\u00f3 el curso, <strong>\u201ces cr\u00edtico que los y las profesionales de Catalu\u00f1a en salud tengan conocimiento sobre c\u00f3mo la IA puede ser una de las herramientas que tienen el poder de transformar el sistema de salud y de desarrollar la investigaci\u00f3n del pa\u00eds\u201d<\/strong>.<\/p>\n\n\n\n<p>En total, la formaci\u00f3n ha supuesto una dedicaci\u00f3n de 25 horas para el alumnado y se han impartido 22 sesiones virtuales, en las que se han abordado aspectos para entender, por ejemplo, c\u00f3mo los algoritmos de aprendizaje autom\u00e1tico o aprendizaje profundo pueden ayudar a desarrollar modelos predictivos (entre otras funciones), o para conocer de primera mano casos de \u00e9xito reales de aplicaci\u00f3n de la IA en salud.<\/p>\n","protected":false},"author":12,"featured_media":20760,"menu_order":0,"template":"","meta":{"_acf_changed":false,"inline_featured_image":false},"etiqueta":[],"tipus":[879],"topic":[],"class_list":["post-20761","noticia","type-noticia","status-publish","has-post-thumbnail","hentry","tipus-inteligencia-artificial"],"acf":{"finalitzat":false,"tipus_plantilla":"objectius","template_objectius":{"cont_principal":"","imatge":20760,"cont_seguent":{"titol":"","contingut":""},"seccio_llistat":{"titol":"","llistat":false},"objectius":{"titol":"","objectius":false},"documents":false},"autor":"","imatge":20760,"textos_destacats":[{"texte":"En el acto de clausura del curso se puso de manifiesto la necesidad de coordinar los esfuerzos para un uso equitativo, fiable y \u00e9tico de la inteligencia artificial en el sistema sanitario catal\u00e1n."}],"documents":false},"yoast_head":"<!-- This site is optimized with the Yoast SEO plugin v27.1.1 - https:\/\/yoast.com\/product\/yoast-seo-wordpress\/ -->\n<title>M\u00e1s de 190 profesionales de la salud de Catalu\u00f1a finalizan el curso Smart Health Awareness sobre inteligencia artificial y big data - Fundaci\u00f3 TIC Salut i Social<\/title>\n<meta name=\"robots\" content=\"index, follow, max-snippet:-1, max-image-preview:large, max-video-preview:-1\" \/>\n<link rel=\"canonical\" href=\"https:\/\/ticsalutsocial.atoom.space\/es\/noticia\/mes-de-190-professionals-de-la-salut-de-catalunya-finalitzen-el-curs-smart-health-awareness-sobre-intelligencia-artificial-i-big-data\/\" \/>\n<meta property=\"og:locale\" content=\"es_ES\" \/>\n<meta property=\"og:type\" content=\"article\" \/>\n<meta property=\"og:title\" content=\"M\u00e1s de 190 profesionales de la salud de Catalu\u00f1a finalizan el curso Smart Health Awareness sobre inteligencia artificial y big data - Fundaci\u00f3 TIC Salut i Social\" \/>\n<meta property=\"og:description\" content=\"Alumnado, representantes del sistema de salud catal\u00e1n, del Programa de Salut\/IA, Merck, IBM y la Escuela de Ingenier\u00eda de la Universidad de Navarra-Tecnun, clausuraron la primera edici\u00f3n del Curso Smart Health Awareness sobre inteligencia artificial (IA) y big data, el pasado 20 de abril en la Fundaci\u00f3n TIC Salut Social en Barcelona. En el acto, [&hellip;]\" \/>\n<meta property=\"og:url\" content=\"https:\/\/ticsalutsocial.atoom.space\/es\/noticia\/mes-de-190-professionals-de-la-salut-de-catalunya-finalitzen-el-curs-smart-health-awareness-sobre-intelligencia-artificial-i-big-data\/\" \/>\n<meta property=\"og:site_name\" content=\"Fundaci\u00f3 TIC Salut i Social\" \/>\n<meta property=\"article:modified_time\" content=\"2023-04-21T12:52:45+00:00\" \/>\n<meta property=\"og:image\" content=\"https:\/\/ticsalutsocial.atoom.space\/wp-content\/uploads\/2023\/04\/IA-curs-presentacio.jpg\" \/>\n\t<meta property=\"og:image:width\" content=\"2560\" \/>\n\t<meta property=\"og:image:height\" content=\"1152\" \/>\n\t<meta property=\"og:image:type\" content=\"image\/jpeg\" \/>\n<meta name=\"twitter:card\" content=\"summary_large_image\" \/>\n<meta name=\"twitter:label1\" content=\"Tiempo de lectura\" \/>\n\t<meta name=\"twitter:data1\" content=\"6 minutos\" \/>\n<script type=\"application\/ld+json\" class=\"yoast-schema-graph\">{\"@context\":\"https:\/\/schema.org\",\"@graph\":[{\"@type\":\"WebPage\",\"@id\":\"https:\/\/ticsalutsocial.atoom.space\/es\/noticia\/mes-de-190-professionals-de-la-salut-de-catalunya-finalitzen-el-curs-smart-health-awareness-sobre-intelligencia-artificial-i-big-data\/\",\"url\":\"https:\/\/ticsalutsocial.atoom.space\/es\/noticia\/mes-de-190-professionals-de-la-salut-de-catalunya-finalitzen-el-curs-smart-health-awareness-sobre-intelligencia-artificial-i-big-data\/\",\"name\":\"M\u00e1s de 190 profesionales de la salud de Catalu\u00f1a finalizan el curso Smart Health Awareness sobre inteligencia artificial y big data - Fundaci\u00f3 TIC Salut i Social\",\"isPartOf\":{\"@id\":\"https:\/\/ticsalutsocial.atoom.space\/es\/#website\"},\"primaryImageOfPage\":{\"@id\":\"https:\/\/ticsalutsocial.atoom.space\/es\/noticia\/mes-de-190-professionals-de-la-salut-de-catalunya-finalitzen-el-curs-smart-health-awareness-sobre-intelligencia-artificial-i-big-data\/#primaryimage\"},\"image\":{\"@id\":\"https:\/\/ticsalutsocial.atoom.space\/es\/noticia\/mes-de-190-professionals-de-la-salut-de-catalunya-finalitzen-el-curs-smart-health-awareness-sobre-intelligencia-artificial-i-big-data\/#primaryimage\"},\"thumbnailUrl\":\"https:\/\/ticsalutsocial.atoom.space\/wp-content\/uploads\/2023\/04\/IA-curs-presentacio.jpg\",\"datePublished\":\"2023-04-21T12:49:10+00:00\",\"dateModified\":\"2023-04-21T12:52:45+00:00\",\"breadcrumb\":{\"@id\":\"https:\/\/ticsalutsocial.atoom.space\/es\/noticia\/mes-de-190-professionals-de-la-salut-de-catalunya-finalitzen-el-curs-smart-health-awareness-sobre-intelligencia-artificial-i-big-data\/#breadcrumb\"},\"inLanguage\":\"es\",\"potentialAction\":[{\"@type\":\"ReadAction\",\"target\":[\"https:\/\/ticsalutsocial.atoom.space\/es\/noticia\/mes-de-190-professionals-de-la-salut-de-catalunya-finalitzen-el-curs-smart-health-awareness-sobre-intelligencia-artificial-i-big-data\/\"]}]},{\"@type\":\"ImageObject\",\"inLanguage\":\"es\",\"@id\":\"https:\/\/ticsalutsocial.atoom.space\/es\/noticia\/mes-de-190-professionals-de-la-salut-de-catalunya-finalitzen-el-curs-smart-health-awareness-sobre-intelligencia-artificial-i-big-data\/#primaryimage\",\"url\":\"https:\/\/ticsalutsocial.atoom.space\/wp-content\/uploads\/2023\/04\/IA-curs-presentacio.jpg\",\"contentUrl\":\"https:\/\/ticsalutsocial.atoom.space\/wp-content\/uploads\/2023\/04\/IA-curs-presentacio.jpg\",\"width\":2560,\"height\":1152,\"caption\":\"Curs Smart Health Awareness\"},{\"@type\":\"BreadcrumbList\",\"@id\":\"https:\/\/ticsalutsocial.atoom.space\/es\/noticia\/mes-de-190-professionals-de-la-salut-de-catalunya-finalitzen-el-curs-smart-health-awareness-sobre-intelligencia-artificial-i-big-data\/#breadcrumb\",\"itemListElement\":[{\"@type\":\"ListItem\",\"position\":1,\"name\":\"Inici\",\"item\":\"https:\/\/ticsalutsocial.atoom.space\/es\/\"},{\"@type\":\"ListItem\",\"position\":2,\"name\":\"M\u00e1s de 190 profesionales de la salud de Catalu\u00f1a finalizan el curso Smart Health Awareness sobre inteligencia artificial y big data\"}]},{\"@type\":\"WebSite\",\"@id\":\"https:\/\/ticsalutsocial.atoom.space\/es\/#website\",\"url\":\"https:\/\/ticsalutsocial.atoom.space\/es\/\",\"name\":\"Fundaci\u00f3 TIC Salut i Social\",\"description\":\"\",\"potentialAction\":[{\"@type\":\"SearchAction\",\"target\":{\"@type\":\"EntryPoint\",\"urlTemplate\":\"https:\/\/ticsalutsocial.atoom.space\/es\/?s={search_term_string}\"},\"query-input\":{\"@type\":\"PropertyValueSpecification\",\"valueRequired\":true,\"valueName\":\"search_term_string\"}}],\"inLanguage\":\"es\"}]}<\/script>\n<!-- \/ Yoast SEO plugin. -->","yoast_head_json":{"title":"M\u00e1s de 190 profesionales de la salud de Catalu\u00f1a finalizan el curso Smart Health Awareness sobre inteligencia artificial y big data - Fundaci\u00f3 TIC Salut i Social","robots":{"index":"index","follow":"follow","max-snippet":"max-snippet:-1","max-image-preview":"max-image-preview:large","max-video-preview":"max-video-preview:-1"},"canonical":"https:\/\/ticsalutsocial.atoom.space\/es\/noticia\/mes-de-190-professionals-de-la-salut-de-catalunya-finalitzen-el-curs-smart-health-awareness-sobre-intelligencia-artificial-i-big-data\/","og_locale":"es_ES","og_type":"article","og_title":"M\u00e1s de 190 profesionales de la salud de Catalu\u00f1a finalizan el curso Smart Health Awareness sobre inteligencia artificial y big data - Fundaci\u00f3 TIC Salut i Social","og_description":"Alumnado, representantes del sistema de salud catal\u00e1n, del Programa de Salut\/IA, Merck, IBM y la Escuela de Ingenier\u00eda de la Universidad de Navarra-Tecnun, clausuraron la primera edici\u00f3n del Curso Smart Health Awareness sobre inteligencia artificial (IA) y big data, el pasado 20 de abril en la Fundaci\u00f3n TIC Salut Social en Barcelona. En el acto, [&hellip;]","og_url":"https:\/\/ticsalutsocial.atoom.space\/es\/noticia\/mes-de-190-professionals-de-la-salut-de-catalunya-finalitzen-el-curs-smart-health-awareness-sobre-intelligencia-artificial-i-big-data\/","og_site_name":"Fundaci\u00f3 TIC Salut i Social","article_modified_time":"2023-04-21T12:52:45+00:00","og_image":[{"width":2560,"height":1152,"url":"https:\/\/ticsalutsocial.atoom.space\/wp-content\/uploads\/2023\/04\/IA-curs-presentacio.jpg","type":"image\/jpeg"}],"twitter_card":"summary_large_image","twitter_misc":{"Tiempo de lectura":"6 minutos"},"schema":{"@context":"https:\/\/schema.org","@graph":[{"@type":"WebPage","@id":"https:\/\/ticsalutsocial.atoom.space\/es\/noticia\/mes-de-190-professionals-de-la-salut-de-catalunya-finalitzen-el-curs-smart-health-awareness-sobre-intelligencia-artificial-i-big-data\/","url":"https:\/\/ticsalutsocial.atoom.space\/es\/noticia\/mes-de-190-professionals-de-la-salut-de-catalunya-finalitzen-el-curs-smart-health-awareness-sobre-intelligencia-artificial-i-big-data\/","name":"M\u00e1s de 190 profesionales de la salud de Catalu\u00f1a finalizan el curso Smart Health Awareness sobre inteligencia artificial y big data - Fundaci\u00f3 TIC Salut i Social","isPartOf":{"@id":"https:\/\/ticsalutsocial.atoom.space\/es\/#website"},"primaryImageOfPage":{"@id":"https:\/\/ticsalutsocial.atoom.space\/es\/noticia\/mes-de-190-professionals-de-la-salut-de-catalunya-finalitzen-el-curs-smart-health-awareness-sobre-intelligencia-artificial-i-big-data\/#primaryimage"},"image":{"@id":"https:\/\/ticsalutsocial.atoom.space\/es\/noticia\/mes-de-190-professionals-de-la-salut-de-catalunya-finalitzen-el-curs-smart-health-awareness-sobre-intelligencia-artificial-i-big-data\/#primaryimage"},"thumbnailUrl":"https:\/\/ticsalutsocial.atoom.space\/wp-content\/uploads\/2023\/04\/IA-curs-presentacio.jpg","datePublished":"2023-04-21T12:49:10+00:00","dateModified":"2023-04-21T12:52:45+00:00","breadcrumb":{"@id":"https:\/\/ticsalutsocial.atoom.space\/es\/noticia\/mes-de-190-professionals-de-la-salut-de-catalunya-finalitzen-el-curs-smart-health-awareness-sobre-intelligencia-artificial-i-big-data\/#breadcrumb"},"inLanguage":"es","potentialAction":[{"@type":"ReadAction","target":["https:\/\/ticsalutsocial.atoom.space\/es\/noticia\/mes-de-190-professionals-de-la-salut-de-catalunya-finalitzen-el-curs-smart-health-awareness-sobre-intelligencia-artificial-i-big-data\/"]}]},{"@type":"ImageObject","inLanguage":"es","@id":"https:\/\/ticsalutsocial.atoom.space\/es\/noticia\/mes-de-190-professionals-de-la-salut-de-catalunya-finalitzen-el-curs-smart-health-awareness-sobre-intelligencia-artificial-i-big-data\/#primaryimage","url":"https:\/\/ticsalutsocial.atoom.space\/wp-content\/uploads\/2023\/04\/IA-curs-presentacio.jpg","contentUrl":"https:\/\/ticsalutsocial.atoom.space\/wp-content\/uploads\/2023\/04\/IA-curs-presentacio.jpg","width":2560,"height":1152,"caption":"Curs Smart Health Awareness"},{"@type":"BreadcrumbList","@id":"https:\/\/ticsalutsocial.atoom.space\/es\/noticia\/mes-de-190-professionals-de-la-salut-de-catalunya-finalitzen-el-curs-smart-health-awareness-sobre-intelligencia-artificial-i-big-data\/#breadcrumb","itemListElement":[{"@type":"ListItem","position":1,"name":"Inici","item":"https:\/\/ticsalutsocial.atoom.space\/es\/"},{"@type":"ListItem","position":2,"name":"M\u00e1s de 190 profesionales de la salud de Catalu\u00f1a finalizan el curso Smart Health Awareness sobre inteligencia artificial y big data"}]},{"@type":"WebSite","@id":"https:\/\/ticsalutsocial.atoom.space\/es\/#website","url":"https:\/\/ticsalutsocial.atoom.space\/es\/","name":"Fundaci\u00f3 TIC Salut i Social","description":"","potentialAction":[{"@type":"SearchAction","target":{"@type":"EntryPoint","urlTemplate":"https:\/\/ticsalutsocial.atoom.space\/es\/?s={search_term_string}"},"query-input":{"@type":"PropertyValueSpecification","valueRequired":true,"valueName":"search_term_string"}}],"inLanguage":"es"}]}},"_links":{"self":[{"href":"https:\/\/ticsalutsocial.atoom.space\/es\/wp-json\/wp\/v2\/noticia\/20761","targetHints":{"allow":["GET"]}}],"collection":[{"href":"https:\/\/ticsalutsocial.atoom.space\/es\/wp-json\/wp\/v2\/noticia"}],"about":[{"href":"https:\/\/ticsalutsocial.atoom.space\/es\/wp-json\/wp\/v2\/types\/noticia"}],"author":[{"embeddable":true,"href":"https:\/\/ticsalutsocial.atoom.space\/es\/wp-json\/wp\/v2\/users\/12"}],"wp:featuredmedia":[{"embeddable":true,"href":"https:\/\/ticsalutsocial.atoom.space\/es\/wp-json\/wp\/v2\/media\/20760"}],"wp:attachment":[{"href":"https:\/\/ticsalutsocial.atoom.space\/es\/wp-json\/wp\/v2\/media?parent=20761"}],"wp:term":[{"taxonomy":"etiqueta","embeddable":true,"href":"https:\/\/ticsalutsocial.atoom.space\/es\/wp-json\/wp\/v2\/etiqueta?post=20761"},{"taxonomy":"tipus","embeddable":true,"href":"https:\/\/ticsalutsocial.atoom.space\/es\/wp-json\/wp\/v2\/tipus?post=20761"},{"taxonomy":"topic","embeddable":true,"href":"https:\/\/ticsalutsocial.atoom.space\/es\/wp-json\/wp\/v2\/topic?post=20761"}],"curies":[{"name":"wp","href":"https:\/\/api.w.org\/{rel}","templated":true}]}}