
{"id":20918,"date":"2023-04-27T09:36:46","date_gmt":"2023-04-27T07:36:46","guid":{"rendered":"https:\/\/ticsalutsocial.atoom.space\/noticia\/catalunya-posa-en-marxa-el-projecte-dades-de-salut-per-compartir-blue-button-que-permet-a-la-ciutadania-disposar-dun-resum-de-dades-de-les-seva-historia-clinica\/"},"modified":"2023-05-03T09:50:10","modified_gmt":"2023-05-03T07:50:10","slug":"catalunya-posa-en-marxa-el-projecte-dades-de-salut-per-compartir-blue-button-que-permet-a-la-ciutadania-disposar-dun-resum-de-dades-de-les-seva-historia-clinica","status":"publish","type":"noticia","link":"https:\/\/ticsalutsocial.atoom.space\/es\/noticia\/catalunya-posa-en-marxa-el-projecte-dades-de-salut-per-compartir-blue-button-que-permet-a-la-ciutadania-disposar-dun-resum-de-dades-de-les-seva-historia-clinica\/","title":{"rendered":"Catalu\u00f1a pone en marcha el proyecto &#8216;Datos de salud para compartir-Blue Button&#8217;, que permite a la ciudadan\u00eda disponer de un resumen de datos de su historia cl\u00ednica"},"content":{"rendered":"\r\n<p>Salut pone a disposici\u00f3n de la ciudadan\u00eda nuevas soluciones digitales que facilitan el acceso al sistema sanitario y apoderan al usuario, permiti\u00e9ndole disponer de la informaci\u00f3n propia, y mejoran su seguridad cl\u00ednica.<\/p>\r\n<h2><strong>Datos de salud para compartir Blue Button<\/strong><\/h2>\r\n<p>El sistema sanitario p\u00fablico catal\u00e1n es el primero de la Uni\u00f3n Europea en crear una herramienta que pone en manos de los usuarios la posibilidad de utilizar sus datos cl\u00ednicos para compartirlos con total seguridad con otros sistemas sanitarios o con \u00e1mbitos como el de investigaci\u00f3n.<\/p>\r\n<p>El Blue Button es una iniciativa que naci\u00f3 en Estados Unidos en 2010 como soluci\u00f3n digital para que los veteranos de guerra pudieran acceder y disponer de sus registros m\u00e9dicos. El sistema sanitario catal\u00e1n incorpora esta funcionalidad a La Meva Salut siguiendo los est\u00e1ndares establecidos por la Uni\u00f3n Europea (<em>EU Palestina Summary<\/em>), en l\u00ednea con las gu\u00edas de implementaci\u00f3n certificadas por la <em>Integrated Healthcare Enterprise (IHE)<\/em>.<\/p>\r\n<p>Los datos que se recogen y codifican como resumen del paciente son los que ha marcado la Uni\u00f3n Europea para todos los sistemas de salud europeos, garantizando el acceso a la informaci\u00f3n de salud con portabilidad digital y la interoperabilidad entre sistemas de salud: diagn\u00f3sticos , tratamientos, vacunas, resultados de pruebas y alergias. En Catalu\u00f1a, adem\u00e1s, actualmente pueden descargarse tambi\u00e9n las altas m\u00e9dicas, y en el futuro se ampliar\u00e1 la informaci\u00f3n disponible.<\/p>\r\n<p>Las personas que quieran disponer de estos datos podr\u00e1n descargar los documentos a trav\u00e9s de La Meva Salut, en formato XML, desde la secci\u00f3n \u201cDatos personales\u201d.<\/p>\r\n<p>Fuente:\u00a0<a href=\"https:\/\/salutweb.gencat.cat\/ca\/inici\/nota-premsa\/?id=515102\" target=\"_blank\" rel=\"noopener\">Departamento de Salud<\/a><\/p>\r\n","protected":false},"author":3,"featured_media":20916,"menu_order":0,"template":"","meta":{"_acf_changed":false,"inline_featured_image":false},"etiqueta":[],"tipus":[],"topic":[],"class_list":["post-20918","noticia","type-noticia","status-publish","has-post-thumbnail","hentry"],"acf":{"autor":"","imatge":20916,"textos_destacats":[{"texte":"Desde el 27 de abril se puede encontrar en La Meva Salut"}],"documents":false,"finalitzat":false,"tipus_plantilla":"objectius","template_objectius":{"cont_principal":"","imatge":false,"cont_seguent":{"titol":"","contingut":""},"seccio_llistat":{"titol":"","llistat":false},"objectius":{"titol":"","objectius":false},"documents":false}},"yoast_head":"<!-- This site is optimized with the Yoast SEO plugin v27.1.1 - https:\/\/yoast.com\/product\/yoast-seo-wordpress\/ -->\n<title>Catalu\u00f1a pone en marcha el proyecto &#039;Datos de salud para compartir-Blue Button&#039;, que permite a la ciudadan\u00eda disponer de un resumen de datos de su historia cl\u00ednica - Fundaci\u00f3 TIC Salut i Social<\/title>\n<meta name=\"robots\" content=\"index, follow, max-snippet:-1, max-image-preview:large, max-video-preview:-1\" \/>\n<link rel=\"canonical\" href=\"https:\/\/ticsalutsocial.atoom.space\/es\/noticia\/catalunya-posa-en-marxa-el-projecte-dades-de-salut-per-compartir-blue-button-que-permet-a-la-ciutadania-disposar-dun-resum-de-dades-de-les-seva-historia-clinica\/\" \/>\n<meta property=\"og:locale\" content=\"es_ES\" \/>\n<meta property=\"og:type\" content=\"article\" \/>\n<meta property=\"og:title\" content=\"Catalu\u00f1a pone en marcha el proyecto &#039;Datos de salud para compartir-Blue Button&#039;, que permite a la ciudadan\u00eda disponer de un resumen de datos de su historia cl\u00ednica - Fundaci\u00f3 TIC Salut i Social\" \/>\n<meta property=\"og:description\" content=\"Salut pone a disposici\u00f3n de la ciudadan\u00eda nuevas soluciones digitales que facilitan el acceso al sistema sanitario y apoderan al usuario, permiti\u00e9ndole disponer de la informaci\u00f3n propia, y mejoran su seguridad cl\u00ednica. Datos de salud para compartir Blue Button El sistema sanitario p\u00fablico catal\u00e1n es el primero de la Uni\u00f3n Europea en crear una herramienta [&hellip;]\" \/>\n<meta property=\"og:url\" content=\"https:\/\/ticsalutsocial.atoom.space\/es\/noticia\/catalunya-posa-en-marxa-el-projecte-dades-de-salut-per-compartir-blue-button-que-permet-a-la-ciutadania-disposar-dun-resum-de-dades-de-les-seva-historia-clinica\/\" \/>\n<meta property=\"og:site_name\" content=\"Fundaci\u00f3 TIC Salut i Social\" \/>\n<meta property=\"article:modified_time\" content=\"2023-05-03T07:50:10+00:00\" \/>\n<meta property=\"og:image\" content=\"https:\/\/ticsalutsocial.atoom.space\/wp-content\/uploads\/2023\/04\/banner_lameva_saklut.png\" \/>\n\t<meta property=\"og:image:width\" content=\"880\" \/>\n\t<meta property=\"og:image:height\" content=\"350\" \/>\n\t<meta property=\"og:image:type\" content=\"image\/png\" \/>\n<meta name=\"twitter:card\" content=\"summary_large_image\" \/>\n<meta name=\"twitter:label1\" content=\"Tiempo de lectura\" \/>\n\t<meta name=\"twitter:data1\" content=\"1 minuto\" \/>\n<script type=\"application\/ld+json\" class=\"yoast-schema-graph\">{\"@context\":\"https:\/\/schema.org\",\"@graph\":[{\"@type\":\"WebPage\",\"@id\":\"https:\/\/ticsalutsocial.atoom.space\/es\/noticia\/catalunya-posa-en-marxa-el-projecte-dades-de-salut-per-compartir-blue-button-que-permet-a-la-ciutadania-disposar-dun-resum-de-dades-de-les-seva-historia-clinica\/\",\"url\":\"https:\/\/ticsalutsocial.atoom.space\/es\/noticia\/catalunya-posa-en-marxa-el-projecte-dades-de-salut-per-compartir-blue-button-que-permet-a-la-ciutadania-disposar-dun-resum-de-dades-de-les-seva-historia-clinica\/\",\"name\":\"Catalu\u00f1a pone en marcha el proyecto 'Datos de salud para compartir-Blue Button', que permite a la ciudadan\u00eda disponer de un resumen de datos de su historia cl\u00ednica - Fundaci\u00f3 TIC Salut i Social\",\"isPartOf\":{\"@id\":\"https:\/\/ticsalutsocial.atoom.space\/es\/#website\"},\"primaryImageOfPage\":{\"@id\":\"https:\/\/ticsalutsocial.atoom.space\/es\/noticia\/catalunya-posa-en-marxa-el-projecte-dades-de-salut-per-compartir-blue-button-que-permet-a-la-ciutadania-disposar-dun-resum-de-dades-de-les-seva-historia-clinica\/#primaryimage\"},\"image\":{\"@id\":\"https:\/\/ticsalutsocial.atoom.space\/es\/noticia\/catalunya-posa-en-marxa-el-projecte-dades-de-salut-per-compartir-blue-button-que-permet-a-la-ciutadania-disposar-dun-resum-de-dades-de-les-seva-historia-clinica\/#primaryimage\"},\"thumbnailUrl\":\"https:\/\/ticsalutsocial.atoom.space\/wp-content\/uploads\/2023\/04\/banner_lameva_saklut.png\",\"datePublished\":\"2023-04-27T07:36:46+00:00\",\"dateModified\":\"2023-05-03T07:50:10+00:00\",\"breadcrumb\":{\"@id\":\"https:\/\/ticsalutsocial.atoom.space\/es\/noticia\/catalunya-posa-en-marxa-el-projecte-dades-de-salut-per-compartir-blue-button-que-permet-a-la-ciutadania-disposar-dun-resum-de-dades-de-les-seva-historia-clinica\/#breadcrumb\"},\"inLanguage\":\"es\",\"potentialAction\":[{\"@type\":\"ReadAction\",\"target\":[\"https:\/\/ticsalutsocial.atoom.space\/es\/noticia\/catalunya-posa-en-marxa-el-projecte-dades-de-salut-per-compartir-blue-button-que-permet-a-la-ciutadania-disposar-dun-resum-de-dades-de-les-seva-historia-clinica\/\"]}]},{\"@type\":\"ImageObject\",\"inLanguage\":\"es\",\"@id\":\"https:\/\/ticsalutsocial.atoom.space\/es\/noticia\/catalunya-posa-en-marxa-el-projecte-dades-de-salut-per-compartir-blue-button-que-permet-a-la-ciutadania-disposar-dun-resum-de-dades-de-les-seva-historia-clinica\/#primaryimage\",\"url\":\"https:\/\/ticsalutsocial.atoom.space\/wp-content\/uploads\/2023\/04\/banner_lameva_saklut.png\",\"contentUrl\":\"https:\/\/ticsalutsocial.atoom.space\/wp-content\/uploads\/2023\/04\/banner_lameva_saklut.png\",\"width\":880,\"height\":350},{\"@type\":\"BreadcrumbList\",\"@id\":\"https:\/\/ticsalutsocial.atoom.space\/es\/noticia\/catalunya-posa-en-marxa-el-projecte-dades-de-salut-per-compartir-blue-button-que-permet-a-la-ciutadania-disposar-dun-resum-de-dades-de-les-seva-historia-clinica\/#breadcrumb\",\"itemListElement\":[{\"@type\":\"ListItem\",\"position\":1,\"name\":\"Inici\",\"item\":\"https:\/\/ticsalutsocial.atoom.space\/es\/\"},{\"@type\":\"ListItem\",\"position\":2,\"name\":\"Catalu\u00f1a pone en marcha el proyecto &#8216;Datos de salud para compartir-Blue Button&#8217;, que permite a la ciudadan\u00eda disponer de un resumen de datos de su historia cl\u00ednica\"}]},{\"@type\":\"WebSite\",\"@id\":\"https:\/\/ticsalutsocial.atoom.space\/es\/#website\",\"url\":\"https:\/\/ticsalutsocial.atoom.space\/es\/\",\"name\":\"Fundaci\u00f3 TIC Salut i Social\",\"description\":\"\",\"potentialAction\":[{\"@type\":\"SearchAction\",\"target\":{\"@type\":\"EntryPoint\",\"urlTemplate\":\"https:\/\/ticsalutsocial.atoom.space\/es\/?s={search_term_string}\"},\"query-input\":{\"@type\":\"PropertyValueSpecification\",\"valueRequired\":true,\"valueName\":\"search_term_string\"}}],\"inLanguage\":\"es\"}]}<\/script>\n<!-- \/ Yoast SEO plugin. -->","yoast_head_json":{"title":"Catalu\u00f1a pone en marcha el proyecto 'Datos de salud para compartir-Blue Button', que permite a la ciudadan\u00eda disponer de un resumen de datos de su historia cl\u00ednica - Fundaci\u00f3 TIC Salut i Social","robots":{"index":"index","follow":"follow","max-snippet":"max-snippet:-1","max-image-preview":"max-image-preview:large","max-video-preview":"max-video-preview:-1"},"canonical":"https:\/\/ticsalutsocial.atoom.space\/es\/noticia\/catalunya-posa-en-marxa-el-projecte-dades-de-salut-per-compartir-blue-button-que-permet-a-la-ciutadania-disposar-dun-resum-de-dades-de-les-seva-historia-clinica\/","og_locale":"es_ES","og_type":"article","og_title":"Catalu\u00f1a pone en marcha el proyecto 'Datos de salud para compartir-Blue Button', que permite a la ciudadan\u00eda disponer de un resumen de datos de su historia cl\u00ednica - Fundaci\u00f3 TIC Salut i Social","og_description":"Salut pone a disposici\u00f3n de la ciudadan\u00eda nuevas soluciones digitales que facilitan el acceso al sistema sanitario y apoderan al usuario, permiti\u00e9ndole disponer de la informaci\u00f3n propia, y mejoran su seguridad cl\u00ednica. Datos de salud para compartir Blue Button El sistema sanitario p\u00fablico catal\u00e1n es el primero de la Uni\u00f3n Europea en crear una herramienta [&hellip;]","og_url":"https:\/\/ticsalutsocial.atoom.space\/es\/noticia\/catalunya-posa-en-marxa-el-projecte-dades-de-salut-per-compartir-blue-button-que-permet-a-la-ciutadania-disposar-dun-resum-de-dades-de-les-seva-historia-clinica\/","og_site_name":"Fundaci\u00f3 TIC Salut i Social","article_modified_time":"2023-05-03T07:50:10+00:00","og_image":[{"width":880,"height":350,"url":"https:\/\/ticsalutsocial.atoom.space\/wp-content\/uploads\/2023\/04\/banner_lameva_saklut.png","type":"image\/png"}],"twitter_card":"summary_large_image","twitter_misc":{"Tiempo de lectura":"1 minuto"},"schema":{"@context":"https:\/\/schema.org","@graph":[{"@type":"WebPage","@id":"https:\/\/ticsalutsocial.atoom.space\/es\/noticia\/catalunya-posa-en-marxa-el-projecte-dades-de-salut-per-compartir-blue-button-que-permet-a-la-ciutadania-disposar-dun-resum-de-dades-de-les-seva-historia-clinica\/","url":"https:\/\/ticsalutsocial.atoom.space\/es\/noticia\/catalunya-posa-en-marxa-el-projecte-dades-de-salut-per-compartir-blue-button-que-permet-a-la-ciutadania-disposar-dun-resum-de-dades-de-les-seva-historia-clinica\/","name":"Catalu\u00f1a pone en marcha el proyecto 'Datos de salud para compartir-Blue Button', que permite a la ciudadan\u00eda disponer de un resumen de datos de su historia cl\u00ednica - Fundaci\u00f3 TIC Salut i Social","isPartOf":{"@id":"https:\/\/ticsalutsocial.atoom.space\/es\/#website"},"primaryImageOfPage":{"@id":"https:\/\/ticsalutsocial.atoom.space\/es\/noticia\/catalunya-posa-en-marxa-el-projecte-dades-de-salut-per-compartir-blue-button-que-permet-a-la-ciutadania-disposar-dun-resum-de-dades-de-les-seva-historia-clinica\/#primaryimage"},"image":{"@id":"https:\/\/ticsalutsocial.atoom.space\/es\/noticia\/catalunya-posa-en-marxa-el-projecte-dades-de-salut-per-compartir-blue-button-que-permet-a-la-ciutadania-disposar-dun-resum-de-dades-de-les-seva-historia-clinica\/#primaryimage"},"thumbnailUrl":"https:\/\/ticsalutsocial.atoom.space\/wp-content\/uploads\/2023\/04\/banner_lameva_saklut.png","datePublished":"2023-04-27T07:36:46+00:00","dateModified":"2023-05-03T07:50:10+00:00","breadcrumb":{"@id":"https:\/\/ticsalutsocial.atoom.space\/es\/noticia\/catalunya-posa-en-marxa-el-projecte-dades-de-salut-per-compartir-blue-button-que-permet-a-la-ciutadania-disposar-dun-resum-de-dades-de-les-seva-historia-clinica\/#breadcrumb"},"inLanguage":"es","potentialAction":[{"@type":"ReadAction","target":["https:\/\/ticsalutsocial.atoom.space\/es\/noticia\/catalunya-posa-en-marxa-el-projecte-dades-de-salut-per-compartir-blue-button-que-permet-a-la-ciutadania-disposar-dun-resum-de-dades-de-les-seva-historia-clinica\/"]}]},{"@type":"ImageObject","inLanguage":"es","@id":"https:\/\/ticsalutsocial.atoom.space\/es\/noticia\/catalunya-posa-en-marxa-el-projecte-dades-de-salut-per-compartir-blue-button-que-permet-a-la-ciutadania-disposar-dun-resum-de-dades-de-les-seva-historia-clinica\/#primaryimage","url":"https:\/\/ticsalutsocial.atoom.space\/wp-content\/uploads\/2023\/04\/banner_lameva_saklut.png","contentUrl":"https:\/\/ticsalutsocial.atoom.space\/wp-content\/uploads\/2023\/04\/banner_lameva_saklut.png","width":880,"height":350},{"@type":"BreadcrumbList","@id":"https:\/\/ticsalutsocial.atoom.space\/es\/noticia\/catalunya-posa-en-marxa-el-projecte-dades-de-salut-per-compartir-blue-button-que-permet-a-la-ciutadania-disposar-dun-resum-de-dades-de-les-seva-historia-clinica\/#breadcrumb","itemListElement":[{"@type":"ListItem","position":1,"name":"Inici","item":"https:\/\/ticsalutsocial.atoom.space\/es\/"},{"@type":"ListItem","position":2,"name":"Catalu\u00f1a pone en marcha el proyecto &#8216;Datos de salud para compartir-Blue Button&#8217;, que permite a la ciudadan\u00eda disponer de un resumen de datos de su historia cl\u00ednica"}]},{"@type":"WebSite","@id":"https:\/\/ticsalutsocial.atoom.space\/es\/#website","url":"https:\/\/ticsalutsocial.atoom.space\/es\/","name":"Fundaci\u00f3 TIC Salut i Social","description":"","potentialAction":[{"@type":"SearchAction","target":{"@type":"EntryPoint","urlTemplate":"https:\/\/ticsalutsocial.atoom.space\/es\/?s={search_term_string}"},"query-input":{"@type":"PropertyValueSpecification","valueRequired":true,"valueName":"search_term_string"}}],"inLanguage":"es"}]}},"_links":{"self":[{"href":"https:\/\/ticsalutsocial.atoom.space\/es\/wp-json\/wp\/v2\/noticia\/20918","targetHints":{"allow":["GET"]}}],"collection":[{"href":"https:\/\/ticsalutsocial.atoom.space\/es\/wp-json\/wp\/v2\/noticia"}],"about":[{"href":"https:\/\/ticsalutsocial.atoom.space\/es\/wp-json\/wp\/v2\/types\/noticia"}],"author":[{"embeddable":true,"href":"https:\/\/ticsalutsocial.atoom.space\/es\/wp-json\/wp\/v2\/users\/3"}],"wp:featuredmedia":[{"embeddable":true,"href":"https:\/\/ticsalutsocial.atoom.space\/es\/wp-json\/wp\/v2\/media\/20916"}],"wp:attachment":[{"href":"https:\/\/ticsalutsocial.atoom.space\/es\/wp-json\/wp\/v2\/media?parent=20918"}],"wp:term":[{"taxonomy":"etiqueta","embeddable":true,"href":"https:\/\/ticsalutsocial.atoom.space\/es\/wp-json\/wp\/v2\/etiqueta?post=20918"},{"taxonomy":"tipus","embeddable":true,"href":"https:\/\/ticsalutsocial.atoom.space\/es\/wp-json\/wp\/v2\/tipus?post=20918"},{"taxonomy":"topic","embeddable":true,"href":"https:\/\/ticsalutsocial.atoom.space\/es\/wp-json\/wp\/v2\/topic?post=20918"}],"curies":[{"name":"wp","href":"https:\/\/api.w.org\/{rel}","templated":true}]}}