
{"id":20987,"date":"2023-05-05T10:06:04","date_gmt":"2023-05-05T08:06:04","guid":{"rendered":"https:\/\/ticsalutsocial.atoom.space\/noticia\/la-fundacio-tic-salut-social-i-bioinformatics-barcelona-generaran-dades-sintetiques-de-salut-per-facilitar-la-recerca-en-intelligencia-artificial\/"},"modified":"2023-05-05T10:28:19","modified_gmt":"2023-05-05T08:28:19","slug":"la-fundacio-tic-salut-social-i-bioinformatics-barcelona-generaran-dades-sintetiques-de-salut-per-facilitar-la-recerca-en-intelligencia-artificial","status":"publish","type":"noticia","link":"https:\/\/ticsalutsocial.atoom.space\/es\/noticia\/la-fundacio-tic-salut-social-i-bioinformatics-barcelona-generaran-dades-sintetiques-de-salut-per-facilitar-la-recerca-en-intelligencia-artificial\/","title":{"rendered":"La Fundaci\u00f3n TIC Salut Social y Bioinformatics Barcelona generar\u00e1n datos sint\u00e9ticos de salud para facilitar la investigaci\u00f3n en inteligencia artificial"},"content":{"rendered":"\n<p>La Fundaci\u00f3n TIC Salut Social ha firmado un convenio de colaboraci\u00f3n con<a href=\"https:\/\/www.bioinformaticsbarcelona.eu\/\" target=\"_blank\" rel=\"noreferrer noopener\"> Bioinformatics Barcelona<\/a> (BIB) para definir y ejecutar actuaciones conjuntas para el desarrollo y utilizaci\u00f3n de tecnolog\u00edas de la informaci\u00f3n en el \u00e1mbito del servicio de la salud de las personas. El primer proyecto consistir\u00e1 en la generaci\u00f3n de datos sint\u00e9ticos que puedan dar respuesta a los retos del <a href=\"https:\/\/iasalut.cat\/\" target=\"_blank\" rel=\"noreferrer noopener\">Programa de Salud\/IA<\/a> y ser empleados en la investigaci\u00f3n en inteligencia artificial en el \u00e1mbito de la salud.<\/p>\n\n\n\n<p>El director de la Fundaci\u00f3n TIC Salut Social, <strong>Joan Guanyabens<\/strong>, destaca que \u201c<strong>la alianza con el BIB permitir\u00e1 probar la metodolog\u00eda de evaluaci\u00f3n de la calidad de los datos sint\u00e9ticos que hemos desarrollado, as\u00ed como explorar el comportamiento de los algoritmos de inteligencia artificial en salud, con la incorporaci\u00f3n de este tipo de datos que simulan los datos reales<\/strong>\u201d.<\/p>\n\n\n\n<p>Por su parte, la presidenta del BIB, la Dra. Ana Ripoll, asegura que \u201c<strong>a trav\u00e9s de esta colaboraci\u00f3n, los grupos de investigaci\u00f3n del BIB aplicar\u00e1n su conocimiento y su experiencia en la generaci\u00f3n de datos sint\u00e9ticos que permitir\u00e1n transformar las limitaciones de los datos reales en oportunidades para avanzar tanto en la investigaci\u00f3n, como en la generaci\u00f3n de soluciones industriales y la docencia, contribuyendo de este modo al abordaje de los problemas de salud que nos afectan.<\/strong>\u201d<\/p>\n\n\n\n<p><\/p>\n\n\n\n<h2 class=\"wp-block-heading\">\u00bfQu\u00e9 son los datos sint\u00e9ticos?<\/h2>\n\n\n\n<p>Los datos sint\u00e9ticos son <strong>datos artificiales que se generan a partir de datos reales<\/strong>, de forma que se mantienen la distribuci\u00f3n estad\u00edstica y las caracter\u00edsticas, a fin de que puedan ser analizados para extraer conclusiones estad\u00edsticas equivalentes a las que sacar\u00eda con los datos reales. En otras palabras, los datos sint\u00e9ticos <strong>permiten el entrenamiento de modelos de inteligencia artificial, de forma menos intrusiva<\/strong> para la privacidad de los individuos, porque los datos utilizados en el proceso de entrenamiento no se refieren directamente a ninguna persona identificada o identificable.<\/p>\n\n\n\n<p>En cuanto a su explotaci\u00f3n, los datos sint\u00e9ticos <strong>pueden ser utilizados en los diferentes entornos<\/strong> y escenarios para los que han sido creados, de forma segura y en<strong> cumplimiento con el Reglamento General de Protecci\u00f3n de Datos<\/strong> (RGPD) de la Uni\u00f3n Europea, que s\u00f3lo permite la explotaci\u00f3n de datos reales de salud en entornos de investigaci\u00f3n muy espec\u00edficos y limitados.<\/p>\n\n\n\n<p>Generalmente, los datos sint\u00e9ticos se crean con ayuda de t\u00e9cnicas de inteligencia artificial diversas. As\u00ed, se pueden crear mediante modelos de simulaci\u00f3n con t\u00e9cnicas de data augmentation y de sobremuestreo, entre otros. Las redes neuronales generativas adversarias (GAN) y los autoencoders variacionales (VAE) conforman el estado del arte de los m\u00e9todos de generaci\u00f3n de datos sint\u00e9ticos.<\/p>\n\n\n\n<p><\/p>\n\n\n\n<h2 class=\"wp-block-heading\">Retos del Programa Salud\/IA<\/h2>\n\n\n\n<p>Los datos sint\u00e9ticos que se crear\u00e1n a partir de la colaboraci\u00f3n con el BIB se utilizar\u00e1n en el marco de los retos del Programa Salud\/IA. Los retos tienen como objetivo evaluar soluciones de inteligencia artificial que ayuden a resolver problemas concretos en el \u00e1mbito sanitario y se materializan con una convocatoria p\u00fablica y abierta de proyectos. Actualmente, ya est\u00e1 en marcha un <a href=\"https:\/\/iasalut.cat\/noticia\/publicades-les-bases-de-la-consulta-oberta-al-mercat-de-solucions-dia-per-la-retinopatia-diabetica-en-atencio-primaria\/\" target=\"_blank\" rel=\"noreferrer noopener\">reto para buscar soluciones de apoyo al proceso de retinopat\u00eda diab\u00e9tica<\/a>, integradas e interoperables en el \u00e1mbito de la atenci\u00f3n primaria del Sistema Sanitario Integral de Utilizaci\u00f3n P\u00fablica de Catalu\u00f1a, y se est\u00e1n preparando otros retos para buscar soluciones de inteligencia artificial para la dermatolog\u00eda y explotaci\u00f3n de pruebas de diagn\u00f3stico como las radiograf\u00edas de t\u00f3rax o los electrocardiogramas, entre otros.<\/p>\n\n\n\n<p>Al margen del uso de los datos sint\u00e9ticos para el Programa, en el marco de la alianza con el BIB tambi\u00e9n se estudiar\u00e1n otros casos de uso y c\u00f3mo estos datos se pueden poner a disposici\u00f3n de otras posibles partes interesadas en la investigaci\u00f3n en inteligencia artificial en el \u00e1mbito de la salud; un campo que precisa disponer del mayor volumen de datos posible y de una diversidad que represente a toda la poblaci\u00f3n.<\/p>\n\n\n\n<p><\/p>\n\n\n\n<h2 class=\"wp-block-heading\">Sobre Bioinformatics Barcelona (BIB)<\/h2>\n\n\n\n<p>El BIB es la asociaci\u00f3n sin \u00e1nimo de lucro que re\u00fane a m\u00e1s de 50 socios p\u00fablicos y privados del sector de ciencias de la vida, incluyendo centros acad\u00e9micos, tecnol\u00f3gicos, hospitalarios, grandes infraestructuras cient\u00edficas y empresas, con el objetivo de impulsar la generaci\u00f3n de conocimiento en el \u00e1mbito de la Bioinform\u00e1tica. Las entidades asociadas del BIB abarcan todas las actividades de la cadena de valor de la Bioinform\u00e1tica, desde la adquisici\u00f3n y preparaci\u00f3n de los datos hasta la generaci\u00f3n de nuevo conocimiento y la creaci\u00f3n de soluciones espec\u00edficas, pasando por todas las etapas intermedias de an\u00e1lisis avanzado, de interpretaci\u00f3n de los datos, la creaci\u00f3n de prototipos y su validaci\u00f3n.<\/p>\n","protected":false},"author":3,"featured_media":20986,"menu_order":0,"template":"","meta":{"_acf_changed":false,"inline_featured_image":false},"etiqueta":[],"tipus":[],"topic":[],"class_list":["post-20987","noticia","type-noticia","status-publish","has-post-thumbnail","hentry"],"acf":{"autor":"","imatge":20986,"textos_destacats":[{"texte":"Los datos sint\u00e9ticos se generan mediante t\u00e9cnicas de inteligencia artificial y permiten su uso por investigaci\u00f3n en cumplimiento de la normativa de protecci\u00f3n de datos."}],"documents":false,"finalitzat":false,"tipus_plantilla":"objectius","template_objectius":{"cont_principal":"","imatge":false,"cont_seguent":{"titol":"","contingut":""},"seccio_llistat":{"titol":"","llistat":false},"objectius":{"titol":"","objectius":false},"documents":false}},"yoast_head":"<!-- This site is optimized with the Yoast SEO plugin v27.1.1 - https:\/\/yoast.com\/product\/yoast-seo-wordpress\/ -->\n<title>La Fundaci\u00f3n TIC Salut Social y Bioinformatics Barcelona generar\u00e1n datos sint\u00e9ticos de salud para facilitar la investigaci\u00f3n en inteligencia artificial - Fundaci\u00f3 TIC Salut i Social<\/title>\n<meta name=\"description\" content=\"Les dades sint\u00e8tiques es generen mitjan\u00e7ant t\u00e8cniques d\u2019intel\u00b7lig\u00e8ncia artificial i permeten el seu \u00fas per investigaci\u00f3 en compliment de la normativa de protecci\u00f3 de dades.\" \/>\n<meta name=\"robots\" content=\"index, follow, max-snippet:-1, max-image-preview:large, max-video-preview:-1\" \/>\n<link rel=\"canonical\" href=\"https:\/\/ticsalutsocial.atoom.space\/es\/noticia\/la-fundacio-tic-salut-social-i-bioinformatics-barcelona-generaran-dades-sintetiques-de-salut-per-facilitar-la-recerca-en-intelligencia-artificial\/\" \/>\n<meta property=\"og:locale\" content=\"es_ES\" \/>\n<meta property=\"og:type\" content=\"article\" \/>\n<meta property=\"og:title\" content=\"La Fundaci\u00f3n TIC Salut Social y Bioinformatics Barcelona generar\u00e1n datos sint\u00e9ticos de salud para facilitar la investigaci\u00f3n en inteligencia artificial - Fundaci\u00f3 TIC Salut i Social\" \/>\n<meta property=\"og:description\" content=\"Les dades sint\u00e8tiques es generen mitjan\u00e7ant t\u00e8cniques d\u2019intel\u00b7lig\u00e8ncia artificial i permeten el seu \u00fas per investigaci\u00f3 en compliment de la normativa de protecci\u00f3 de dades.\" \/>\n<meta property=\"og:url\" content=\"https:\/\/ticsalutsocial.atoom.space\/es\/noticia\/la-fundacio-tic-salut-social-i-bioinformatics-barcelona-generaran-dades-sintetiques-de-salut-per-facilitar-la-recerca-en-intelligencia-artificial\/\" \/>\n<meta property=\"og:site_name\" content=\"Fundaci\u00f3 TIC Salut i Social\" \/>\n<meta property=\"article:modified_time\" content=\"2023-05-05T08:28:19+00:00\" \/>\n<meta property=\"og:image\" content=\"https:\/\/ticsalutsocial.atoom.space\/wp-content\/uploads\/2023\/05\/Conveni-BIB-FTSS-scaled.jpg\" \/>\n\t<meta property=\"og:image:width\" content=\"2560\" \/>\n\t<meta property=\"og:image:height\" content=\"1285\" \/>\n\t<meta property=\"og:image:type\" content=\"image\/jpeg\" \/>\n<meta name=\"twitter:card\" content=\"summary_large_image\" \/>\n<meta name=\"twitter:label1\" content=\"Tiempo de lectura\" \/>\n\t<meta name=\"twitter:data1\" content=\"4 minutos\" \/>\n<script type=\"application\/ld+json\" class=\"yoast-schema-graph\">{\"@context\":\"https:\/\/schema.org\",\"@graph\":[{\"@type\":\"WebPage\",\"@id\":\"https:\/\/ticsalutsocial.atoom.space\/es\/noticia\/la-fundacio-tic-salut-social-i-bioinformatics-barcelona-generaran-dades-sintetiques-de-salut-per-facilitar-la-recerca-en-intelligencia-artificial\/\",\"url\":\"https:\/\/ticsalutsocial.atoom.space\/es\/noticia\/la-fundacio-tic-salut-social-i-bioinformatics-barcelona-generaran-dades-sintetiques-de-salut-per-facilitar-la-recerca-en-intelligencia-artificial\/\",\"name\":\"La Fundaci\u00f3n TIC Salut Social y Bioinformatics Barcelona generar\u00e1n datos sint\u00e9ticos de salud para facilitar la investigaci\u00f3n en inteligencia artificial - Fundaci\u00f3 TIC Salut i Social\",\"isPartOf\":{\"@id\":\"https:\/\/ticsalutsocial.atoom.space\/es\/#website\"},\"primaryImageOfPage\":{\"@id\":\"https:\/\/ticsalutsocial.atoom.space\/es\/noticia\/la-fundacio-tic-salut-social-i-bioinformatics-barcelona-generaran-dades-sintetiques-de-salut-per-facilitar-la-recerca-en-intelligencia-artificial\/#primaryimage\"},\"image\":{\"@id\":\"https:\/\/ticsalutsocial.atoom.space\/es\/noticia\/la-fundacio-tic-salut-social-i-bioinformatics-barcelona-generaran-dades-sintetiques-de-salut-per-facilitar-la-recerca-en-intelligencia-artificial\/#primaryimage\"},\"thumbnailUrl\":\"https:\/\/ticsalutsocial.atoom.space\/wp-content\/uploads\/2023\/05\/Conveni-BIB-FTSS-scaled.jpg\",\"datePublished\":\"2023-05-05T08:06:04+00:00\",\"dateModified\":\"2023-05-05T08:28:19+00:00\",\"description\":\"Les dades sint\u00e8tiques es generen mitjan\u00e7ant t\u00e8cniques d\u2019intel\u00b7lig\u00e8ncia artificial i permeten el seu \u00fas per investigaci\u00f3 en compliment de la normativa de protecci\u00f3 de dades.\",\"breadcrumb\":{\"@id\":\"https:\/\/ticsalutsocial.atoom.space\/es\/noticia\/la-fundacio-tic-salut-social-i-bioinformatics-barcelona-generaran-dades-sintetiques-de-salut-per-facilitar-la-recerca-en-intelligencia-artificial\/#breadcrumb\"},\"inLanguage\":\"es\",\"potentialAction\":[{\"@type\":\"ReadAction\",\"target\":[\"https:\/\/ticsalutsocial.atoom.space\/es\/noticia\/la-fundacio-tic-salut-social-i-bioinformatics-barcelona-generaran-dades-sintetiques-de-salut-per-facilitar-la-recerca-en-intelligencia-artificial\/\"]}]},{\"@type\":\"ImageObject\",\"inLanguage\":\"es\",\"@id\":\"https:\/\/ticsalutsocial.atoom.space\/es\/noticia\/la-fundacio-tic-salut-social-i-bioinformatics-barcelona-generaran-dades-sintetiques-de-salut-per-facilitar-la-recerca-en-intelligencia-artificial\/#primaryimage\",\"url\":\"https:\/\/ticsalutsocial.atoom.space\/wp-content\/uploads\/2023\/05\/Conveni-BIB-FTSS-scaled.jpg\",\"contentUrl\":\"https:\/\/ticsalutsocial.atoom.space\/wp-content\/uploads\/2023\/05\/Conveni-BIB-FTSS-scaled.jpg\",\"width\":2560,\"height\":1285,\"caption\":\"Healthcare and technology, Doctor using digital tablet with icon medical network on hospital background\"},{\"@type\":\"BreadcrumbList\",\"@id\":\"https:\/\/ticsalutsocial.atoom.space\/es\/noticia\/la-fundacio-tic-salut-social-i-bioinformatics-barcelona-generaran-dades-sintetiques-de-salut-per-facilitar-la-recerca-en-intelligencia-artificial\/#breadcrumb\",\"itemListElement\":[{\"@type\":\"ListItem\",\"position\":1,\"name\":\"Inici\",\"item\":\"https:\/\/ticsalutsocial.atoom.space\/es\/\"},{\"@type\":\"ListItem\",\"position\":2,\"name\":\"La Fundaci\u00f3n TIC Salut Social y Bioinformatics Barcelona generar\u00e1n datos sint\u00e9ticos de salud para facilitar la investigaci\u00f3n en inteligencia artificial\"}]},{\"@type\":\"WebSite\",\"@id\":\"https:\/\/ticsalutsocial.atoom.space\/es\/#website\",\"url\":\"https:\/\/ticsalutsocial.atoom.space\/es\/\",\"name\":\"Fundaci\u00f3 TIC Salut i Social\",\"description\":\"\",\"potentialAction\":[{\"@type\":\"SearchAction\",\"target\":{\"@type\":\"EntryPoint\",\"urlTemplate\":\"https:\/\/ticsalutsocial.atoom.space\/es\/?s={search_term_string}\"},\"query-input\":{\"@type\":\"PropertyValueSpecification\",\"valueRequired\":true,\"valueName\":\"search_term_string\"}}],\"inLanguage\":\"es\"}]}<\/script>\n<!-- \/ Yoast SEO plugin. -->","yoast_head_json":{"title":"La Fundaci\u00f3n TIC Salut Social y Bioinformatics Barcelona generar\u00e1n datos sint\u00e9ticos de salud para facilitar la investigaci\u00f3n en inteligencia artificial - Fundaci\u00f3 TIC Salut i Social","description":"Les dades sint\u00e8tiques es generen mitjan\u00e7ant t\u00e8cniques d\u2019intel\u00b7lig\u00e8ncia artificial i permeten el seu \u00fas per investigaci\u00f3 en compliment de la normativa de protecci\u00f3 de dades.","robots":{"index":"index","follow":"follow","max-snippet":"max-snippet:-1","max-image-preview":"max-image-preview:large","max-video-preview":"max-video-preview:-1"},"canonical":"https:\/\/ticsalutsocial.atoom.space\/es\/noticia\/la-fundacio-tic-salut-social-i-bioinformatics-barcelona-generaran-dades-sintetiques-de-salut-per-facilitar-la-recerca-en-intelligencia-artificial\/","og_locale":"es_ES","og_type":"article","og_title":"La Fundaci\u00f3n TIC Salut Social y Bioinformatics Barcelona generar\u00e1n datos sint\u00e9ticos de salud para facilitar la investigaci\u00f3n en inteligencia artificial - Fundaci\u00f3 TIC Salut i Social","og_description":"Les dades sint\u00e8tiques es generen mitjan\u00e7ant t\u00e8cniques d\u2019intel\u00b7lig\u00e8ncia artificial i permeten el seu \u00fas per investigaci\u00f3 en compliment de la normativa de protecci\u00f3 de dades.","og_url":"https:\/\/ticsalutsocial.atoom.space\/es\/noticia\/la-fundacio-tic-salut-social-i-bioinformatics-barcelona-generaran-dades-sintetiques-de-salut-per-facilitar-la-recerca-en-intelligencia-artificial\/","og_site_name":"Fundaci\u00f3 TIC Salut i Social","article_modified_time":"2023-05-05T08:28:19+00:00","og_image":[{"width":2560,"height":1285,"url":"https:\/\/ticsalutsocial.atoom.space\/wp-content\/uploads\/2023\/05\/Conveni-BIB-FTSS-scaled.jpg","type":"image\/jpeg"}],"twitter_card":"summary_large_image","twitter_misc":{"Tiempo de lectura":"4 minutos"},"schema":{"@context":"https:\/\/schema.org","@graph":[{"@type":"WebPage","@id":"https:\/\/ticsalutsocial.atoom.space\/es\/noticia\/la-fundacio-tic-salut-social-i-bioinformatics-barcelona-generaran-dades-sintetiques-de-salut-per-facilitar-la-recerca-en-intelligencia-artificial\/","url":"https:\/\/ticsalutsocial.atoom.space\/es\/noticia\/la-fundacio-tic-salut-social-i-bioinformatics-barcelona-generaran-dades-sintetiques-de-salut-per-facilitar-la-recerca-en-intelligencia-artificial\/","name":"La Fundaci\u00f3n TIC Salut Social y Bioinformatics Barcelona generar\u00e1n datos sint\u00e9ticos de salud para facilitar la investigaci\u00f3n en inteligencia artificial - Fundaci\u00f3 TIC Salut i Social","isPartOf":{"@id":"https:\/\/ticsalutsocial.atoom.space\/es\/#website"},"primaryImageOfPage":{"@id":"https:\/\/ticsalutsocial.atoom.space\/es\/noticia\/la-fundacio-tic-salut-social-i-bioinformatics-barcelona-generaran-dades-sintetiques-de-salut-per-facilitar-la-recerca-en-intelligencia-artificial\/#primaryimage"},"image":{"@id":"https:\/\/ticsalutsocial.atoom.space\/es\/noticia\/la-fundacio-tic-salut-social-i-bioinformatics-barcelona-generaran-dades-sintetiques-de-salut-per-facilitar-la-recerca-en-intelligencia-artificial\/#primaryimage"},"thumbnailUrl":"https:\/\/ticsalutsocial.atoom.space\/wp-content\/uploads\/2023\/05\/Conveni-BIB-FTSS-scaled.jpg","datePublished":"2023-05-05T08:06:04+00:00","dateModified":"2023-05-05T08:28:19+00:00","description":"Les dades sint\u00e8tiques es generen mitjan\u00e7ant t\u00e8cniques d\u2019intel\u00b7lig\u00e8ncia artificial i permeten el seu \u00fas per investigaci\u00f3 en compliment de la normativa de protecci\u00f3 de dades.","breadcrumb":{"@id":"https:\/\/ticsalutsocial.atoom.space\/es\/noticia\/la-fundacio-tic-salut-social-i-bioinformatics-barcelona-generaran-dades-sintetiques-de-salut-per-facilitar-la-recerca-en-intelligencia-artificial\/#breadcrumb"},"inLanguage":"es","potentialAction":[{"@type":"ReadAction","target":["https:\/\/ticsalutsocial.atoom.space\/es\/noticia\/la-fundacio-tic-salut-social-i-bioinformatics-barcelona-generaran-dades-sintetiques-de-salut-per-facilitar-la-recerca-en-intelligencia-artificial\/"]}]},{"@type":"ImageObject","inLanguage":"es","@id":"https:\/\/ticsalutsocial.atoom.space\/es\/noticia\/la-fundacio-tic-salut-social-i-bioinformatics-barcelona-generaran-dades-sintetiques-de-salut-per-facilitar-la-recerca-en-intelligencia-artificial\/#primaryimage","url":"https:\/\/ticsalutsocial.atoom.space\/wp-content\/uploads\/2023\/05\/Conveni-BIB-FTSS-scaled.jpg","contentUrl":"https:\/\/ticsalutsocial.atoom.space\/wp-content\/uploads\/2023\/05\/Conveni-BIB-FTSS-scaled.jpg","width":2560,"height":1285,"caption":"Healthcare and technology, Doctor using digital tablet with icon medical network on hospital background"},{"@type":"BreadcrumbList","@id":"https:\/\/ticsalutsocial.atoom.space\/es\/noticia\/la-fundacio-tic-salut-social-i-bioinformatics-barcelona-generaran-dades-sintetiques-de-salut-per-facilitar-la-recerca-en-intelligencia-artificial\/#breadcrumb","itemListElement":[{"@type":"ListItem","position":1,"name":"Inici","item":"https:\/\/ticsalutsocial.atoom.space\/es\/"},{"@type":"ListItem","position":2,"name":"La Fundaci\u00f3n TIC Salut Social y Bioinformatics Barcelona generar\u00e1n datos sint\u00e9ticos de salud para facilitar la investigaci\u00f3n en inteligencia artificial"}]},{"@type":"WebSite","@id":"https:\/\/ticsalutsocial.atoom.space\/es\/#website","url":"https:\/\/ticsalutsocial.atoom.space\/es\/","name":"Fundaci\u00f3 TIC Salut i Social","description":"","potentialAction":[{"@type":"SearchAction","target":{"@type":"EntryPoint","urlTemplate":"https:\/\/ticsalutsocial.atoom.space\/es\/?s={search_term_string}"},"query-input":{"@type":"PropertyValueSpecification","valueRequired":true,"valueName":"search_term_string"}}],"inLanguage":"es"}]}},"_links":{"self":[{"href":"https:\/\/ticsalutsocial.atoom.space\/es\/wp-json\/wp\/v2\/noticia\/20987","targetHints":{"allow":["GET"]}}],"collection":[{"href":"https:\/\/ticsalutsocial.atoom.space\/es\/wp-json\/wp\/v2\/noticia"}],"about":[{"href":"https:\/\/ticsalutsocial.atoom.space\/es\/wp-json\/wp\/v2\/types\/noticia"}],"author":[{"embeddable":true,"href":"https:\/\/ticsalutsocial.atoom.space\/es\/wp-json\/wp\/v2\/users\/3"}],"wp:featuredmedia":[{"embeddable":true,"href":"https:\/\/ticsalutsocial.atoom.space\/es\/wp-json\/wp\/v2\/media\/20986"}],"wp:attachment":[{"href":"https:\/\/ticsalutsocial.atoom.space\/es\/wp-json\/wp\/v2\/media?parent=20987"}],"wp:term":[{"taxonomy":"etiqueta","embeddable":true,"href":"https:\/\/ticsalutsocial.atoom.space\/es\/wp-json\/wp\/v2\/etiqueta?post=20987"},{"taxonomy":"tipus","embeddable":true,"href":"https:\/\/ticsalutsocial.atoom.space\/es\/wp-json\/wp\/v2\/tipus?post=20987"},{"taxonomy":"topic","embeddable":true,"href":"https:\/\/ticsalutsocial.atoom.space\/es\/wp-json\/wp\/v2\/topic?post=20987"}],"curies":[{"name":"wp","href":"https:\/\/api.w.org\/{rel}","templated":true}]}}