
{"id":21051,"date":"2023-05-11T16:15:34","date_gmt":"2023-05-11T14:15:34","guid":{"rendered":"https:\/\/ticsalutsocial.atoom.space\/noticia\/el-cibercrim-i-lafectacio-als-serveis-de-salut-digital\/"},"modified":"2023-05-12T10:08:25","modified_gmt":"2023-05-12T08:08:25","slug":"el-cibercrim-i-lafectacio-als-serveis-de-salut-digital","status":"publish","type":"noticia","link":"https:\/\/ticsalutsocial.atoom.space\/es\/noticia\/el-cibercrim-i-lafectacio-als-serveis-de-salut-digital\/","title":{"rendered":"El cibercrimen y la afectaci\u00f3n a los servicios de salud digital"},"content":{"rendered":"<p>El pasado 10 de mayo, la delegaci\u00f3n territorial del Colegio Oficial de Enfermeras y Enfermeras de Barcelona (COIB) en Osona organiz\u00f3 con la Universidad de Vic &#8211; Universidad Central de Catalu\u00f1a la jornada <em><strong>Innovaci\u00f3n tecnol\u00f3gica para los cuidados enfermeros<\/strong><\/em>. El acto llevado a cabo en la Facultad de Ciencias de la Salud y el Bienestar de Vic cont\u00f3 con la colaboraci\u00f3n de la asociaci\u00f3n <em>Osona contra el c\u00e1ncer.<\/em><\/p>\n<p>Oriol Casta\u00f1o, experto en ciberseguridad de la Oficina del Delegado de Protecci\u00f3n de Datos de la Fundaci\u00f3n TIC Salud Social (ODPD), pudo ofrecer su visi\u00f3n relacionada con cuestiones de cibercrimen y salud digital. Casta\u00f1o coment\u00f3 que \u201cconsideramos como ciberataque cualquier acci\u00f3n malintencionada, realizada por individuos o grupos de individuos a trav\u00e9s de redes inform\u00e1ticas. Con el prop\u00f3sito de obtener acceso no autorizado, da\u00f1ar, robar informaci\u00f3n sensible o interrumpir el normal funcionamiento de los sistemas inform\u00e1ticos\u201d.<\/p>\n<p>Las principales categor\u00edas de ciberamenazas contra las entidades sanitarias suelen ser el <em>phising<\/em>, los <em>malwares<\/em> (<em>ransomware<\/em>) o las fugas de datos personales y de investigaci\u00f3n a trav\u00e9s de servicios de eSalut. Casta\u00f1o a\u00f1ade que \u00aba d\u00eda de hoy el cibercrimen mueve m\u00e1s dinero que el tr\u00e1fico de armas y de drogas juntos\u00bb.<\/p>\n<p>El ODPD ofrece servicio de soporte para gestionar los protocolos ante posibles ciberataques con afectaci\u00f3n a los datos personales de pacientes. Recuerda que las violaciones de seguridad, las que afectan a los datos personales, <strong>deben notificarse tanto a los afectados como a la autoridad de protecci\u00f3n de datos competente (APDCAT)<\/strong>.<\/p>\n<h2>Cibercrimen y la afectaci\u00f3n en los cuidados de la ciudadan\u00eda<\/h2>\n<p>Un ciberataque puede comprometer la confidencialidad, integridad y disponibilidad de los datos de salud de los pacientes y otros datos personales de car\u00e1cter especial y protegidos por el RGPD. Esto se traduce en una afectaci\u00f3n a los derechos y libertades de los ciudadanos.<\/p>\n<p>Todo aparato conectado a Internet es susceptible de recibir un ataque dirigido. Los dispositivos m\u00e9dicos pueden ser alterados por manipular los resultados registrados. Al mismo tiempo, un ciberataque puede vulnerar datos de los profesionales y afectar con una interrupci\u00f3n de los servicios prestados o p\u00e9rdidas econ\u00f3micas.<\/p>\n<p>Durante la jornada organizada por el COIB, los diferentes ponentes constataron la existencia de una mayor concienciaci\u00f3n entre las entidades de salud as\u00ed como una mejora en formaci\u00f3n sobre ciberseguridad. Las organizaciones invierten m\u00e1s recursos en mitigar el impacto y la probabilidad de los riesgos asociados a las amenazas. En esta l\u00ednea Casta\u00f1o concluye que \u00abhay que tener una estrategia sobre ciberseguridad alineada con los objetivos del sistema sanitario para reducir los riesgos y optimizar recursos\u00bb.<\/p>\n","protected":false},"author":3,"featured_media":21049,"menu_order":0,"template":"","meta":{"_acf_changed":false,"inline_featured_image":false},"etiqueta":[],"tipus":[106],"topic":[121],"class_list":["post-21051","noticia","type-noticia","status-publish","has-post-thumbnail","hentry","tipus-dpd-salud","topic-dpd-es"],"acf":{"finalitzat":false,"tipus_plantilla":"objectius","template_objectius":{"cont_principal":"","imatge":false,"cont_seguent":{"titol":"","contingut":""},"seccio_llistat":{"titol":"","llistat":false},"objectius":{"titol":"","objectius":false},"documents":false},"autor":"","imatge":false,"textos_destacats":[{"texte":"El cibercrimen mueve m\u00e1s dinero que el tr\u00e1fico de armas y drogas juntos"}],"documents":false},"yoast_head":"<!-- This site is optimized with the Yoast SEO plugin v27.1.1 - https:\/\/yoast.com\/product\/yoast-seo-wordpress\/ -->\n<title>El cibercrimen y la afectaci\u00f3n a los servicios de salud digital - Fundaci\u00f3 TIC Salut i Social<\/title>\n<meta name=\"robots\" content=\"index, follow, max-snippet:-1, max-image-preview:large, max-video-preview:-1\" \/>\n<link rel=\"canonical\" href=\"https:\/\/ticsalutsocial.atoom.space\/es\/noticia\/el-cibercrim-i-lafectacio-als-serveis-de-salut-digital\/\" \/>\n<meta property=\"og:locale\" content=\"es_ES\" \/>\n<meta property=\"og:type\" content=\"article\" \/>\n<meta property=\"og:title\" content=\"El cibercrimen y la afectaci\u00f3n a los servicios de salud digital - Fundaci\u00f3 TIC Salut i Social\" \/>\n<meta property=\"og:description\" content=\"El pasado 10 de mayo, la delegaci\u00f3n territorial del Colegio Oficial de Enfermeras y Enfermeras de Barcelona (COIB) en Osona organiz\u00f3 con la Universidad de Vic &#8211; Universidad Central de Catalu\u00f1a la jornada Innovaci\u00f3n tecnol\u00f3gica para los cuidados enfermeros. El acto llevado a cabo en la Facultad de Ciencias de la Salud y el Bienestar [&hellip;]\" \/>\n<meta property=\"og:url\" content=\"https:\/\/ticsalutsocial.atoom.space\/es\/noticia\/el-cibercrim-i-lafectacio-als-serveis-de-salut-digital\/\" \/>\n<meta property=\"og:site_name\" content=\"Fundaci\u00f3 TIC Salut i Social\" \/>\n<meta property=\"article:modified_time\" content=\"2023-05-12T08:08:25+00:00\" \/>\n<meta property=\"og:image\" content=\"https:\/\/ticsalutsocial.atoom.space\/wp-content\/uploads\/2023\/05\/cibercrim.jpeg\" \/>\n\t<meta property=\"og:image:width\" content=\"1276\" \/>\n\t<meta property=\"og:image:height\" content=\"715\" \/>\n\t<meta property=\"og:image:type\" content=\"image\/jpeg\" \/>\n<meta name=\"twitter:card\" content=\"summary_large_image\" \/>\n<meta name=\"twitter:label1\" content=\"Tiempo de lectura\" \/>\n\t<meta name=\"twitter:data1\" content=\"2 minutos\" \/>\n<script type=\"application\/ld+json\" class=\"yoast-schema-graph\">{\"@context\":\"https:\/\/schema.org\",\"@graph\":[{\"@type\":\"WebPage\",\"@id\":\"https:\/\/ticsalutsocial.atoom.space\/es\/noticia\/el-cibercrim-i-lafectacio-als-serveis-de-salut-digital\/\",\"url\":\"https:\/\/ticsalutsocial.atoom.space\/es\/noticia\/el-cibercrim-i-lafectacio-als-serveis-de-salut-digital\/\",\"name\":\"El cibercrimen y la afectaci\u00f3n a los servicios de salud digital - Fundaci\u00f3 TIC Salut i Social\",\"isPartOf\":{\"@id\":\"https:\/\/ticsalutsocial.atoom.space\/es\/#website\"},\"primaryImageOfPage\":{\"@id\":\"https:\/\/ticsalutsocial.atoom.space\/es\/noticia\/el-cibercrim-i-lafectacio-als-serveis-de-salut-digital\/#primaryimage\"},\"image\":{\"@id\":\"https:\/\/ticsalutsocial.atoom.space\/es\/noticia\/el-cibercrim-i-lafectacio-als-serveis-de-salut-digital\/#primaryimage\"},\"thumbnailUrl\":\"https:\/\/ticsalutsocial.atoom.space\/wp-content\/uploads\/2023\/05\/cibercrim.jpeg\",\"datePublished\":\"2023-05-11T14:15:34+00:00\",\"dateModified\":\"2023-05-12T08:08:25+00:00\",\"breadcrumb\":{\"@id\":\"https:\/\/ticsalutsocial.atoom.space\/es\/noticia\/el-cibercrim-i-lafectacio-als-serveis-de-salut-digital\/#breadcrumb\"},\"inLanguage\":\"es\",\"potentialAction\":[{\"@type\":\"ReadAction\",\"target\":[\"https:\/\/ticsalutsocial.atoom.space\/es\/noticia\/el-cibercrim-i-lafectacio-als-serveis-de-salut-digital\/\"]}]},{\"@type\":\"ImageObject\",\"inLanguage\":\"es\",\"@id\":\"https:\/\/ticsalutsocial.atoom.space\/es\/noticia\/el-cibercrim-i-lafectacio-als-serveis-de-salut-digital\/#primaryimage\",\"url\":\"https:\/\/ticsalutsocial.atoom.space\/wp-content\/uploads\/2023\/05\/cibercrim.jpeg\",\"contentUrl\":\"https:\/\/ticsalutsocial.atoom.space\/wp-content\/uploads\/2023\/05\/cibercrim.jpeg\",\"width\":1276,\"height\":715},{\"@type\":\"BreadcrumbList\",\"@id\":\"https:\/\/ticsalutsocial.atoom.space\/es\/noticia\/el-cibercrim-i-lafectacio-als-serveis-de-salut-digital\/#breadcrumb\",\"itemListElement\":[{\"@type\":\"ListItem\",\"position\":1,\"name\":\"Inici\",\"item\":\"https:\/\/ticsalutsocial.atoom.space\/es\/\"},{\"@type\":\"ListItem\",\"position\":2,\"name\":\"El cibercrimen y la afectaci\u00f3n a los servicios de salud digital\"}]},{\"@type\":\"WebSite\",\"@id\":\"https:\/\/ticsalutsocial.atoom.space\/es\/#website\",\"url\":\"https:\/\/ticsalutsocial.atoom.space\/es\/\",\"name\":\"Fundaci\u00f3 TIC Salut i Social\",\"description\":\"\",\"potentialAction\":[{\"@type\":\"SearchAction\",\"target\":{\"@type\":\"EntryPoint\",\"urlTemplate\":\"https:\/\/ticsalutsocial.atoom.space\/es\/?s={search_term_string}\"},\"query-input\":{\"@type\":\"PropertyValueSpecification\",\"valueRequired\":true,\"valueName\":\"search_term_string\"}}],\"inLanguage\":\"es\"}]}<\/script>\n<!-- \/ Yoast SEO plugin. -->","yoast_head_json":{"title":"El cibercrimen y la afectaci\u00f3n a los servicios de salud digital - Fundaci\u00f3 TIC Salut i Social","robots":{"index":"index","follow":"follow","max-snippet":"max-snippet:-1","max-image-preview":"max-image-preview:large","max-video-preview":"max-video-preview:-1"},"canonical":"https:\/\/ticsalutsocial.atoom.space\/es\/noticia\/el-cibercrim-i-lafectacio-als-serveis-de-salut-digital\/","og_locale":"es_ES","og_type":"article","og_title":"El cibercrimen y la afectaci\u00f3n a los servicios de salud digital - Fundaci\u00f3 TIC Salut i Social","og_description":"El pasado 10 de mayo, la delegaci\u00f3n territorial del Colegio Oficial de Enfermeras y Enfermeras de Barcelona (COIB) en Osona organiz\u00f3 con la Universidad de Vic &#8211; Universidad Central de Catalu\u00f1a la jornada Innovaci\u00f3n tecnol\u00f3gica para los cuidados enfermeros. El acto llevado a cabo en la Facultad de Ciencias de la Salud y el Bienestar [&hellip;]","og_url":"https:\/\/ticsalutsocial.atoom.space\/es\/noticia\/el-cibercrim-i-lafectacio-als-serveis-de-salut-digital\/","og_site_name":"Fundaci\u00f3 TIC Salut i Social","article_modified_time":"2023-05-12T08:08:25+00:00","og_image":[{"width":1276,"height":715,"url":"https:\/\/ticsalutsocial.atoom.space\/wp-content\/uploads\/2023\/05\/cibercrim.jpeg","type":"image\/jpeg"}],"twitter_card":"summary_large_image","twitter_misc":{"Tiempo de lectura":"2 minutos"},"schema":{"@context":"https:\/\/schema.org","@graph":[{"@type":"WebPage","@id":"https:\/\/ticsalutsocial.atoom.space\/es\/noticia\/el-cibercrim-i-lafectacio-als-serveis-de-salut-digital\/","url":"https:\/\/ticsalutsocial.atoom.space\/es\/noticia\/el-cibercrim-i-lafectacio-als-serveis-de-salut-digital\/","name":"El cibercrimen y la afectaci\u00f3n a los servicios de salud digital - Fundaci\u00f3 TIC Salut i Social","isPartOf":{"@id":"https:\/\/ticsalutsocial.atoom.space\/es\/#website"},"primaryImageOfPage":{"@id":"https:\/\/ticsalutsocial.atoom.space\/es\/noticia\/el-cibercrim-i-lafectacio-als-serveis-de-salut-digital\/#primaryimage"},"image":{"@id":"https:\/\/ticsalutsocial.atoom.space\/es\/noticia\/el-cibercrim-i-lafectacio-als-serveis-de-salut-digital\/#primaryimage"},"thumbnailUrl":"https:\/\/ticsalutsocial.atoom.space\/wp-content\/uploads\/2023\/05\/cibercrim.jpeg","datePublished":"2023-05-11T14:15:34+00:00","dateModified":"2023-05-12T08:08:25+00:00","breadcrumb":{"@id":"https:\/\/ticsalutsocial.atoom.space\/es\/noticia\/el-cibercrim-i-lafectacio-als-serveis-de-salut-digital\/#breadcrumb"},"inLanguage":"es","potentialAction":[{"@type":"ReadAction","target":["https:\/\/ticsalutsocial.atoom.space\/es\/noticia\/el-cibercrim-i-lafectacio-als-serveis-de-salut-digital\/"]}]},{"@type":"ImageObject","inLanguage":"es","@id":"https:\/\/ticsalutsocial.atoom.space\/es\/noticia\/el-cibercrim-i-lafectacio-als-serveis-de-salut-digital\/#primaryimage","url":"https:\/\/ticsalutsocial.atoom.space\/wp-content\/uploads\/2023\/05\/cibercrim.jpeg","contentUrl":"https:\/\/ticsalutsocial.atoom.space\/wp-content\/uploads\/2023\/05\/cibercrim.jpeg","width":1276,"height":715},{"@type":"BreadcrumbList","@id":"https:\/\/ticsalutsocial.atoom.space\/es\/noticia\/el-cibercrim-i-lafectacio-als-serveis-de-salut-digital\/#breadcrumb","itemListElement":[{"@type":"ListItem","position":1,"name":"Inici","item":"https:\/\/ticsalutsocial.atoom.space\/es\/"},{"@type":"ListItem","position":2,"name":"El cibercrimen y la afectaci\u00f3n a los servicios de salud digital"}]},{"@type":"WebSite","@id":"https:\/\/ticsalutsocial.atoom.space\/es\/#website","url":"https:\/\/ticsalutsocial.atoom.space\/es\/","name":"Fundaci\u00f3 TIC Salut i Social","description":"","potentialAction":[{"@type":"SearchAction","target":{"@type":"EntryPoint","urlTemplate":"https:\/\/ticsalutsocial.atoom.space\/es\/?s={search_term_string}"},"query-input":{"@type":"PropertyValueSpecification","valueRequired":true,"valueName":"search_term_string"}}],"inLanguage":"es"}]}},"_links":{"self":[{"href":"https:\/\/ticsalutsocial.atoom.space\/es\/wp-json\/wp\/v2\/noticia\/21051","targetHints":{"allow":["GET"]}}],"collection":[{"href":"https:\/\/ticsalutsocial.atoom.space\/es\/wp-json\/wp\/v2\/noticia"}],"about":[{"href":"https:\/\/ticsalutsocial.atoom.space\/es\/wp-json\/wp\/v2\/types\/noticia"}],"author":[{"embeddable":true,"href":"https:\/\/ticsalutsocial.atoom.space\/es\/wp-json\/wp\/v2\/users\/3"}],"wp:featuredmedia":[{"embeddable":true,"href":"https:\/\/ticsalutsocial.atoom.space\/es\/wp-json\/wp\/v2\/media\/21049"}],"wp:attachment":[{"href":"https:\/\/ticsalutsocial.atoom.space\/es\/wp-json\/wp\/v2\/media?parent=21051"}],"wp:term":[{"taxonomy":"etiqueta","embeddable":true,"href":"https:\/\/ticsalutsocial.atoom.space\/es\/wp-json\/wp\/v2\/etiqueta?post=21051"},{"taxonomy":"tipus","embeddable":true,"href":"https:\/\/ticsalutsocial.atoom.space\/es\/wp-json\/wp\/v2\/tipus?post=21051"},{"taxonomy":"topic","embeddable":true,"href":"https:\/\/ticsalutsocial.atoom.space\/es\/wp-json\/wp\/v2\/topic?post=21051"}],"curies":[{"name":"wp","href":"https:\/\/api.w.org\/{rel}","templated":true}]}}