
{"id":21069,"date":"2023-04-24T15:27:16","date_gmt":"2023-04-24T13:27:16","guid":{"rendered":"https:\/\/ticsalutsocial.atoom.space\/noticia\/catalunya-amplia-els-serveis-esalut-dins-del-projecte-my-healtheu-de-la-unio-europea\/"},"modified":"2023-05-12T12:26:06","modified_gmt":"2023-05-12T10:26:06","slug":"catalunya-amplia-els-serveis-esalut-dins-del-projecte-my-healtheu-de-la-unio-europea","status":"publish","type":"noticia","link":"https:\/\/ticsalutsocial.atoom.space\/es\/noticia\/catalunya-amplia-els-serveis-esalut-dins-del-projecte-my-healtheu-de-la-unio-europea\/","title":{"rendered":"Catalu\u00f1a ampl\u00eda los servicios eSalut dentro del proyecto \u00abMy Health@EU\u00bb de la Uni\u00f3n Europea"},"content":{"rendered":"<h2>El resumen de paciente europeo de los ciudadanos afiliados en Catalu\u00f1a ya puede consultarse en otros Estados Miembros de la UE y viceversa<\/h2>\n<p>Catalu\u00f1a logra un nuevo hito en el marco del proyecto por el <em><a href=\"https:\/\/ticsalutsocial.atoom.space\/project\/desplegament-de-serveis-esalut-transfronterers-a-espanya\/\" target=\"_blank\" rel=\"noopener\">Despliegue de servicios eSalut transfronterizos en Espa\u00f1a<\/a><\/em>. Ya est\u00e1 operativo el Resumen\u00a0del\u00a0Paciente\u00a0de la\u00a0Uni\u00f3n\u00a0Europea o\u00a0<em>EU Patient Summary\u00a0(EUPS)<\/em> entre algunos pa\u00edses miembros.<\/p>\n<p>EUPS es el documento que recoge la informaci\u00f3n cl\u00ednica m\u00e1s importante de una persona. Incluye diagn\u00f3sticos, tratamientos, resultados de pruebas y alergias para que los profesionales sanitarios de otros pa\u00edses de la Uni\u00f3n Europea puedan atender correctamente a los ciudadanos cuando solicitan asistencia m\u00e9dica no programada fuera de su pa\u00eds de origen.<\/p>\n<p>En Catalu\u00f1a este documento se crea a partir de la informaci\u00f3n de la Historia Cl\u00ednica Compartida de Catalunya (HC3). La EUPS es un resumen, no contiene toda la informaci\u00f3n de la Historia Cl\u00ednica de la persona. El Resumen del paciente tambi\u00e9n se encuentra ubicado en <em>La Meva Salut<\/em>, para que los ciudadanos afiliados en Catalu\u00f1a puedan acceder, revisar y descargarse la EUPS si disponen de certificado digital.<\/p>\n<p>Actualmente los pa\u00edses que acceden a la EUPS de pacientes de Espa\u00f1a son Portugal, Croacia, Francia, Luxemburgo y Malta. Y un total de 5 comunidades aut\u00f3nomas, las que disponen de este servicio transfronterizo: adem\u00e1s de Catalu\u00f1a, tambi\u00e9n se cuentan Andaluc\u00eda, Arag\u00f3n, Comunidad Valenciana y Pa\u00eds Vasco. Se prev\u00e9 que de forma progresiva otras comunidades y pa\u00edses europeos se sumen a estos servicios de eSalud para generalizar la oferta de los servicios sanitarios a toda la ciudadan\u00eda europea.<\/p>\n<p>\u00c9ste es un paso m\u00e1s que se suma y complementa la capacidad de <a href=\"https:\/\/ticsalutsocial.atoom.space\/noticia\/un-pas-mes-en-la-interoperabilitat-de-la-recepta-electronica-europea\/\">d<\/a><a href=\"https:\/\/ticsalutsocial.atoom.space\/noticia\/un-pas-mes-en-la-interoperabilitat-de-la-recepta-electronica-europea\/\">ispensar medicamentos<\/a> en otros pa\u00edses de la UE prescritos en Catalu\u00f1a y viceversa.<\/p>\n<p>&nbsp;<\/p>\n<p><strong>Referencias<\/strong><\/p>\n<p><a href=\"https:\/\/health.ec.europa.eu\/ehealth-digital-health-and-care\/electronic-cross-border-health-services_en\" target=\"_blank\" rel=\"noopener\">https:\/\/health.ec.europa.eu\/ehealth-digital-health-and-care\/electronic-cross-border-health-services_en<\/a><\/p>\n<p>&nbsp;<\/p>\n<p><a href=\"https:\/\/op.europa.eu\/en\/publication-detail\/-\/publication\/c581e791-fed7-11ea-b44f-01aa75ed71a1\/language-es\" target=\"_blank\" rel=\"noopener\">https:\/\/op.europa.eu\/en\/publication-detail\/-\/publication\/c581e791-fed7-11ea-b44f-01aa75ed71a1\/language-es<\/a><\/p>\n","protected":false},"author":3,"featured_media":20790,"menu_order":0,"template":"","meta":{"_acf_changed":false,"inline_featured_image":false},"etiqueta":[],"tipus":[],"topic":[127],"class_list":["post-21069","noticia","type-noticia","status-publish","has-post-thumbnail","hentry","topic-proyectos"],"acf":{"finalitzat":false,"tipus_plantilla":"objectius","template_objectius":{"cont_principal":"","imatge":false,"cont_seguent":{"titol":"","contingut":""},"seccio_llistat":{"titol":"","llistat":false},"objectius":{"titol":"","objectius":false},"documents":false},"autor":"","imatge":false,"textos_destacats":[{"texte":"En Catalu\u00f1a\u00a0este\u00a0documento\u00a0se crea a partir\u00a0de la\u00a0informaci\u00f3n\u00a0de la\u00a0Historia\u00a0Cl\u00ednica Compartida de Catalunya (HC3)."}],"documents":false},"yoast_head":"<!-- This site is optimized with the Yoast SEO plugin v27.1.1 - https:\/\/yoast.com\/product\/yoast-seo-wordpress\/ -->\n<title>Catalu\u00f1a ampl\u00eda los servicios eSalut dentro del proyecto &quot;My Health@EU&quot; de la Uni\u00f3n Europea - Fundaci\u00f3 TIC Salut i Social<\/title>\n<meta name=\"robots\" content=\"index, follow, max-snippet:-1, max-image-preview:large, max-video-preview:-1\" \/>\n<link rel=\"canonical\" href=\"https:\/\/ticsalutsocial.atoom.space\/es\/noticia\/catalunya-amplia-els-serveis-esalut-dins-del-projecte-my-healtheu-de-la-unio-europea\/\" \/>\n<meta property=\"og:locale\" content=\"es_ES\" \/>\n<meta property=\"og:type\" content=\"article\" \/>\n<meta property=\"og:title\" content=\"Catalu\u00f1a ampl\u00eda los servicios eSalut dentro del proyecto &quot;My Health@EU&quot; de la Uni\u00f3n Europea - Fundaci\u00f3 TIC Salut i Social\" \/>\n<meta property=\"og:description\" content=\"El resumen de paciente europeo de los ciudadanos afiliados en Catalu\u00f1a ya puede consultarse en otros Estados Miembros de la UE y viceversa Catalu\u00f1a logra un nuevo hito en el marco del proyecto por el Despliegue de servicios eSalut transfronterizos en Espa\u00f1a. Ya est\u00e1 operativo el Resumen\u00a0del\u00a0Paciente\u00a0de la\u00a0Uni\u00f3n\u00a0Europea o\u00a0EU Patient Summary\u00a0(EUPS) entre algunos pa\u00edses miembros. [&hellip;]\" \/>\n<meta property=\"og:url\" content=\"https:\/\/ticsalutsocial.atoom.space\/es\/noticia\/catalunya-amplia-els-serveis-esalut-dins-del-projecte-my-healtheu-de-la-unio-europea\/\" \/>\n<meta property=\"og:site_name\" content=\"Fundaci\u00f3 TIC Salut i Social\" \/>\n<meta property=\"article:modified_time\" content=\"2023-05-12T10:26:06+00:00\" \/>\n<meta property=\"og:image\" content=\"https:\/\/ticsalutsocial.atoom.space\/wp-content\/uploads\/2023\/04\/iStock-1416816620-scaled.jpg\" \/>\n\t<meta property=\"og:image:width\" content=\"2560\" \/>\n\t<meta property=\"og:image:height\" content=\"1440\" \/>\n\t<meta property=\"og:image:type\" content=\"image\/jpeg\" \/>\n<meta name=\"twitter:card\" content=\"summary_large_image\" \/>\n<meta name=\"twitter:label1\" content=\"Tiempo de lectura\" \/>\n\t<meta name=\"twitter:data1\" content=\"2 minutos\" \/>\n<script type=\"application\/ld+json\" class=\"yoast-schema-graph\">{\"@context\":\"https:\/\/schema.org\",\"@graph\":[{\"@type\":\"WebPage\",\"@id\":\"https:\/\/ticsalutsocial.atoom.space\/es\/noticia\/catalunya-amplia-els-serveis-esalut-dins-del-projecte-my-healtheu-de-la-unio-europea\/\",\"url\":\"https:\/\/ticsalutsocial.atoom.space\/es\/noticia\/catalunya-amplia-els-serveis-esalut-dins-del-projecte-my-healtheu-de-la-unio-europea\/\",\"name\":\"Catalu\u00f1a ampl\u00eda los servicios eSalut dentro del proyecto \\\"My Health@EU\\\" de la Uni\u00f3n Europea - Fundaci\u00f3 TIC Salut i Social\",\"isPartOf\":{\"@id\":\"https:\/\/ticsalutsocial.atoom.space\/es\/#website\"},\"primaryImageOfPage\":{\"@id\":\"https:\/\/ticsalutsocial.atoom.space\/es\/noticia\/catalunya-amplia-els-serveis-esalut-dins-del-projecte-my-healtheu-de-la-unio-europea\/#primaryimage\"},\"image\":{\"@id\":\"https:\/\/ticsalutsocial.atoom.space\/es\/noticia\/catalunya-amplia-els-serveis-esalut-dins-del-projecte-my-healtheu-de-la-unio-europea\/#primaryimage\"},\"thumbnailUrl\":\"https:\/\/ticsalutsocial.atoom.space\/wp-content\/uploads\/2023\/04\/iStock-1416816620-scaled.jpg\",\"datePublished\":\"2023-04-24T13:27:16+00:00\",\"dateModified\":\"2023-05-12T10:26:06+00:00\",\"breadcrumb\":{\"@id\":\"https:\/\/ticsalutsocial.atoom.space\/es\/noticia\/catalunya-amplia-els-serveis-esalut-dins-del-projecte-my-healtheu-de-la-unio-europea\/#breadcrumb\"},\"inLanguage\":\"es\",\"potentialAction\":[{\"@type\":\"ReadAction\",\"target\":[\"https:\/\/ticsalutsocial.atoom.space\/es\/noticia\/catalunya-amplia-els-serveis-esalut-dins-del-projecte-my-healtheu-de-la-unio-europea\/\"]}]},{\"@type\":\"ImageObject\",\"inLanguage\":\"es\",\"@id\":\"https:\/\/ticsalutsocial.atoom.space\/es\/noticia\/catalunya-amplia-els-serveis-esalut-dins-del-projecte-my-healtheu-de-la-unio-europea\/#primaryimage\",\"url\":\"https:\/\/ticsalutsocial.atoom.space\/wp-content\/uploads\/2023\/04\/iStock-1416816620-scaled.jpg\",\"contentUrl\":\"https:\/\/ticsalutsocial.atoom.space\/wp-content\/uploads\/2023\/04\/iStock-1416816620-scaled.jpg\",\"width\":2560,\"height\":1440,\"caption\":\"Medical technology concept. Remote medicine. Electronic medical record.\"},{\"@type\":\"BreadcrumbList\",\"@id\":\"https:\/\/ticsalutsocial.atoom.space\/es\/noticia\/catalunya-amplia-els-serveis-esalut-dins-del-projecte-my-healtheu-de-la-unio-europea\/#breadcrumb\",\"itemListElement\":[{\"@type\":\"ListItem\",\"position\":1,\"name\":\"Inici\",\"item\":\"https:\/\/ticsalutsocial.atoom.space\/es\/\"},{\"@type\":\"ListItem\",\"position\":2,\"name\":\"Catalu\u00f1a ampl\u00eda los servicios eSalut dentro del proyecto \u00abMy Health@EU\u00bb de la Uni\u00f3n Europea\"}]},{\"@type\":\"WebSite\",\"@id\":\"https:\/\/ticsalutsocial.atoom.space\/es\/#website\",\"url\":\"https:\/\/ticsalutsocial.atoom.space\/es\/\",\"name\":\"Fundaci\u00f3 TIC Salut i Social\",\"description\":\"\",\"potentialAction\":[{\"@type\":\"SearchAction\",\"target\":{\"@type\":\"EntryPoint\",\"urlTemplate\":\"https:\/\/ticsalutsocial.atoom.space\/es\/?s={search_term_string}\"},\"query-input\":{\"@type\":\"PropertyValueSpecification\",\"valueRequired\":true,\"valueName\":\"search_term_string\"}}],\"inLanguage\":\"es\"}]}<\/script>\n<!-- \/ Yoast SEO plugin. -->","yoast_head_json":{"title":"Catalu\u00f1a ampl\u00eda los servicios eSalut dentro del proyecto \"My Health@EU\" de la Uni\u00f3n Europea - Fundaci\u00f3 TIC Salut i Social","robots":{"index":"index","follow":"follow","max-snippet":"max-snippet:-1","max-image-preview":"max-image-preview:large","max-video-preview":"max-video-preview:-1"},"canonical":"https:\/\/ticsalutsocial.atoom.space\/es\/noticia\/catalunya-amplia-els-serveis-esalut-dins-del-projecte-my-healtheu-de-la-unio-europea\/","og_locale":"es_ES","og_type":"article","og_title":"Catalu\u00f1a ampl\u00eda los servicios eSalut dentro del proyecto \"My Health@EU\" de la Uni\u00f3n Europea - Fundaci\u00f3 TIC Salut i Social","og_description":"El resumen de paciente europeo de los ciudadanos afiliados en Catalu\u00f1a ya puede consultarse en otros Estados Miembros de la UE y viceversa Catalu\u00f1a logra un nuevo hito en el marco del proyecto por el Despliegue de servicios eSalut transfronterizos en Espa\u00f1a. Ya est\u00e1 operativo el Resumen\u00a0del\u00a0Paciente\u00a0de la\u00a0Uni\u00f3n\u00a0Europea o\u00a0EU Patient Summary\u00a0(EUPS) entre algunos pa\u00edses miembros. [&hellip;]","og_url":"https:\/\/ticsalutsocial.atoom.space\/es\/noticia\/catalunya-amplia-els-serveis-esalut-dins-del-projecte-my-healtheu-de-la-unio-europea\/","og_site_name":"Fundaci\u00f3 TIC Salut i Social","article_modified_time":"2023-05-12T10:26:06+00:00","og_image":[{"width":2560,"height":1440,"url":"https:\/\/ticsalutsocial.atoom.space\/wp-content\/uploads\/2023\/04\/iStock-1416816620-scaled.jpg","type":"image\/jpeg"}],"twitter_card":"summary_large_image","twitter_misc":{"Tiempo de lectura":"2 minutos"},"schema":{"@context":"https:\/\/schema.org","@graph":[{"@type":"WebPage","@id":"https:\/\/ticsalutsocial.atoom.space\/es\/noticia\/catalunya-amplia-els-serveis-esalut-dins-del-projecte-my-healtheu-de-la-unio-europea\/","url":"https:\/\/ticsalutsocial.atoom.space\/es\/noticia\/catalunya-amplia-els-serveis-esalut-dins-del-projecte-my-healtheu-de-la-unio-europea\/","name":"Catalu\u00f1a ampl\u00eda los servicios eSalut dentro del proyecto \"My Health@EU\" de la Uni\u00f3n Europea - Fundaci\u00f3 TIC Salut i Social","isPartOf":{"@id":"https:\/\/ticsalutsocial.atoom.space\/es\/#website"},"primaryImageOfPage":{"@id":"https:\/\/ticsalutsocial.atoom.space\/es\/noticia\/catalunya-amplia-els-serveis-esalut-dins-del-projecte-my-healtheu-de-la-unio-europea\/#primaryimage"},"image":{"@id":"https:\/\/ticsalutsocial.atoom.space\/es\/noticia\/catalunya-amplia-els-serveis-esalut-dins-del-projecte-my-healtheu-de-la-unio-europea\/#primaryimage"},"thumbnailUrl":"https:\/\/ticsalutsocial.atoom.space\/wp-content\/uploads\/2023\/04\/iStock-1416816620-scaled.jpg","datePublished":"2023-04-24T13:27:16+00:00","dateModified":"2023-05-12T10:26:06+00:00","breadcrumb":{"@id":"https:\/\/ticsalutsocial.atoom.space\/es\/noticia\/catalunya-amplia-els-serveis-esalut-dins-del-projecte-my-healtheu-de-la-unio-europea\/#breadcrumb"},"inLanguage":"es","potentialAction":[{"@type":"ReadAction","target":["https:\/\/ticsalutsocial.atoom.space\/es\/noticia\/catalunya-amplia-els-serveis-esalut-dins-del-projecte-my-healtheu-de-la-unio-europea\/"]}]},{"@type":"ImageObject","inLanguage":"es","@id":"https:\/\/ticsalutsocial.atoom.space\/es\/noticia\/catalunya-amplia-els-serveis-esalut-dins-del-projecte-my-healtheu-de-la-unio-europea\/#primaryimage","url":"https:\/\/ticsalutsocial.atoom.space\/wp-content\/uploads\/2023\/04\/iStock-1416816620-scaled.jpg","contentUrl":"https:\/\/ticsalutsocial.atoom.space\/wp-content\/uploads\/2023\/04\/iStock-1416816620-scaled.jpg","width":2560,"height":1440,"caption":"Medical technology concept. Remote medicine. Electronic medical record."},{"@type":"BreadcrumbList","@id":"https:\/\/ticsalutsocial.atoom.space\/es\/noticia\/catalunya-amplia-els-serveis-esalut-dins-del-projecte-my-healtheu-de-la-unio-europea\/#breadcrumb","itemListElement":[{"@type":"ListItem","position":1,"name":"Inici","item":"https:\/\/ticsalutsocial.atoom.space\/es\/"},{"@type":"ListItem","position":2,"name":"Catalu\u00f1a ampl\u00eda los servicios eSalut dentro del proyecto \u00abMy Health@EU\u00bb de la Uni\u00f3n Europea"}]},{"@type":"WebSite","@id":"https:\/\/ticsalutsocial.atoom.space\/es\/#website","url":"https:\/\/ticsalutsocial.atoom.space\/es\/","name":"Fundaci\u00f3 TIC Salut i Social","description":"","potentialAction":[{"@type":"SearchAction","target":{"@type":"EntryPoint","urlTemplate":"https:\/\/ticsalutsocial.atoom.space\/es\/?s={search_term_string}"},"query-input":{"@type":"PropertyValueSpecification","valueRequired":true,"valueName":"search_term_string"}}],"inLanguage":"es"}]}},"_links":{"self":[{"href":"https:\/\/ticsalutsocial.atoom.space\/es\/wp-json\/wp\/v2\/noticia\/21069","targetHints":{"allow":["GET"]}}],"collection":[{"href":"https:\/\/ticsalutsocial.atoom.space\/es\/wp-json\/wp\/v2\/noticia"}],"about":[{"href":"https:\/\/ticsalutsocial.atoom.space\/es\/wp-json\/wp\/v2\/types\/noticia"}],"author":[{"embeddable":true,"href":"https:\/\/ticsalutsocial.atoom.space\/es\/wp-json\/wp\/v2\/users\/3"}],"wp:featuredmedia":[{"embeddable":true,"href":"https:\/\/ticsalutsocial.atoom.space\/es\/wp-json\/wp\/v2\/media\/20790"}],"wp:attachment":[{"href":"https:\/\/ticsalutsocial.atoom.space\/es\/wp-json\/wp\/v2\/media?parent=21069"}],"wp:term":[{"taxonomy":"etiqueta","embeddable":true,"href":"https:\/\/ticsalutsocial.atoom.space\/es\/wp-json\/wp\/v2\/etiqueta?post=21069"},{"taxonomy":"tipus","embeddable":true,"href":"https:\/\/ticsalutsocial.atoom.space\/es\/wp-json\/wp\/v2\/tipus?post=21069"},{"taxonomy":"topic","embeddable":true,"href":"https:\/\/ticsalutsocial.atoom.space\/es\/wp-json\/wp\/v2\/topic?post=21069"}],"curies":[{"name":"wp","href":"https:\/\/api.w.org\/{rel}","templated":true}]}}