
{"id":21172,"date":"2023-05-23T13:47:34","date_gmt":"2023-05-23T11:47:34","guid":{"rendered":"https:\/\/ticsalutsocial.atoom.space\/noticia\/el-tjue-revisa-la-normativa-sobre-tractament-de-dades-personals-i-dret-dacces-a-expedients\/"},"modified":"2023-05-24T10:20:51","modified_gmt":"2023-05-24T08:20:51","slug":"el-tjue-revisa-la-normativa-sobre-tractament-de-dades-personals-i-dret-dacces-a-expedients","status":"publish","type":"noticia","link":"https:\/\/ticsalutsocial.atoom.space\/es\/noticia\/el-tjue-revisa-la-normativa-sobre-tractament-de-dades-personals-i-dret-dacces-a-expedients\/","title":{"rendered":"El TJUE revisa la normativa sobre tratamientos de datos personales y derecho de acceso a expedientes"},"content":{"rendered":"<p>El Tribunal de Justicia de la Uni\u00f3n Europea (TJUE) abre la posibilidad de conseguir la anonimizaci\u00f3n de los datos de una forma mucho m\u00e1s sencilla al planteamiento disponible hasta ese momento. Esta revisi\u00f3n se realiza a partir de una sentencia recogida a ra\u00edz de un caso de la Junta \u00danica de Resoluci\u00f3n (JUR) contra el Supervisor Europeo de Protecci\u00f3n de Datos.<\/p>\n<p>El procedimiento jur\u00eddico y alegaciones de las partes en esta revisi\u00f3n de sentencia quedan recogidos en una <a href=\"https:\/\/ticsalutsocial.atoom.space\/wp-content\/uploads\/2023\/05\/Pindola-58-La-STS-557_2020-sobre-dret-acces-a-expedient.pdf\" target=\"_blank\" rel=\"noopener\">p\u00edldora informativa<\/a> emitida por el equipo de la Oficina del Delegado de Protecci\u00f3n de Datos de la Fundaci\u00f3n TIC Salut Social.<\/p>\n<p>Entre los aspectos m\u00e1s relevantes de esta revisi\u00f3n sobre anonimizaci\u00f3n de datos destacan el hecho de que los datos personales que se transmiten a un tercero deben considerarse an\u00f3nimos siempre y cuando el destinatario no cuente con los medios para poder identificar de nuevo a la persona interesada. El hecho de que el emisor o intermediario que facilita los datos cuente o pueda contar con medios para poder identificar a las personas interesadas, no implica que los datos transmitidos se conviertan en datos personales para el destinatario.<\/p>\n<p>Como resultado se ha establecido una nueva interpretaci\u00f3n jur\u00eddica del concepto de anonimizaci\u00f3n y la sentencia marca una diferencia importante en c\u00f3mo tratar los datos transmitidos a un tercero.<\/p>\n","protected":false},"author":3,"featured_media":21167,"menu_order":0,"template":"","meta":{"_acf_changed":false,"inline_featured_image":false},"etiqueta":[],"tipus":[106],"topic":[121],"class_list":["post-21172","noticia","type-noticia","status-publish","has-post-thumbnail","hentry","tipus-dpd-salud","topic-dpd-es"],"acf":{"finalitzat":false,"tipus_plantilla":"objectius","template_objectius":{"cont_principal":"","imatge":false,"cont_seguent":{"titol":"","contingut":""},"seccio_llistat":{"titol":"","llistat":false},"objectius":{"titol":"","objectius":false},"documents":false},"autor":"","imatge":false,"textos_destacats":[{"texte":"Como resultado se ha establecido una nueva interpretaci\u00f3n jur\u00eddica del concepto de anonimizaci\u00f3n y la sentencia marca una diferencia importante en c\u00f3mo tratar los datos transmitidos a un tercero"}],"documents":false},"yoast_head":"<!-- This site is optimized with the Yoast SEO plugin v27.1.1 - https:\/\/yoast.com\/product\/yoast-seo-wordpress\/ -->\n<title>El TJUE revisa la normativa sobre tratamientos de datos personales y derecho de acceso a expedientes - Fundaci\u00f3 TIC Salut i Social<\/title>\n<meta name=\"robots\" content=\"index, follow, max-snippet:-1, max-image-preview:large, max-video-preview:-1\" \/>\n<link rel=\"canonical\" href=\"https:\/\/ticsalutsocial.atoom.space\/es\/noticia\/el-tjue-revisa-la-normativa-sobre-tractament-de-dades-personals-i-dret-dacces-a-expedients\/\" \/>\n<meta property=\"og:locale\" content=\"es_ES\" \/>\n<meta property=\"og:type\" content=\"article\" \/>\n<meta property=\"og:title\" content=\"El TJUE revisa la normativa sobre tratamientos de datos personales y derecho de acceso a expedientes - Fundaci\u00f3 TIC Salut i Social\" \/>\n<meta property=\"og:description\" content=\"El Tribunal de Justicia de la Uni\u00f3n Europea (TJUE) abre la posibilidad de conseguir la anonimizaci\u00f3n de los datos de una forma mucho m\u00e1s sencilla al planteamiento disponible hasta ese momento. Esta revisi\u00f3n se realiza a partir de una sentencia recogida a ra\u00edz de un caso de la Junta \u00danica de Resoluci\u00f3n (JUR) contra el [&hellip;]\" \/>\n<meta property=\"og:url\" content=\"https:\/\/ticsalutsocial.atoom.space\/es\/noticia\/el-tjue-revisa-la-normativa-sobre-tractament-de-dades-personals-i-dret-dacces-a-expedients\/\" \/>\n<meta property=\"og:site_name\" content=\"Fundaci\u00f3 TIC Salut i Social\" \/>\n<meta property=\"article:modified_time\" content=\"2023-05-24T08:20:51+00:00\" \/>\n<meta property=\"og:image\" content=\"https:\/\/ticsalutsocial.atoom.space\/wp-content\/uploads\/2023\/05\/iStock-1344810365-scaled.jpg\" \/>\n\t<meta property=\"og:image:width\" content=\"2560\" \/>\n\t<meta property=\"og:image:height\" content=\"1706\" \/>\n\t<meta property=\"og:image:type\" content=\"image\/jpeg\" \/>\n<meta name=\"twitter:card\" content=\"summary_large_image\" \/>\n<meta name=\"twitter:label1\" content=\"Tiempo de lectura\" \/>\n\t<meta name=\"twitter:data1\" content=\"1 minuto\" \/>\n<script type=\"application\/ld+json\" class=\"yoast-schema-graph\">{\"@context\":\"https:\/\/schema.org\",\"@graph\":[{\"@type\":\"WebPage\",\"@id\":\"https:\/\/ticsalutsocial.atoom.space\/es\/noticia\/el-tjue-revisa-la-normativa-sobre-tractament-de-dades-personals-i-dret-dacces-a-expedients\/\",\"url\":\"https:\/\/ticsalutsocial.atoom.space\/es\/noticia\/el-tjue-revisa-la-normativa-sobre-tractament-de-dades-personals-i-dret-dacces-a-expedients\/\",\"name\":\"El TJUE revisa la normativa sobre tratamientos de datos personales y derecho de acceso a expedientes - Fundaci\u00f3 TIC Salut i Social\",\"isPartOf\":{\"@id\":\"https:\/\/ticsalutsocial.atoom.space\/es\/#website\"},\"primaryImageOfPage\":{\"@id\":\"https:\/\/ticsalutsocial.atoom.space\/es\/noticia\/el-tjue-revisa-la-normativa-sobre-tractament-de-dades-personals-i-dret-dacces-a-expedients\/#primaryimage\"},\"image\":{\"@id\":\"https:\/\/ticsalutsocial.atoom.space\/es\/noticia\/el-tjue-revisa-la-normativa-sobre-tractament-de-dades-personals-i-dret-dacces-a-expedients\/#primaryimage\"},\"thumbnailUrl\":\"https:\/\/ticsalutsocial.atoom.space\/wp-content\/uploads\/2023\/05\/iStock-1344810365-scaled.jpg\",\"datePublished\":\"2023-05-23T11:47:34+00:00\",\"dateModified\":\"2023-05-24T08:20:51+00:00\",\"breadcrumb\":{\"@id\":\"https:\/\/ticsalutsocial.atoom.space\/es\/noticia\/el-tjue-revisa-la-normativa-sobre-tractament-de-dades-personals-i-dret-dacces-a-expedients\/#breadcrumb\"},\"inLanguage\":\"es\",\"potentialAction\":[{\"@type\":\"ReadAction\",\"target\":[\"https:\/\/ticsalutsocial.atoom.space\/es\/noticia\/el-tjue-revisa-la-normativa-sobre-tractament-de-dades-personals-i-dret-dacces-a-expedients\/\"]}]},{\"@type\":\"ImageObject\",\"inLanguage\":\"es\",\"@id\":\"https:\/\/ticsalutsocial.atoom.space\/es\/noticia\/el-tjue-revisa-la-normativa-sobre-tractament-de-dades-personals-i-dret-dacces-a-expedients\/#primaryimage\",\"url\":\"https:\/\/ticsalutsocial.atoom.space\/wp-content\/uploads\/2023\/05\/iStock-1344810365-scaled.jpg\",\"contentUrl\":\"https:\/\/ticsalutsocial.atoom.space\/wp-content\/uploads\/2023\/05\/iStock-1344810365-scaled.jpg\",\"width\":2560,\"height\":1706,\"caption\":\"Fingerprint scan for secure access to protected data network with biometrics. Person using finger print authentication technology on laptop computer to login on private system.\"},{\"@type\":\"BreadcrumbList\",\"@id\":\"https:\/\/ticsalutsocial.atoom.space\/es\/noticia\/el-tjue-revisa-la-normativa-sobre-tractament-de-dades-personals-i-dret-dacces-a-expedients\/#breadcrumb\",\"itemListElement\":[{\"@type\":\"ListItem\",\"position\":1,\"name\":\"Inici\",\"item\":\"https:\/\/ticsalutsocial.atoom.space\/es\/\"},{\"@type\":\"ListItem\",\"position\":2,\"name\":\"El TJUE revisa la normativa sobre tratamientos de datos personales y derecho de acceso a expedientes\"}]},{\"@type\":\"WebSite\",\"@id\":\"https:\/\/ticsalutsocial.atoom.space\/es\/#website\",\"url\":\"https:\/\/ticsalutsocial.atoom.space\/es\/\",\"name\":\"Fundaci\u00f3 TIC Salut i Social\",\"description\":\"\",\"potentialAction\":[{\"@type\":\"SearchAction\",\"target\":{\"@type\":\"EntryPoint\",\"urlTemplate\":\"https:\/\/ticsalutsocial.atoom.space\/es\/?s={search_term_string}\"},\"query-input\":{\"@type\":\"PropertyValueSpecification\",\"valueRequired\":true,\"valueName\":\"search_term_string\"}}],\"inLanguage\":\"es\"}]}<\/script>\n<!-- \/ Yoast SEO plugin. -->","yoast_head_json":{"title":"El TJUE revisa la normativa sobre tratamientos de datos personales y derecho de acceso a expedientes - Fundaci\u00f3 TIC Salut i Social","robots":{"index":"index","follow":"follow","max-snippet":"max-snippet:-1","max-image-preview":"max-image-preview:large","max-video-preview":"max-video-preview:-1"},"canonical":"https:\/\/ticsalutsocial.atoom.space\/es\/noticia\/el-tjue-revisa-la-normativa-sobre-tractament-de-dades-personals-i-dret-dacces-a-expedients\/","og_locale":"es_ES","og_type":"article","og_title":"El TJUE revisa la normativa sobre tratamientos de datos personales y derecho de acceso a expedientes - Fundaci\u00f3 TIC Salut i Social","og_description":"El Tribunal de Justicia de la Uni\u00f3n Europea (TJUE) abre la posibilidad de conseguir la anonimizaci\u00f3n de los datos de una forma mucho m\u00e1s sencilla al planteamiento disponible hasta ese momento. Esta revisi\u00f3n se realiza a partir de una sentencia recogida a ra\u00edz de un caso de la Junta \u00danica de Resoluci\u00f3n (JUR) contra el [&hellip;]","og_url":"https:\/\/ticsalutsocial.atoom.space\/es\/noticia\/el-tjue-revisa-la-normativa-sobre-tractament-de-dades-personals-i-dret-dacces-a-expedients\/","og_site_name":"Fundaci\u00f3 TIC Salut i Social","article_modified_time":"2023-05-24T08:20:51+00:00","og_image":[{"width":2560,"height":1706,"url":"https:\/\/ticsalutsocial.atoom.space\/wp-content\/uploads\/2023\/05\/iStock-1344810365-scaled.jpg","type":"image\/jpeg"}],"twitter_card":"summary_large_image","twitter_misc":{"Tiempo de lectura":"1 minuto"},"schema":{"@context":"https:\/\/schema.org","@graph":[{"@type":"WebPage","@id":"https:\/\/ticsalutsocial.atoom.space\/es\/noticia\/el-tjue-revisa-la-normativa-sobre-tractament-de-dades-personals-i-dret-dacces-a-expedients\/","url":"https:\/\/ticsalutsocial.atoom.space\/es\/noticia\/el-tjue-revisa-la-normativa-sobre-tractament-de-dades-personals-i-dret-dacces-a-expedients\/","name":"El TJUE revisa la normativa sobre tratamientos de datos personales y derecho de acceso a expedientes - Fundaci\u00f3 TIC Salut i Social","isPartOf":{"@id":"https:\/\/ticsalutsocial.atoom.space\/es\/#website"},"primaryImageOfPage":{"@id":"https:\/\/ticsalutsocial.atoom.space\/es\/noticia\/el-tjue-revisa-la-normativa-sobre-tractament-de-dades-personals-i-dret-dacces-a-expedients\/#primaryimage"},"image":{"@id":"https:\/\/ticsalutsocial.atoom.space\/es\/noticia\/el-tjue-revisa-la-normativa-sobre-tractament-de-dades-personals-i-dret-dacces-a-expedients\/#primaryimage"},"thumbnailUrl":"https:\/\/ticsalutsocial.atoom.space\/wp-content\/uploads\/2023\/05\/iStock-1344810365-scaled.jpg","datePublished":"2023-05-23T11:47:34+00:00","dateModified":"2023-05-24T08:20:51+00:00","breadcrumb":{"@id":"https:\/\/ticsalutsocial.atoom.space\/es\/noticia\/el-tjue-revisa-la-normativa-sobre-tractament-de-dades-personals-i-dret-dacces-a-expedients\/#breadcrumb"},"inLanguage":"es","potentialAction":[{"@type":"ReadAction","target":["https:\/\/ticsalutsocial.atoom.space\/es\/noticia\/el-tjue-revisa-la-normativa-sobre-tractament-de-dades-personals-i-dret-dacces-a-expedients\/"]}]},{"@type":"ImageObject","inLanguage":"es","@id":"https:\/\/ticsalutsocial.atoom.space\/es\/noticia\/el-tjue-revisa-la-normativa-sobre-tractament-de-dades-personals-i-dret-dacces-a-expedients\/#primaryimage","url":"https:\/\/ticsalutsocial.atoom.space\/wp-content\/uploads\/2023\/05\/iStock-1344810365-scaled.jpg","contentUrl":"https:\/\/ticsalutsocial.atoom.space\/wp-content\/uploads\/2023\/05\/iStock-1344810365-scaled.jpg","width":2560,"height":1706,"caption":"Fingerprint scan for secure access to protected data network with biometrics. Person using finger print authentication technology on laptop computer to login on private system."},{"@type":"BreadcrumbList","@id":"https:\/\/ticsalutsocial.atoom.space\/es\/noticia\/el-tjue-revisa-la-normativa-sobre-tractament-de-dades-personals-i-dret-dacces-a-expedients\/#breadcrumb","itemListElement":[{"@type":"ListItem","position":1,"name":"Inici","item":"https:\/\/ticsalutsocial.atoom.space\/es\/"},{"@type":"ListItem","position":2,"name":"El TJUE revisa la normativa sobre tratamientos de datos personales y derecho de acceso a expedientes"}]},{"@type":"WebSite","@id":"https:\/\/ticsalutsocial.atoom.space\/es\/#website","url":"https:\/\/ticsalutsocial.atoom.space\/es\/","name":"Fundaci\u00f3 TIC Salut i Social","description":"","potentialAction":[{"@type":"SearchAction","target":{"@type":"EntryPoint","urlTemplate":"https:\/\/ticsalutsocial.atoom.space\/es\/?s={search_term_string}"},"query-input":{"@type":"PropertyValueSpecification","valueRequired":true,"valueName":"search_term_string"}}],"inLanguage":"es"}]}},"_links":{"self":[{"href":"https:\/\/ticsalutsocial.atoom.space\/es\/wp-json\/wp\/v2\/noticia\/21172","targetHints":{"allow":["GET"]}}],"collection":[{"href":"https:\/\/ticsalutsocial.atoom.space\/es\/wp-json\/wp\/v2\/noticia"}],"about":[{"href":"https:\/\/ticsalutsocial.atoom.space\/es\/wp-json\/wp\/v2\/types\/noticia"}],"author":[{"embeddable":true,"href":"https:\/\/ticsalutsocial.atoom.space\/es\/wp-json\/wp\/v2\/users\/3"}],"wp:featuredmedia":[{"embeddable":true,"href":"https:\/\/ticsalutsocial.atoom.space\/es\/wp-json\/wp\/v2\/media\/21167"}],"wp:attachment":[{"href":"https:\/\/ticsalutsocial.atoom.space\/es\/wp-json\/wp\/v2\/media?parent=21172"}],"wp:term":[{"taxonomy":"etiqueta","embeddable":true,"href":"https:\/\/ticsalutsocial.atoom.space\/es\/wp-json\/wp\/v2\/etiqueta?post=21172"},{"taxonomy":"tipus","embeddable":true,"href":"https:\/\/ticsalutsocial.atoom.space\/es\/wp-json\/wp\/v2\/tipus?post=21172"},{"taxonomy":"topic","embeddable":true,"href":"https:\/\/ticsalutsocial.atoom.space\/es\/wp-json\/wp\/v2\/topic?post=21172"}],"curies":[{"name":"wp","href":"https:\/\/api.w.org\/{rel}","templated":true}]}}