
{"id":21326,"date":"2023-06-09T08:55:59","date_gmt":"2023-06-09T06:55:59","guid":{"rendered":"https:\/\/ticsalutsocial.atoom.space\/noticia\/ja-disponible-a-youtube-la-conferencia-dopenehr-no-time-to-waste-building-the-lifelong-patient-centric-ehr\/"},"modified":"2023-06-15T08:49:45","modified_gmt":"2023-06-15T06:49:45","slug":"ja-disponible-a-youtube-la-conferencia-dopenehr-no-time-to-waste-building-the-lifelong-patient-centric-ehr","status":"publish","type":"noticia","link":"https:\/\/ticsalutsocial.atoom.space\/es\/noticia\/ja-disponible-a-youtube-la-conferencia-dopenehr-no-time-to-waste-building-the-lifelong-patient-centric-ehr\/","title":{"rendered":"Ya disponible en YouTube la conferencia de openEHR: &#8216;No time to waste, building the lifelong, patient-centric EHR&#8217;"},"content":{"rendered":"\n<p>M\u00e1s de 250 personas expertas y profesionales de todo el mundo interesadas en openEHR asistieron el pasado 6 de junio a la conferencia internacional &#8216;<a href=\"https:\/\/ticsalutsocial.atoom.space\/es\/event\/openehr-conference-no-time-to-waste-building-the-lifelong-patient-centric-ehr-2\/\" target=\"_blank\" rel=\"noreferrer noopener\">openEHR &#8211; No time to waste: building the lifelong, patient-centric EHR<\/a>&#8216;. El acto se celebr\u00f3 en el paraninfo de la Facultad de Medicina y Ciencias de la Salud de la Universidad de Barcelona, y fue coorganizado por la Fundaci\u00f3n openEHR, el \u00c1rea de Sistemas de la Informaci\u00f3n del Servicio Catal\u00e1n de la Salud y la Fundaci\u00f3n TIC Salut Social.<\/p>\n\n\n\n<p>OpenEHR es el est\u00e1ndar de interoperabilidad escogido para definir el modelo de informaci\u00f3n cl\u00ednica del futuro de la sanidad catalana, tal y como explic\u00f3 el Director de Sistemas de la Informaci\u00f3n del Servicio Catal\u00e1n de la Salud, <strong>Pol P\u00e9rez Sust<\/strong>, en la bienvenida de la jornada. <strong>\u201cQueremos dar un paso adelante hacia la interoperabilidad sem\u00e1ntica (\u2026), con el objetivo final de construir una historia cl\u00ednica longitudinal para toda la ciudadan\u00eda de Catalunya\u00bb<\/strong>, asegur\u00f3 P\u00e9rez, tras remarcar que todas las licitaciones que salgan a partir de ahora ir\u00e1n en esta direcci\u00f3n, hacia un modelo de datos sanitarios centrado en los y las pacientes.<\/p>\n\n\n\n<p>En la bienvenida tambi\u00e9n particip\u00f3 <strong>Xavier Pastor<\/strong>, ex jefe de Inform\u00e1tica M\u00e9dica del Hospital Cl\u00ednic de Barcelona, insistiendo en que <strong>\u201ces necesario incluir en el curr\u00edculum m\u00e9dico nuevas competencias para incorporar estas nuevas tecnolog\u00edas a la pr\u00e1ctica cl\u00ednica\u201d<\/strong> y hacer as\u00ed que el personal asistencial pueda interpretar los resultados y posibilidades que ofrecen, y comunicarlo a los y las pacientes.<\/p>\n\n\n\n<p>La conferencia inaugural corri\u00f3 a cargo de <strong>Rachel Dunscombe<\/strong>, copresidenta de openEHR y consultora jefe de industria en Dedalus. Para Dunscombe, la tercera generaci\u00f3n de EHR supone un salto de un modelo en el que los datos son utilizados de forma t\u00e1ctica, hacia otro, preparado para la era de la inteligencia artificial, en el que las datos sean empleados de forma estrat\u00e9gica a lo largo de las pr\u00f3ximas d\u00e9cadas y considerados un activo financiero. Pero antes, explic\u00f3 que habr\u00e1 que eliminar variaciones injustificadas de los datos para conseguir sistemas m\u00e1s seguros y eficientes, centrando el modelo en la personalizaci\u00f3n, la participaci\u00f3n ciudadana y una atenci\u00f3n sanitaria m\u00e1s cercana a los domicilios de las personas pacientes.<\/p>\n\n\n\n<p>A lo largo de la jornada tambi\u00e9n se compartieron experiencias sobre el uso, retos y oportunidades de openEHR en los sistemas p\u00fablicos de salud de Escocia, Catalu\u00f1a, Espa\u00f1a, Pa\u00edses Bajos, Noruega, Finlandia y Suecia, entre otros, y se comparti\u00f3 la visi\u00f3n de la industria. Puedes seguir todas las ponencias y mesas redondas en este enlace:<\/p>\n\n\n\n<figure class=\"wp-block-embed is-type-video is-provider-youtube wp-block-embed-youtube wp-embed-aspect-16-9 wp-has-aspect-ratio\"><div class=\"wp-block-embed__wrapper\">\n<iframe loading=\"lazy\" title=\"openEHR Conference: &quot;No time to waste: building the lifelong, patient-centric EHR&quot;\" width=\"500\" height=\"281\" src=\"https:\/\/www.youtube.com\/embed\/PTrBKCPELOU?feature=oembed\" frameborder=\"0\" allow=\"accelerometer; autoplay; clipboard-write; encrypted-media; gyroscope; picture-in-picture; web-share\" referrerpolicy=\"strict-origin-when-cross-origin\" allowfullscreen><\/iframe>\n<\/div><\/figure>\n\n\n\n<p><\/p>\n\n\n\n<p>En la \u00faltima sesi\u00f3n de la conferencia, el Director de la Oficina de Estrategia de Salud Digital del Servicio Catal\u00e1n de la Salud, <strong>Jordi Piera<\/strong>, present\u00f3 un proyecto financiado con fondos Next Generation que est\u00e1 coliderando con representantes de Catalu\u00f1a, Andaluc\u00eda y Asturias para replantear el modelo de informaci\u00f3n sanitaria espa\u00f1ol, centr\u00e1ndose sobre todo en la historia cl\u00ednica electr\u00f3nica. Y concluy\u00f3 con una receta para que los asistentes sepan c\u00f3mo pueden convencer a su ecosistema de la necesidad de avanzar en la interoperabilidad sem\u00e1ntica: hace falta un sistema maduro, un liderazgo firme, involucrar a todas las partes implicadas, tener claro cu\u00e1les son los problemas que se quieren resolver, y por \u00faltimo, \u00a1ser valientes!<\/p>\n\n\n\n<p>La conferencia fue patrocinada por Better, Vitagroup, Dedalus, MongoDB, Ocean Health Systems, Veratech, IN2, T-Systems y View Next.<\/p>\n\n\n\n<p><\/p>\n\n\n\n<h2 class=\"wp-block-heading\">M\u00e1s informaci\u00f3n<\/h2>\n\n\n\n<ul class=\"wp-block-list\">\n<li><a href=\"https:\/\/ticsalutsocial.atoom.space\/es\/event\/openehr-conference-no-time-to-waste-building-the-lifelong-patient-centric-ehr-2\/\">Presentaciones del evento <\/a>(el enlace de cada presentaci\u00f3n est\u00e1 junto a cada ponente en la agenda)<\/li>\n<\/ul>\n\n\n\n<ul class=\"wp-block-list\">\n<li><a href=\"https:\/\/photos.google.com\/share\/AF1QipMs0aqezMnSADCvuJpk_o5g7zmmDPtMEDjJZcR3QXlaNyRhMuHJE6X-GOcxT31GLg?key=UHlTanFtNl93QkU3anQtSFBGVldXRTNYSW9VbXNn\" target=\"_blank\" rel=\"noreferrer noopener\">Im\u00e1genes del evento<\/a><\/li>\n<\/ul>\n\n\n\n<ul class=\"wp-block-list\">\n<li><a href=\"https:\/\/www.instagram.com\/p\/CtRQUT_KKYX\/\" target=\"_blank\" rel=\"noreferrer noopener\">V\u00eddeo resumen del evento<\/a> <br><\/li>\n<\/ul>\n","protected":false},"author":12,"featured_media":21322,"menu_order":0,"template":"","meta":{"_acf_changed":false,"inline_featured_image":false},"etiqueta":[],"tipus":[84],"topic":[],"class_list":["post-21326","noticia","type-noticia","status-publish","has-post-thumbnail","hentry","tipus-oficina-interoperabilidad"],"acf":{"finalitzat":false,"tipus_plantilla":"objectius","template_objectius":{"cont_principal":"","imatge":21322,"cont_seguent":{"titol":"","contingut":""},"seccio_llistat":{"titol":"","llistat":false},"objectius":{"titol":"","objectius":false},"documents":false},"autor":"","imatge":21322,"textos_destacats":[{"texte":"OpenEHR es el est\u00e1ndar de interoperabilidad escogido para definir el modelo de informaci\u00f3n cl\u00ednica del futuro de la sanidad catalana.  "}],"documents":false},"yoast_head":"<!-- This site is optimized with the Yoast SEO plugin v27.1.1 - https:\/\/yoast.com\/product\/yoast-seo-wordpress\/ -->\n<title>Ya disponible en YouTube la conferencia de openEHR: &#039;No time to waste, building the lifelong, patient-centric EHR&#039; - Fundaci\u00f3 TIC Salut i Social<\/title>\n<meta name=\"description\" content=\"OpenEHR es el est\u00e1ndar de interoperabilidad escogido para definir el modelo de informaci\u00f3n cl\u00ednica del futuro de la sanidad catalana.\" \/>\n<meta name=\"robots\" content=\"index, follow, max-snippet:-1, max-image-preview:large, max-video-preview:-1\" \/>\n<link rel=\"canonical\" href=\"https:\/\/ticsalutsocial.atoom.space\/es\/noticia\/ja-disponible-a-youtube-la-conferencia-dopenehr-no-time-to-waste-building-the-lifelong-patient-centric-ehr\/\" \/>\n<meta property=\"og:locale\" content=\"es_ES\" \/>\n<meta property=\"og:type\" content=\"article\" \/>\n<meta property=\"og:title\" content=\"Ya disponible en YouTube la conferencia de openEHR: &#039;No time to waste, building the lifelong, patient-centric EHR&#039; - Fundaci\u00f3 TIC Salut i Social\" \/>\n<meta property=\"og:description\" content=\"OpenEHR es el est\u00e1ndar de interoperabilidad escogido para definir el modelo de informaci\u00f3n cl\u00ednica del futuro de la sanidad catalana.\" \/>\n<meta property=\"og:url\" content=\"https:\/\/ticsalutsocial.atoom.space\/es\/noticia\/ja-disponible-a-youtube-la-conferencia-dopenehr-no-time-to-waste-building-the-lifelong-patient-centric-ehr\/\" \/>\n<meta property=\"og:site_name\" content=\"Fundaci\u00f3 TIC Salut i Social\" \/>\n<meta property=\"article:modified_time\" content=\"2023-06-15T06:49:45+00:00\" \/>\n<meta property=\"og:image\" content=\"https:\/\/ticsalutsocial.atoom.space\/wp-content\/uploads\/2023\/06\/OpenEHR-Conference.jpg\" \/>\n\t<meta property=\"og:image:width\" content=\"2560\" \/>\n\t<meta property=\"og:image:height\" content=\"1920\" \/>\n\t<meta property=\"og:image:type\" content=\"image\/jpeg\" \/>\n<meta name=\"twitter:card\" content=\"summary_large_image\" \/>\n<meta name=\"twitter:label1\" content=\"Tiempo de lectura\" \/>\n\t<meta name=\"twitter:data1\" content=\"3 minutos\" \/>\n<script type=\"application\/ld+json\" class=\"yoast-schema-graph\">{\"@context\":\"https:\/\/schema.org\",\"@graph\":[{\"@type\":\"WebPage\",\"@id\":\"https:\/\/ticsalutsocial.atoom.space\/es\/noticia\/ja-disponible-a-youtube-la-conferencia-dopenehr-no-time-to-waste-building-the-lifelong-patient-centric-ehr\/\",\"url\":\"https:\/\/ticsalutsocial.atoom.space\/es\/noticia\/ja-disponible-a-youtube-la-conferencia-dopenehr-no-time-to-waste-building-the-lifelong-patient-centric-ehr\/\",\"name\":\"Ya disponible en YouTube la conferencia de openEHR: 'No time to waste, building the lifelong, patient-centric EHR' - Fundaci\u00f3 TIC Salut i Social\",\"isPartOf\":{\"@id\":\"https:\/\/ticsalutsocial.atoom.space\/es\/#website\"},\"primaryImageOfPage\":{\"@id\":\"https:\/\/ticsalutsocial.atoom.space\/es\/noticia\/ja-disponible-a-youtube-la-conferencia-dopenehr-no-time-to-waste-building-the-lifelong-patient-centric-ehr\/#primaryimage\"},\"image\":{\"@id\":\"https:\/\/ticsalutsocial.atoom.space\/es\/noticia\/ja-disponible-a-youtube-la-conferencia-dopenehr-no-time-to-waste-building-the-lifelong-patient-centric-ehr\/#primaryimage\"},\"thumbnailUrl\":\"https:\/\/ticsalutsocial.atoom.space\/wp-content\/uploads\/2023\/06\/OpenEHR-Conference.jpg\",\"datePublished\":\"2023-06-09T06:55:59+00:00\",\"dateModified\":\"2023-06-15T06:49:45+00:00\",\"description\":\"OpenEHR es el est\u00e1ndar de interoperabilidad escogido para definir el modelo de informaci\u00f3n cl\u00ednica del futuro de la sanidad catalana.\",\"breadcrumb\":{\"@id\":\"https:\/\/ticsalutsocial.atoom.space\/es\/noticia\/ja-disponible-a-youtube-la-conferencia-dopenehr-no-time-to-waste-building-the-lifelong-patient-centric-ehr\/#breadcrumb\"},\"inLanguage\":\"es\",\"potentialAction\":[{\"@type\":\"ReadAction\",\"target\":[\"https:\/\/ticsalutsocial.atoom.space\/es\/noticia\/ja-disponible-a-youtube-la-conferencia-dopenehr-no-time-to-waste-building-the-lifelong-patient-centric-ehr\/\"]}]},{\"@type\":\"ImageObject\",\"inLanguage\":\"es\",\"@id\":\"https:\/\/ticsalutsocial.atoom.space\/es\/noticia\/ja-disponible-a-youtube-la-conferencia-dopenehr-no-time-to-waste-building-the-lifelong-patient-centric-ehr\/#primaryimage\",\"url\":\"https:\/\/ticsalutsocial.atoom.space\/wp-content\/uploads\/2023\/06\/OpenEHR-Conference.jpg\",\"contentUrl\":\"https:\/\/ticsalutsocial.atoom.space\/wp-content\/uploads\/2023\/06\/OpenEHR-Conference.jpg\",\"width\":2560,\"height\":1920},{\"@type\":\"BreadcrumbList\",\"@id\":\"https:\/\/ticsalutsocial.atoom.space\/es\/noticia\/ja-disponible-a-youtube-la-conferencia-dopenehr-no-time-to-waste-building-the-lifelong-patient-centric-ehr\/#breadcrumb\",\"itemListElement\":[{\"@type\":\"ListItem\",\"position\":1,\"name\":\"Inici\",\"item\":\"https:\/\/ticsalutsocial.atoom.space\/es\/\"},{\"@type\":\"ListItem\",\"position\":2,\"name\":\"Ya disponible en YouTube la conferencia de openEHR: &#8216;No time to waste, building the lifelong, patient-centric EHR&#8217;\"}]},{\"@type\":\"WebSite\",\"@id\":\"https:\/\/ticsalutsocial.atoom.space\/es\/#website\",\"url\":\"https:\/\/ticsalutsocial.atoom.space\/es\/\",\"name\":\"Fundaci\u00f3 TIC Salut i Social\",\"description\":\"\",\"potentialAction\":[{\"@type\":\"SearchAction\",\"target\":{\"@type\":\"EntryPoint\",\"urlTemplate\":\"https:\/\/ticsalutsocial.atoom.space\/es\/?s={search_term_string}\"},\"query-input\":{\"@type\":\"PropertyValueSpecification\",\"valueRequired\":true,\"valueName\":\"search_term_string\"}}],\"inLanguage\":\"es\"}]}<\/script>\n<!-- \/ Yoast SEO plugin. -->","yoast_head_json":{"title":"Ya disponible en YouTube la conferencia de openEHR: 'No time to waste, building the lifelong, patient-centric EHR' - Fundaci\u00f3 TIC Salut i Social","description":"OpenEHR es el est\u00e1ndar de interoperabilidad escogido para definir el modelo de informaci\u00f3n cl\u00ednica del futuro de la sanidad catalana.","robots":{"index":"index","follow":"follow","max-snippet":"max-snippet:-1","max-image-preview":"max-image-preview:large","max-video-preview":"max-video-preview:-1"},"canonical":"https:\/\/ticsalutsocial.atoom.space\/es\/noticia\/ja-disponible-a-youtube-la-conferencia-dopenehr-no-time-to-waste-building-the-lifelong-patient-centric-ehr\/","og_locale":"es_ES","og_type":"article","og_title":"Ya disponible en YouTube la conferencia de openEHR: 'No time to waste, building the lifelong, patient-centric EHR' - Fundaci\u00f3 TIC Salut i Social","og_description":"OpenEHR es el est\u00e1ndar de interoperabilidad escogido para definir el modelo de informaci\u00f3n cl\u00ednica del futuro de la sanidad catalana.","og_url":"https:\/\/ticsalutsocial.atoom.space\/es\/noticia\/ja-disponible-a-youtube-la-conferencia-dopenehr-no-time-to-waste-building-the-lifelong-patient-centric-ehr\/","og_site_name":"Fundaci\u00f3 TIC Salut i Social","article_modified_time":"2023-06-15T06:49:45+00:00","og_image":[{"width":2560,"height":1920,"url":"https:\/\/ticsalutsocial.atoom.space\/wp-content\/uploads\/2023\/06\/OpenEHR-Conference.jpg","type":"image\/jpeg"}],"twitter_card":"summary_large_image","twitter_misc":{"Tiempo de lectura":"3 minutos"},"schema":{"@context":"https:\/\/schema.org","@graph":[{"@type":"WebPage","@id":"https:\/\/ticsalutsocial.atoom.space\/es\/noticia\/ja-disponible-a-youtube-la-conferencia-dopenehr-no-time-to-waste-building-the-lifelong-patient-centric-ehr\/","url":"https:\/\/ticsalutsocial.atoom.space\/es\/noticia\/ja-disponible-a-youtube-la-conferencia-dopenehr-no-time-to-waste-building-the-lifelong-patient-centric-ehr\/","name":"Ya disponible en YouTube la conferencia de openEHR: 'No time to waste, building the lifelong, patient-centric EHR' - Fundaci\u00f3 TIC Salut i Social","isPartOf":{"@id":"https:\/\/ticsalutsocial.atoom.space\/es\/#website"},"primaryImageOfPage":{"@id":"https:\/\/ticsalutsocial.atoom.space\/es\/noticia\/ja-disponible-a-youtube-la-conferencia-dopenehr-no-time-to-waste-building-the-lifelong-patient-centric-ehr\/#primaryimage"},"image":{"@id":"https:\/\/ticsalutsocial.atoom.space\/es\/noticia\/ja-disponible-a-youtube-la-conferencia-dopenehr-no-time-to-waste-building-the-lifelong-patient-centric-ehr\/#primaryimage"},"thumbnailUrl":"https:\/\/ticsalutsocial.atoom.space\/wp-content\/uploads\/2023\/06\/OpenEHR-Conference.jpg","datePublished":"2023-06-09T06:55:59+00:00","dateModified":"2023-06-15T06:49:45+00:00","description":"OpenEHR es el est\u00e1ndar de interoperabilidad escogido para definir el modelo de informaci\u00f3n cl\u00ednica del futuro de la sanidad catalana.","breadcrumb":{"@id":"https:\/\/ticsalutsocial.atoom.space\/es\/noticia\/ja-disponible-a-youtube-la-conferencia-dopenehr-no-time-to-waste-building-the-lifelong-patient-centric-ehr\/#breadcrumb"},"inLanguage":"es","potentialAction":[{"@type":"ReadAction","target":["https:\/\/ticsalutsocial.atoom.space\/es\/noticia\/ja-disponible-a-youtube-la-conferencia-dopenehr-no-time-to-waste-building-the-lifelong-patient-centric-ehr\/"]}]},{"@type":"ImageObject","inLanguage":"es","@id":"https:\/\/ticsalutsocial.atoom.space\/es\/noticia\/ja-disponible-a-youtube-la-conferencia-dopenehr-no-time-to-waste-building-the-lifelong-patient-centric-ehr\/#primaryimage","url":"https:\/\/ticsalutsocial.atoom.space\/wp-content\/uploads\/2023\/06\/OpenEHR-Conference.jpg","contentUrl":"https:\/\/ticsalutsocial.atoom.space\/wp-content\/uploads\/2023\/06\/OpenEHR-Conference.jpg","width":2560,"height":1920},{"@type":"BreadcrumbList","@id":"https:\/\/ticsalutsocial.atoom.space\/es\/noticia\/ja-disponible-a-youtube-la-conferencia-dopenehr-no-time-to-waste-building-the-lifelong-patient-centric-ehr\/#breadcrumb","itemListElement":[{"@type":"ListItem","position":1,"name":"Inici","item":"https:\/\/ticsalutsocial.atoom.space\/es\/"},{"@type":"ListItem","position":2,"name":"Ya disponible en YouTube la conferencia de openEHR: &#8216;No time to waste, building the lifelong, patient-centric EHR&#8217;"}]},{"@type":"WebSite","@id":"https:\/\/ticsalutsocial.atoom.space\/es\/#website","url":"https:\/\/ticsalutsocial.atoom.space\/es\/","name":"Fundaci\u00f3 TIC Salut i Social","description":"","potentialAction":[{"@type":"SearchAction","target":{"@type":"EntryPoint","urlTemplate":"https:\/\/ticsalutsocial.atoom.space\/es\/?s={search_term_string}"},"query-input":{"@type":"PropertyValueSpecification","valueRequired":true,"valueName":"search_term_string"}}],"inLanguage":"es"}]}},"_links":{"self":[{"href":"https:\/\/ticsalutsocial.atoom.space\/es\/wp-json\/wp\/v2\/noticia\/21326","targetHints":{"allow":["GET"]}}],"collection":[{"href":"https:\/\/ticsalutsocial.atoom.space\/es\/wp-json\/wp\/v2\/noticia"}],"about":[{"href":"https:\/\/ticsalutsocial.atoom.space\/es\/wp-json\/wp\/v2\/types\/noticia"}],"author":[{"embeddable":true,"href":"https:\/\/ticsalutsocial.atoom.space\/es\/wp-json\/wp\/v2\/users\/12"}],"wp:featuredmedia":[{"embeddable":true,"href":"https:\/\/ticsalutsocial.atoom.space\/es\/wp-json\/wp\/v2\/media\/21322"}],"wp:attachment":[{"href":"https:\/\/ticsalutsocial.atoom.space\/es\/wp-json\/wp\/v2\/media?parent=21326"}],"wp:term":[{"taxonomy":"etiqueta","embeddable":true,"href":"https:\/\/ticsalutsocial.atoom.space\/es\/wp-json\/wp\/v2\/etiqueta?post=21326"},{"taxonomy":"tipus","embeddable":true,"href":"https:\/\/ticsalutsocial.atoom.space\/es\/wp-json\/wp\/v2\/tipus?post=21326"},{"taxonomy":"topic","embeddable":true,"href":"https:\/\/ticsalutsocial.atoom.space\/es\/wp-json\/wp\/v2\/topic?post=21326"}],"curies":[{"name":"wp","href":"https:\/\/api.w.org\/{rel}","templated":true}]}}