
{"id":21472,"date":"2023-06-20T10:08:37","date_gmt":"2023-06-20T08:08:37","guid":{"rendered":"https:\/\/ticsalutsocial.atoom.space\/noticia\/el-programa-salut-ia-comenca-a-treballar-en-la-promocio-i-desenvolupament-de-la-intelligencia-artificial-al-sistema-de-salut\/"},"modified":"2024-08-05T10:33:05","modified_gmt":"2024-08-05T08:33:05","slug":"el-programa-salut-ia-comenca-a-treballar-en-la-promocio-i-desenvolupament-de-la-intelligencia-artificial-al-sistema-de-salut","status":"publish","type":"noticia","link":"https:\/\/ticsalutsocial.atoom.space\/es\/noticia\/el-programa-salut-ia-comenca-a-treballar-en-la-promocio-i-desenvolupament-de-la-intelligencia-artificial-al-sistema-de-salut\/","title":{"rendered":"El Programa Salut\/IA comienza a trabajar en la promoci\u00f3n y desarrollo de la inteligencia artificial en el sistema de Salud"},"content":{"rendered":"\n<p>El consejero de Salud, Manel Balcells y D\u00edaz, ha presidido hoy la primera reuni\u00f3n de constituci\u00f3n y trabajo del <strong>Comit\u00e9 Directivo del Programa Salut\/IA<\/strong>, integrado por profesionales asistenciales del Sistema de Salud, personas expertas en inteligencia artificial (IA), y altos cargos del Departamento de Salud, el Servicio Catal\u00e1n de la Salud, la Direcci\u00f3n Estrat\u00e9gica de la Comisi\u00f3n Departamental de Innovaci\u00f3n y Transformaci\u00f3n del Sistema de Salud, la Coordinaci\u00f3n General de las TIC del Sistema de Salud, la Agencia de Calidad y Evaluaci\u00f3n Sanitarias de Catalu\u00f1a, y la Fundaci\u00f3n TIC Salud Social.<\/p>\n\n\n\n<p>Balcells ha afirmado que\u00a0\u201c<strong>el Programa Salut\/IA es una apuesta estrat\u00e9gica para asegurar la robustez, la \u00e9tica, la equidad y la eficiencia de las soluciones de IA en salud en Catalu\u00f1a\u201d. Unas soluciones que, apunta,\u00a0\u201ces necesario que sean evaluadas previamente con los datos de que disponemos y que cumplan las pautas de la ley de IA que est\u00e1 tramitando la Uni\u00f3n Europea<\/strong>\u201d.<\/p>\n\n\n\n<p>El titular de Salut tambi\u00e9n ha subrayado que \u00ab<strong>este Programa novedoso, que hoy ya est\u00e1 en marcha, no tiene precedentes en el \u00e1mbito estatal y permite tener de forma estructurada c\u00f3mo desplegar la aplicaci\u00f3n de la inteligencia artificial al sistema de salud<\/strong>\u00bb al tiempo que ha indicado que \u00ab<strong>la IA bien aplicada nos puede ayudar a mejorar el diagn\u00f3stico de los pacientes, la eficiencia y la sostenibilidad del sistema<\/strong>\u00ab. Por \u00faltimo, ha destacado que \u00ab<strong>este Programa es uno de los proyectos de transformaci\u00f3n del Sistema<\/strong>\u00ab,&nbsp;que va acompa\u00f1ado de la formaci\u00f3n de los profesionales.<\/p>\n\n\n\n<p>La finalidad del Programa es crear un entorno facilitador para la innovaci\u00f3n y la investigaci\u00f3n en el \u00e1mbito de la salud mediante el desarrollo y la implementaci\u00f3n de soluciones de IA. Tal y como ha explicado el director del programa, el dr. Jos\u00e9 Ibeas,&nbsp;\u201c<strong>con la IA buscamos mejorar la salud de la ciudadan\u00eda y la sostenibilidad del sistema de salud, respetando los derechos personales y garantizando que las soluciones que implementamos sean evaluadas, seguras y fiables<\/strong>\u201d.<\/p>\n\n\n\n<h2 class=\"wp-block-heading\"><strong>L\u00edneas de actuaci\u00f3n del Programa Salut\/IA<\/strong><\/h2>\n\n\n\n<p>El programa tiene tres l\u00edneas de actuaci\u00f3n diferenciadas. Por un lado, con el apoyo del Plan de Recuperaci\u00f3n, Transformaci\u00f3n y Resiliencia (PRTR) financiado por la Uni\u00f3n Europea con fondos&nbsp;<em>NextGenerationEU<\/em>, coordinar\u00e1 el lanzamiento de retos de compra p\u00fablica de herramientas de IA que den respuesta a necesidades no cubiertas en el sistema. Estas herramientas tendr\u00e1n que cumplir con unos determinados est\u00e1ndares, marcados por el programa, para asegurar la equidad, la escalabilidad y la calidad de las soluciones.<\/p>\n\n\n\n<p>Por otra parte, con el<a href=\"https:\/\/iasalut.cat\/observatori-ia-en-salut\/\" target=\"_blank\" rel=\"noreferrer noopener\"> Observatorio de IA en Salut<\/a>, puesto en marcha a finales de 2022, el Programa tiene el objetivo de conocer y difundir de forma transversal c\u00f3mo se genera la IA en el \u00e1mbito de la salud desde la conceptualizaci\u00f3n hasta la implantaci\u00f3n, incidiendo en los riesgos y oportunidades que se generan. El Observatorio es adem\u00e1s la puerta de entrada de todas las iniciativas de IA de las entidades del sistema sanitario integral de utilizaci\u00f3n p\u00fablica de Catalu\u00f1a (SISCAT).<\/p>\n\n\n\n<p>Por \u00faltimo, ofrecer\u00e1 apoyo a las iniciativas identificadas en el Observatorio, a trav\u00e9s de la elaboraci\u00f3n de gu\u00edas de referencia para la implantaci\u00f3n de la IA con plenas garant\u00edas para la ciudadan\u00eda y el conjunto de profesionales de la salud, y de un servicio de mentor\u00eda. Adicionalmente, las iniciativas que seleccione el Programa o que lo acuerden con el Comit\u00e9 Directivo, podr\u00e1n recibir tambi\u00e9n apoyo en \u00e1mbitos como la evaluaci\u00f3n, implantaci\u00f3n o acceso a la financiaci\u00f3n, entre otros.<\/p>\n\n\n\n<h2 class=\"wp-block-heading\"><strong>Experiencias de IA en salud en Catalu\u00f1a<\/strong><\/h2>\n\n\n\n<p>El Observatorio de IA en Salut ha identificado <strong>m\u00e1s de 100 soluciones de IA<\/strong> que se est\u00e1n desarrollando o empleando en el SISCAT y en los centros de investigaci\u00f3n de Catalu\u00f1a y sigue recopilando informaci\u00f3n activamente. De las iniciativas identificadas, el 47% se llevan a cabo en el \u00e1mbito hospitalario, el 24% en atenci\u00f3n primaria y el 8% en salud mental, entre otros.<\/p>\n\n\n\n<p>Las herramientas son utilizadas en el 61% de los casos en procedimientos m\u00e9dicos y quir\u00fargicos y, en el 16%, en procedimientos de gesti\u00f3n. Por especialidades m\u00e9dicas, las soluciones de IA m\u00e1s reportadas son en oncolog\u00eda m\u00e9dica, con un 20% de los casos; seguido por medicina general, con un 14%; y radiodiagn\u00f3stico y medicina familiar y comunitaria, con un 12% respectivamente.<\/p>\n\n\n\n<p>En el acto de presentaci\u00f3n de la constituci\u00f3n del Comit\u00e9 de Direcci\u00f3n del Programa Salut\/IA se ha expuesto una de las iniciativas registradas en el Observatorio y que recibir\u00e1 soporte del programa:&nbsp;<strong>la plataforma de apoyo al diagn\u00f3stico de c\u00e1ncer de piel del Hospital Cl\u00ednic<\/strong>. Desde hace m\u00e1s de 5 a\u00f1os, el equipo de dermatolog\u00eda est\u00e1 trabajando con herramientas de IA para apoyar a los profesionales en el diagn\u00f3stico de los melanomas y tratar de democratizar esta tecnolog\u00eda para la prevenci\u00f3n y cribado precoz de la enfermedad en la poblaci\u00f3n general . En concreto, han desarrollado algoritmos para la clasificaci\u00f3n de tumores de la piel con fotograf\u00eda digital de alta precisi\u00f3n en el laboratorio, estando trabajando en modelos predictivos de pron\u00f3stico con IA de los pacientes con c\u00e1ncer.<\/p>\n\n\n\n<p>El coordinador de la Unidad de c\u00e1ncer cut\u00e1neo y de Innovaci\u00f3n del Instituto de Medicina y Dermatolog\u00eda del Cl\u00ednic, el Dr. Josep Malvehy, ha explicado c\u00f3mo a lo largo de los a\u00f1os su equipo ha comprobado que \u201c<strong>los algoritmos pueden ser \u00fatiles en muchas funciones como la detecci\u00f3n de lesiones sospechosas; pero a diferencia de los profesionales entrenados, s\u00f3lo pueden trabajar en aquello para lo que han sido entrenados convenientemente<\/strong>\u201d. Como ejemplo, apunta que \u201c<strong>los algoritmos de diagn\u00f3stico no saben reconocer lesiones menos frecuentes que pueden ser malignos o benignos. Tampoco pueden decir &#8216;no s\u00e9&#8217;, y por eso, es imprescindible que los profesionales aprendan a usar las herramientas de IA convenientemente y conozcan tanto las limitaciones como los beneficios potenciales que pueden aportar<\/strong>\u201d.<\/p>\n\n\n\n<p>Los siguientes pasos del equipo del Cl\u00ednic son la evaluaci\u00f3n de las herramientas de IA en estudios con pacientes reales para poder validarlas antes de su incorporaci\u00f3n como herramienta de soporte diagn\u00f3stico para los profesionales de la salud en Catalu\u00f1a . Y en este sentido, el Dr. Malvehy asegura que\u00a0\u201c<strong>es indispensable el apoyo del Programa Salut\/IA para disponer de datos de calidad a la hora de entrenar y validar los algoritmos<\/strong>\u201d.<\/p>\n\n\n\n<h2 class=\"wp-block-heading\"><strong>Composici\u00f3n del Comit\u00e9 Directivo:<\/strong><\/h2>\n\n\n\n<ul class=\"wp-block-list\">\n<li>Manel Balcells D\u00edaz, consejero de Salut<\/li>\n\n\n\n<li>Merc\u00e9 Salvat Guinart, secretaria general<\/li>\n\n\n\n<li>Ramon Canal Comaposada, director del Servicio Catal\u00e1n de la Salut (CatSalut)<\/li>\n\n\n\n<li>Ramon Maspons Bosch, director de la Comisi\u00f3n Departamental de Innovaci\u00f3n y Transformaci\u00f3n del Sistema de Salut<\/li>\n\n\n\n<li>Pol P\u00e9rez Sust, coordinador General de las Tic del Sistema de Salut<\/li>\n\n\n\n<li>Sandra Garc\u00eda, directora de la AQuAS<\/li>\n\n\n\n<li>Joan Guanyabens, director de la Fundaci\u00f3n Tic Salut<\/li>\n\n\n\n<li>Jos\u00e9 Antonio Ibeas, director del Programa Salut\/IA<\/li>\n\n\n\n<li>Susanna Auss\u00f3, secretaria del Programa Salut\/IA<\/li>\n<\/ul>\n\n\n\n<p><\/p>\n\n\n\n<p><strong>Personas del entorno del SISCAT<\/strong><\/p>\n\n\n\n<ul class=\"wp-block-list\">\n<li>Bartomeu Ayala, UCH-Althaia<\/li>\n\n\n\n<li>Sandra Duran Bonillo, Fundaci\u00f3n Salut Empord\u00e0<\/li>\n\n\n\n<li>Meritxell Davins, Institut Catal\u00e0 de la Salut (ICS)<\/li>\n\n\n\n<li>Montse Daban Mar\u00edn, BIOCAT<\/li>\n<\/ul>\n\n\n\n<p><\/p>\n\n\n\n<p><strong>Personas expertas<\/strong><\/p>\n\n\n\n<ul class=\"wp-block-list\">\n<li>Albert Sabater Coll OEIAC, UdG<\/li>\n\n\n\n<li>Karina Gibert Oliveras UPC, CIVICAI<\/li>\n\n\n\n<li>Mar\u00eda Jos\u00e9 Rementeria BSComputing<\/li>\n<\/ul>\n","protected":false},"author":12,"featured_media":21463,"menu_order":0,"template":"","meta":{"_acf_changed":false,"inline_featured_image":false},"etiqueta":[],"tipus":[879],"topic":[123],"class_list":["post-21472","noticia","type-noticia","status-publish","has-post-thumbnail","hentry","tipus-inteligencia-artificial","topic-actualidad"],"acf":{"finalitzat":false,"tipus_plantilla":"objectius","template_objectius":{"cont_principal":"","imatge":21463,"cont_seguent":{"titol":"","contingut":""},"seccio_llistat":{"titol":"","llistat":false},"objectius":{"titol":"","objectius":false},"documents":false},"autor":"","imatge":21463,"textos_destacats":[{"texte":"Se ha celebrado la primera reuni\u00f3n de constituci\u00f3n y trabajo del Comit\u00e9 Directivo del Programa Salut\/IA, formado por altos representantes del \u00e1mbito de la salud de Catalu\u00f1a, profesionales de la pr\u00e1ctica cl\u00ednica y personas expertas en inteligencia artificial"}],"documents":false},"yoast_head":"<!-- This site is optimized with the Yoast SEO plugin v27.1.1 - https:\/\/yoast.com\/product\/yoast-seo-wordpress\/ -->\n<title>El Programa Salut\/IA comienza a trabajar en la promoci\u00f3n y desarrollo de la inteligencia artificial en el sistema de Salud - Fundaci\u00f3 TIC Salut i Social<\/title>\n<meta name=\"description\" content=\"S\u2019ha celebrat la primera reuni\u00f3 de constituci\u00f3 i treball del Comit\u00e8 Directiu del Programa Salut\/IA, format per alts representants de l&#039;\u00e0mbit de la salut de Catalunya, professionals de la pr\u00e0ctica cl\u00ednica i persones expertes en intel\u00b7lig\u00e8ncia artificial\" \/>\n<meta name=\"robots\" content=\"index, follow, max-snippet:-1, max-image-preview:large, max-video-preview:-1\" \/>\n<link rel=\"canonical\" href=\"https:\/\/ticsalutsocial.atoom.space\/es\/noticia\/el-programa-salut-ia-comenca-a-treballar-en-la-promocio-i-desenvolupament-de-la-intelligencia-artificial-al-sistema-de-salut\/\" \/>\n<meta property=\"og:locale\" content=\"es_ES\" \/>\n<meta property=\"og:type\" content=\"article\" \/>\n<meta property=\"og:title\" content=\"El Programa Salut\/IA comienza a trabajar en la promoci\u00f3n y desarrollo de la inteligencia artificial en el sistema de Salud - Fundaci\u00f3 TIC Salut i Social\" \/>\n<meta property=\"og:description\" content=\"S\u2019ha celebrat la primera reuni\u00f3 de constituci\u00f3 i treball del Comit\u00e8 Directiu del Programa Salut\/IA, format per alts representants de l&#039;\u00e0mbit de la salut de Catalunya, professionals de la pr\u00e0ctica cl\u00ednica i persones expertes en intel\u00b7lig\u00e8ncia artificial\" \/>\n<meta property=\"og:url\" content=\"https:\/\/ticsalutsocial.atoom.space\/es\/noticia\/el-programa-salut-ia-comenca-a-treballar-en-la-promocio-i-desenvolupament-de-la-intelligencia-artificial-al-sistema-de-salut\/\" \/>\n<meta property=\"og:site_name\" content=\"Fundaci\u00f3 TIC Salut i Social\" \/>\n<meta property=\"article:modified_time\" content=\"2024-08-05T08:33:05+00:00\" \/>\n<meta property=\"og:image\" content=\"https:\/\/ticsalutsocial.atoom.space\/wp-content\/uploads\/2023\/06\/Reunio-Comite-Directiu-Programa-Salut-IA-.jpg\" \/>\n\t<meta property=\"og:image:width\" content=\"2560\" \/>\n\t<meta property=\"og:image:height\" content=\"1920\" \/>\n\t<meta property=\"og:image:type\" content=\"image\/jpeg\" \/>\n<meta name=\"twitter:card\" content=\"summary_large_image\" \/>\n<meta name=\"twitter:label1\" content=\"Tiempo de lectura\" \/>\n\t<meta name=\"twitter:data1\" content=\"7 minutos\" \/>\n<script type=\"application\/ld+json\" class=\"yoast-schema-graph\">{\"@context\":\"https:\/\/schema.org\",\"@graph\":[{\"@type\":\"WebPage\",\"@id\":\"https:\/\/ticsalutsocial.atoom.space\/es\/noticia\/el-programa-salut-ia-comenca-a-treballar-en-la-promocio-i-desenvolupament-de-la-intelligencia-artificial-al-sistema-de-salut\/\",\"url\":\"https:\/\/ticsalutsocial.atoom.space\/es\/noticia\/el-programa-salut-ia-comenca-a-treballar-en-la-promocio-i-desenvolupament-de-la-intelligencia-artificial-al-sistema-de-salut\/\",\"name\":\"El Programa Salut\/IA comienza a trabajar en la promoci\u00f3n y desarrollo de la inteligencia artificial en el sistema de Salud - Fundaci\u00f3 TIC Salut i Social\",\"isPartOf\":{\"@id\":\"https:\/\/ticsalutsocial.atoom.space\/es\/#website\"},\"primaryImageOfPage\":{\"@id\":\"https:\/\/ticsalutsocial.atoom.space\/es\/noticia\/el-programa-salut-ia-comenca-a-treballar-en-la-promocio-i-desenvolupament-de-la-intelligencia-artificial-al-sistema-de-salut\/#primaryimage\"},\"image\":{\"@id\":\"https:\/\/ticsalutsocial.atoom.space\/es\/noticia\/el-programa-salut-ia-comenca-a-treballar-en-la-promocio-i-desenvolupament-de-la-intelligencia-artificial-al-sistema-de-salut\/#primaryimage\"},\"thumbnailUrl\":\"https:\/\/ticsalutsocial.atoom.space\/wp-content\/uploads\/2023\/06\/Reunio-Comite-Directiu-Programa-Salut-IA-.jpg\",\"datePublished\":\"2023-06-20T08:08:37+00:00\",\"dateModified\":\"2024-08-05T08:33:05+00:00\",\"description\":\"S\u2019ha celebrat la primera reuni\u00f3 de constituci\u00f3 i treball del Comit\u00e8 Directiu del Programa Salut\/IA, format per alts representants de l'\u00e0mbit de la salut de Catalunya, professionals de la pr\u00e0ctica cl\u00ednica i persones expertes en intel\u00b7lig\u00e8ncia artificial\",\"breadcrumb\":{\"@id\":\"https:\/\/ticsalutsocial.atoom.space\/es\/noticia\/el-programa-salut-ia-comenca-a-treballar-en-la-promocio-i-desenvolupament-de-la-intelligencia-artificial-al-sistema-de-salut\/#breadcrumb\"},\"inLanguage\":\"es\",\"potentialAction\":[{\"@type\":\"ReadAction\",\"target\":[\"https:\/\/ticsalutsocial.atoom.space\/es\/noticia\/el-programa-salut-ia-comenca-a-treballar-en-la-promocio-i-desenvolupament-de-la-intelligencia-artificial-al-sistema-de-salut\/\"]}]},{\"@type\":\"ImageObject\",\"inLanguage\":\"es\",\"@id\":\"https:\/\/ticsalutsocial.atoom.space\/es\/noticia\/el-programa-salut-ia-comenca-a-treballar-en-la-promocio-i-desenvolupament-de-la-intelligencia-artificial-al-sistema-de-salut\/#primaryimage\",\"url\":\"https:\/\/ticsalutsocial.atoom.space\/wp-content\/uploads\/2023\/06\/Reunio-Comite-Directiu-Programa-Salut-IA-.jpg\",\"contentUrl\":\"https:\/\/ticsalutsocial.atoom.space\/wp-content\/uploads\/2023\/06\/Reunio-Comite-Directiu-Programa-Salut-IA-.jpg\",\"width\":2560,\"height\":1920,\"caption\":\"Reunio\u0301 Comite\u0300 Directiu Programa Salut IA\"},{\"@type\":\"BreadcrumbList\",\"@id\":\"https:\/\/ticsalutsocial.atoom.space\/es\/noticia\/el-programa-salut-ia-comenca-a-treballar-en-la-promocio-i-desenvolupament-de-la-intelligencia-artificial-al-sistema-de-salut\/#breadcrumb\",\"itemListElement\":[{\"@type\":\"ListItem\",\"position\":1,\"name\":\"Inici\",\"item\":\"https:\/\/ticsalutsocial.atoom.space\/es\/\"},{\"@type\":\"ListItem\",\"position\":2,\"name\":\"El Programa Salut\/IA comienza a trabajar en la promoci\u00f3n y desarrollo de la inteligencia artificial en el sistema de Salud\"}]},{\"@type\":\"WebSite\",\"@id\":\"https:\/\/ticsalutsocial.atoom.space\/es\/#website\",\"url\":\"https:\/\/ticsalutsocial.atoom.space\/es\/\",\"name\":\"Fundaci\u00f3 TIC Salut i Social\",\"description\":\"\",\"potentialAction\":[{\"@type\":\"SearchAction\",\"target\":{\"@type\":\"EntryPoint\",\"urlTemplate\":\"https:\/\/ticsalutsocial.atoom.space\/es\/?s={search_term_string}\"},\"query-input\":{\"@type\":\"PropertyValueSpecification\",\"valueRequired\":true,\"valueName\":\"search_term_string\"}}],\"inLanguage\":\"es\"}]}<\/script>\n<!-- \/ Yoast SEO plugin. -->","yoast_head_json":{"title":"El Programa Salut\/IA comienza a trabajar en la promoci\u00f3n y desarrollo de la inteligencia artificial en el sistema de Salud - Fundaci\u00f3 TIC Salut i Social","description":"S\u2019ha celebrat la primera reuni\u00f3 de constituci\u00f3 i treball del Comit\u00e8 Directiu del Programa Salut\/IA, format per alts representants de l'\u00e0mbit de la salut de Catalunya, professionals de la pr\u00e0ctica cl\u00ednica i persones expertes en intel\u00b7lig\u00e8ncia artificial","robots":{"index":"index","follow":"follow","max-snippet":"max-snippet:-1","max-image-preview":"max-image-preview:large","max-video-preview":"max-video-preview:-1"},"canonical":"https:\/\/ticsalutsocial.atoom.space\/es\/noticia\/el-programa-salut-ia-comenca-a-treballar-en-la-promocio-i-desenvolupament-de-la-intelligencia-artificial-al-sistema-de-salut\/","og_locale":"es_ES","og_type":"article","og_title":"El Programa Salut\/IA comienza a trabajar en la promoci\u00f3n y desarrollo de la inteligencia artificial en el sistema de Salud - Fundaci\u00f3 TIC Salut i Social","og_description":"S\u2019ha celebrat la primera reuni\u00f3 de constituci\u00f3 i treball del Comit\u00e8 Directiu del Programa Salut\/IA, format per alts representants de l'\u00e0mbit de la salut de Catalunya, professionals de la pr\u00e0ctica cl\u00ednica i persones expertes en intel\u00b7lig\u00e8ncia artificial","og_url":"https:\/\/ticsalutsocial.atoom.space\/es\/noticia\/el-programa-salut-ia-comenca-a-treballar-en-la-promocio-i-desenvolupament-de-la-intelligencia-artificial-al-sistema-de-salut\/","og_site_name":"Fundaci\u00f3 TIC Salut i Social","article_modified_time":"2024-08-05T08:33:05+00:00","og_image":[{"width":2560,"height":1920,"url":"https:\/\/ticsalutsocial.atoom.space\/wp-content\/uploads\/2023\/06\/Reunio-Comite-Directiu-Programa-Salut-IA-.jpg","type":"image\/jpeg"}],"twitter_card":"summary_large_image","twitter_misc":{"Tiempo de lectura":"7 minutos"},"schema":{"@context":"https:\/\/schema.org","@graph":[{"@type":"WebPage","@id":"https:\/\/ticsalutsocial.atoom.space\/es\/noticia\/el-programa-salut-ia-comenca-a-treballar-en-la-promocio-i-desenvolupament-de-la-intelligencia-artificial-al-sistema-de-salut\/","url":"https:\/\/ticsalutsocial.atoom.space\/es\/noticia\/el-programa-salut-ia-comenca-a-treballar-en-la-promocio-i-desenvolupament-de-la-intelligencia-artificial-al-sistema-de-salut\/","name":"El Programa Salut\/IA comienza a trabajar en la promoci\u00f3n y desarrollo de la inteligencia artificial en el sistema de Salud - Fundaci\u00f3 TIC Salut i Social","isPartOf":{"@id":"https:\/\/ticsalutsocial.atoom.space\/es\/#website"},"primaryImageOfPage":{"@id":"https:\/\/ticsalutsocial.atoom.space\/es\/noticia\/el-programa-salut-ia-comenca-a-treballar-en-la-promocio-i-desenvolupament-de-la-intelligencia-artificial-al-sistema-de-salut\/#primaryimage"},"image":{"@id":"https:\/\/ticsalutsocial.atoom.space\/es\/noticia\/el-programa-salut-ia-comenca-a-treballar-en-la-promocio-i-desenvolupament-de-la-intelligencia-artificial-al-sistema-de-salut\/#primaryimage"},"thumbnailUrl":"https:\/\/ticsalutsocial.atoom.space\/wp-content\/uploads\/2023\/06\/Reunio-Comite-Directiu-Programa-Salut-IA-.jpg","datePublished":"2023-06-20T08:08:37+00:00","dateModified":"2024-08-05T08:33:05+00:00","description":"S\u2019ha celebrat la primera reuni\u00f3 de constituci\u00f3 i treball del Comit\u00e8 Directiu del Programa Salut\/IA, format per alts representants de l'\u00e0mbit de la salut de Catalunya, professionals de la pr\u00e0ctica cl\u00ednica i persones expertes en intel\u00b7lig\u00e8ncia artificial","breadcrumb":{"@id":"https:\/\/ticsalutsocial.atoom.space\/es\/noticia\/el-programa-salut-ia-comenca-a-treballar-en-la-promocio-i-desenvolupament-de-la-intelligencia-artificial-al-sistema-de-salut\/#breadcrumb"},"inLanguage":"es","potentialAction":[{"@type":"ReadAction","target":["https:\/\/ticsalutsocial.atoom.space\/es\/noticia\/el-programa-salut-ia-comenca-a-treballar-en-la-promocio-i-desenvolupament-de-la-intelligencia-artificial-al-sistema-de-salut\/"]}]},{"@type":"ImageObject","inLanguage":"es","@id":"https:\/\/ticsalutsocial.atoom.space\/es\/noticia\/el-programa-salut-ia-comenca-a-treballar-en-la-promocio-i-desenvolupament-de-la-intelligencia-artificial-al-sistema-de-salut\/#primaryimage","url":"https:\/\/ticsalutsocial.atoom.space\/wp-content\/uploads\/2023\/06\/Reunio-Comite-Directiu-Programa-Salut-IA-.jpg","contentUrl":"https:\/\/ticsalutsocial.atoom.space\/wp-content\/uploads\/2023\/06\/Reunio-Comite-Directiu-Programa-Salut-IA-.jpg","width":2560,"height":1920,"caption":"Reunio\u0301 Comite\u0300 Directiu Programa Salut IA"},{"@type":"BreadcrumbList","@id":"https:\/\/ticsalutsocial.atoom.space\/es\/noticia\/el-programa-salut-ia-comenca-a-treballar-en-la-promocio-i-desenvolupament-de-la-intelligencia-artificial-al-sistema-de-salut\/#breadcrumb","itemListElement":[{"@type":"ListItem","position":1,"name":"Inici","item":"https:\/\/ticsalutsocial.atoom.space\/es\/"},{"@type":"ListItem","position":2,"name":"El Programa Salut\/IA comienza a trabajar en la promoci\u00f3n y desarrollo de la inteligencia artificial en el sistema de Salud"}]},{"@type":"WebSite","@id":"https:\/\/ticsalutsocial.atoom.space\/es\/#website","url":"https:\/\/ticsalutsocial.atoom.space\/es\/","name":"Fundaci\u00f3 TIC Salut i Social","description":"","potentialAction":[{"@type":"SearchAction","target":{"@type":"EntryPoint","urlTemplate":"https:\/\/ticsalutsocial.atoom.space\/es\/?s={search_term_string}"},"query-input":{"@type":"PropertyValueSpecification","valueRequired":true,"valueName":"search_term_string"}}],"inLanguage":"es"}]}},"_links":{"self":[{"href":"https:\/\/ticsalutsocial.atoom.space\/es\/wp-json\/wp\/v2\/noticia\/21472","targetHints":{"allow":["GET"]}}],"collection":[{"href":"https:\/\/ticsalutsocial.atoom.space\/es\/wp-json\/wp\/v2\/noticia"}],"about":[{"href":"https:\/\/ticsalutsocial.atoom.space\/es\/wp-json\/wp\/v2\/types\/noticia"}],"author":[{"embeddable":true,"href":"https:\/\/ticsalutsocial.atoom.space\/es\/wp-json\/wp\/v2\/users\/12"}],"wp:featuredmedia":[{"embeddable":true,"href":"https:\/\/ticsalutsocial.atoom.space\/es\/wp-json\/wp\/v2\/media\/21463"}],"wp:attachment":[{"href":"https:\/\/ticsalutsocial.atoom.space\/es\/wp-json\/wp\/v2\/media?parent=21472"}],"wp:term":[{"taxonomy":"etiqueta","embeddable":true,"href":"https:\/\/ticsalutsocial.atoom.space\/es\/wp-json\/wp\/v2\/etiqueta?post=21472"},{"taxonomy":"tipus","embeddable":true,"href":"https:\/\/ticsalutsocial.atoom.space\/es\/wp-json\/wp\/v2\/tipus?post=21472"},{"taxonomy":"topic","embeddable":true,"href":"https:\/\/ticsalutsocial.atoom.space\/es\/wp-json\/wp\/v2\/topic?post=21472"}],"curies":[{"name":"wp","href":"https:\/\/api.w.org\/{rel}","templated":true}]}}