
{"id":21474,"date":"2023-06-22T08:30:39","date_gmt":"2023-06-22T06:30:39","guid":{"rendered":"https:\/\/ticsalutsocial.atoom.space\/?post_type=noticia&#038;p=21474"},"modified":"2023-06-30T12:34:23","modified_gmt":"2023-06-30T10:34:23","slug":"arriba-la-primera-sessio-informativa-sobre-fons-next-generation-orientades-a-transformacio-digital-en-salut","status":"publish","type":"noticia","link":"https:\/\/ticsalutsocial.atoom.space\/es\/noticia\/arriba-la-primera-sessio-informativa-sobre-fons-next-generation-orientades-a-transformacio-digital-en-salut\/","title":{"rendered":"Llega la primera sesi\u00f3n informativa sobre fondos Next Generation orientadas a transformaci\u00f3n digital en salud"},"content":{"rendered":"<p>La Fundaci\u00f3n TIC Salut Social organiza, con la colaboraci\u00f3n de BIOCAT y ACCI\u00d3, una sesi\u00f3n informativa sobre convocatorias del fondo Next Generation. El acto tendr\u00e1 lugar el d\u00eda 4 de julio en el sal\u00f3n de actos del Edificio Salvany, entre las 9:00 y las 13:30 y se dirige a profesionales del ecosistema de salud. Tambi\u00e9n est\u00e1n convocadas empresas tecnol\u00f3gicas vinculadas a organismos como la <a href=\"https:\/\/www.fenin.es\/\" target=\"_blank\" rel=\"noopener\"><em>Federaci\u00f3n Espa\u00f1ola de Empresas de Tecnolog\u00eda Sanitaria<\/em><\/a> (FENIN) y la <a href=\"https:\/\/ametic.es\/\" target=\"_blank\" rel=\"noopener\"><em>Asociaci\u00f3n Multisectorial de Empresas de Tecnolog\u00edas de la Informaci\u00f3n, Comunicaciones y Electr\u00f3nica<\/em><\/a> (AMETIC). La jornada tambi\u00e9n podr\u00e1 seguirse en directo y v\u00eda streaming a trav\u00e9s del siguiente <a href=\"https:\/\/www.youtube.com\/watch?v=enEnhQm_bmU\" target=\"_blank\" rel=\"noopener\">enlace<\/a><\/p>\n<p><iframe loading=\"lazy\" title=\"Transformaci\u00f3 Digital al Sistema de Salut de Catalunya\" width=\"500\" height=\"281\" src=\"https:\/\/www.youtube.com\/embed\/enEnhQm_bmU?feature=oembed\" frameborder=\"0\" allow=\"accelerometer; autoplay; clipboard-write; encrypted-media; gyroscope; picture-in-picture; web-share\" referrerpolicy=\"strict-origin-when-cross-origin\" allowfullscreen><\/iframe><\/p>\n<p>El objetivo del acto es acercar las l\u00edneas de trabajo m\u00e1s relevantes del sistema de salud de Catalu\u00f1a, presentar necesidades espec\u00edficas en materia de transformaci\u00f3n digital y mostrar el estado del arte de algunos proyectos.<\/p>\n<p>Tambi\u00e9n se busca acercar el tejido industrial a las necesidades de sistema, supone una oportunidad para reforzar y establecer nuevas sinergias y alianzas estrat\u00e9gicas que permitan avanzar en la consolidaci\u00f3n de unos servicios de salud m\u00e1s eficientes, precisos, fiables y personalizados. En este sentido, los fondos Next Generation quieren fomentar la resiliencia de pa\u00eds y vehicular una transci\u00f3n ecol\u00f3gica y digital a trav\u00e9s de proyectos que den respuesta a unas necesidades asistenciales sociales y sanitarias.<\/p>\n<p>Algunos de los proyectos y \u00e1mbitos de trabajo presentados durante la jornada girar\u00e1n en torno a la ciberseguridad de la mano de la Agencia de CIberseguridad de Catalunya; la integraci\u00f3n social y sanitaria; inteligencia artificial; mobile health y activos digitales para la ciudadan\u00eda; imagen m\u00e9dica digital o atenci\u00f3n personalizada.<\/p>\n<p>Para consultar el programa completo pulse en el siguiente <a href=\"https:\/\/ticsalutsocial.atoom.space\/event\/transformacio-digital-al-sistema-de-salut-de-catalunya\/\" target=\"_blank\" rel=\"noopener\">enlace<\/a>.<\/p>\n","protected":false},"author":3,"featured_media":21470,"menu_order":0,"template":"","meta":{"_acf_changed":false,"inline_featured_image":false},"etiqueta":[],"tipus":[],"topic":[123,130],"class_list":["post-21474","noticia","type-noticia","status-publish","has-post-thumbnail","hentry","topic-actualidad","topic-la-fundacion"],"acf":{"finalitzat":false,"tipus_plantilla":"objectius","template_objectius":{"cont_principal":"","imatge":false,"cont_seguent":{"titol":"","contingut":""},"seccio_llistat":{"titol":"","llistat":false},"objectius":{"titol":"","objectius":false},"documents":false},"autor":"","imatge":false,"textos_destacats":false,"documents":false},"yoast_head":"<!-- This site is optimized with the Yoast SEO plugin v27.1.1 - https:\/\/yoast.com\/product\/yoast-seo-wordpress\/ -->\n<title>Llega la primera sesi\u00f3n informativa sobre fondos Next Generation orientadas a transformaci\u00f3n digital en salud - Fundaci\u00f3 TIC Salut i Social<\/title>\n<meta name=\"robots\" content=\"index, follow, max-snippet:-1, max-image-preview:large, max-video-preview:-1\" \/>\n<link rel=\"canonical\" href=\"https:\/\/ticsalutsocial.atoom.space\/es\/noticia\/arriba-la-primera-sessio-informativa-sobre-fons-next-generation-orientades-a-transformacio-digital-en-salut\/\" \/>\n<meta property=\"og:locale\" content=\"es_ES\" \/>\n<meta property=\"og:type\" content=\"article\" \/>\n<meta property=\"og:title\" content=\"Llega la primera sesi\u00f3n informativa sobre fondos Next Generation orientadas a transformaci\u00f3n digital en salud - Fundaci\u00f3 TIC Salut i Social\" \/>\n<meta property=\"og:description\" content=\"La Fundaci\u00f3n TIC Salut Social organiza, con la colaboraci\u00f3n de BIOCAT y ACCI\u00d3, una sesi\u00f3n informativa sobre convocatorias del fondo Next Generation. El acto tendr\u00e1 lugar el d\u00eda 4 de julio en el sal\u00f3n de actos del Edificio Salvany, entre las 9:00 y las 13:30 y se dirige a profesionales del ecosistema de salud. Tambi\u00e9n [&hellip;]\" \/>\n<meta property=\"og:url\" content=\"https:\/\/ticsalutsocial.atoom.space\/es\/noticia\/arriba-la-primera-sessio-informativa-sobre-fons-next-generation-orientades-a-transformacio-digital-en-salut\/\" \/>\n<meta property=\"og:site_name\" content=\"Fundaci\u00f3 TIC Salut i Social\" \/>\n<meta property=\"article:modified_time\" content=\"2023-06-30T10:34:23+00:00\" \/>\n<meta property=\"og:image\" content=\"https:\/\/ticsalutsocial.atoom.space\/wp-content\/uploads\/2023\/06\/Captura-de-pantalla-2023-06-21-a-les-10.14.57-1024x613.png\" \/>\n\t<meta property=\"og:image:width\" content=\"1024\" \/>\n\t<meta property=\"og:image:height\" content=\"613\" \/>\n\t<meta property=\"og:image:type\" content=\"image\/png\" \/>\n<meta name=\"twitter:card\" content=\"summary_large_image\" \/>\n<meta name=\"twitter:label1\" content=\"Tiempo de lectura\" \/>\n\t<meta name=\"twitter:data1\" content=\"2 minutos\" \/>\n<script type=\"application\/ld+json\" class=\"yoast-schema-graph\">{\"@context\":\"https:\/\/schema.org\",\"@graph\":[{\"@type\":\"WebPage\",\"@id\":\"https:\/\/ticsalutsocial.atoom.space\/es\/noticia\/arriba-la-primera-sessio-informativa-sobre-fons-next-generation-orientades-a-transformacio-digital-en-salut\/\",\"url\":\"https:\/\/ticsalutsocial.atoom.space\/es\/noticia\/arriba-la-primera-sessio-informativa-sobre-fons-next-generation-orientades-a-transformacio-digital-en-salut\/\",\"name\":\"Llega la primera sesi\u00f3n informativa sobre fondos Next Generation orientadas a transformaci\u00f3n digital en salud - Fundaci\u00f3 TIC Salut i Social\",\"isPartOf\":{\"@id\":\"https:\/\/ticsalutsocial.atoom.space\/es\/#website\"},\"primaryImageOfPage\":{\"@id\":\"https:\/\/ticsalutsocial.atoom.space\/es\/noticia\/arriba-la-primera-sessio-informativa-sobre-fons-next-generation-orientades-a-transformacio-digital-en-salut\/#primaryimage\"},\"image\":{\"@id\":\"https:\/\/ticsalutsocial.atoom.space\/es\/noticia\/arriba-la-primera-sessio-informativa-sobre-fons-next-generation-orientades-a-transformacio-digital-en-salut\/#primaryimage\"},\"thumbnailUrl\":\"https:\/\/ticsalutsocial.atoom.space\/wp-content\/uploads\/2023\/06\/Captura-de-pantalla-2023-06-21-a-les-10.14.57.png\",\"datePublished\":\"2023-06-22T06:30:39+00:00\",\"dateModified\":\"2023-06-30T10:34:23+00:00\",\"breadcrumb\":{\"@id\":\"https:\/\/ticsalutsocial.atoom.space\/es\/noticia\/arriba-la-primera-sessio-informativa-sobre-fons-next-generation-orientades-a-transformacio-digital-en-salut\/#breadcrumb\"},\"inLanguage\":\"es\",\"potentialAction\":[{\"@type\":\"ReadAction\",\"target\":[\"https:\/\/ticsalutsocial.atoom.space\/es\/noticia\/arriba-la-primera-sessio-informativa-sobre-fons-next-generation-orientades-a-transformacio-digital-en-salut\/\"]}]},{\"@type\":\"ImageObject\",\"inLanguage\":\"es\",\"@id\":\"https:\/\/ticsalutsocial.atoom.space\/es\/noticia\/arriba-la-primera-sessio-informativa-sobre-fons-next-generation-orientades-a-transformacio-digital-en-salut\/#primaryimage\",\"url\":\"https:\/\/ticsalutsocial.atoom.space\/wp-content\/uploads\/2023\/06\/Captura-de-pantalla-2023-06-21-a-les-10.14.57.png\",\"contentUrl\":\"https:\/\/ticsalutsocial.atoom.space\/wp-content\/uploads\/2023\/06\/Captura-de-pantalla-2023-06-21-a-les-10.14.57.png\",\"width\":2606,\"height\":1560},{\"@type\":\"BreadcrumbList\",\"@id\":\"https:\/\/ticsalutsocial.atoom.space\/es\/noticia\/arriba-la-primera-sessio-informativa-sobre-fons-next-generation-orientades-a-transformacio-digital-en-salut\/#breadcrumb\",\"itemListElement\":[{\"@type\":\"ListItem\",\"position\":1,\"name\":\"Inici\",\"item\":\"https:\/\/ticsalutsocial.atoom.space\/es\/\"},{\"@type\":\"ListItem\",\"position\":2,\"name\":\"Llega la primera sesi\u00f3n informativa sobre fondos Next Generation orientadas a transformaci\u00f3n digital en salud\"}]},{\"@type\":\"WebSite\",\"@id\":\"https:\/\/ticsalutsocial.atoom.space\/es\/#website\",\"url\":\"https:\/\/ticsalutsocial.atoom.space\/es\/\",\"name\":\"Fundaci\u00f3 TIC Salut i Social\",\"description\":\"\",\"potentialAction\":[{\"@type\":\"SearchAction\",\"target\":{\"@type\":\"EntryPoint\",\"urlTemplate\":\"https:\/\/ticsalutsocial.atoom.space\/es\/?s={search_term_string}\"},\"query-input\":{\"@type\":\"PropertyValueSpecification\",\"valueRequired\":true,\"valueName\":\"search_term_string\"}}],\"inLanguage\":\"es\"}]}<\/script>\n<!-- \/ Yoast SEO plugin. -->","yoast_head_json":{"title":"Llega la primera sesi\u00f3n informativa sobre fondos Next Generation orientadas a transformaci\u00f3n digital en salud - Fundaci\u00f3 TIC Salut i Social","robots":{"index":"index","follow":"follow","max-snippet":"max-snippet:-1","max-image-preview":"max-image-preview:large","max-video-preview":"max-video-preview:-1"},"canonical":"https:\/\/ticsalutsocial.atoom.space\/es\/noticia\/arriba-la-primera-sessio-informativa-sobre-fons-next-generation-orientades-a-transformacio-digital-en-salut\/","og_locale":"es_ES","og_type":"article","og_title":"Llega la primera sesi\u00f3n informativa sobre fondos Next Generation orientadas a transformaci\u00f3n digital en salud - Fundaci\u00f3 TIC Salut i Social","og_description":"La Fundaci\u00f3n TIC Salut Social organiza, con la colaboraci\u00f3n de BIOCAT y ACCI\u00d3, una sesi\u00f3n informativa sobre convocatorias del fondo Next Generation. El acto tendr\u00e1 lugar el d\u00eda 4 de julio en el sal\u00f3n de actos del Edificio Salvany, entre las 9:00 y las 13:30 y se dirige a profesionales del ecosistema de salud. Tambi\u00e9n [&hellip;]","og_url":"https:\/\/ticsalutsocial.atoom.space\/es\/noticia\/arriba-la-primera-sessio-informativa-sobre-fons-next-generation-orientades-a-transformacio-digital-en-salut\/","og_site_name":"Fundaci\u00f3 TIC Salut i Social","article_modified_time":"2023-06-30T10:34:23+00:00","og_image":[{"width":1024,"height":613,"url":"https:\/\/ticsalutsocial.atoom.space\/wp-content\/uploads\/2023\/06\/Captura-de-pantalla-2023-06-21-a-les-10.14.57-1024x613.png","type":"image\/png"}],"twitter_card":"summary_large_image","twitter_misc":{"Tiempo de lectura":"2 minutos"},"schema":{"@context":"https:\/\/schema.org","@graph":[{"@type":"WebPage","@id":"https:\/\/ticsalutsocial.atoom.space\/es\/noticia\/arriba-la-primera-sessio-informativa-sobre-fons-next-generation-orientades-a-transformacio-digital-en-salut\/","url":"https:\/\/ticsalutsocial.atoom.space\/es\/noticia\/arriba-la-primera-sessio-informativa-sobre-fons-next-generation-orientades-a-transformacio-digital-en-salut\/","name":"Llega la primera sesi\u00f3n informativa sobre fondos Next Generation orientadas a transformaci\u00f3n digital en salud - Fundaci\u00f3 TIC Salut i Social","isPartOf":{"@id":"https:\/\/ticsalutsocial.atoom.space\/es\/#website"},"primaryImageOfPage":{"@id":"https:\/\/ticsalutsocial.atoom.space\/es\/noticia\/arriba-la-primera-sessio-informativa-sobre-fons-next-generation-orientades-a-transformacio-digital-en-salut\/#primaryimage"},"image":{"@id":"https:\/\/ticsalutsocial.atoom.space\/es\/noticia\/arriba-la-primera-sessio-informativa-sobre-fons-next-generation-orientades-a-transformacio-digital-en-salut\/#primaryimage"},"thumbnailUrl":"https:\/\/ticsalutsocial.atoom.space\/wp-content\/uploads\/2023\/06\/Captura-de-pantalla-2023-06-21-a-les-10.14.57.png","datePublished":"2023-06-22T06:30:39+00:00","dateModified":"2023-06-30T10:34:23+00:00","breadcrumb":{"@id":"https:\/\/ticsalutsocial.atoom.space\/es\/noticia\/arriba-la-primera-sessio-informativa-sobre-fons-next-generation-orientades-a-transformacio-digital-en-salut\/#breadcrumb"},"inLanguage":"es","potentialAction":[{"@type":"ReadAction","target":["https:\/\/ticsalutsocial.atoom.space\/es\/noticia\/arriba-la-primera-sessio-informativa-sobre-fons-next-generation-orientades-a-transformacio-digital-en-salut\/"]}]},{"@type":"ImageObject","inLanguage":"es","@id":"https:\/\/ticsalutsocial.atoom.space\/es\/noticia\/arriba-la-primera-sessio-informativa-sobre-fons-next-generation-orientades-a-transformacio-digital-en-salut\/#primaryimage","url":"https:\/\/ticsalutsocial.atoom.space\/wp-content\/uploads\/2023\/06\/Captura-de-pantalla-2023-06-21-a-les-10.14.57.png","contentUrl":"https:\/\/ticsalutsocial.atoom.space\/wp-content\/uploads\/2023\/06\/Captura-de-pantalla-2023-06-21-a-les-10.14.57.png","width":2606,"height":1560},{"@type":"BreadcrumbList","@id":"https:\/\/ticsalutsocial.atoom.space\/es\/noticia\/arriba-la-primera-sessio-informativa-sobre-fons-next-generation-orientades-a-transformacio-digital-en-salut\/#breadcrumb","itemListElement":[{"@type":"ListItem","position":1,"name":"Inici","item":"https:\/\/ticsalutsocial.atoom.space\/es\/"},{"@type":"ListItem","position":2,"name":"Llega la primera sesi\u00f3n informativa sobre fondos Next Generation orientadas a transformaci\u00f3n digital en salud"}]},{"@type":"WebSite","@id":"https:\/\/ticsalutsocial.atoom.space\/es\/#website","url":"https:\/\/ticsalutsocial.atoom.space\/es\/","name":"Fundaci\u00f3 TIC Salut i Social","description":"","potentialAction":[{"@type":"SearchAction","target":{"@type":"EntryPoint","urlTemplate":"https:\/\/ticsalutsocial.atoom.space\/es\/?s={search_term_string}"},"query-input":{"@type":"PropertyValueSpecification","valueRequired":true,"valueName":"search_term_string"}}],"inLanguage":"es"}]}},"_links":{"self":[{"href":"https:\/\/ticsalutsocial.atoom.space\/es\/wp-json\/wp\/v2\/noticia\/21474","targetHints":{"allow":["GET"]}}],"collection":[{"href":"https:\/\/ticsalutsocial.atoom.space\/es\/wp-json\/wp\/v2\/noticia"}],"about":[{"href":"https:\/\/ticsalutsocial.atoom.space\/es\/wp-json\/wp\/v2\/types\/noticia"}],"author":[{"embeddable":true,"href":"https:\/\/ticsalutsocial.atoom.space\/es\/wp-json\/wp\/v2\/users\/3"}],"wp:featuredmedia":[{"embeddable":true,"href":"https:\/\/ticsalutsocial.atoom.space\/es\/wp-json\/wp\/v2\/media\/21470"}],"wp:attachment":[{"href":"https:\/\/ticsalutsocial.atoom.space\/es\/wp-json\/wp\/v2\/media?parent=21474"}],"wp:term":[{"taxonomy":"etiqueta","embeddable":true,"href":"https:\/\/ticsalutsocial.atoom.space\/es\/wp-json\/wp\/v2\/etiqueta?post=21474"},{"taxonomy":"tipus","embeddable":true,"href":"https:\/\/ticsalutsocial.atoom.space\/es\/wp-json\/wp\/v2\/tipus?post=21474"},{"taxonomy":"topic","embeddable":true,"href":"https:\/\/ticsalutsocial.atoom.space\/es\/wp-json\/wp\/v2\/topic?post=21474"}],"curies":[{"name":"wp","href":"https:\/\/api.w.org\/{rel}","templated":true}]}}