
{"id":21492,"date":"2023-06-23T09:50:33","date_gmt":"2023-06-23T07:50:33","guid":{"rendered":"https:\/\/ticsalutsocial.atoom.space\/?post_type=noticia&#038;p=21492"},"modified":"2023-06-23T09:47:08","modified_gmt":"2023-06-23T07:47:08","slug":"la-catedra-tic-salut-y-social-nombra-como-nuevo-director-a-francesc-lopez-segui","status":"publish","type":"noticia","link":"https:\/\/ticsalutsocial.atoom.space\/es\/noticia\/la-catedra-tic-salut-y-social-nombra-como-nuevo-director-a-francesc-lopez-segui\/","title":{"rendered":"La C\u00e1tedra TIC Salut y Social nombra como nuevo director a Francesc L\u00f3pez Segu\u00ed"},"content":{"rendered":"<p>La C\u00e1tedra TIC Salut Social de la Universidad de VIC &#8211; Universidad Central de Catalu\u00f1a (UVic-UCC) ha nombrado esta semana como nuevo director a <a href=\"https:\/\/www.linkedin.com\/in\/francesclopezsegui\/\" target=\"_blank\" rel=\"noopener\">Francesc L\u00f3pez Segu\u00ed<\/a>. La c\u00e1tedra se cre\u00f3 en diciembre de 2013 por iniciativa conjunta entre la Fundaci\u00f3n TIC Salut Social y la UVic-UCC con la visi\u00f3n de dar servicio docente y formativo y servir como punto de referencia en la investigaci\u00f3n relacionadas con tecnolog\u00edas de la informaci\u00f3n y la comunicaci\u00f3n, la salud y el sistema social.<\/p>\n<p>L\u00f3pez Segu\u00ed es economista y Doctor Cum Laude en Biomedicina por la Universidad Pompeu Fabra. Form\u00f3 parte del equipo de la Fundaci\u00f3n entre los a\u00f1os 2015 y 2020. Actualmente coordina la Unidad de Econom\u00eda de la Salud desde la Direcci\u00f3n de Estrategia Asistencial en el Instituto Catal\u00e1n de la Salud, en la Gerencia Territorial de la Regi\u00f3n Sanitaria Metropolitana Norte.<\/p>\n<p>Con este nuevo nombramiento se da un nuevo impulso a todas las actividades formativas y de investigaci\u00f3n relacionadas con la transformaci\u00f3n digital de los Sistemas de Salud y Derechos Sociales de Catalunya. Seg\u00fan afirma el nuevo director, \u00abla C\u00e1tedra TIC Salud Social seguir\u00e1 colaborando con las instituciones sanitarias y sociosanitarias del entorno territorial, nacional e internacional para promover proyectos e iniciativas enfocadas a mejorar la calidad asistencial, la provisi\u00f3n de servicios y establecer un nuevo modelo de relaci\u00f3n entre el ciudadano y su sistema de salud y social gracias a las TIC\u00bb.<\/p>\n<p>As\u00ed, la c\u00e1tedra se reafirma como instrumento para favorecer la colaboraci\u00f3n entre las entidades proveedoras de servicios asistenciales, universidades y centros de investigaci\u00f3n, y las empresas vinculadas a este ecosistema.<\/p>\n<p>&nbsp;<\/p>\n","protected":false},"author":3,"featured_media":21479,"menu_order":0,"template":"","meta":{"_acf_changed":false,"inline_featured_image":false},"etiqueta":[],"tipus":[],"topic":[123],"class_list":["post-21492","noticia","type-noticia","status-publish","has-post-thumbnail","hentry","topic-actualidad"],"acf":{"finalitzat":false,"tipus_plantilla":"objectius","template_objectius":{"cont_principal":"","imatge":false,"cont_seguent":{"titol":"","contingut":""},"seccio_llistat":{"titol":"","llistat":false},"objectius":{"titol":"","objectius":false},"documents":false},"autor":"","imatge":false,"textos_destacats":[{"texte":"La c\u00e1tedra se reafirma como instrumento para favorecer la colaboraci\u00f3n entre las entidades proveedoras de servicios asistenciales, universidades y centros de investigaci\u00f3n, y las empresas vinculadas a este ecosistema"}],"documents":false},"yoast_head":"<!-- This site is optimized with the Yoast SEO plugin v27.1.1 - https:\/\/yoast.com\/product\/yoast-seo-wordpress\/ -->\n<title>La C\u00e1tedra TIC Salut y Social nombra como nuevo director a Francesc L\u00f3pez Segu\u00ed - Fundaci\u00f3 TIC Salut i Social<\/title>\n<meta name=\"robots\" content=\"index, follow, max-snippet:-1, max-image-preview:large, max-video-preview:-1\" \/>\n<link rel=\"canonical\" href=\"https:\/\/ticsalutsocial.atoom.space\/es\/noticia\/la-catedra-tic-salut-y-social-nombra-como-nuevo-director-a-francesc-lopez-segui\/\" \/>\n<meta property=\"og:locale\" content=\"es_ES\" \/>\n<meta property=\"og:type\" content=\"article\" \/>\n<meta property=\"og:title\" content=\"La C\u00e1tedra TIC Salut y Social nombra como nuevo director a Francesc L\u00f3pez Segu\u00ed - Fundaci\u00f3 TIC Salut i Social\" \/>\n<meta property=\"og:description\" content=\"La C\u00e1tedra TIC Salut Social de la Universidad de VIC &#8211; Universidad Central de Catalu\u00f1a (UVic-UCC) ha nombrado esta semana como nuevo director a Francesc L\u00f3pez Segu\u00ed. La c\u00e1tedra se cre\u00f3 en diciembre de 2013 por iniciativa conjunta entre la Fundaci\u00f3n TIC Salut Social y la UVic-UCC con la visi\u00f3n de dar servicio docente y [&hellip;]\" \/>\n<meta property=\"og:url\" content=\"https:\/\/ticsalutsocial.atoom.space\/es\/noticia\/la-catedra-tic-salut-y-social-nombra-como-nuevo-director-a-francesc-lopez-segui\/\" \/>\n<meta property=\"og:site_name\" content=\"Fundaci\u00f3 TIC Salut i Social\" \/>\n<meta property=\"og:image\" content=\"https:\/\/ticsalutsocial.atoom.space\/wp-content\/uploads\/2023\/06\/WhatsApp-Image-2022-04-26-at-17.42.20.jpeg\" \/>\n\t<meta property=\"og:image:width\" content=\"1600\" \/>\n\t<meta property=\"og:image:height\" content=\"1066\" \/>\n\t<meta property=\"og:image:type\" content=\"image\/jpeg\" \/>\n<meta name=\"twitter:card\" content=\"summary_large_image\" \/>\n<meta name=\"twitter:label1\" content=\"Tiempo de lectura\" \/>\n\t<meta name=\"twitter:data1\" content=\"1 minuto\" \/>\n<script type=\"application\/ld+json\" class=\"yoast-schema-graph\">{\"@context\":\"https:\/\/schema.org\",\"@graph\":[{\"@type\":\"WebPage\",\"@id\":\"https:\/\/ticsalutsocial.atoom.space\/es\/noticia\/la-catedra-tic-salut-y-social-nombra-como-nuevo-director-a-francesc-lopez-segui\/\",\"url\":\"https:\/\/ticsalutsocial.atoom.space\/es\/noticia\/la-catedra-tic-salut-y-social-nombra-como-nuevo-director-a-francesc-lopez-segui\/\",\"name\":\"La C\u00e1tedra TIC Salut y Social nombra como nuevo director a Francesc L\u00f3pez Segu\u00ed - Fundaci\u00f3 TIC Salut i Social\",\"isPartOf\":{\"@id\":\"https:\/\/ticsalutsocial.atoom.space\/es\/#website\"},\"primaryImageOfPage\":{\"@id\":\"https:\/\/ticsalutsocial.atoom.space\/es\/noticia\/la-catedra-tic-salut-y-social-nombra-como-nuevo-director-a-francesc-lopez-segui\/#primaryimage\"},\"image\":{\"@id\":\"https:\/\/ticsalutsocial.atoom.space\/es\/noticia\/la-catedra-tic-salut-y-social-nombra-como-nuevo-director-a-francesc-lopez-segui\/#primaryimage\"},\"thumbnailUrl\":\"https:\/\/ticsalutsocial.atoom.space\/wp-content\/uploads\/2023\/06\/WhatsApp-Image-2022-04-26-at-17.42.20.jpeg\",\"datePublished\":\"2023-06-23T07:50:33+00:00\",\"breadcrumb\":{\"@id\":\"https:\/\/ticsalutsocial.atoom.space\/es\/noticia\/la-catedra-tic-salut-y-social-nombra-como-nuevo-director-a-francesc-lopez-segui\/#breadcrumb\"},\"inLanguage\":\"es\",\"potentialAction\":[{\"@type\":\"ReadAction\",\"target\":[\"https:\/\/ticsalutsocial.atoom.space\/es\/noticia\/la-catedra-tic-salut-y-social-nombra-como-nuevo-director-a-francesc-lopez-segui\/\"]}]},{\"@type\":\"ImageObject\",\"inLanguage\":\"es\",\"@id\":\"https:\/\/ticsalutsocial.atoom.space\/es\/noticia\/la-catedra-tic-salut-y-social-nombra-como-nuevo-director-a-francesc-lopez-segui\/#primaryimage\",\"url\":\"https:\/\/ticsalutsocial.atoom.space\/wp-content\/uploads\/2023\/06\/WhatsApp-Image-2022-04-26-at-17.42.20.jpeg\",\"contentUrl\":\"https:\/\/ticsalutsocial.atoom.space\/wp-content\/uploads\/2023\/06\/WhatsApp-Image-2022-04-26-at-17.42.20.jpeg\",\"width\":1600,\"height\":1066},{\"@type\":\"BreadcrumbList\",\"@id\":\"https:\/\/ticsalutsocial.atoom.space\/es\/noticia\/la-catedra-tic-salut-y-social-nombra-como-nuevo-director-a-francesc-lopez-segui\/#breadcrumb\",\"itemListElement\":[{\"@type\":\"ListItem\",\"position\":1,\"name\":\"Inici\",\"item\":\"https:\/\/ticsalutsocial.atoom.space\/es\/\"},{\"@type\":\"ListItem\",\"position\":2,\"name\":\"La C\u00e1tedra TIC Salut y Social nombra como nuevo director a Francesc L\u00f3pez Segu\u00ed\"}]},{\"@type\":\"WebSite\",\"@id\":\"https:\/\/ticsalutsocial.atoom.space\/es\/#website\",\"url\":\"https:\/\/ticsalutsocial.atoom.space\/es\/\",\"name\":\"Fundaci\u00f3 TIC Salut i Social\",\"description\":\"\",\"potentialAction\":[{\"@type\":\"SearchAction\",\"target\":{\"@type\":\"EntryPoint\",\"urlTemplate\":\"https:\/\/ticsalutsocial.atoom.space\/es\/?s={search_term_string}\"},\"query-input\":{\"@type\":\"PropertyValueSpecification\",\"valueRequired\":true,\"valueName\":\"search_term_string\"}}],\"inLanguage\":\"es\"}]}<\/script>\n<!-- \/ Yoast SEO plugin. -->","yoast_head_json":{"title":"La C\u00e1tedra TIC Salut y Social nombra como nuevo director a Francesc L\u00f3pez Segu\u00ed - Fundaci\u00f3 TIC Salut i Social","robots":{"index":"index","follow":"follow","max-snippet":"max-snippet:-1","max-image-preview":"max-image-preview:large","max-video-preview":"max-video-preview:-1"},"canonical":"https:\/\/ticsalutsocial.atoom.space\/es\/noticia\/la-catedra-tic-salut-y-social-nombra-como-nuevo-director-a-francesc-lopez-segui\/","og_locale":"es_ES","og_type":"article","og_title":"La C\u00e1tedra TIC Salut y Social nombra como nuevo director a Francesc L\u00f3pez Segu\u00ed - Fundaci\u00f3 TIC Salut i Social","og_description":"La C\u00e1tedra TIC Salut Social de la Universidad de VIC &#8211; Universidad Central de Catalu\u00f1a (UVic-UCC) ha nombrado esta semana como nuevo director a Francesc L\u00f3pez Segu\u00ed. La c\u00e1tedra se cre\u00f3 en diciembre de 2013 por iniciativa conjunta entre la Fundaci\u00f3n TIC Salut Social y la UVic-UCC con la visi\u00f3n de dar servicio docente y [&hellip;]","og_url":"https:\/\/ticsalutsocial.atoom.space\/es\/noticia\/la-catedra-tic-salut-y-social-nombra-como-nuevo-director-a-francesc-lopez-segui\/","og_site_name":"Fundaci\u00f3 TIC Salut i Social","og_image":[{"width":1600,"height":1066,"url":"https:\/\/ticsalutsocial.atoom.space\/wp-content\/uploads\/2023\/06\/WhatsApp-Image-2022-04-26-at-17.42.20.jpeg","type":"image\/jpeg"}],"twitter_card":"summary_large_image","twitter_misc":{"Tiempo de lectura":"1 minuto"},"schema":{"@context":"https:\/\/schema.org","@graph":[{"@type":"WebPage","@id":"https:\/\/ticsalutsocial.atoom.space\/es\/noticia\/la-catedra-tic-salut-y-social-nombra-como-nuevo-director-a-francesc-lopez-segui\/","url":"https:\/\/ticsalutsocial.atoom.space\/es\/noticia\/la-catedra-tic-salut-y-social-nombra-como-nuevo-director-a-francesc-lopez-segui\/","name":"La C\u00e1tedra TIC Salut y Social nombra como nuevo director a Francesc L\u00f3pez Segu\u00ed - Fundaci\u00f3 TIC Salut i Social","isPartOf":{"@id":"https:\/\/ticsalutsocial.atoom.space\/es\/#website"},"primaryImageOfPage":{"@id":"https:\/\/ticsalutsocial.atoom.space\/es\/noticia\/la-catedra-tic-salut-y-social-nombra-como-nuevo-director-a-francesc-lopez-segui\/#primaryimage"},"image":{"@id":"https:\/\/ticsalutsocial.atoom.space\/es\/noticia\/la-catedra-tic-salut-y-social-nombra-como-nuevo-director-a-francesc-lopez-segui\/#primaryimage"},"thumbnailUrl":"https:\/\/ticsalutsocial.atoom.space\/wp-content\/uploads\/2023\/06\/WhatsApp-Image-2022-04-26-at-17.42.20.jpeg","datePublished":"2023-06-23T07:50:33+00:00","breadcrumb":{"@id":"https:\/\/ticsalutsocial.atoom.space\/es\/noticia\/la-catedra-tic-salut-y-social-nombra-como-nuevo-director-a-francesc-lopez-segui\/#breadcrumb"},"inLanguage":"es","potentialAction":[{"@type":"ReadAction","target":["https:\/\/ticsalutsocial.atoom.space\/es\/noticia\/la-catedra-tic-salut-y-social-nombra-como-nuevo-director-a-francesc-lopez-segui\/"]}]},{"@type":"ImageObject","inLanguage":"es","@id":"https:\/\/ticsalutsocial.atoom.space\/es\/noticia\/la-catedra-tic-salut-y-social-nombra-como-nuevo-director-a-francesc-lopez-segui\/#primaryimage","url":"https:\/\/ticsalutsocial.atoom.space\/wp-content\/uploads\/2023\/06\/WhatsApp-Image-2022-04-26-at-17.42.20.jpeg","contentUrl":"https:\/\/ticsalutsocial.atoom.space\/wp-content\/uploads\/2023\/06\/WhatsApp-Image-2022-04-26-at-17.42.20.jpeg","width":1600,"height":1066},{"@type":"BreadcrumbList","@id":"https:\/\/ticsalutsocial.atoom.space\/es\/noticia\/la-catedra-tic-salut-y-social-nombra-como-nuevo-director-a-francesc-lopez-segui\/#breadcrumb","itemListElement":[{"@type":"ListItem","position":1,"name":"Inici","item":"https:\/\/ticsalutsocial.atoom.space\/es\/"},{"@type":"ListItem","position":2,"name":"La C\u00e1tedra TIC Salut y Social nombra como nuevo director a Francesc L\u00f3pez Segu\u00ed"}]},{"@type":"WebSite","@id":"https:\/\/ticsalutsocial.atoom.space\/es\/#website","url":"https:\/\/ticsalutsocial.atoom.space\/es\/","name":"Fundaci\u00f3 TIC Salut i Social","description":"","potentialAction":[{"@type":"SearchAction","target":{"@type":"EntryPoint","urlTemplate":"https:\/\/ticsalutsocial.atoom.space\/es\/?s={search_term_string}"},"query-input":{"@type":"PropertyValueSpecification","valueRequired":true,"valueName":"search_term_string"}}],"inLanguage":"es"}]}},"_links":{"self":[{"href":"https:\/\/ticsalutsocial.atoom.space\/es\/wp-json\/wp\/v2\/noticia\/21492","targetHints":{"allow":["GET"]}}],"collection":[{"href":"https:\/\/ticsalutsocial.atoom.space\/es\/wp-json\/wp\/v2\/noticia"}],"about":[{"href":"https:\/\/ticsalutsocial.atoom.space\/es\/wp-json\/wp\/v2\/types\/noticia"}],"author":[{"embeddable":true,"href":"https:\/\/ticsalutsocial.atoom.space\/es\/wp-json\/wp\/v2\/users\/3"}],"wp:featuredmedia":[{"embeddable":true,"href":"https:\/\/ticsalutsocial.atoom.space\/es\/wp-json\/wp\/v2\/media\/21479"}],"wp:attachment":[{"href":"https:\/\/ticsalutsocial.atoom.space\/es\/wp-json\/wp\/v2\/media?parent=21492"}],"wp:term":[{"taxonomy":"etiqueta","embeddable":true,"href":"https:\/\/ticsalutsocial.atoom.space\/es\/wp-json\/wp\/v2\/etiqueta?post=21492"},{"taxonomy":"tipus","embeddable":true,"href":"https:\/\/ticsalutsocial.atoom.space\/es\/wp-json\/wp\/v2\/tipus?post=21492"},{"taxonomy":"topic","embeddable":true,"href":"https:\/\/ticsalutsocial.atoom.space\/es\/wp-json\/wp\/v2\/topic?post=21492"}],"curies":[{"name":"wp","href":"https:\/\/api.w.org\/{rel}","templated":true}]}}