
{"id":21548,"date":"2023-06-30T10:00:00","date_gmt":"2023-06-30T08:00:00","guid":{"rendered":"https:\/\/ticsalutsocial.atoom.space\/?post_type=noticia&#038;p=21548"},"modified":"2023-06-30T10:46:13","modified_gmt":"2023-06-30T08:46:13","slug":"el-centre-nacional-de-snomed-ct-a-espanya-publica-una-nova-versio-actualitzada-de-lextensio-catalana","status":"publish","type":"noticia","link":"https:\/\/ticsalutsocial.atoom.space\/es\/noticia\/el-centre-nacional-de-snomed-ct-a-espanya-publica-una-nova-versio-actualitzada-de-lextensio-catalana\/","title":{"rendered":"Ya est\u00e1 disponible una nueva versi\u00f3n actualizada de la extensi\u00f3n catalana"},"content":{"rendered":"\n<p><em><a href=\"https:\/\/www.snomed.org\/about-us?lang=ca\" target=\"_blank\" rel=\"noreferrer noopener\">SNOMED International<\/a> <\/em>es la organizaci\u00f3n sin \u00e1nimo de lucro que administra y desarrolla SNOMED CT, la terminolog\u00eda cl\u00ednica m\u00e1s completa del mundo. Hoy se publica la actualizaci\u00f3n anual de la extensi\u00f3n catalana de su est\u00e1ndar. Para consultarla es necesario acceder al siguiente <a href=\"https:\/\/ticsalutsocial.atoom.space\/formulari-dobtencio-de-snomed-ct-2\/\" target=\"_blank\" rel=\"noreferrer noopener\">formulario de descarga<\/a>.<\/p>\n\n\n\n<p>Entre las novedades de la \u00faltima versi\u00f3n, trabajada con los profesionales del SISCAT y gestionada desde el \u00e1mbito de Interoperabilidad y tecnolog\u00edas de la Fundaci\u00f3n TIC Salud Social, se cuentan las siguientes metas:<\/p>\n\n\n\n<ul class=\"wp-block-list\">\n<li>Creaci\u00f3n o modificaci\u00f3n de 186 conceptos.<\/li>\n\n\n\n<li>Creaci\u00f3n o modificaci\u00f3n de 1.130 descripciones.<\/li>\n\n\n\n<li>Creaci\u00f3n o modificaci\u00f3n 14.327 conceptos en los diferentes subconjuntos de la extensi\u00f3n.<\/li>\n\n\n\n<li>Creaci\u00f3n o modificaci\u00f3n de 1.172 relaciones de conceptos codificados.<\/li>\n\n\n\n<li>Nuevo subconjunto a\u00f1adido: Violencia machista.<\/li>\n<\/ul>\n\n\n\n<p><\/p>\n\n\n\n<p>Todos estos recursos terminol\u00f3gicos nuevos ya est\u00e1n a disposici\u00f3n de las entidades proveedoras del SISCAT. \u00datiles tambi\u00e9n para trasladarlos a los proyectos transversales del Departament de Salut para evaluar el impacto de su adopci\u00f3n.<\/p>\n","protected":false},"author":3,"featured_media":21544,"menu_order":0,"template":"","meta":{"_acf_changed":false,"inline_featured_image":false},"etiqueta":[],"tipus":[84],"topic":[123],"class_list":["post-21548","noticia","type-noticia","status-publish","has-post-thumbnail","hentry","tipus-oficina-interoperabilidad","topic-actualidad"],"acf":{"autor":"","imatge":21547,"textos_destacats":[{"texte":"Esta versi\u00f3n ha sido revisada por el Centro Nacional de Referencia de SNOMED CT en Espa\u00f1a para asegurar que da cumplimiento a los requerimientos de SNOMED Internacional."}],"documents":false,"finalitzat":false,"tipus_plantilla":"objectius","template_objectius":{"cont_principal":"","imatge":false,"cont_seguent":{"titol":"","contingut":""},"seccio_llistat":{"titol":"","llistat":false},"objectius":{"titol":"","objectius":false},"documents":false}},"yoast_head":"<!-- This site is optimized with the Yoast SEO plugin v27.1.1 - https:\/\/yoast.com\/product\/yoast-seo-wordpress\/ -->\n<title>Ya est\u00e1 disponible una nueva versi\u00f3n actualizada de la extensi\u00f3n catalana - Fundaci\u00f3 TIC Salut i Social<\/title>\n<meta name=\"robots\" content=\"index, follow, max-snippet:-1, max-image-preview:large, max-video-preview:-1\" \/>\n<link rel=\"canonical\" href=\"https:\/\/ticsalutsocial.atoom.space\/es\/noticia\/el-centre-nacional-de-snomed-ct-a-espanya-publica-una-nova-versio-actualitzada-de-lextensio-catalana\/\" \/>\n<meta property=\"og:locale\" content=\"es_ES\" \/>\n<meta property=\"og:type\" content=\"article\" \/>\n<meta property=\"og:title\" content=\"Ya est\u00e1 disponible una nueva versi\u00f3n actualizada de la extensi\u00f3n catalana - Fundaci\u00f3 TIC Salut i Social\" \/>\n<meta property=\"og:description\" content=\"SNOMED International es la organizaci\u00f3n sin \u00e1nimo de lucro que administra y desarrolla SNOMED CT, la terminolog\u00eda cl\u00ednica m\u00e1s completa del mundo. Hoy se publica la actualizaci\u00f3n anual de la extensi\u00f3n catalana de su est\u00e1ndar. Para consultarla es necesario acceder al siguiente formulario de descarga. Entre las novedades de la \u00faltima versi\u00f3n, trabajada con los [&hellip;]\" \/>\n<meta property=\"og:url\" content=\"https:\/\/ticsalutsocial.atoom.space\/es\/noticia\/el-centre-nacional-de-snomed-ct-a-espanya-publica-una-nova-versio-actualitzada-de-lextensio-catalana\/\" \/>\n<meta property=\"og:site_name\" content=\"Fundaci\u00f3 TIC Salut i Social\" \/>\n<meta property=\"article:modified_time\" content=\"2023-06-30T08:46:13+00:00\" \/>\n<meta property=\"og:image\" content=\"https:\/\/ticsalutsocial.atoom.space\/wp-content\/uploads\/2023\/06\/extensio-catalana-SNOMED.jpg\" \/>\n\t<meta property=\"og:image:width\" content=\"2560\" \/>\n\t<meta property=\"og:image:height\" content=\"1707\" \/>\n\t<meta property=\"og:image:type\" content=\"image\/jpeg\" \/>\n<meta name=\"twitter:card\" content=\"summary_large_image\" \/>\n<meta name=\"twitter:label1\" content=\"Tiempo de lectura\" \/>\n\t<meta name=\"twitter:data1\" content=\"1 minuto\" \/>\n<script type=\"application\/ld+json\" class=\"yoast-schema-graph\">{\"@context\":\"https:\/\/schema.org\",\"@graph\":[{\"@type\":\"WebPage\",\"@id\":\"https:\/\/ticsalutsocial.atoom.space\/es\/noticia\/el-centre-nacional-de-snomed-ct-a-espanya-publica-una-nova-versio-actualitzada-de-lextensio-catalana\/\",\"url\":\"https:\/\/ticsalutsocial.atoom.space\/es\/noticia\/el-centre-nacional-de-snomed-ct-a-espanya-publica-una-nova-versio-actualitzada-de-lextensio-catalana\/\",\"name\":\"Ya est\u00e1 disponible una nueva versi\u00f3n actualizada de la extensi\u00f3n catalana - Fundaci\u00f3 TIC Salut i Social\",\"isPartOf\":{\"@id\":\"https:\/\/ticsalutsocial.atoom.space\/es\/#website\"},\"primaryImageOfPage\":{\"@id\":\"https:\/\/ticsalutsocial.atoom.space\/es\/noticia\/el-centre-nacional-de-snomed-ct-a-espanya-publica-una-nova-versio-actualitzada-de-lextensio-catalana\/#primaryimage\"},\"image\":{\"@id\":\"https:\/\/ticsalutsocial.atoom.space\/es\/noticia\/el-centre-nacional-de-snomed-ct-a-espanya-publica-una-nova-versio-actualitzada-de-lextensio-catalana\/#primaryimage\"},\"thumbnailUrl\":\"https:\/\/ticsalutsocial.atoom.space\/wp-content\/uploads\/2023\/06\/extensio-catalana-SNOMED.jpg\",\"datePublished\":\"2023-06-30T08:00:00+00:00\",\"dateModified\":\"2023-06-30T08:46:13+00:00\",\"breadcrumb\":{\"@id\":\"https:\/\/ticsalutsocial.atoom.space\/es\/noticia\/el-centre-nacional-de-snomed-ct-a-espanya-publica-una-nova-versio-actualitzada-de-lextensio-catalana\/#breadcrumb\"},\"inLanguage\":\"es\",\"potentialAction\":[{\"@type\":\"ReadAction\",\"target\":[\"https:\/\/ticsalutsocial.atoom.space\/es\/noticia\/el-centre-nacional-de-snomed-ct-a-espanya-publica-una-nova-versio-actualitzada-de-lextensio-catalana\/\"]}]},{\"@type\":\"ImageObject\",\"inLanguage\":\"es\",\"@id\":\"https:\/\/ticsalutsocial.atoom.space\/es\/noticia\/el-centre-nacional-de-snomed-ct-a-espanya-publica-una-nova-versio-actualitzada-de-lextensio-catalana\/#primaryimage\",\"url\":\"https:\/\/ticsalutsocial.atoom.space\/wp-content\/uploads\/2023\/06\/extensio-catalana-SNOMED.jpg\",\"contentUrl\":\"https:\/\/ticsalutsocial.atoom.space\/wp-content\/uploads\/2023\/06\/extensio-catalana-SNOMED.jpg\",\"width\":2560,\"height\":1707},{\"@type\":\"BreadcrumbList\",\"@id\":\"https:\/\/ticsalutsocial.atoom.space\/es\/noticia\/el-centre-nacional-de-snomed-ct-a-espanya-publica-una-nova-versio-actualitzada-de-lextensio-catalana\/#breadcrumb\",\"itemListElement\":[{\"@type\":\"ListItem\",\"position\":1,\"name\":\"Inici\",\"item\":\"https:\/\/ticsalutsocial.atoom.space\/es\/\"},{\"@type\":\"ListItem\",\"position\":2,\"name\":\"Ya est\u00e1 disponible una nueva versi\u00f3n actualizada de la extensi\u00f3n catalana\"}]},{\"@type\":\"WebSite\",\"@id\":\"https:\/\/ticsalutsocial.atoom.space\/es\/#website\",\"url\":\"https:\/\/ticsalutsocial.atoom.space\/es\/\",\"name\":\"Fundaci\u00f3 TIC Salut i Social\",\"description\":\"\",\"potentialAction\":[{\"@type\":\"SearchAction\",\"target\":{\"@type\":\"EntryPoint\",\"urlTemplate\":\"https:\/\/ticsalutsocial.atoom.space\/es\/?s={search_term_string}\"},\"query-input\":{\"@type\":\"PropertyValueSpecification\",\"valueRequired\":true,\"valueName\":\"search_term_string\"}}],\"inLanguage\":\"es\"}]}<\/script>\n<!-- \/ Yoast SEO plugin. -->","yoast_head_json":{"title":"Ya est\u00e1 disponible una nueva versi\u00f3n actualizada de la extensi\u00f3n catalana - Fundaci\u00f3 TIC Salut i Social","robots":{"index":"index","follow":"follow","max-snippet":"max-snippet:-1","max-image-preview":"max-image-preview:large","max-video-preview":"max-video-preview:-1"},"canonical":"https:\/\/ticsalutsocial.atoom.space\/es\/noticia\/el-centre-nacional-de-snomed-ct-a-espanya-publica-una-nova-versio-actualitzada-de-lextensio-catalana\/","og_locale":"es_ES","og_type":"article","og_title":"Ya est\u00e1 disponible una nueva versi\u00f3n actualizada de la extensi\u00f3n catalana - Fundaci\u00f3 TIC Salut i Social","og_description":"SNOMED International es la organizaci\u00f3n sin \u00e1nimo de lucro que administra y desarrolla SNOMED CT, la terminolog\u00eda cl\u00ednica m\u00e1s completa del mundo. Hoy se publica la actualizaci\u00f3n anual de la extensi\u00f3n catalana de su est\u00e1ndar. Para consultarla es necesario acceder al siguiente formulario de descarga. Entre las novedades de la \u00faltima versi\u00f3n, trabajada con los [&hellip;]","og_url":"https:\/\/ticsalutsocial.atoom.space\/es\/noticia\/el-centre-nacional-de-snomed-ct-a-espanya-publica-una-nova-versio-actualitzada-de-lextensio-catalana\/","og_site_name":"Fundaci\u00f3 TIC Salut i Social","article_modified_time":"2023-06-30T08:46:13+00:00","og_image":[{"width":2560,"height":1707,"url":"https:\/\/ticsalutsocial.atoom.space\/wp-content\/uploads\/2023\/06\/extensio-catalana-SNOMED.jpg","type":"image\/jpeg"}],"twitter_card":"summary_large_image","twitter_misc":{"Tiempo de lectura":"1 minuto"},"schema":{"@context":"https:\/\/schema.org","@graph":[{"@type":"WebPage","@id":"https:\/\/ticsalutsocial.atoom.space\/es\/noticia\/el-centre-nacional-de-snomed-ct-a-espanya-publica-una-nova-versio-actualitzada-de-lextensio-catalana\/","url":"https:\/\/ticsalutsocial.atoom.space\/es\/noticia\/el-centre-nacional-de-snomed-ct-a-espanya-publica-una-nova-versio-actualitzada-de-lextensio-catalana\/","name":"Ya est\u00e1 disponible una nueva versi\u00f3n actualizada de la extensi\u00f3n catalana - Fundaci\u00f3 TIC Salut i Social","isPartOf":{"@id":"https:\/\/ticsalutsocial.atoom.space\/es\/#website"},"primaryImageOfPage":{"@id":"https:\/\/ticsalutsocial.atoom.space\/es\/noticia\/el-centre-nacional-de-snomed-ct-a-espanya-publica-una-nova-versio-actualitzada-de-lextensio-catalana\/#primaryimage"},"image":{"@id":"https:\/\/ticsalutsocial.atoom.space\/es\/noticia\/el-centre-nacional-de-snomed-ct-a-espanya-publica-una-nova-versio-actualitzada-de-lextensio-catalana\/#primaryimage"},"thumbnailUrl":"https:\/\/ticsalutsocial.atoom.space\/wp-content\/uploads\/2023\/06\/extensio-catalana-SNOMED.jpg","datePublished":"2023-06-30T08:00:00+00:00","dateModified":"2023-06-30T08:46:13+00:00","breadcrumb":{"@id":"https:\/\/ticsalutsocial.atoom.space\/es\/noticia\/el-centre-nacional-de-snomed-ct-a-espanya-publica-una-nova-versio-actualitzada-de-lextensio-catalana\/#breadcrumb"},"inLanguage":"es","potentialAction":[{"@type":"ReadAction","target":["https:\/\/ticsalutsocial.atoom.space\/es\/noticia\/el-centre-nacional-de-snomed-ct-a-espanya-publica-una-nova-versio-actualitzada-de-lextensio-catalana\/"]}]},{"@type":"ImageObject","inLanguage":"es","@id":"https:\/\/ticsalutsocial.atoom.space\/es\/noticia\/el-centre-nacional-de-snomed-ct-a-espanya-publica-una-nova-versio-actualitzada-de-lextensio-catalana\/#primaryimage","url":"https:\/\/ticsalutsocial.atoom.space\/wp-content\/uploads\/2023\/06\/extensio-catalana-SNOMED.jpg","contentUrl":"https:\/\/ticsalutsocial.atoom.space\/wp-content\/uploads\/2023\/06\/extensio-catalana-SNOMED.jpg","width":2560,"height":1707},{"@type":"BreadcrumbList","@id":"https:\/\/ticsalutsocial.atoom.space\/es\/noticia\/el-centre-nacional-de-snomed-ct-a-espanya-publica-una-nova-versio-actualitzada-de-lextensio-catalana\/#breadcrumb","itemListElement":[{"@type":"ListItem","position":1,"name":"Inici","item":"https:\/\/ticsalutsocial.atoom.space\/es\/"},{"@type":"ListItem","position":2,"name":"Ya est\u00e1 disponible una nueva versi\u00f3n actualizada de la extensi\u00f3n catalana"}]},{"@type":"WebSite","@id":"https:\/\/ticsalutsocial.atoom.space\/es\/#website","url":"https:\/\/ticsalutsocial.atoom.space\/es\/","name":"Fundaci\u00f3 TIC Salut i Social","description":"","potentialAction":[{"@type":"SearchAction","target":{"@type":"EntryPoint","urlTemplate":"https:\/\/ticsalutsocial.atoom.space\/es\/?s={search_term_string}"},"query-input":{"@type":"PropertyValueSpecification","valueRequired":true,"valueName":"search_term_string"}}],"inLanguage":"es"}]}},"_links":{"self":[{"href":"https:\/\/ticsalutsocial.atoom.space\/es\/wp-json\/wp\/v2\/noticia\/21548","targetHints":{"allow":["GET"]}}],"collection":[{"href":"https:\/\/ticsalutsocial.atoom.space\/es\/wp-json\/wp\/v2\/noticia"}],"about":[{"href":"https:\/\/ticsalutsocial.atoom.space\/es\/wp-json\/wp\/v2\/types\/noticia"}],"author":[{"embeddable":true,"href":"https:\/\/ticsalutsocial.atoom.space\/es\/wp-json\/wp\/v2\/users\/3"}],"wp:featuredmedia":[{"embeddable":true,"href":"https:\/\/ticsalutsocial.atoom.space\/es\/wp-json\/wp\/v2\/media\/21544"}],"wp:attachment":[{"href":"https:\/\/ticsalutsocial.atoom.space\/es\/wp-json\/wp\/v2\/media?parent=21548"}],"wp:term":[{"taxonomy":"etiqueta","embeddable":true,"href":"https:\/\/ticsalutsocial.atoom.space\/es\/wp-json\/wp\/v2\/etiqueta?post=21548"},{"taxonomy":"tipus","embeddable":true,"href":"https:\/\/ticsalutsocial.atoom.space\/es\/wp-json\/wp\/v2\/tipus?post=21548"},{"taxonomy":"topic","embeddable":true,"href":"https:\/\/ticsalutsocial.atoom.space\/es\/wp-json\/wp\/v2\/topic?post=21548"}],"curies":[{"name":"wp","href":"https:\/\/api.w.org\/{rel}","templated":true}]}}