
{"id":21623,"date":"2023-07-03T13:05:44","date_gmt":"2023-07-03T11:05:44","guid":{"rendered":"https:\/\/ticsalutsocial.atoom.space\/noticia\/present-i-futur-en-lavaluacio-de-les-apps-de-salut\/"},"modified":"2023-07-06T11:45:02","modified_gmt":"2023-07-06T09:45:02","slug":"present-i-futur-en-lavaluacio-de-les-apps-de-salut","status":"publish","type":"noticia","link":"https:\/\/ticsalutsocial.atoom.space\/es\/noticia\/present-i-futur-en-lavaluacio-de-les-apps-de-salut\/","title":{"rendered":"Presente y Futuro en la evaluaci\u00f3n de las Apps de Salut"},"content":{"rendered":"\n<p>Desde 2017 la Fundaci\u00f3n TIC Salut Social dispone de un modelo de certificaci\u00f3n de aplicaciones m\u00f3viles del sector de la Salut para revisar diferentes criterios tecnol\u00f3gicos para garantizar la calidad, seguridad y fiabilidad de determinadas Apps. El objetivo es facilitar y mejorar el seguimiento de la salud de los ciudadanos con estos productos. Los criterios de evaluaci\u00f3n se clasifican en 4 bloques: <strong><em>Usabilidad y Accesibilidad, Tecnolog\u00eda, Seguridad y Privacidad y, Contenidos y Funcionalidad<\/em><\/strong>. Los est\u00e1ndares correspondientes a este \u00faltimo bloque son evaluados por el Comit\u00e9 de Expertos Funcionales integrado por miembros de Colegios Oficiales y Sociedades Cient\u00edficas de Catalu\u00f1a como COMB, COIB, CAMFiC, SCEPC, COPFLEFC, y AiFICC.<\/p>\n\n\n\n<p>En esta misma l\u00ednea, la Fundaci\u00f3n TIC Salut Social participa en el proyecto <a href=\"https:\/\/label2enable.eu\/\" target=\"_blank\" rel=\"noreferrer noopener\">Label2Enable<\/a> (L2E) financiado por el programa HORIZON-HLTH-2021 de la Comisi\u00f3n Europea. El objetivo es promover la adopci\u00f3n de la CEN ISO\/TS 82304-2 en Europa. De esta forma se busca crear un certificado que marque unos est\u00e1ndares transfronterizos y comunes de calidad y fiabilidad para todos los activos digitales como las Apps de salud. Un hecho relevante para proteger derechos como el de privacidad de los pacientes y ciudadanos, trabajadores de la salud y sistemas sanitarios integrados en el mercado europeo que utilizan soluciones m\u00f3viles digitales relacionadas con Salut.<\/p>\n\n\n\n<p>Con el fin de hacer converger los est\u00e1ndares europeos con la labor del servicio de certificaci\u00f3n de la fundaci\u00f3n, &nbsp;se impulsan sesiones de trabajo con el Comit\u00e9 de Expertos Funcionales, las \u00e1reas de farmacia y de Ciudadan\u00eda, Innovaci\u00f3n y Usuario del Servicio Catal\u00e1n de la Salud , y la Fundaci\u00f3n iSYS. Estas sesiones de trabajo abren el debate para reflexionar sobre la situaci\u00f3n actual relacionada con la promoci\u00f3n de activos digitales de confianza para la ciudadan\u00eda y encontrar el futuro encaje de las diferentes iniciativas que est\u00e1n surgiendo en todo el territorio. Entre las tareas llevadas a cabo se cuenta la revisi\u00f3n de los marcos de evaluaci\u00f3n de aplicaciones de salud y c\u00f3mo integrar la CEN ISO\/TS 82304-2 en el Sistema de Salud de Catalu\u00f1a.<\/p>\n\n\n\n<p><\/p>\n\n\n\n<figure class=\"wp-block-image size-full\"><img loading=\"lazy\" decoding=\"async\" width=\"852\" height=\"638\" src=\"https:\/\/ticsalutsocial.atoom.space\/wp-content\/uploads\/2023\/07\/foto1.png\" alt=\"\" class=\"wp-image-21608\" srcset=\"https:\/\/ticsalutsocial.atoom.space\/wp-content\/uploads\/2023\/07\/foto1.png 852w, https:\/\/ticsalutsocial.atoom.space\/wp-content\/uploads\/2023\/07\/foto1-300x225.png 300w, https:\/\/ticsalutsocial.atoom.space\/wp-content\/uploads\/2023\/07\/foto1-768x575.png 768w\" sizes=\"auto, (max-width: 852px) 100vw, 852px\" \/><\/figure>\n\n\n\n<p><\/p>\n\n\n\n<p>Desde la direcci\u00f3n del \u00c1rea de Ciudadan\u00eda, Innovaci\u00f3n y Usuario del CatSalut se remarca la necesidad de promocionar activos digitales seguros y de confianza para la ciudadan\u00eda. A tales efectos, es importante disponer de un grupo de expertos en la materia para tener una visi\u00f3n global sobre la problem\u00e1tica existente y los beneficios que aporta el uso de este tipo de tecnolog\u00eda y mejorar la relaci\u00f3n entre ciudadan\u00eda y centros de salud.<\/p>\n","protected":false},"author":3,"featured_media":21622,"menu_order":0,"template":"","meta":{"_acf_changed":false,"inline_featured_image":false},"etiqueta":[],"tipus":[654],"topic":[113],"class_list":["post-21623","noticia","type-noticia","status-publish","has-post-thumbnail","hentry","tipus-activos-digitales","topic-transformacion-digital"],"acf":{"autor":"","imatge":21622,"textos_destacats":[{"texte":"La visi\u00f3n final de L2E pasa por compartir una estructura global, fiable, legislativa que ofrece garant\u00edas \u00e9ticas a los potenciales usuarios de estos productos."}],"documents":false,"finalitzat":false,"tipus_plantilla":"objectius","template_objectius":{"cont_principal":"","imatge":false,"cont_seguent":{"titol":"","contingut":""},"seccio_llistat":{"titol":"","llistat":false},"objectius":{"titol":"","objectius":false},"documents":false}},"yoast_head":"<!-- This site is optimized with the Yoast SEO plugin v27.1.1 - https:\/\/yoast.com\/product\/yoast-seo-wordpress\/ -->\n<title>Presente y Futuro en la evaluaci\u00f3n de las Apps de Salut - Fundaci\u00f3 TIC Salut i Social<\/title>\n<meta name=\"robots\" content=\"index, follow, max-snippet:-1, max-image-preview:large, max-video-preview:-1\" \/>\n<link rel=\"canonical\" href=\"https:\/\/ticsalutsocial.atoom.space\/es\/noticia\/present-i-futur-en-lavaluacio-de-les-apps-de-salut\/\" \/>\n<meta property=\"og:locale\" content=\"es_ES\" \/>\n<meta property=\"og:type\" content=\"article\" \/>\n<meta property=\"og:title\" content=\"Presente y Futuro en la evaluaci\u00f3n de las Apps de Salut - Fundaci\u00f3 TIC Salut i Social\" \/>\n<meta property=\"og:description\" content=\"Desde 2017 la Fundaci\u00f3n TIC Salut Social dispone de un modelo de certificaci\u00f3n de aplicaciones m\u00f3viles del sector de la Salut para revisar diferentes criterios tecnol\u00f3gicos para garantizar la calidad, seguridad y fiabilidad de determinadas Apps. El objetivo es facilitar y mejorar el seguimiento de la salud de los ciudadanos con estos productos. Los criterios [&hellip;]\" \/>\n<meta property=\"og:url\" content=\"https:\/\/ticsalutsocial.atoom.space\/es\/noticia\/present-i-futur-en-lavaluacio-de-les-apps-de-salut\/\" \/>\n<meta property=\"og:site_name\" content=\"Fundaci\u00f3 TIC Salut i Social\" \/>\n<meta property=\"article:modified_time\" content=\"2023-07-06T09:45:02+00:00\" \/>\n<meta property=\"og:image\" content=\"https:\/\/ticsalutsocial.atoom.space\/wp-content\/uploads\/2023\/07\/MicrosoftTeams-image-1-1-1-scaled.jpg\" \/>\n\t<meta property=\"og:image:width\" content=\"2560\" \/>\n\t<meta property=\"og:image:height\" content=\"1193\" \/>\n\t<meta property=\"og:image:type\" content=\"image\/jpeg\" \/>\n<meta name=\"twitter:card\" content=\"summary_large_image\" \/>\n<meta name=\"twitter:label1\" content=\"Tiempo de lectura\" \/>\n\t<meta name=\"twitter:data1\" content=\"2 minutos\" \/>\n<script type=\"application\/ld+json\" class=\"yoast-schema-graph\">{\"@context\":\"https:\/\/schema.org\",\"@graph\":[{\"@type\":\"WebPage\",\"@id\":\"https:\/\/ticsalutsocial.atoom.space\/es\/noticia\/present-i-futur-en-lavaluacio-de-les-apps-de-salut\/\",\"url\":\"https:\/\/ticsalutsocial.atoom.space\/es\/noticia\/present-i-futur-en-lavaluacio-de-les-apps-de-salut\/\",\"name\":\"Presente y Futuro en la evaluaci\u00f3n de las Apps de Salut - Fundaci\u00f3 TIC Salut i Social\",\"isPartOf\":{\"@id\":\"https:\/\/ticsalutsocial.atoom.space\/es\/#website\"},\"primaryImageOfPage\":{\"@id\":\"https:\/\/ticsalutsocial.atoom.space\/es\/noticia\/present-i-futur-en-lavaluacio-de-les-apps-de-salut\/#primaryimage\"},\"image\":{\"@id\":\"https:\/\/ticsalutsocial.atoom.space\/es\/noticia\/present-i-futur-en-lavaluacio-de-les-apps-de-salut\/#primaryimage\"},\"thumbnailUrl\":\"https:\/\/ticsalutsocial.atoom.space\/wp-content\/uploads\/2023\/07\/MicrosoftTeams-image-1-1-1-scaled.jpg\",\"datePublished\":\"2023-07-03T11:05:44+00:00\",\"dateModified\":\"2023-07-06T09:45:02+00:00\",\"breadcrumb\":{\"@id\":\"https:\/\/ticsalutsocial.atoom.space\/es\/noticia\/present-i-futur-en-lavaluacio-de-les-apps-de-salut\/#breadcrumb\"},\"inLanguage\":\"es\",\"potentialAction\":[{\"@type\":\"ReadAction\",\"target\":[\"https:\/\/ticsalutsocial.atoom.space\/es\/noticia\/present-i-futur-en-lavaluacio-de-les-apps-de-salut\/\"]}]},{\"@type\":\"ImageObject\",\"inLanguage\":\"es\",\"@id\":\"https:\/\/ticsalutsocial.atoom.space\/es\/noticia\/present-i-futur-en-lavaluacio-de-les-apps-de-salut\/#primaryimage\",\"url\":\"https:\/\/ticsalutsocial.atoom.space\/wp-content\/uploads\/2023\/07\/MicrosoftTeams-image-1-1-1-scaled.jpg\",\"contentUrl\":\"https:\/\/ticsalutsocial.atoom.space\/wp-content\/uploads\/2023\/07\/MicrosoftTeams-image-1-1-1-scaled.jpg\",\"width\":2560,\"height\":1193},{\"@type\":\"BreadcrumbList\",\"@id\":\"https:\/\/ticsalutsocial.atoom.space\/es\/noticia\/present-i-futur-en-lavaluacio-de-les-apps-de-salut\/#breadcrumb\",\"itemListElement\":[{\"@type\":\"ListItem\",\"position\":1,\"name\":\"Inici\",\"item\":\"https:\/\/ticsalutsocial.atoom.space\/es\/\"},{\"@type\":\"ListItem\",\"position\":2,\"name\":\"Presente y Futuro en la evaluaci\u00f3n de las Apps de Salut\"}]},{\"@type\":\"WebSite\",\"@id\":\"https:\/\/ticsalutsocial.atoom.space\/es\/#website\",\"url\":\"https:\/\/ticsalutsocial.atoom.space\/es\/\",\"name\":\"Fundaci\u00f3 TIC Salut i Social\",\"description\":\"\",\"potentialAction\":[{\"@type\":\"SearchAction\",\"target\":{\"@type\":\"EntryPoint\",\"urlTemplate\":\"https:\/\/ticsalutsocial.atoom.space\/es\/?s={search_term_string}\"},\"query-input\":{\"@type\":\"PropertyValueSpecification\",\"valueRequired\":true,\"valueName\":\"search_term_string\"}}],\"inLanguage\":\"es\"}]}<\/script>\n<!-- \/ Yoast SEO plugin. -->","yoast_head_json":{"title":"Presente y Futuro en la evaluaci\u00f3n de las Apps de Salut - Fundaci\u00f3 TIC Salut i Social","robots":{"index":"index","follow":"follow","max-snippet":"max-snippet:-1","max-image-preview":"max-image-preview:large","max-video-preview":"max-video-preview:-1"},"canonical":"https:\/\/ticsalutsocial.atoom.space\/es\/noticia\/present-i-futur-en-lavaluacio-de-les-apps-de-salut\/","og_locale":"es_ES","og_type":"article","og_title":"Presente y Futuro en la evaluaci\u00f3n de las Apps de Salut - Fundaci\u00f3 TIC Salut i Social","og_description":"Desde 2017 la Fundaci\u00f3n TIC Salut Social dispone de un modelo de certificaci\u00f3n de aplicaciones m\u00f3viles del sector de la Salut para revisar diferentes criterios tecnol\u00f3gicos para garantizar la calidad, seguridad y fiabilidad de determinadas Apps. El objetivo es facilitar y mejorar el seguimiento de la salud de los ciudadanos con estos productos. Los criterios [&hellip;]","og_url":"https:\/\/ticsalutsocial.atoom.space\/es\/noticia\/present-i-futur-en-lavaluacio-de-les-apps-de-salut\/","og_site_name":"Fundaci\u00f3 TIC Salut i Social","article_modified_time":"2023-07-06T09:45:02+00:00","og_image":[{"width":2560,"height":1193,"url":"https:\/\/ticsalutsocial.atoom.space\/wp-content\/uploads\/2023\/07\/MicrosoftTeams-image-1-1-1-scaled.jpg","type":"image\/jpeg"}],"twitter_card":"summary_large_image","twitter_misc":{"Tiempo de lectura":"2 minutos"},"schema":{"@context":"https:\/\/schema.org","@graph":[{"@type":"WebPage","@id":"https:\/\/ticsalutsocial.atoom.space\/es\/noticia\/present-i-futur-en-lavaluacio-de-les-apps-de-salut\/","url":"https:\/\/ticsalutsocial.atoom.space\/es\/noticia\/present-i-futur-en-lavaluacio-de-les-apps-de-salut\/","name":"Presente y Futuro en la evaluaci\u00f3n de las Apps de Salut - Fundaci\u00f3 TIC Salut i Social","isPartOf":{"@id":"https:\/\/ticsalutsocial.atoom.space\/es\/#website"},"primaryImageOfPage":{"@id":"https:\/\/ticsalutsocial.atoom.space\/es\/noticia\/present-i-futur-en-lavaluacio-de-les-apps-de-salut\/#primaryimage"},"image":{"@id":"https:\/\/ticsalutsocial.atoom.space\/es\/noticia\/present-i-futur-en-lavaluacio-de-les-apps-de-salut\/#primaryimage"},"thumbnailUrl":"https:\/\/ticsalutsocial.atoom.space\/wp-content\/uploads\/2023\/07\/MicrosoftTeams-image-1-1-1-scaled.jpg","datePublished":"2023-07-03T11:05:44+00:00","dateModified":"2023-07-06T09:45:02+00:00","breadcrumb":{"@id":"https:\/\/ticsalutsocial.atoom.space\/es\/noticia\/present-i-futur-en-lavaluacio-de-les-apps-de-salut\/#breadcrumb"},"inLanguage":"es","potentialAction":[{"@type":"ReadAction","target":["https:\/\/ticsalutsocial.atoom.space\/es\/noticia\/present-i-futur-en-lavaluacio-de-les-apps-de-salut\/"]}]},{"@type":"ImageObject","inLanguage":"es","@id":"https:\/\/ticsalutsocial.atoom.space\/es\/noticia\/present-i-futur-en-lavaluacio-de-les-apps-de-salut\/#primaryimage","url":"https:\/\/ticsalutsocial.atoom.space\/wp-content\/uploads\/2023\/07\/MicrosoftTeams-image-1-1-1-scaled.jpg","contentUrl":"https:\/\/ticsalutsocial.atoom.space\/wp-content\/uploads\/2023\/07\/MicrosoftTeams-image-1-1-1-scaled.jpg","width":2560,"height":1193},{"@type":"BreadcrumbList","@id":"https:\/\/ticsalutsocial.atoom.space\/es\/noticia\/present-i-futur-en-lavaluacio-de-les-apps-de-salut\/#breadcrumb","itemListElement":[{"@type":"ListItem","position":1,"name":"Inici","item":"https:\/\/ticsalutsocial.atoom.space\/es\/"},{"@type":"ListItem","position":2,"name":"Presente y Futuro en la evaluaci\u00f3n de las Apps de Salut"}]},{"@type":"WebSite","@id":"https:\/\/ticsalutsocial.atoom.space\/es\/#website","url":"https:\/\/ticsalutsocial.atoom.space\/es\/","name":"Fundaci\u00f3 TIC Salut i Social","description":"","potentialAction":[{"@type":"SearchAction","target":{"@type":"EntryPoint","urlTemplate":"https:\/\/ticsalutsocial.atoom.space\/es\/?s={search_term_string}"},"query-input":{"@type":"PropertyValueSpecification","valueRequired":true,"valueName":"search_term_string"}}],"inLanguage":"es"}]}},"_links":{"self":[{"href":"https:\/\/ticsalutsocial.atoom.space\/es\/wp-json\/wp\/v2\/noticia\/21623","targetHints":{"allow":["GET"]}}],"collection":[{"href":"https:\/\/ticsalutsocial.atoom.space\/es\/wp-json\/wp\/v2\/noticia"}],"about":[{"href":"https:\/\/ticsalutsocial.atoom.space\/es\/wp-json\/wp\/v2\/types\/noticia"}],"author":[{"embeddable":true,"href":"https:\/\/ticsalutsocial.atoom.space\/es\/wp-json\/wp\/v2\/users\/3"}],"wp:featuredmedia":[{"embeddable":true,"href":"https:\/\/ticsalutsocial.atoom.space\/es\/wp-json\/wp\/v2\/media\/21622"}],"wp:attachment":[{"href":"https:\/\/ticsalutsocial.atoom.space\/es\/wp-json\/wp\/v2\/media?parent=21623"}],"wp:term":[{"taxonomy":"etiqueta","embeddable":true,"href":"https:\/\/ticsalutsocial.atoom.space\/es\/wp-json\/wp\/v2\/etiqueta?post=21623"},{"taxonomy":"tipus","embeddable":true,"href":"https:\/\/ticsalutsocial.atoom.space\/es\/wp-json\/wp\/v2\/tipus?post=21623"},{"taxonomy":"topic","embeddable":true,"href":"https:\/\/ticsalutsocial.atoom.space\/es\/wp-json\/wp\/v2\/topic?post=21623"}],"curies":[{"name":"wp","href":"https:\/\/api.w.org\/{rel}","templated":true}]}}