
{"id":21650,"date":"2023-07-06T11:56:32","date_gmt":"2023-07-06T09:56:32","guid":{"rendered":"https:\/\/ticsalutsocial.atoom.space\/noticia\/lideratge-territorial-per-integrar-atencio-social-i-sanitaria\/"},"modified":"2023-07-06T12:08:38","modified_gmt":"2023-07-06T10:08:38","slug":"lideratge-territorial-per-integrar-atencio-social-i-sanitaria","status":"publish","type":"noticia","link":"https:\/\/ticsalutsocial.atoom.space\/es\/noticia\/lideratge-territorial-per-integrar-atencio-social-i-sanitaria\/","title":{"rendered":"Liderazgo territorial para integrar atenci\u00f3n social y sanitaria"},"content":{"rendered":"<p>El director gerente de los <em>Servicis\u00a0Assistenciaus\u00a0Integrats d\u2019Aran<\/em>, Jordi\u00a0Vilana, ha participado en el acto <em>El reto del liderazgo en los territorios<\/em>. Una sesi\u00f3n sobre atenci\u00f3n integrada social y sanitaria enmarcada en el M\u00e1ster en Gesti\u00f3n Integral de Servicios en Atenci\u00f3n Primaria, Sociales y Hospitalarios (GESAPH), impartido por el Instituto de Formaci\u00f3n Continua \u2013 IL3 de la <em>Universitat de Barcelona<\/em>.<\/p>\n<p>Durante el acto, Vilana ha participado en una mesa redonda para debatir sobre liderazgo en los territorios con la Sra.\u00a0Teia\u00a0F\u00e0brega, directora del Consorcio de Acci\u00f3n Social de la Garrotxa; la Sra. Ester Gavald\u00e0, directora de Atenci\u00f3n Primaria de Tierras del Ebro (Instituto Catal\u00e1n de la Salud); y la Sra. Elisabeth Ortega, directora del Consorcio de Bienestar Social del Ripoll\u00e8s.<\/p>\n<p>Durante el debate se ha presentdo el Modelo de Atenci\u00f3n Centrado en la Persona (ACP) que impulsan los <em>Servicis Assistenciaus Integrats d&#8217;Aran.<\/em>\u00a0Un <strong>modelo \u00fanico que presenta una visi\u00f3n de pa\u00eds pionera<\/strong> e impulsado a trav\u00e9s del proyecto <em>Programa de Atenci\u00f3n Domiciliaria Integrada Social y Sanitaria en el Ar\u00e1n<\/em>.<\/p>\n<p>El director de los <em>Servicis\u00a0Assistenciaus\u00a0Integrats d\u2019Aran<\/em> ha destacado que \u00abeste proyecto cuenta con el apoyo de alianzas estrat\u00e9gicas de nuestro ecosistema\u201d y en este sentido a\u00f1ade que el Ar\u00e1n, debido a sus caracter\u00edsticas territoriales de alta monta\u00f1a y los vol\u00famenes estacionales de demanda demogr\u00e1fica, es una regi\u00f3n capital para lograr conocimiento y experiencia de gran valor en el camino compartido para integrar la atenci\u00f3n social y sanitaria en toda Catalu\u00f1a. <strong>La <em>Fundaci\u00f3 TIC Salut Social<\/em> participa en este proyecto<\/strong> conjuntamente con otras entitades como la <em>Fundaci\u00f3 Uni\u00f3<\/em> o la <em>Universitat Polit\u00e8cnica de Catalunya.<\/em><\/p>\n<p>En esta l\u00edniea, Vilana ha destacado la importancia de las alianzas estrat\u00e9giques con el ecosistema remarcando c\u00f3mo Aran, debido a sus caracter\u00edsticass territoriales de alta monta\u00f1aa y al vol\u00famen estacional de demanda demogr\u00e1fica, es una regi\u00f3n capital para generar conociemiento y experiencia de gran valor en el camino compartido para integrar la atenci\u00f3n social y sanitaria en Catalu\u00f1a.<\/p>\n<p>El Modelo de\u00a0ACP\u00a0de Aran aporta numerosos beneficios a la ciudadan\u00eda, a los profesionales y a las organizaciones ofreciendo equidad, calidad de vida y mejor eficiencia en la prestaci\u00f3n de servicios. En este sentido los ejes de actuaci\u00f3n giran en torno a la remodelaci\u00f3n y adecuaci\u00f3n de los espacios e infraestructuras de los centros y la mejora del acceso ciudadano a los servicios asistenciales poniendo a la persona en el centro de su salud.<\/p>\n","protected":false},"author":3,"featured_media":21648,"menu_order":0,"template":"","meta":{"_acf_changed":false,"inline_featured_image":false},"etiqueta":[],"tipus":[94],"topic":[123],"class_list":["post-21650","noticia","type-noticia","status-publish","has-post-thumbnail","hentry","tipus-integracion-social-y-sanitaria","topic-actualidad"],"acf":{"finalitzat":false,"tipus_plantilla":"objectius","template_objectius":{"cont_principal":"","imatge":false,"cont_seguent":{"titol":"","contingut":""},"seccio_llistat":{"titol":"","llistat":false},"objectius":{"titol":"","objectius":false},"documents":false},"autor":"","imatge":false,"textos_destacats":[{"texte":"El Modelo de Atenci\u00f3n Centrado en la Persona, impulsado desde los Servicis Asistencias Integrats d'Aran\u00a0presenta una visi\u00f3n de pa\u00eds pionera y se impulsa a trav\u00e9s del proyecto \"Programa de Atenci\u00f3n Domiciliaria Integrada Social y Sanitaria e Ar\u00e1n\" donde participa la Fundaci\u00f3 TIC Salut Social"}],"documents":false},"yoast_head":"<!-- This site is optimized with the Yoast SEO plugin v27.1.1 - https:\/\/yoast.com\/product\/yoast-seo-wordpress\/ -->\n<title>Liderazgo territorial para integrar atenci\u00f3n social y sanitaria - Fundaci\u00f3 TIC Salut i Social<\/title>\n<meta name=\"robots\" content=\"index, follow, max-snippet:-1, max-image-preview:large, max-video-preview:-1\" \/>\n<link rel=\"canonical\" href=\"https:\/\/ticsalutsocial.atoom.space\/es\/noticia\/lideratge-territorial-per-integrar-atencio-social-i-sanitaria\/\" \/>\n<meta property=\"og:locale\" content=\"es_ES\" \/>\n<meta property=\"og:type\" content=\"article\" \/>\n<meta property=\"og:title\" content=\"Liderazgo territorial para integrar atenci\u00f3n social y sanitaria - Fundaci\u00f3 TIC Salut i Social\" \/>\n<meta property=\"og:description\" content=\"El director gerente de los Servicis\u00a0Assistenciaus\u00a0Integrats d\u2019Aran, Jordi\u00a0Vilana, ha participado en el acto El reto del liderazgo en los territorios. Una sesi\u00f3n sobre atenci\u00f3n integrada social y sanitaria enmarcada en el M\u00e1ster en Gesti\u00f3n Integral de Servicios en Atenci\u00f3n Primaria, Sociales y Hospitalarios (GESAPH), impartido por el Instituto de Formaci\u00f3n Continua \u2013 IL3 de la [&hellip;]\" \/>\n<meta property=\"og:url\" content=\"https:\/\/ticsalutsocial.atoom.space\/es\/noticia\/lideratge-territorial-per-integrar-atencio-social-i-sanitaria\/\" \/>\n<meta property=\"og:site_name\" content=\"Fundaci\u00f3 TIC Salut i Social\" \/>\n<meta property=\"article:modified_time\" content=\"2023-07-06T10:08:38+00:00\" \/>\n<meta property=\"og:image\" content=\"https:\/\/ticsalutsocial.atoom.space\/wp-content\/uploads\/2023\/07\/Captura-de-pantalla-2023-07-05-a-les-17.44.55-1024x486.png\" \/>\n\t<meta property=\"og:image:width\" content=\"1024\" \/>\n\t<meta property=\"og:image:height\" content=\"486\" \/>\n\t<meta property=\"og:image:type\" content=\"image\/png\" \/>\n<meta name=\"twitter:card\" content=\"summary_large_image\" \/>\n<meta name=\"twitter:label1\" content=\"Tiempo de lectura\" \/>\n\t<meta name=\"twitter:data1\" content=\"2 minutos\" \/>\n<script type=\"application\/ld+json\" class=\"yoast-schema-graph\">{\"@context\":\"https:\/\/schema.org\",\"@graph\":[{\"@type\":\"WebPage\",\"@id\":\"https:\/\/ticsalutsocial.atoom.space\/es\/noticia\/lideratge-territorial-per-integrar-atencio-social-i-sanitaria\/\",\"url\":\"https:\/\/ticsalutsocial.atoom.space\/es\/noticia\/lideratge-territorial-per-integrar-atencio-social-i-sanitaria\/\",\"name\":\"Liderazgo territorial para integrar atenci\u00f3n social y sanitaria - Fundaci\u00f3 TIC Salut i Social\",\"isPartOf\":{\"@id\":\"https:\/\/ticsalutsocial.atoom.space\/es\/#website\"},\"primaryImageOfPage\":{\"@id\":\"https:\/\/ticsalutsocial.atoom.space\/es\/noticia\/lideratge-territorial-per-integrar-atencio-social-i-sanitaria\/#primaryimage\"},\"image\":{\"@id\":\"https:\/\/ticsalutsocial.atoom.space\/es\/noticia\/lideratge-territorial-per-integrar-atencio-social-i-sanitaria\/#primaryimage\"},\"thumbnailUrl\":\"https:\/\/ticsalutsocial.atoom.space\/wp-content\/uploads\/2023\/07\/Captura-de-pantalla-2023-07-05-a-les-17.44.55.png\",\"datePublished\":\"2023-07-06T09:56:32+00:00\",\"dateModified\":\"2023-07-06T10:08:38+00:00\",\"breadcrumb\":{\"@id\":\"https:\/\/ticsalutsocial.atoom.space\/es\/noticia\/lideratge-territorial-per-integrar-atencio-social-i-sanitaria\/#breadcrumb\"},\"inLanguage\":\"es\",\"potentialAction\":[{\"@type\":\"ReadAction\",\"target\":[\"https:\/\/ticsalutsocial.atoom.space\/es\/noticia\/lideratge-territorial-per-integrar-atencio-social-i-sanitaria\/\"]}]},{\"@type\":\"ImageObject\",\"inLanguage\":\"es\",\"@id\":\"https:\/\/ticsalutsocial.atoom.space\/es\/noticia\/lideratge-territorial-per-integrar-atencio-social-i-sanitaria\/#primaryimage\",\"url\":\"https:\/\/ticsalutsocial.atoom.space\/wp-content\/uploads\/2023\/07\/Captura-de-pantalla-2023-07-05-a-les-17.44.55.png\",\"contentUrl\":\"https:\/\/ticsalutsocial.atoom.space\/wp-content\/uploads\/2023\/07\/Captura-de-pantalla-2023-07-05-a-les-17.44.55.png\",\"width\":2088,\"height\":990},{\"@type\":\"BreadcrumbList\",\"@id\":\"https:\/\/ticsalutsocial.atoom.space\/es\/noticia\/lideratge-territorial-per-integrar-atencio-social-i-sanitaria\/#breadcrumb\",\"itemListElement\":[{\"@type\":\"ListItem\",\"position\":1,\"name\":\"Inici\",\"item\":\"https:\/\/ticsalutsocial.atoom.space\/es\/\"},{\"@type\":\"ListItem\",\"position\":2,\"name\":\"Liderazgo territorial para integrar atenci\u00f3n social y sanitaria\"}]},{\"@type\":\"WebSite\",\"@id\":\"https:\/\/ticsalutsocial.atoom.space\/es\/#website\",\"url\":\"https:\/\/ticsalutsocial.atoom.space\/es\/\",\"name\":\"Fundaci\u00f3 TIC Salut i Social\",\"description\":\"\",\"potentialAction\":[{\"@type\":\"SearchAction\",\"target\":{\"@type\":\"EntryPoint\",\"urlTemplate\":\"https:\/\/ticsalutsocial.atoom.space\/es\/?s={search_term_string}\"},\"query-input\":{\"@type\":\"PropertyValueSpecification\",\"valueRequired\":true,\"valueName\":\"search_term_string\"}}],\"inLanguage\":\"es\"}]}<\/script>\n<!-- \/ Yoast SEO plugin. -->","yoast_head_json":{"title":"Liderazgo territorial para integrar atenci\u00f3n social y sanitaria - Fundaci\u00f3 TIC Salut i Social","robots":{"index":"index","follow":"follow","max-snippet":"max-snippet:-1","max-image-preview":"max-image-preview:large","max-video-preview":"max-video-preview:-1"},"canonical":"https:\/\/ticsalutsocial.atoom.space\/es\/noticia\/lideratge-territorial-per-integrar-atencio-social-i-sanitaria\/","og_locale":"es_ES","og_type":"article","og_title":"Liderazgo territorial para integrar atenci\u00f3n social y sanitaria - Fundaci\u00f3 TIC Salut i Social","og_description":"El director gerente de los Servicis\u00a0Assistenciaus\u00a0Integrats d\u2019Aran, Jordi\u00a0Vilana, ha participado en el acto El reto del liderazgo en los territorios. Una sesi\u00f3n sobre atenci\u00f3n integrada social y sanitaria enmarcada en el M\u00e1ster en Gesti\u00f3n Integral de Servicios en Atenci\u00f3n Primaria, Sociales y Hospitalarios (GESAPH), impartido por el Instituto de Formaci\u00f3n Continua \u2013 IL3 de la [&hellip;]","og_url":"https:\/\/ticsalutsocial.atoom.space\/es\/noticia\/lideratge-territorial-per-integrar-atencio-social-i-sanitaria\/","og_site_name":"Fundaci\u00f3 TIC Salut i Social","article_modified_time":"2023-07-06T10:08:38+00:00","og_image":[{"width":1024,"height":486,"url":"https:\/\/ticsalutsocial.atoom.space\/wp-content\/uploads\/2023\/07\/Captura-de-pantalla-2023-07-05-a-les-17.44.55-1024x486.png","type":"image\/png"}],"twitter_card":"summary_large_image","twitter_misc":{"Tiempo de lectura":"2 minutos"},"schema":{"@context":"https:\/\/schema.org","@graph":[{"@type":"WebPage","@id":"https:\/\/ticsalutsocial.atoom.space\/es\/noticia\/lideratge-territorial-per-integrar-atencio-social-i-sanitaria\/","url":"https:\/\/ticsalutsocial.atoom.space\/es\/noticia\/lideratge-territorial-per-integrar-atencio-social-i-sanitaria\/","name":"Liderazgo territorial para integrar atenci\u00f3n social y sanitaria - Fundaci\u00f3 TIC Salut i Social","isPartOf":{"@id":"https:\/\/ticsalutsocial.atoom.space\/es\/#website"},"primaryImageOfPage":{"@id":"https:\/\/ticsalutsocial.atoom.space\/es\/noticia\/lideratge-territorial-per-integrar-atencio-social-i-sanitaria\/#primaryimage"},"image":{"@id":"https:\/\/ticsalutsocial.atoom.space\/es\/noticia\/lideratge-territorial-per-integrar-atencio-social-i-sanitaria\/#primaryimage"},"thumbnailUrl":"https:\/\/ticsalutsocial.atoom.space\/wp-content\/uploads\/2023\/07\/Captura-de-pantalla-2023-07-05-a-les-17.44.55.png","datePublished":"2023-07-06T09:56:32+00:00","dateModified":"2023-07-06T10:08:38+00:00","breadcrumb":{"@id":"https:\/\/ticsalutsocial.atoom.space\/es\/noticia\/lideratge-territorial-per-integrar-atencio-social-i-sanitaria\/#breadcrumb"},"inLanguage":"es","potentialAction":[{"@type":"ReadAction","target":["https:\/\/ticsalutsocial.atoom.space\/es\/noticia\/lideratge-territorial-per-integrar-atencio-social-i-sanitaria\/"]}]},{"@type":"ImageObject","inLanguage":"es","@id":"https:\/\/ticsalutsocial.atoom.space\/es\/noticia\/lideratge-territorial-per-integrar-atencio-social-i-sanitaria\/#primaryimage","url":"https:\/\/ticsalutsocial.atoom.space\/wp-content\/uploads\/2023\/07\/Captura-de-pantalla-2023-07-05-a-les-17.44.55.png","contentUrl":"https:\/\/ticsalutsocial.atoom.space\/wp-content\/uploads\/2023\/07\/Captura-de-pantalla-2023-07-05-a-les-17.44.55.png","width":2088,"height":990},{"@type":"BreadcrumbList","@id":"https:\/\/ticsalutsocial.atoom.space\/es\/noticia\/lideratge-territorial-per-integrar-atencio-social-i-sanitaria\/#breadcrumb","itemListElement":[{"@type":"ListItem","position":1,"name":"Inici","item":"https:\/\/ticsalutsocial.atoom.space\/es\/"},{"@type":"ListItem","position":2,"name":"Liderazgo territorial para integrar atenci\u00f3n social y sanitaria"}]},{"@type":"WebSite","@id":"https:\/\/ticsalutsocial.atoom.space\/es\/#website","url":"https:\/\/ticsalutsocial.atoom.space\/es\/","name":"Fundaci\u00f3 TIC Salut i Social","description":"","potentialAction":[{"@type":"SearchAction","target":{"@type":"EntryPoint","urlTemplate":"https:\/\/ticsalutsocial.atoom.space\/es\/?s={search_term_string}"},"query-input":{"@type":"PropertyValueSpecification","valueRequired":true,"valueName":"search_term_string"}}],"inLanguage":"es"}]}},"_links":{"self":[{"href":"https:\/\/ticsalutsocial.atoom.space\/es\/wp-json\/wp\/v2\/noticia\/21650","targetHints":{"allow":["GET"]}}],"collection":[{"href":"https:\/\/ticsalutsocial.atoom.space\/es\/wp-json\/wp\/v2\/noticia"}],"about":[{"href":"https:\/\/ticsalutsocial.atoom.space\/es\/wp-json\/wp\/v2\/types\/noticia"}],"author":[{"embeddable":true,"href":"https:\/\/ticsalutsocial.atoom.space\/es\/wp-json\/wp\/v2\/users\/3"}],"wp:featuredmedia":[{"embeddable":true,"href":"https:\/\/ticsalutsocial.atoom.space\/es\/wp-json\/wp\/v2\/media\/21648"}],"wp:attachment":[{"href":"https:\/\/ticsalutsocial.atoom.space\/es\/wp-json\/wp\/v2\/media?parent=21650"}],"wp:term":[{"taxonomy":"etiqueta","embeddable":true,"href":"https:\/\/ticsalutsocial.atoom.space\/es\/wp-json\/wp\/v2\/etiqueta?post=21650"},{"taxonomy":"tipus","embeddable":true,"href":"https:\/\/ticsalutsocial.atoom.space\/es\/wp-json\/wp\/v2\/tipus?post=21650"},{"taxonomy":"topic","embeddable":true,"href":"https:\/\/ticsalutsocial.atoom.space\/es\/wp-json\/wp\/v2\/topic?post=21650"}],"curies":[{"name":"wp","href":"https:\/\/api.w.org\/{rel}","templated":true}]}}