
{"id":21708,"date":"2023-07-19T13:02:12","date_gmt":"2023-07-19T11:02:12","guid":{"rendered":"https:\/\/ticsalutsocial.atoom.space\/noticia\/la-ce-impulsa-ladequacio-dun-marc-legal-entre-la-ue-i-els-eua-per-la-privadesa-de-dades\/"},"modified":"2023-07-21T11:47:33","modified_gmt":"2023-07-21T09:47:33","slug":"la-ce-impulsa-ladequacio-dun-marc-legal-entre-la-ue-i-els-eua-per-la-privadesa-de-dades","status":"publish","type":"noticia","link":"https:\/\/ticsalutsocial.atoom.space\/es\/noticia\/la-ce-impulsa-ladequacio-dun-marc-legal-entre-la-ue-i-els-eua-per-la-privadesa-de-dades\/","title":{"rendered":"La CE impulsa la adecuaci\u00f3n de un marco legal entre la UE y EEUU por la privacidad de datos"},"content":{"rendered":"<p>El pasado 10 de julio la Comisi\u00f3n Europea adopt\u00f3 una decisi\u00f3n de adecuaci\u00f3n normativa para habilitar flujos de datos seguros y fiables entre la UE y EE.UU. Esta iniciativa se produce tres a\u00f1os despu\u00e9s de que el Tribunal de Justicia de la Uni\u00f3n Europea (TJUE) anulase la decisi\u00f3n de adecuaci\u00f3n precedente, la <em>Privacy Shield<\/em>.<\/p>\n<p>Tal y como establece el Reglamento General de Protecci\u00f3n de Datos, la Comisi\u00f3n Europea es la responsable por determinar el nivel adecuado sobre protecci\u00f3n de datos que ofrecen estados terceros. Entre los principales factores se cuentan aspectos sobre derechos humanos y las libertades fundamentales, leyes relativas a la seguridad p\u00fablica, la defensa y la seguridad nacional.<\/p>\n<p>En este sentido se considera que EEUU garantiza un nivel adecuado de protecci\u00f3n equiparable al de la UE, lo que implica la libre circulaci\u00f3n de los datos entre ambos territorios. De esta forma, desde el Espacio Econ\u00f3mico Europeo (EEE) se podr\u00e1n realizar transferencias de datos a las entidades americanas adheridas al <em>Data Privacy Framework List<\/em>, sin la necesidad de establecer garant\u00edas adicionales de protecci\u00f3n de datos.<\/p>\n<p>Este hecho se convierte en un paso esencial en las transferencias internacionales de datos. Este nuevo marco de privacidad establece una serie de criterios para garantizar l\u00edmites legales a los servicios de inteligencia americanos desde el TJUE para limitar el acceso a datos de la UE.<\/p>\n<p>En paralelo se pone a disposici\u00f3n de los ciudadanos europeos diversos \u00f3rganos imparciales de impugnaci\u00f3n, entre los que se incluye un Tribunal de Revisi\u00f3n de Protecci\u00f3n de Datos (DPRC), que llevar\u00e1 a cabo la labor de investigaci\u00f3n para resolver las reclamaciones presentadas. Tambi\u00e9n habilita circuitos para imponer medidas reparatorias vinculantes en caso de que se dictamine la obtenci\u00f3n de datos vulnerando medidas de seguridad.<\/p>\n<p>Este marco de privacidad contar\u00e1 con medidas fiables para los ciudadanos europeos proporcionando seguridad jur\u00eddica tanto a las entidades europeas como a las estadounidenses. Las entidades de EE.UU. deber\u00e1n cumplir con las siguientes obligaciones:<\/p>\n<p>&#8211; Borrar los datos personales cuando dejen de ser necesarios para la finalidad por la que se recogieron.<\/p>\n<p>&#8211; Garantizar el seguimiento de la protecci\u00f3n de los datos cuando \u00e9stos se transfieran a terceros.<\/p>\n<p>&#8211; Asegurar los principios recogidos en la normativa de protecci\u00f3n de datos.<\/p>\n<p>&#8211; Realizar aquellas obligaciones necesarias para garantizar la seguridad de los datos.<\/p>\n<p>La decisi\u00f3n de adecuaci\u00f3n no se dirige a EE.UU. como estado sino a las entidades estadounidenses que acrediten el cumplimiento de los requisitos de protecci\u00f3n. Las garant\u00edas fijadas por EE.UU. favorecer\u00e1n igualmente los flujos de datos de forma gen\u00e9rica dado que se aplican cuando se producen transferencias de datos por medio de otros mecanismos, como las cl\u00e1usulas contractuales y las normas corporativas vinculantes.<\/p>\n<p>Por \u00faltimo, la CE deber\u00e1 realizar la supervisi\u00f3n en cuanto a los progresos de EE.UU. La primera revisi\u00f3n tendr\u00e1 lugar un a\u00f1o despu\u00e9s de la adopci\u00f3n y entrada en vigor de la decisi\u00f3n, el pr\u00f3ximo 10 de julio de 2024, a fin de comprobar si el marco estadounidense funciona correctamente. A partir de ese momento la CE podr\u00e1 decidir con qu\u00e9 frecuencia se realizar\u00e1n las siguientes verificaciones.<\/p>\n","protected":false},"author":3,"featured_media":21692,"menu_order":0,"template":"","meta":{"_acf_changed":false,"inline_featured_image":false},"etiqueta":[],"tipus":[106],"topic":[121],"class_list":["post-21708","noticia","type-noticia","status-publish","has-post-thumbnail","hentry","tipus-dpd-salud","topic-dpd-es"],"acf":{"finalitzat":false,"tipus_plantilla":"objectius","template_objectius":{"cont_principal":"","imatge":false,"cont_seguent":{"titol":"","contingut":""},"seccio_llistat":{"titol":"","llistat":false},"objectius":{"titol":"","objectius":false},"documents":false},"autor":"","imatge":false,"textos_destacats":[{"texte":"El marco de privacidad contar\u00e1 con medidas fiables para los ciudadanos europeos proporcionando seguridad jur\u00eddica a las entidades europeas y estadounidenses"}],"documents":false},"yoast_head":"<!-- This site is optimized with the Yoast SEO plugin v27.1.1 - https:\/\/yoast.com\/product\/yoast-seo-wordpress\/ -->\n<title>La CE impulsa la adecuaci\u00f3n de un marco legal entre la UE y EEUU por la privacidad de datos - Fundaci\u00f3 TIC Salut i Social<\/title>\n<meta name=\"robots\" content=\"index, follow, max-snippet:-1, max-image-preview:large, max-video-preview:-1\" \/>\n<link rel=\"canonical\" href=\"https:\/\/ticsalutsocial.atoom.space\/es\/noticia\/la-ce-impulsa-ladequacio-dun-marc-legal-entre-la-ue-i-els-eua-per-la-privadesa-de-dades\/\" \/>\n<meta property=\"og:locale\" content=\"es_ES\" \/>\n<meta property=\"og:type\" content=\"article\" \/>\n<meta property=\"og:title\" content=\"La CE impulsa la adecuaci\u00f3n de un marco legal entre la UE y EEUU por la privacidad de datos - Fundaci\u00f3 TIC Salut i Social\" \/>\n<meta property=\"og:description\" content=\"El pasado 10 de julio la Comisi\u00f3n Europea adopt\u00f3 una decisi\u00f3n de adecuaci\u00f3n normativa para habilitar flujos de datos seguros y fiables entre la UE y EE.UU. Esta iniciativa se produce tres a\u00f1os despu\u00e9s de que el Tribunal de Justicia de la Uni\u00f3n Europea (TJUE) anulase la decisi\u00f3n de adecuaci\u00f3n precedente, la Privacy Shield. Tal [&hellip;]\" \/>\n<meta property=\"og:url\" content=\"https:\/\/ticsalutsocial.atoom.space\/es\/noticia\/la-ce-impulsa-ladequacio-dun-marc-legal-entre-la-ue-i-els-eua-per-la-privadesa-de-dades\/\" \/>\n<meta property=\"og:site_name\" content=\"Fundaci\u00f3 TIC Salut i Social\" \/>\n<meta property=\"article:modified_time\" content=\"2023-07-21T09:47:33+00:00\" \/>\n<meta property=\"og:image\" content=\"https:\/\/ticsalutsocial.atoom.space\/wp-content\/uploads\/2023\/07\/pexels-freestocksorg-113885-scaled.jpg\" \/>\n\t<meta property=\"og:image:width\" content=\"2560\" \/>\n\t<meta property=\"og:image:height\" content=\"1707\" \/>\n\t<meta property=\"og:image:type\" content=\"image\/jpeg\" \/>\n<meta name=\"twitter:card\" content=\"summary_large_image\" \/>\n<meta name=\"twitter:label1\" content=\"Tiempo de lectura\" \/>\n\t<meta name=\"twitter:data1\" content=\"3 minutos\" \/>\n<script type=\"application\/ld+json\" class=\"yoast-schema-graph\">{\"@context\":\"https:\/\/schema.org\",\"@graph\":[{\"@type\":\"WebPage\",\"@id\":\"https:\/\/ticsalutsocial.atoom.space\/es\/noticia\/la-ce-impulsa-ladequacio-dun-marc-legal-entre-la-ue-i-els-eua-per-la-privadesa-de-dades\/\",\"url\":\"https:\/\/ticsalutsocial.atoom.space\/es\/noticia\/la-ce-impulsa-ladequacio-dun-marc-legal-entre-la-ue-i-els-eua-per-la-privadesa-de-dades\/\",\"name\":\"La CE impulsa la adecuaci\u00f3n de un marco legal entre la UE y EEUU por la privacidad de datos - Fundaci\u00f3 TIC Salut i Social\",\"isPartOf\":{\"@id\":\"https:\/\/ticsalutsocial.atoom.space\/es\/#website\"},\"primaryImageOfPage\":{\"@id\":\"https:\/\/ticsalutsocial.atoom.space\/es\/noticia\/la-ce-impulsa-ladequacio-dun-marc-legal-entre-la-ue-i-els-eua-per-la-privadesa-de-dades\/#primaryimage\"},\"image\":{\"@id\":\"https:\/\/ticsalutsocial.atoom.space\/es\/noticia\/la-ce-impulsa-ladequacio-dun-marc-legal-entre-la-ue-i-els-eua-per-la-privadesa-de-dades\/#primaryimage\"},\"thumbnailUrl\":\"https:\/\/ticsalutsocial.atoom.space\/wp-content\/uploads\/2023\/07\/pexels-freestocksorg-113885-scaled.jpg\",\"datePublished\":\"2023-07-19T11:02:12+00:00\",\"dateModified\":\"2023-07-21T09:47:33+00:00\",\"breadcrumb\":{\"@id\":\"https:\/\/ticsalutsocial.atoom.space\/es\/noticia\/la-ce-impulsa-ladequacio-dun-marc-legal-entre-la-ue-i-els-eua-per-la-privadesa-de-dades\/#breadcrumb\"},\"inLanguage\":\"es\",\"potentialAction\":[{\"@type\":\"ReadAction\",\"target\":[\"https:\/\/ticsalutsocial.atoom.space\/es\/noticia\/la-ce-impulsa-ladequacio-dun-marc-legal-entre-la-ue-i-els-eua-per-la-privadesa-de-dades\/\"]}]},{\"@type\":\"ImageObject\",\"inLanguage\":\"es\",\"@id\":\"https:\/\/ticsalutsocial.atoom.space\/es\/noticia\/la-ce-impulsa-ladequacio-dun-marc-legal-entre-la-ue-i-els-eua-per-la-privadesa-de-dades\/#primaryimage\",\"url\":\"https:\/\/ticsalutsocial.atoom.space\/wp-content\/uploads\/2023\/07\/pexels-freestocksorg-113885-scaled.jpg\",\"contentUrl\":\"https:\/\/ticsalutsocial.atoom.space\/wp-content\/uploads\/2023\/07\/pexels-freestocksorg-113885-scaled.jpg\",\"width\":2560,\"height\":1707},{\"@type\":\"BreadcrumbList\",\"@id\":\"https:\/\/ticsalutsocial.atoom.space\/es\/noticia\/la-ce-impulsa-ladequacio-dun-marc-legal-entre-la-ue-i-els-eua-per-la-privadesa-de-dades\/#breadcrumb\",\"itemListElement\":[{\"@type\":\"ListItem\",\"position\":1,\"name\":\"Inici\",\"item\":\"https:\/\/ticsalutsocial.atoom.space\/es\/\"},{\"@type\":\"ListItem\",\"position\":2,\"name\":\"La CE impulsa la adecuaci\u00f3n de un marco legal entre la UE y EEUU por la privacidad de datos\"}]},{\"@type\":\"WebSite\",\"@id\":\"https:\/\/ticsalutsocial.atoom.space\/es\/#website\",\"url\":\"https:\/\/ticsalutsocial.atoom.space\/es\/\",\"name\":\"Fundaci\u00f3 TIC Salut i Social\",\"description\":\"\",\"potentialAction\":[{\"@type\":\"SearchAction\",\"target\":{\"@type\":\"EntryPoint\",\"urlTemplate\":\"https:\/\/ticsalutsocial.atoom.space\/es\/?s={search_term_string}\"},\"query-input\":{\"@type\":\"PropertyValueSpecification\",\"valueRequired\":true,\"valueName\":\"search_term_string\"}}],\"inLanguage\":\"es\"}]}<\/script>\n<!-- \/ Yoast SEO plugin. -->","yoast_head_json":{"title":"La CE impulsa la adecuaci\u00f3n de un marco legal entre la UE y EEUU por la privacidad de datos - Fundaci\u00f3 TIC Salut i Social","robots":{"index":"index","follow":"follow","max-snippet":"max-snippet:-1","max-image-preview":"max-image-preview:large","max-video-preview":"max-video-preview:-1"},"canonical":"https:\/\/ticsalutsocial.atoom.space\/es\/noticia\/la-ce-impulsa-ladequacio-dun-marc-legal-entre-la-ue-i-els-eua-per-la-privadesa-de-dades\/","og_locale":"es_ES","og_type":"article","og_title":"La CE impulsa la adecuaci\u00f3n de un marco legal entre la UE y EEUU por la privacidad de datos - Fundaci\u00f3 TIC Salut i Social","og_description":"El pasado 10 de julio la Comisi\u00f3n Europea adopt\u00f3 una decisi\u00f3n de adecuaci\u00f3n normativa para habilitar flujos de datos seguros y fiables entre la UE y EE.UU. Esta iniciativa se produce tres a\u00f1os despu\u00e9s de que el Tribunal de Justicia de la Uni\u00f3n Europea (TJUE) anulase la decisi\u00f3n de adecuaci\u00f3n precedente, la Privacy Shield. Tal [&hellip;]","og_url":"https:\/\/ticsalutsocial.atoom.space\/es\/noticia\/la-ce-impulsa-ladequacio-dun-marc-legal-entre-la-ue-i-els-eua-per-la-privadesa-de-dades\/","og_site_name":"Fundaci\u00f3 TIC Salut i Social","article_modified_time":"2023-07-21T09:47:33+00:00","og_image":[{"width":2560,"height":1707,"url":"https:\/\/ticsalutsocial.atoom.space\/wp-content\/uploads\/2023\/07\/pexels-freestocksorg-113885-scaled.jpg","type":"image\/jpeg"}],"twitter_card":"summary_large_image","twitter_misc":{"Tiempo de lectura":"3 minutos"},"schema":{"@context":"https:\/\/schema.org","@graph":[{"@type":"WebPage","@id":"https:\/\/ticsalutsocial.atoom.space\/es\/noticia\/la-ce-impulsa-ladequacio-dun-marc-legal-entre-la-ue-i-els-eua-per-la-privadesa-de-dades\/","url":"https:\/\/ticsalutsocial.atoom.space\/es\/noticia\/la-ce-impulsa-ladequacio-dun-marc-legal-entre-la-ue-i-els-eua-per-la-privadesa-de-dades\/","name":"La CE impulsa la adecuaci\u00f3n de un marco legal entre la UE y EEUU por la privacidad de datos - Fundaci\u00f3 TIC Salut i Social","isPartOf":{"@id":"https:\/\/ticsalutsocial.atoom.space\/es\/#website"},"primaryImageOfPage":{"@id":"https:\/\/ticsalutsocial.atoom.space\/es\/noticia\/la-ce-impulsa-ladequacio-dun-marc-legal-entre-la-ue-i-els-eua-per-la-privadesa-de-dades\/#primaryimage"},"image":{"@id":"https:\/\/ticsalutsocial.atoom.space\/es\/noticia\/la-ce-impulsa-ladequacio-dun-marc-legal-entre-la-ue-i-els-eua-per-la-privadesa-de-dades\/#primaryimage"},"thumbnailUrl":"https:\/\/ticsalutsocial.atoom.space\/wp-content\/uploads\/2023\/07\/pexels-freestocksorg-113885-scaled.jpg","datePublished":"2023-07-19T11:02:12+00:00","dateModified":"2023-07-21T09:47:33+00:00","breadcrumb":{"@id":"https:\/\/ticsalutsocial.atoom.space\/es\/noticia\/la-ce-impulsa-ladequacio-dun-marc-legal-entre-la-ue-i-els-eua-per-la-privadesa-de-dades\/#breadcrumb"},"inLanguage":"es","potentialAction":[{"@type":"ReadAction","target":["https:\/\/ticsalutsocial.atoom.space\/es\/noticia\/la-ce-impulsa-ladequacio-dun-marc-legal-entre-la-ue-i-els-eua-per-la-privadesa-de-dades\/"]}]},{"@type":"ImageObject","inLanguage":"es","@id":"https:\/\/ticsalutsocial.atoom.space\/es\/noticia\/la-ce-impulsa-ladequacio-dun-marc-legal-entre-la-ue-i-els-eua-per-la-privadesa-de-dades\/#primaryimage","url":"https:\/\/ticsalutsocial.atoom.space\/wp-content\/uploads\/2023\/07\/pexels-freestocksorg-113885-scaled.jpg","contentUrl":"https:\/\/ticsalutsocial.atoom.space\/wp-content\/uploads\/2023\/07\/pexels-freestocksorg-113885-scaled.jpg","width":2560,"height":1707},{"@type":"BreadcrumbList","@id":"https:\/\/ticsalutsocial.atoom.space\/es\/noticia\/la-ce-impulsa-ladequacio-dun-marc-legal-entre-la-ue-i-els-eua-per-la-privadesa-de-dades\/#breadcrumb","itemListElement":[{"@type":"ListItem","position":1,"name":"Inici","item":"https:\/\/ticsalutsocial.atoom.space\/es\/"},{"@type":"ListItem","position":2,"name":"La CE impulsa la adecuaci\u00f3n de un marco legal entre la UE y EEUU por la privacidad de datos"}]},{"@type":"WebSite","@id":"https:\/\/ticsalutsocial.atoom.space\/es\/#website","url":"https:\/\/ticsalutsocial.atoom.space\/es\/","name":"Fundaci\u00f3 TIC Salut i Social","description":"","potentialAction":[{"@type":"SearchAction","target":{"@type":"EntryPoint","urlTemplate":"https:\/\/ticsalutsocial.atoom.space\/es\/?s={search_term_string}"},"query-input":{"@type":"PropertyValueSpecification","valueRequired":true,"valueName":"search_term_string"}}],"inLanguage":"es"}]}},"_links":{"self":[{"href":"https:\/\/ticsalutsocial.atoom.space\/es\/wp-json\/wp\/v2\/noticia\/21708","targetHints":{"allow":["GET"]}}],"collection":[{"href":"https:\/\/ticsalutsocial.atoom.space\/es\/wp-json\/wp\/v2\/noticia"}],"about":[{"href":"https:\/\/ticsalutsocial.atoom.space\/es\/wp-json\/wp\/v2\/types\/noticia"}],"author":[{"embeddable":true,"href":"https:\/\/ticsalutsocial.atoom.space\/es\/wp-json\/wp\/v2\/users\/3"}],"wp:featuredmedia":[{"embeddable":true,"href":"https:\/\/ticsalutsocial.atoom.space\/es\/wp-json\/wp\/v2\/media\/21692"}],"wp:attachment":[{"href":"https:\/\/ticsalutsocial.atoom.space\/es\/wp-json\/wp\/v2\/media?parent=21708"}],"wp:term":[{"taxonomy":"etiqueta","embeddable":true,"href":"https:\/\/ticsalutsocial.atoom.space\/es\/wp-json\/wp\/v2\/etiqueta?post=21708"},{"taxonomy":"tipus","embeddable":true,"href":"https:\/\/ticsalutsocial.atoom.space\/es\/wp-json\/wp\/v2\/tipus?post=21708"},{"taxonomy":"topic","embeddable":true,"href":"https:\/\/ticsalutsocial.atoom.space\/es\/wp-json\/wp\/v2\/topic?post=21708"}],"curies":[{"name":"wp","href":"https:\/\/api.w.org\/{rel}","templated":true}]}}