
{"id":21850,"date":"2023-08-03T08:54:07","date_gmt":"2023-08-03T06:54:07","guid":{"rendered":"https:\/\/ticsalutsocial.atoom.space\/noticia\/nou-impuls-per-integrar-latencio-social-i-sanitaria-a-laran\/"},"modified":"2024-03-13T10:20:13","modified_gmt":"2024-03-13T08:20:13","slug":"nou-impuls-per-integrar-latencio-social-i-sanitaria-a-laran","status":"publish","type":"noticia","link":"https:\/\/ticsalutsocial.atoom.space\/es\/noticia\/nou-impuls-per-integrar-latencio-social-i-sanitaria-a-laran\/","title":{"rendered":"Nuevo impulso para integrar la atenci\u00f3n social y sanitaria en el Valle de Ar\u00e1n"},"content":{"rendered":"\r\n<p>Los <a href=\"https:\/\/salut.conselharan.org\/\" target=\"_blank\" rel=\"noreferrer noopener\">Servicis Assistenciaus Integrats d\u2019Aran<\/a> han firmado un convenio de colaboraci\u00f3n con el centro de investigaci\u00f3n <a href=\"https:\/\/ideai.upc.edu\/en\" target=\"_blank\" rel=\"noreferrer noopener\">Intelligent Data Science and Artificial Intelligence<\/a> de la Universitat Polit\u00e8cnica de Catalunya (IDEAI-UPC) y la Fundaci\u00f3n TIC Salut Social para desarrollar los aspectos estrat\u00e9gicos, funcionales y tecnol\u00f3gicos del Programa de Atenci\u00f3n Domiciliaria Integrada Social y Sanitaria de Ar\u00e1n. Este Programa, financiado por fondos Next Generation, implica a estas tres organizaciones para que trabajen conjuntamente para operativizar la gesti\u00f3n de datos y la informaci\u00f3n prevista dando respuesta a tareas como la configuraci\u00f3n y despliegue de la Unidad de An\u00e1lisis del Conocimiento para la estratificaci\u00f3n, la identificaci\u00f3n precoz de situaciones de vulnerabilidad, la monitorizaci\u00f3n, el seguimiento de las personas y los servicios, la evaluaci\u00f3n, la planificaci\u00f3n y la toma de decisiones con relaci\u00f3n a la salud y el bienestar de la poblaci\u00f3n del Valle de Ar\u00e1n. \u00a0<\/p>\r\n\r\n\r\n\r\n<p>La directora del IDEAI-UPC, <strong>Karina Gibert<\/strong>, destaca que <strong>\u201cla propuesta de integraci\u00f3n tan pionera de los modelos social y sanitario proporciona una visi\u00f3n hol\u00edstica de las personas que permite tener en cuenta no solo s\u00edntomas de enfermedades, sino todo el contexto del individuo para hacer valoraciones m\u00e1s cuidadosas y aumentar los \u00e9xitos de los tratamientos sanitarios y las intervenciones sociosanitarias, y construir una relaci\u00f3n m\u00e1s amable entre el sistema de salud y social y las personas usuarias\u201d<\/strong>. Asimismo, remarca que <strong>\u201corganizar los datos mediante las tecnolog\u00edas m\u00e1s modernas permitir\u00e1 poder aprender de ellas con t\u00e9cnicas de inteligencia artificial que a medio plazo puedan ayudar a anticipar problemas tanto para las personas como para la gesti\u00f3n del propio sistema de salud, siempre desde una perspectiva escrupulosamente \u00e9tica y con todas las garant\u00edas de privacidad y seguridad\u201d.<\/strong><\/p>\r\n\r\n\r\n\r\n<p>Para afrontar con \u00e9xito los retos que implica el proyecto, adem\u00e1s del convenio firmado, los Servicis\u00a0Assistenciaus\u00a0Integrats d\u2019Aran han creado una red de colaboraci\u00f3n y trabajo conjunto entre empresas, academia, organismos asistenciales y ciudadan\u00eda. Esta estrategia en red tiene como finalidad favorecer el desarrollo de proyectos conjuntos, la investigaci\u00f3n y la formaci\u00f3n continuada de los profesionales. Como afirma el director gerente, <strong>Jordi Vilana<\/strong>, <strong>\u201cestas sinergias promueven nuevas ideas que impulsan el sistema hacia la innovaci\u00f3n y la excelencia al tiempo que reducen incertidumbres\u201d. <\/strong>El proyecto est\u00e1 estructurado en tres grandes l\u00edneas de trabajo (modelizaci\u00f3n, gesti\u00f3n de datos e implementaci\u00f3n del modelo integrado) y est\u00e1 liderado desde el Valle de Ar\u00e1n. Adem\u00e1s de la Fundaci\u00f3n TIC Salud Social y el\u00a0IDEAI-UPC, tambi\u00e9n participa la Fundaci\u00f3n Uni\u00f3 como l\u00edder del \u00e1mbito de la modelizaci\u00f3n. Seg\u00fan Villana, <strong>\u201ceste ecosistema de alianzas favorece la\u00a0cocreaci\u00f3n\u00a0de valor a trav\u00e9s de redes de agentes que trabajan juntos sumando capacidades para cumplir los objetivos estrat\u00e9gicos de nuestro territorio; es un entorno en el que todo el mundo gana\u201d.\u00a0<\/strong><\/p>\r\n\r\n\r\n\r\n<h2 class=\"wp-block-heading\"><strong>Compromiso con el futuro en clave de present<\/strong><strong>e<\/strong><\/h2>\r\n\r\n\r\n\r\n<p>Con este proyecto, el Valle de Ar\u00e1n da un paso innovador hacia una atenci\u00f3n de salud y social m\u00e1s integrada y eficiente. Bajo el lema \u2018Mos centram en tu, mos encuedam de tu\u2019 (Nos centramos en ti, te cuidamos), el territorio se ha dotado de un modelo pionero que tiene como objetivos mejorar la calidad de vida de la poblaci\u00f3n, optimizar recursos y compartir informaci\u00f3n entre los \u00e1mbitos de la salud y social.<\/p>\r\n\r\n\r\n\r\n<p>El Modelo de Atenci\u00f3n Integrada de Ar\u00e1n se basa en la humanizaci\u00f3n de la asistencia poniendo a las personas en el centro de los procesos, promoviendo la inclusi\u00f3n, la atenci\u00f3n de calidad y la igualdad de oportunidades. Este enfoque hol\u00edstico mejora la eficiencia de las organizaciones prestamistas de servicios y facilita a los profesionales obtener una visi\u00f3n integral de las casu\u00edsticas que influyen en la salud y el bienestar de la ciudadan\u00eda.<\/p>\r\n\r\n\r\n\r\n<p>Uno de los objetivos del proyecto es fomentar la participaci\u00f3n y proactividad entre todos los niveles asistenciales y profesionales que lo conforman. En este sentido, como dice el director gerente de los Servicis\u00a0Assistenciaus Integrats d\u2019Aran, <strong>\u201chay que conocer las necesidades de las familias y de la comunidad y, con la ayuda de la tecnolog\u00eda, avanzar hacia modelos predictivos y m\u00e1s proactivos\u201d.<\/strong> Por este motivo, una de las primeras medidas en el cambio hacia un nuevo modelo integrado es la creaci\u00f3n de espacios conjuntos entre profesionales de los dos \u00e1mbitos asistenciales o la reconfiguraci\u00f3n de los equipos en atenci\u00f3n primaria formados por trabajadores\/as sociales, educadores\/as sociales, enfermeros\/as y m\u00e9dicos\/as.<\/p>\r\n\r\n\r\n\r\n<h2 class=\"wp-block-heading\"><strong>Competencias plenas en materia sanitaria y social\u00a0<\/strong>\u00a0<\/h2>\r\n\r\n\r\n\r\n<p>La prestaci\u00f3n de servicios integrados en Ar\u00e1n se caracteriza por tener una visi\u00f3n global que busca dar respuesta a las diferentes necesidades asistenciales de la poblaci\u00f3n. El territorio tiene competencias plenas en materia de salud y servicios sociales desde el 2001 y 2004, respectivamente. Tal y como explica el director gerente de los Servicis\u00a0Assistenciaus Integrats d\u2019Aran, esta gobernanza y financiaci\u00f3n unificada a trav\u00e9s del\u00a0Conselh\u00a0Generau d\u2019Aran es una de las claves para garantizar los recursos necesarios para la sostenibilidad del sistema y trabajar de manera aut\u00f3noma la atenci\u00f3n integrada.<\/p>\r\n\r\n\r\n\r\n<p><img loading=\"lazy\" decoding=\"async\" class=\"wp-image-25929 aligncenter\" src=\"https:\/\/ticsalutsocial.atoom.space\/wp-content\/uploads\/2023\/08\/Captura-de-pantalla-2024-03-13-a-les-9.13.19-300x27.png\" alt=\"\" width=\"611\" height=\"55\" srcset=\"https:\/\/ticsalutsocial.atoom.space\/wp-content\/uploads\/2023\/08\/Captura-de-pantalla-2024-03-13-a-les-9.13.19-300x27.png 300w, https:\/\/ticsalutsocial.atoom.space\/wp-content\/uploads\/2023\/08\/Captura-de-pantalla-2024-03-13-a-les-9.13.19-1024x92.png 1024w, https:\/\/ticsalutsocial.atoom.space\/wp-content\/uploads\/2023\/08\/Captura-de-pantalla-2024-03-13-a-les-9.13.19-768x69.png 768w, https:\/\/ticsalutsocial.atoom.space\/wp-content\/uploads\/2023\/08\/Captura-de-pantalla-2024-03-13-a-les-9.13.19.png 1292w\" sizes=\"auto, (max-width: 611px) 100vw, 611px\" \/><\/p>\r\n","protected":false},"author":12,"featured_media":21849,"menu_order":0,"template":"","meta":{"_acf_changed":false,"inline_featured_image":false},"etiqueta":[],"tipus":[725,879],"topic":[123],"class_list":["post-21850","noticia","type-noticia","status-publish","has-post-thumbnail","hentry","tipus-proyectos","tipus-inteligencia-artificial","topic-actualidad"],"acf":{"finalitzat":false,"tipus_plantilla":"objectius","template_objectius":{"cont_principal":"","imatge":21849,"cont_seguent":{"titol":"","contingut":""},"seccio_llistat":{"titol":"","llistat":false},"objectius":{"titol":"","objectius":false},"documents":false},"autor":"","imatge":21849,"textos_destacats":[{"texte":"Los Servicis Assistenciaus Integrats d\u2019Aran han firmado un convenio de colaboraci\u00f3n con la Universitat Polit\u00e8cnica de Catalunya y la Fundaci\u00f3n TIC Salut Social para incorporar la inteligencia artificial aplicada al Programa de Atenci\u00f3n Domiciliaria Integrada Social y Sanitaria de Ar\u00e1n."}],"documents":[{"titol_doc":"Nota de prensa","document":{"ID":21852,"id":21852,"title":"230803_NP atencio\u0301n integrada Aran_ES","filename":"230803_NP-atencion-integrada-Aran_ES.pdf","filesize":288224,"url":"https:\/\/ticsalutsocial.atoom.space\/wp-content\/uploads\/2023\/08\/230803_NP-atencion-integrada-Aran_ES.pdf","link":"https:\/\/ticsalutsocial.atoom.space\/es\/noticia\/nou-impuls-per-integrar-latencio-social-i-sanitaria-a-laran\/230803_np-atencion-integrada-aran_es\/","alt":"","author":"12","description":"","caption":"","name":"230803_np-atencion-integrada-aran_es","status":"inherit","uploaded_to":21850,"date":"2023-08-03 06:59:14","modified":"2023-08-03 06:59:14","menu_order":0,"mime_type":"application\/pdf","type":"application","subtype":"pdf","icon":"https:\/\/ticsalutsocial.atoom.space\/wp-includes\/images\/media\/document.png"}}]},"yoast_head":"<!-- This site is optimized with the Yoast SEO plugin v27.1.1 - https:\/\/yoast.com\/product\/yoast-seo-wordpress\/ -->\n<title>Nuevo impulso para integrar la atenci\u00f3n social y sanitaria en el Valle de Ar\u00e1n - Fundaci\u00f3 TIC Salut i Social<\/title>\n<meta name=\"description\" content=\"Els Servicis Assistenciaus Integrats d\u2019Aran han signat un conveni de col\u00b7laboraci\u00f3 amb la UPC i la Fundaci\u00f3 TIC Salut Social per incorporar la IA aplicada al Programa d\u2019Atenci\u00f3 Domicili\u00e0ria Integrada Social i Sanit\u00e0ria de l\u2019Aran.\" \/>\n<meta name=\"robots\" content=\"index, follow, max-snippet:-1, max-image-preview:large, max-video-preview:-1\" \/>\n<link rel=\"canonical\" href=\"https:\/\/ticsalutsocial.atoom.space\/es\/noticia\/nou-impuls-per-integrar-latencio-social-i-sanitaria-a-laran\/\" \/>\n<meta property=\"og:locale\" content=\"es_ES\" \/>\n<meta property=\"og:type\" content=\"article\" \/>\n<meta property=\"og:title\" content=\"Nuevo impulso para integrar la atenci\u00f3n social y sanitaria en el Valle de Ar\u00e1n - Fundaci\u00f3 TIC Salut i Social\" \/>\n<meta property=\"og:description\" content=\"Els Servicis Assistenciaus Integrats d\u2019Aran han signat un conveni de col\u00b7laboraci\u00f3 amb la UPC i la Fundaci\u00f3 TIC Salut Social per incorporar la IA aplicada al Programa d\u2019Atenci\u00f3 Domicili\u00e0ria Integrada Social i Sanit\u00e0ria de l\u2019Aran.\" \/>\n<meta property=\"og:url\" content=\"https:\/\/ticsalutsocial.atoom.space\/es\/noticia\/nou-impuls-per-integrar-latencio-social-i-sanitaria-a-laran\/\" \/>\n<meta property=\"og:site_name\" content=\"Fundaci\u00f3 TIC Salut i Social\" \/>\n<meta property=\"article:modified_time\" content=\"2024-03-13T08:20:13+00:00\" \/>\n<meta property=\"og:image\" content=\"https:\/\/ticsalutsocial.atoom.space\/wp-content\/uploads\/2023\/08\/Aran-1024x768.jpg\" \/>\n\t<meta property=\"og:image:width\" content=\"1024\" \/>\n\t<meta property=\"og:image:height\" content=\"768\" \/>\n\t<meta property=\"og:image:type\" content=\"image\/jpeg\" \/>\n<meta name=\"twitter:card\" content=\"summary_large_image\" \/>\n<meta name=\"twitter:label1\" content=\"Tiempo de lectura\" \/>\n\t<meta name=\"twitter:data1\" content=\"5 minutos\" \/>\n<script type=\"application\/ld+json\" class=\"yoast-schema-graph\">{\"@context\":\"https:\/\/schema.org\",\"@graph\":[{\"@type\":\"WebPage\",\"@id\":\"https:\/\/ticsalutsocial.atoom.space\/es\/noticia\/nou-impuls-per-integrar-latencio-social-i-sanitaria-a-laran\/\",\"url\":\"https:\/\/ticsalutsocial.atoom.space\/es\/noticia\/nou-impuls-per-integrar-latencio-social-i-sanitaria-a-laran\/\",\"name\":\"Nuevo impulso para integrar la atenci\u00f3n social y sanitaria en el Valle de Ar\u00e1n - Fundaci\u00f3 TIC Salut i Social\",\"isPartOf\":{\"@id\":\"https:\/\/ticsalutsocial.atoom.space\/es\/#website\"},\"primaryImageOfPage\":{\"@id\":\"https:\/\/ticsalutsocial.atoom.space\/es\/noticia\/nou-impuls-per-integrar-latencio-social-i-sanitaria-a-laran\/#primaryimage\"},\"image\":{\"@id\":\"https:\/\/ticsalutsocial.atoom.space\/es\/noticia\/nou-impuls-per-integrar-latencio-social-i-sanitaria-a-laran\/#primaryimage\"},\"thumbnailUrl\":\"https:\/\/ticsalutsocial.atoom.space\/wp-content\/uploads\/2023\/08\/Aran.jpg\",\"datePublished\":\"2023-08-03T06:54:07+00:00\",\"dateModified\":\"2024-03-13T08:20:13+00:00\",\"description\":\"Els Servicis Assistenciaus Integrats d\u2019Aran han signat un conveni de col\u00b7laboraci\u00f3 amb la UPC i la Fundaci\u00f3 TIC Salut Social per incorporar la IA aplicada al Programa d\u2019Atenci\u00f3 Domicili\u00e0ria Integrada Social i Sanit\u00e0ria de l\u2019Aran.\",\"breadcrumb\":{\"@id\":\"https:\/\/ticsalutsocial.atoom.space\/es\/noticia\/nou-impuls-per-integrar-latencio-social-i-sanitaria-a-laran\/#breadcrumb\"},\"inLanguage\":\"es\",\"potentialAction\":[{\"@type\":\"ReadAction\",\"target\":[\"https:\/\/ticsalutsocial.atoom.space\/es\/noticia\/nou-impuls-per-integrar-latencio-social-i-sanitaria-a-laran\/\"]}]},{\"@type\":\"ImageObject\",\"inLanguage\":\"es\",\"@id\":\"https:\/\/ticsalutsocial.atoom.space\/es\/noticia\/nou-impuls-per-integrar-latencio-social-i-sanitaria-a-laran\/#primaryimage\",\"url\":\"https:\/\/ticsalutsocial.atoom.space\/wp-content\/uploads\/2023\/08\/Aran.jpg\",\"contentUrl\":\"https:\/\/ticsalutsocial.atoom.space\/wp-content\/uploads\/2023\/08\/Aran.jpg\",\"width\":2560,\"height\":1920,\"caption\":\"Aran\"},{\"@type\":\"BreadcrumbList\",\"@id\":\"https:\/\/ticsalutsocial.atoom.space\/es\/noticia\/nou-impuls-per-integrar-latencio-social-i-sanitaria-a-laran\/#breadcrumb\",\"itemListElement\":[{\"@type\":\"ListItem\",\"position\":1,\"name\":\"Inici\",\"item\":\"https:\/\/ticsalutsocial.atoom.space\/es\/\"},{\"@type\":\"ListItem\",\"position\":2,\"name\":\"Nuevo impulso para integrar la atenci\u00f3n social y sanitaria en el Valle de Ar\u00e1n\"}]},{\"@type\":\"WebSite\",\"@id\":\"https:\/\/ticsalutsocial.atoom.space\/es\/#website\",\"url\":\"https:\/\/ticsalutsocial.atoom.space\/es\/\",\"name\":\"Fundaci\u00f3 TIC Salut i Social\",\"description\":\"\",\"potentialAction\":[{\"@type\":\"SearchAction\",\"target\":{\"@type\":\"EntryPoint\",\"urlTemplate\":\"https:\/\/ticsalutsocial.atoom.space\/es\/?s={search_term_string}\"},\"query-input\":{\"@type\":\"PropertyValueSpecification\",\"valueRequired\":true,\"valueName\":\"search_term_string\"}}],\"inLanguage\":\"es\"}]}<\/script>\n<!-- \/ Yoast SEO plugin. -->","yoast_head_json":{"title":"Nuevo impulso para integrar la atenci\u00f3n social y sanitaria en el Valle de Ar\u00e1n - Fundaci\u00f3 TIC Salut i Social","description":"Els Servicis Assistenciaus Integrats d\u2019Aran han signat un conveni de col\u00b7laboraci\u00f3 amb la UPC i la Fundaci\u00f3 TIC Salut Social per incorporar la IA aplicada al Programa d\u2019Atenci\u00f3 Domicili\u00e0ria Integrada Social i Sanit\u00e0ria de l\u2019Aran.","robots":{"index":"index","follow":"follow","max-snippet":"max-snippet:-1","max-image-preview":"max-image-preview:large","max-video-preview":"max-video-preview:-1"},"canonical":"https:\/\/ticsalutsocial.atoom.space\/es\/noticia\/nou-impuls-per-integrar-latencio-social-i-sanitaria-a-laran\/","og_locale":"es_ES","og_type":"article","og_title":"Nuevo impulso para integrar la atenci\u00f3n social y sanitaria en el Valle de Ar\u00e1n - Fundaci\u00f3 TIC Salut i Social","og_description":"Els Servicis Assistenciaus Integrats d\u2019Aran han signat un conveni de col\u00b7laboraci\u00f3 amb la UPC i la Fundaci\u00f3 TIC Salut Social per incorporar la IA aplicada al Programa d\u2019Atenci\u00f3 Domicili\u00e0ria Integrada Social i Sanit\u00e0ria de l\u2019Aran.","og_url":"https:\/\/ticsalutsocial.atoom.space\/es\/noticia\/nou-impuls-per-integrar-latencio-social-i-sanitaria-a-laran\/","og_site_name":"Fundaci\u00f3 TIC Salut i Social","article_modified_time":"2024-03-13T08:20:13+00:00","og_image":[{"width":1024,"height":768,"url":"https:\/\/ticsalutsocial.atoom.space\/wp-content\/uploads\/2023\/08\/Aran-1024x768.jpg","type":"image\/jpeg"}],"twitter_card":"summary_large_image","twitter_misc":{"Tiempo de lectura":"5 minutos"},"schema":{"@context":"https:\/\/schema.org","@graph":[{"@type":"WebPage","@id":"https:\/\/ticsalutsocial.atoom.space\/es\/noticia\/nou-impuls-per-integrar-latencio-social-i-sanitaria-a-laran\/","url":"https:\/\/ticsalutsocial.atoom.space\/es\/noticia\/nou-impuls-per-integrar-latencio-social-i-sanitaria-a-laran\/","name":"Nuevo impulso para integrar la atenci\u00f3n social y sanitaria en el Valle de Ar\u00e1n - Fundaci\u00f3 TIC Salut i Social","isPartOf":{"@id":"https:\/\/ticsalutsocial.atoom.space\/es\/#website"},"primaryImageOfPage":{"@id":"https:\/\/ticsalutsocial.atoom.space\/es\/noticia\/nou-impuls-per-integrar-latencio-social-i-sanitaria-a-laran\/#primaryimage"},"image":{"@id":"https:\/\/ticsalutsocial.atoom.space\/es\/noticia\/nou-impuls-per-integrar-latencio-social-i-sanitaria-a-laran\/#primaryimage"},"thumbnailUrl":"https:\/\/ticsalutsocial.atoom.space\/wp-content\/uploads\/2023\/08\/Aran.jpg","datePublished":"2023-08-03T06:54:07+00:00","dateModified":"2024-03-13T08:20:13+00:00","description":"Els Servicis Assistenciaus Integrats d\u2019Aran han signat un conveni de col\u00b7laboraci\u00f3 amb la UPC i la Fundaci\u00f3 TIC Salut Social per incorporar la IA aplicada al Programa d\u2019Atenci\u00f3 Domicili\u00e0ria Integrada Social i Sanit\u00e0ria de l\u2019Aran.","breadcrumb":{"@id":"https:\/\/ticsalutsocial.atoom.space\/es\/noticia\/nou-impuls-per-integrar-latencio-social-i-sanitaria-a-laran\/#breadcrumb"},"inLanguage":"es","potentialAction":[{"@type":"ReadAction","target":["https:\/\/ticsalutsocial.atoom.space\/es\/noticia\/nou-impuls-per-integrar-latencio-social-i-sanitaria-a-laran\/"]}]},{"@type":"ImageObject","inLanguage":"es","@id":"https:\/\/ticsalutsocial.atoom.space\/es\/noticia\/nou-impuls-per-integrar-latencio-social-i-sanitaria-a-laran\/#primaryimage","url":"https:\/\/ticsalutsocial.atoom.space\/wp-content\/uploads\/2023\/08\/Aran.jpg","contentUrl":"https:\/\/ticsalutsocial.atoom.space\/wp-content\/uploads\/2023\/08\/Aran.jpg","width":2560,"height":1920,"caption":"Aran"},{"@type":"BreadcrumbList","@id":"https:\/\/ticsalutsocial.atoom.space\/es\/noticia\/nou-impuls-per-integrar-latencio-social-i-sanitaria-a-laran\/#breadcrumb","itemListElement":[{"@type":"ListItem","position":1,"name":"Inici","item":"https:\/\/ticsalutsocial.atoom.space\/es\/"},{"@type":"ListItem","position":2,"name":"Nuevo impulso para integrar la atenci\u00f3n social y sanitaria en el Valle de Ar\u00e1n"}]},{"@type":"WebSite","@id":"https:\/\/ticsalutsocial.atoom.space\/es\/#website","url":"https:\/\/ticsalutsocial.atoom.space\/es\/","name":"Fundaci\u00f3 TIC Salut i Social","description":"","potentialAction":[{"@type":"SearchAction","target":{"@type":"EntryPoint","urlTemplate":"https:\/\/ticsalutsocial.atoom.space\/es\/?s={search_term_string}"},"query-input":{"@type":"PropertyValueSpecification","valueRequired":true,"valueName":"search_term_string"}}],"inLanguage":"es"}]}},"_links":{"self":[{"href":"https:\/\/ticsalutsocial.atoom.space\/es\/wp-json\/wp\/v2\/noticia\/21850","targetHints":{"allow":["GET"]}}],"collection":[{"href":"https:\/\/ticsalutsocial.atoom.space\/es\/wp-json\/wp\/v2\/noticia"}],"about":[{"href":"https:\/\/ticsalutsocial.atoom.space\/es\/wp-json\/wp\/v2\/types\/noticia"}],"author":[{"embeddable":true,"href":"https:\/\/ticsalutsocial.atoom.space\/es\/wp-json\/wp\/v2\/users\/12"}],"wp:featuredmedia":[{"embeddable":true,"href":"https:\/\/ticsalutsocial.atoom.space\/es\/wp-json\/wp\/v2\/media\/21849"}],"wp:attachment":[{"href":"https:\/\/ticsalutsocial.atoom.space\/es\/wp-json\/wp\/v2\/media?parent=21850"}],"wp:term":[{"taxonomy":"etiqueta","embeddable":true,"href":"https:\/\/ticsalutsocial.atoom.space\/es\/wp-json\/wp\/v2\/etiqueta?post=21850"},{"taxonomy":"tipus","embeddable":true,"href":"https:\/\/ticsalutsocial.atoom.space\/es\/wp-json\/wp\/v2\/tipus?post=21850"},{"taxonomy":"topic","embeddable":true,"href":"https:\/\/ticsalutsocial.atoom.space\/es\/wp-json\/wp\/v2\/topic?post=21850"}],"curies":[{"name":"wp","href":"https:\/\/api.w.org\/{rel}","templated":true}]}}