
{"id":21972,"date":"2023-09-01T14:33:44","date_gmt":"2023-09-01T12:33:44","guid":{"rendered":"https:\/\/ticsalutsocial.atoom.space\/noticia\/nou-informe-amb-recomanacions-destandards-dinteroperabilitat-per-a-projectes-de-gestio-de-dades-cliniques-i-imatges-mediques\/"},"modified":"2023-09-01T15:09:33","modified_gmt":"2023-09-01T13:09:33","slug":"nou-informe-amb-recomanacions-destandards-dinteroperabilitat-per-a-projectes-de-gestio-de-dades-cliniques-i-imatges-mediques","status":"publish","type":"noticia","link":"https:\/\/ticsalutsocial.atoom.space\/es\/noticia\/nou-informe-amb-recomanacions-destandards-dinteroperabilitat-per-a-projectes-de-gestio-de-dades-cliniques-i-imatges-mediques\/","title":{"rendered":"Nuevo informe con recomendaciones de est\u00e1ndares de interoperabilidad para proyectos de gesti\u00f3n de datos cl\u00ednicos e imagen m\u00e9dica"},"content":{"rendered":"\n<p>Los miembros de los equipos de Interoperabilidad e Inteligencia Artificial de la Fundaci\u00f3n TIC Salut Social que participan en el proyecto europeo <a href=\"https:\/\/incisive-project.eu\/\" target=\"_blank\" rel=\"noreferrer noopener\">INCISIVE<\/a> han liderado la creaci\u00f3n de un <strong>informe con recomendaciones para cualquier proyecto o iniciativa mundial que quiera operar con est\u00e1ndares globales de interoperabilidad en el sector sanitario<\/strong>. El documento se ha realizado y publicado en nombre del consorcio europeo, y presenta tambi\u00e9n el marco de interoperabilidad del proyecto.<\/p>\n\n\n\n<p>En el proyecto INCISIVE trabajan desde 2020 m\u00e1s de 25 universidades, entidades y empresas de toda Europa con dos objetivos principales. Por un lado, establecer un repositorio federado de imagen m\u00e9dica digital y datos cl\u00ednicos del c\u00e1ncer que permita compartir los datos de forma segura de acuerdo con los requisitos \u00e9ticos, legales y de privacidad. Y por otro, crear una caja de herramientas basada en inteligencia artificial que permita mejorar la detecci\u00f3n por imagen m\u00e9dica y la toma de decisiones.<\/p>\n\n\n\n<h2 class=\"wp-block-heading\">\u00bfQu\u00e9 es un marco de interoperabilidad?<\/h2>\n\n\n\n<p><a href=\"https:\/\/incisive-project.eu\/new\/recommendations-of-interoperability-standards-for-projects-managing-clinical-data-and-medical-images-the-incisive-case\/\" target=\"_blank\" rel=\"noreferrer noopener\">Tal y como explica el proyecto europeo en este art\u00edculo sobre el informe<\/a>, la interoperabilidad se refiere a la capacidad de los distintos sistemas, dispositivos o aplicaciones de intercambiar informaci\u00f3n sin alterar su significado. La interoperabilidad es crucial para resolver problemas de integraci\u00f3n de datos entre sistemas, mitigar las inconsistencias de datos y permitir una eficaz gesti\u00f3n de posibles cambios.<\/p>\n\n\n\n<p>El marco de interoperabilidad es el documento que resuelve y define el proceso de interoperabilidad seguido en un proyecto y ofrece una completa visi\u00f3n de las acciones de estandarizaci\u00f3n realizadas. Esto incluye el an\u00e1lisis de los requisitos t\u00e9cnicos y funcionales, los actores y transacciones de cada caso de uso que implican el uso de datos, la justificaci\u00f3n de los est\u00e1ndares escogidos, la metodolog\u00eda y el dise\u00f1o realizado, el an\u00e1lisis de riesgos del marco de interoperabilidad, el plan de mantenimiento del marco de interoperabilidad, la publicaci\u00f3n y la reutilizaci\u00f3n de gu\u00edas de implementaci\u00f3n, y recomendaciones y acciones futuras del marco de interoperabilidad.<\/p>\n\n\n\n<p>La autora principal del documento y experta en interoperabilidad de la Fundaci\u00f3n TIC Salud Social, <strong>Sara Mart\u00ednez-Alabart<\/strong>, remarca que \u201c<strong>en los sistemas de informaci\u00f3n sanitaria es vital plantearse (entre otros aspectos) c\u00f3mo preservar la arquitectura, proteger y asegurar los datos, y autorizar su acceso, manteniendo el significado sem\u00e1ntico de los conceptos cl\u00ednicos a la hora de intercambiar los datos entre sistemas\u201d.<\/strong><\/p>\n\n\n\n<h2 class=\"wp-block-heading\">Contribuci\u00f3n al Espacio Europeo de Datos de Salud<\/h2>\n\n\n\n<p>Los aprendizajes y recomendaciones que se han recogido en el documento de INCISIVE, junto con las aportaciones de los otros proyectos que forman parte del cluster <a href=\"https:\/\/ai4hi.net\/\" target=\"_blank\" rel=\"noreferrer noopener\">Artificial Intelligence for Health Imaging<\/a> (AI4HI), est\u00e1n contribuyendo al dise\u00f1o del marco de interoperabilidad del proyecto europeo <a href=\"https:\/\/cancerimage.eu\/\" target=\"_blank\" rel=\"noreferrer noopener\">EUCAIM<\/a>, que est\u00e1 construyendo una infraestructura federada paneuropea de im\u00e1genes del c\u00e1ncer para impulsar las innovaciones en inteligencia artificial. Asimismo, se prev\u00e9 que a trav\u00e9s de los frutos de este proyecto se contribuya al marco de interoperabilidad del <a href=\"https:\/\/health.ec.europa.eu\/ehealth-digital-health-and-care\/european-health-data-space_en\" target=\"_blank\" rel=\"noreferrer noopener\">Espacio Europeo de Datos de Salud<\/a> (EHDS, por sus siglas en ingl\u00e9s).<\/p>\n\n\n\n<p><a href=\"https:\/\/incisive-project.eu\/new\/recommendations-of-interoperability-standards-for-projects-managing-clinical-data-and-medical-images-the-incisive-case\/\" target=\"_blank\" rel=\"noreferrer noopener\">M\u00e1s informaci\u00f3n y enlace al informe (en ingl\u00e9s)<\/a><\/p>\n","protected":false},"author":12,"featured_media":21971,"menu_order":0,"template":"","meta":{"_acf_changed":false,"inline_featured_image":false},"etiqueta":[],"tipus":[879],"topic":[127],"class_list":["post-21972","noticia","type-noticia","status-publish","has-post-thumbnail","hentry","tipus-inteligencia-artificial","topic-proyectos"],"acf":{"finalitzat":false,"tipus_plantilla":"objectius","template_objectius":{"cont_principal":"","imatge":21971,"cont_seguent":{"titol":"","contingut":""},"seccio_llistat":{"titol":"","llistat":false},"objectius":{"titol":"","objectius":false},"documents":false},"autor":"","imatge":21971,"textos_destacats":[{"texte":"El documento presenta tambi\u00e9n el marco de interoperabilidad del proyecto europeo INCISIVE, que es quien lo ha elaborado y publicado. "}],"documents":false},"yoast_head":"<!-- This site is optimized with the Yoast SEO plugin v27.1.1 - https:\/\/yoast.com\/product\/yoast-seo-wordpress\/ -->\n<title>Nuevo informe con recomendaciones de est\u00e1ndares de interoperabilidad para proyectos de gesti\u00f3n de datos cl\u00ednicos e imagen m\u00e9dica - Fundaci\u00f3 TIC Salut i Social<\/title>\n<meta name=\"description\" content=\"El proyecto europeo INCISIVE ha publicado un informe con recomendaciones para cualquier proyecto o iniciativa mundial que desee operar con est\u00e1ndares de interoperabilidad en el sector sanitario.\" \/>\n<meta name=\"robots\" content=\"index, follow, max-snippet:-1, max-image-preview:large, max-video-preview:-1\" \/>\n<link rel=\"canonical\" href=\"https:\/\/ticsalutsocial.atoom.space\/es\/noticia\/nou-informe-amb-recomanacions-destandards-dinteroperabilitat-per-a-projectes-de-gestio-de-dades-cliniques-i-imatges-mediques\/\" \/>\n<meta property=\"og:locale\" content=\"es_ES\" \/>\n<meta property=\"og:type\" content=\"article\" \/>\n<meta property=\"og:title\" content=\"Nuevo informe con recomendaciones de est\u00e1ndares de interoperabilidad para proyectos de gesti\u00f3n de datos cl\u00ednicos e imagen m\u00e9dica - Fundaci\u00f3 TIC Salut i Social\" \/>\n<meta property=\"og:description\" content=\"El proyecto europeo INCISIVE ha publicado un informe con recomendaciones para cualquier proyecto o iniciativa mundial que desee operar con est\u00e1ndares de interoperabilidad en el sector sanitario.\" \/>\n<meta property=\"og:url\" content=\"https:\/\/ticsalutsocial.atoom.space\/es\/noticia\/nou-informe-amb-recomanacions-destandards-dinteroperabilitat-per-a-projectes-de-gestio-de-dades-cliniques-i-imatges-mediques\/\" \/>\n<meta property=\"og:site_name\" content=\"Fundaci\u00f3 TIC Salut i Social\" \/>\n<meta property=\"article:modified_time\" content=\"2023-09-01T13:09:33+00:00\" \/>\n<meta property=\"og:image\" content=\"https:\/\/ticsalutsocial.atoom.space\/wp-content\/uploads\/2023\/09\/estandards-interoperabilitat.jpg\" \/>\n\t<meta property=\"og:image:width\" content=\"2560\" \/>\n\t<meta property=\"og:image:height\" content=\"1920\" \/>\n\t<meta property=\"og:image:type\" content=\"image\/jpeg\" \/>\n<meta name=\"twitter:card\" content=\"summary_large_image\" \/>\n<meta name=\"twitter:label1\" content=\"Tiempo de lectura\" \/>\n\t<meta name=\"twitter:data1\" content=\"3 minutos\" \/>\n<script type=\"application\/ld+json\" class=\"yoast-schema-graph\">{\"@context\":\"https:\/\/schema.org\",\"@graph\":[{\"@type\":\"WebPage\",\"@id\":\"https:\/\/ticsalutsocial.atoom.space\/es\/noticia\/nou-informe-amb-recomanacions-destandards-dinteroperabilitat-per-a-projectes-de-gestio-de-dades-cliniques-i-imatges-mediques\/\",\"url\":\"https:\/\/ticsalutsocial.atoom.space\/es\/noticia\/nou-informe-amb-recomanacions-destandards-dinteroperabilitat-per-a-projectes-de-gestio-de-dades-cliniques-i-imatges-mediques\/\",\"name\":\"Nuevo informe con recomendaciones de est\u00e1ndares de interoperabilidad para proyectos de gesti\u00f3n de datos cl\u00ednicos e imagen m\u00e9dica - Fundaci\u00f3 TIC Salut i Social\",\"isPartOf\":{\"@id\":\"https:\/\/ticsalutsocial.atoom.space\/es\/#website\"},\"primaryImageOfPage\":{\"@id\":\"https:\/\/ticsalutsocial.atoom.space\/es\/noticia\/nou-informe-amb-recomanacions-destandards-dinteroperabilitat-per-a-projectes-de-gestio-de-dades-cliniques-i-imatges-mediques\/#primaryimage\"},\"image\":{\"@id\":\"https:\/\/ticsalutsocial.atoom.space\/es\/noticia\/nou-informe-amb-recomanacions-destandards-dinteroperabilitat-per-a-projectes-de-gestio-de-dades-cliniques-i-imatges-mediques\/#primaryimage\"},\"thumbnailUrl\":\"https:\/\/ticsalutsocial.atoom.space\/wp-content\/uploads\/2023\/09\/estandards-interoperabilitat.jpg\",\"datePublished\":\"2023-09-01T12:33:44+00:00\",\"dateModified\":\"2023-09-01T13:09:33+00:00\",\"description\":\"El proyecto europeo INCISIVE ha publicado un informe con recomendaciones para cualquier proyecto o iniciativa mundial que desee operar con est\u00e1ndares de interoperabilidad en el sector sanitario.\",\"breadcrumb\":{\"@id\":\"https:\/\/ticsalutsocial.atoom.space\/es\/noticia\/nou-informe-amb-recomanacions-destandards-dinteroperabilitat-per-a-projectes-de-gestio-de-dades-cliniques-i-imatges-mediques\/#breadcrumb\"},\"inLanguage\":\"es\",\"potentialAction\":[{\"@type\":\"ReadAction\",\"target\":[\"https:\/\/ticsalutsocial.atoom.space\/es\/noticia\/nou-informe-amb-recomanacions-destandards-dinteroperabilitat-per-a-projectes-de-gestio-de-dades-cliniques-i-imatges-mediques\/\"]}]},{\"@type\":\"ImageObject\",\"inLanguage\":\"es\",\"@id\":\"https:\/\/ticsalutsocial.atoom.space\/es\/noticia\/nou-informe-amb-recomanacions-destandards-dinteroperabilitat-per-a-projectes-de-gestio-de-dades-cliniques-i-imatges-mediques\/#primaryimage\",\"url\":\"https:\/\/ticsalutsocial.atoom.space\/wp-content\/uploads\/2023\/09\/estandards-interoperabilitat.jpg\",\"contentUrl\":\"https:\/\/ticsalutsocial.atoom.space\/wp-content\/uploads\/2023\/09\/estandards-interoperabilitat.jpg\",\"width\":2560,\"height\":1920},{\"@type\":\"BreadcrumbList\",\"@id\":\"https:\/\/ticsalutsocial.atoom.space\/es\/noticia\/nou-informe-amb-recomanacions-destandards-dinteroperabilitat-per-a-projectes-de-gestio-de-dades-cliniques-i-imatges-mediques\/#breadcrumb\",\"itemListElement\":[{\"@type\":\"ListItem\",\"position\":1,\"name\":\"Inici\",\"item\":\"https:\/\/ticsalutsocial.atoom.space\/es\/\"},{\"@type\":\"ListItem\",\"position\":2,\"name\":\"Nuevo informe con recomendaciones de est\u00e1ndares de interoperabilidad para proyectos de gesti\u00f3n de datos cl\u00ednicos e imagen m\u00e9dica\"}]},{\"@type\":\"WebSite\",\"@id\":\"https:\/\/ticsalutsocial.atoom.space\/es\/#website\",\"url\":\"https:\/\/ticsalutsocial.atoom.space\/es\/\",\"name\":\"Fundaci\u00f3 TIC Salut i Social\",\"description\":\"\",\"potentialAction\":[{\"@type\":\"SearchAction\",\"target\":{\"@type\":\"EntryPoint\",\"urlTemplate\":\"https:\/\/ticsalutsocial.atoom.space\/es\/?s={search_term_string}\"},\"query-input\":{\"@type\":\"PropertyValueSpecification\",\"valueRequired\":true,\"valueName\":\"search_term_string\"}}],\"inLanguage\":\"es\"}]}<\/script>\n<!-- \/ Yoast SEO plugin. -->","yoast_head_json":{"title":"Nuevo informe con recomendaciones de est\u00e1ndares de interoperabilidad para proyectos de gesti\u00f3n de datos cl\u00ednicos e imagen m\u00e9dica - Fundaci\u00f3 TIC Salut i Social","description":"El proyecto europeo INCISIVE ha publicado un informe con recomendaciones para cualquier proyecto o iniciativa mundial que desee operar con est\u00e1ndares de interoperabilidad en el sector sanitario.","robots":{"index":"index","follow":"follow","max-snippet":"max-snippet:-1","max-image-preview":"max-image-preview:large","max-video-preview":"max-video-preview:-1"},"canonical":"https:\/\/ticsalutsocial.atoom.space\/es\/noticia\/nou-informe-amb-recomanacions-destandards-dinteroperabilitat-per-a-projectes-de-gestio-de-dades-cliniques-i-imatges-mediques\/","og_locale":"es_ES","og_type":"article","og_title":"Nuevo informe con recomendaciones de est\u00e1ndares de interoperabilidad para proyectos de gesti\u00f3n de datos cl\u00ednicos e imagen m\u00e9dica - Fundaci\u00f3 TIC Salut i Social","og_description":"El proyecto europeo INCISIVE ha publicado un informe con recomendaciones para cualquier proyecto o iniciativa mundial que desee operar con est\u00e1ndares de interoperabilidad en el sector sanitario.","og_url":"https:\/\/ticsalutsocial.atoom.space\/es\/noticia\/nou-informe-amb-recomanacions-destandards-dinteroperabilitat-per-a-projectes-de-gestio-de-dades-cliniques-i-imatges-mediques\/","og_site_name":"Fundaci\u00f3 TIC Salut i Social","article_modified_time":"2023-09-01T13:09:33+00:00","og_image":[{"width":2560,"height":1920,"url":"https:\/\/ticsalutsocial.atoom.space\/wp-content\/uploads\/2023\/09\/estandards-interoperabilitat.jpg","type":"image\/jpeg"}],"twitter_card":"summary_large_image","twitter_misc":{"Tiempo de lectura":"3 minutos"},"schema":{"@context":"https:\/\/schema.org","@graph":[{"@type":"WebPage","@id":"https:\/\/ticsalutsocial.atoom.space\/es\/noticia\/nou-informe-amb-recomanacions-destandards-dinteroperabilitat-per-a-projectes-de-gestio-de-dades-cliniques-i-imatges-mediques\/","url":"https:\/\/ticsalutsocial.atoom.space\/es\/noticia\/nou-informe-amb-recomanacions-destandards-dinteroperabilitat-per-a-projectes-de-gestio-de-dades-cliniques-i-imatges-mediques\/","name":"Nuevo informe con recomendaciones de est\u00e1ndares de interoperabilidad para proyectos de gesti\u00f3n de datos cl\u00ednicos e imagen m\u00e9dica - Fundaci\u00f3 TIC Salut i Social","isPartOf":{"@id":"https:\/\/ticsalutsocial.atoom.space\/es\/#website"},"primaryImageOfPage":{"@id":"https:\/\/ticsalutsocial.atoom.space\/es\/noticia\/nou-informe-amb-recomanacions-destandards-dinteroperabilitat-per-a-projectes-de-gestio-de-dades-cliniques-i-imatges-mediques\/#primaryimage"},"image":{"@id":"https:\/\/ticsalutsocial.atoom.space\/es\/noticia\/nou-informe-amb-recomanacions-destandards-dinteroperabilitat-per-a-projectes-de-gestio-de-dades-cliniques-i-imatges-mediques\/#primaryimage"},"thumbnailUrl":"https:\/\/ticsalutsocial.atoom.space\/wp-content\/uploads\/2023\/09\/estandards-interoperabilitat.jpg","datePublished":"2023-09-01T12:33:44+00:00","dateModified":"2023-09-01T13:09:33+00:00","description":"El proyecto europeo INCISIVE ha publicado un informe con recomendaciones para cualquier proyecto o iniciativa mundial que desee operar con est\u00e1ndares de interoperabilidad en el sector sanitario.","breadcrumb":{"@id":"https:\/\/ticsalutsocial.atoom.space\/es\/noticia\/nou-informe-amb-recomanacions-destandards-dinteroperabilitat-per-a-projectes-de-gestio-de-dades-cliniques-i-imatges-mediques\/#breadcrumb"},"inLanguage":"es","potentialAction":[{"@type":"ReadAction","target":["https:\/\/ticsalutsocial.atoom.space\/es\/noticia\/nou-informe-amb-recomanacions-destandards-dinteroperabilitat-per-a-projectes-de-gestio-de-dades-cliniques-i-imatges-mediques\/"]}]},{"@type":"ImageObject","inLanguage":"es","@id":"https:\/\/ticsalutsocial.atoom.space\/es\/noticia\/nou-informe-amb-recomanacions-destandards-dinteroperabilitat-per-a-projectes-de-gestio-de-dades-cliniques-i-imatges-mediques\/#primaryimage","url":"https:\/\/ticsalutsocial.atoom.space\/wp-content\/uploads\/2023\/09\/estandards-interoperabilitat.jpg","contentUrl":"https:\/\/ticsalutsocial.atoom.space\/wp-content\/uploads\/2023\/09\/estandards-interoperabilitat.jpg","width":2560,"height":1920},{"@type":"BreadcrumbList","@id":"https:\/\/ticsalutsocial.atoom.space\/es\/noticia\/nou-informe-amb-recomanacions-destandards-dinteroperabilitat-per-a-projectes-de-gestio-de-dades-cliniques-i-imatges-mediques\/#breadcrumb","itemListElement":[{"@type":"ListItem","position":1,"name":"Inici","item":"https:\/\/ticsalutsocial.atoom.space\/es\/"},{"@type":"ListItem","position":2,"name":"Nuevo informe con recomendaciones de est\u00e1ndares de interoperabilidad para proyectos de gesti\u00f3n de datos cl\u00ednicos e imagen m\u00e9dica"}]},{"@type":"WebSite","@id":"https:\/\/ticsalutsocial.atoom.space\/es\/#website","url":"https:\/\/ticsalutsocial.atoom.space\/es\/","name":"Fundaci\u00f3 TIC Salut i Social","description":"","potentialAction":[{"@type":"SearchAction","target":{"@type":"EntryPoint","urlTemplate":"https:\/\/ticsalutsocial.atoom.space\/es\/?s={search_term_string}"},"query-input":{"@type":"PropertyValueSpecification","valueRequired":true,"valueName":"search_term_string"}}],"inLanguage":"es"}]}},"_links":{"self":[{"href":"https:\/\/ticsalutsocial.atoom.space\/es\/wp-json\/wp\/v2\/noticia\/21972","targetHints":{"allow":["GET"]}}],"collection":[{"href":"https:\/\/ticsalutsocial.atoom.space\/es\/wp-json\/wp\/v2\/noticia"}],"about":[{"href":"https:\/\/ticsalutsocial.atoom.space\/es\/wp-json\/wp\/v2\/types\/noticia"}],"author":[{"embeddable":true,"href":"https:\/\/ticsalutsocial.atoom.space\/es\/wp-json\/wp\/v2\/users\/12"}],"wp:featuredmedia":[{"embeddable":true,"href":"https:\/\/ticsalutsocial.atoom.space\/es\/wp-json\/wp\/v2\/media\/21971"}],"wp:attachment":[{"href":"https:\/\/ticsalutsocial.atoom.space\/es\/wp-json\/wp\/v2\/media?parent=21972"}],"wp:term":[{"taxonomy":"etiqueta","embeddable":true,"href":"https:\/\/ticsalutsocial.atoom.space\/es\/wp-json\/wp\/v2\/etiqueta?post=21972"},{"taxonomy":"tipus","embeddable":true,"href":"https:\/\/ticsalutsocial.atoom.space\/es\/wp-json\/wp\/v2\/tipus?post=21972"},{"taxonomy":"topic","embeddable":true,"href":"https:\/\/ticsalutsocial.atoom.space\/es\/wp-json\/wp\/v2\/topic?post=21972"}],"curies":[{"name":"wp","href":"https:\/\/api.w.org\/{rel}","templated":true}]}}