
{"id":21980,"date":"2023-09-04T12:34:22","date_gmt":"2023-09-04T10:34:22","guid":{"rendered":"https:\/\/ticsalutsocial.atoom.space\/noticia\/el-projecte-intersocial-amplia-el-diccionari-terminologic-social-amb-92-conceptes-nous\/"},"modified":"2025-06-06T11:22:33","modified_gmt":"2025-06-06T09:22:33","slug":"el-projecte-intersocial-amplia-el-diccionari-terminologic-social-amb-92-conceptes-nous","status":"publish","type":"noticia","link":"https:\/\/ticsalutsocial.atoom.space\/es\/noticia\/el-projecte-intersocial-amplia-el-diccionari-terminologic-social-amb-92-conceptes-nous\/","title":{"rendered":"El proyecto InterSocial ampl\u00eda el diccionario terminol\u00f3gico social con 92 conceptos nuevos"},"content":{"rendered":"<p>Durante las \u00faltimas semanas, y en relaci\u00f3n al proyecto <a href=\"https:\/\/ticsalutsocial.atoom.space\/es\/ambit-social\/\" target=\"_blank\" rel=\"noopener\">InterSocial<\/a>, se ha culminado un proceso de creaci\u00f3n y actualizaci\u00f3n de conceptos nuevos en la versi\u00f3n catalana del <a href=\"https:\/\/view.officeapps.live.com\/op\/view.aspx?src=https%3A%2F%2Fticsalutsocial.atoom.space%2Fwp-content%2Fuploads%2F2023%2F07%2FDICCIONARI-TERMINOLOGIC-SOCIAL_JULIOL2023.xlsx&amp;wdOrigin=BROWSELINK\" target=\"_blank\" rel=\"noopener\">diccionario terminol\u00f3gic social<\/a>. Un total de 92 conceptos, del \u00e1mbito de la violencia machista relacionados con la pareja y\/o expareja, familia, entorno laboral o sociocomunitario. Tambi\u00e9n con los \u00e1mbitos digital, institucional, educaci\u00f3n o vida p\u00fablica y pol\u00edtica.<\/p>\n<p>Estos conceptos se suman al conjunto existente de conceptos codificados de acuerdo con el est\u00e1ndar internacional\u00a0SNOMED\u00a0CT\u00a0que configuran este diccionario terminol\u00f3gico.<\/p>\n<p>La <em>Fundaci\u00f3 TIC Salut Social<\/em>, en colaboraci\u00f3n con el <em>Departament Drets Socials<\/em>, participa en este proyecto desde 2016 con el objetivo de crear y ampliar progresivamente una terminolog\u00eda que permita estandarizar problem\u00e1ticas, factores y observaciones en el \u00e1mbito social.<\/p>\n<p>Mediante estos vocabularios controlados comunes se pretende mejorar la integraci\u00f3n de los datos de los Servicios Sociales de Catalu\u00f1a. Esto facilitar\u00e1 el trabajo que desarrollan los profesionales de la atenci\u00f3n social. De este modo se potencia el intercambio de informaci\u00f3n eficiente entre los diferentes sistemas de informaci\u00f3n de los Servicios Sociales de Catalu\u00f1a.<\/p>\n<p>Intersocial tambi\u00e9n cuenta con la experiencia de varios profesionales de organismos del \u00e1mbito de la salud y social como la Diputaci\u00f3n de Barcelona, el Ayuntamiento de Barcelona, el <em>Departament de Salut<\/em> y otros Ayuntamientos, departamentos y entidades del entorno social.<\/p>\n","protected":false},"author":3,"featured_media":21979,"menu_order":0,"template":"","meta":{"_acf_changed":false,"inline_featured_image":false},"etiqueta":[],"tipus":[94,1161,84],"topic":[123],"class_list":["post-21980","noticia","type-noticia","status-publish","has-post-thumbnail","hentry","tipus-integracion-social-y-sanitaria","tipus-ambito-social","tipus-oficina-interoperabilidad","topic-actualidad"],"acf":{"finalitzat":false,"tipus_plantilla":"objectius","template_objectius":{"cont_principal":"","imatge":false,"cont_seguent":{"titol":"","contingut":""},"seccio_llistat":{"titol":"","llistat":false},"objectius":{"titol":"","objectius":false},"documents":false},"autor":"","imatge":false,"textos_destacats":[{"texte":"Las definiciones de vocabularios controlados permiten integrar datos de los Servicios Sociales de Catalu\u00f1a sobre factores y problem\u00e1ticas sociales "}],"documents":false},"yoast_head":"<!-- This site is optimized with the Yoast SEO plugin v27.1.1 - https:\/\/yoast.com\/product\/yoast-seo-wordpress\/ -->\n<title>El proyecto InterSocial ampl\u00eda el diccionario terminol\u00f3gico social con 92 conceptos nuevos - Fundaci\u00f3 TIC Salut i Social<\/title>\n<meta name=\"robots\" content=\"index, follow, max-snippet:-1, max-image-preview:large, max-video-preview:-1\" \/>\n<link rel=\"canonical\" href=\"https:\/\/ticsalutsocial.atoom.space\/es\/noticia\/el-projecte-intersocial-amplia-el-diccionari-terminologic-social-amb-92-conceptes-nous\/\" \/>\n<meta property=\"og:locale\" content=\"es_ES\" \/>\n<meta property=\"og:type\" content=\"article\" \/>\n<meta property=\"og:title\" content=\"El proyecto InterSocial ampl\u00eda el diccionario terminol\u00f3gico social con 92 conceptos nuevos - Fundaci\u00f3 TIC Salut i Social\" \/>\n<meta property=\"og:description\" content=\"Durante las \u00faltimas semanas, y en relaci\u00f3n al proyecto InterSocial, se ha culminado un proceso de creaci\u00f3n y actualizaci\u00f3n de conceptos nuevos en la versi\u00f3n catalana del diccionario terminol\u00f3gic social. Un total de 92 conceptos, del \u00e1mbito de la violencia machista relacionados con la pareja y\/o expareja, familia, entorno laboral o sociocomunitario. Tambi\u00e9n con los [&hellip;]\" \/>\n<meta property=\"og:url\" content=\"https:\/\/ticsalutsocial.atoom.space\/es\/noticia\/el-projecte-intersocial-amplia-el-diccionari-terminologic-social-amb-92-conceptes-nous\/\" \/>\n<meta property=\"og:site_name\" content=\"Fundaci\u00f3 TIC Salut i Social\" \/>\n<meta property=\"article:modified_time\" content=\"2025-06-06T09:22:33+00:00\" \/>\n<meta property=\"og:image\" content=\"https:\/\/ticsalutsocial.atoom.space\/wp-content\/uploads\/2023\/09\/iStock-1044398700-scaled.jpg\" \/>\n\t<meta property=\"og:image:width\" content=\"2560\" \/>\n\t<meta property=\"og:image:height\" content=\"1668\" \/>\n\t<meta property=\"og:image:type\" content=\"image\/jpeg\" \/>\n<meta name=\"twitter:card\" content=\"summary_large_image\" \/>\n<meta name=\"twitter:label1\" content=\"Tiempo de lectura\" \/>\n\t<meta name=\"twitter:data1\" content=\"2 minutos\" \/>\n<script type=\"application\/ld+json\" class=\"yoast-schema-graph\">{\"@context\":\"https:\/\/schema.org\",\"@graph\":[{\"@type\":\"WebPage\",\"@id\":\"https:\/\/ticsalutsocial.atoom.space\/es\/noticia\/el-projecte-intersocial-amplia-el-diccionari-terminologic-social-amb-92-conceptes-nous\/\",\"url\":\"https:\/\/ticsalutsocial.atoom.space\/es\/noticia\/el-projecte-intersocial-amplia-el-diccionari-terminologic-social-amb-92-conceptes-nous\/\",\"name\":\"El proyecto InterSocial ampl\u00eda el diccionario terminol\u00f3gico social con 92 conceptos nuevos - Fundaci\u00f3 TIC Salut i Social\",\"isPartOf\":{\"@id\":\"https:\/\/ticsalutsocial.atoom.space\/es\/#website\"},\"primaryImageOfPage\":{\"@id\":\"https:\/\/ticsalutsocial.atoom.space\/es\/noticia\/el-projecte-intersocial-amplia-el-diccionari-terminologic-social-amb-92-conceptes-nous\/#primaryimage\"},\"image\":{\"@id\":\"https:\/\/ticsalutsocial.atoom.space\/es\/noticia\/el-projecte-intersocial-amplia-el-diccionari-terminologic-social-amb-92-conceptes-nous\/#primaryimage\"},\"thumbnailUrl\":\"https:\/\/ticsalutsocial.atoom.space\/wp-content\/uploads\/2023\/09\/iStock-1044398700-scaled.jpg\",\"datePublished\":\"2023-09-04T10:34:22+00:00\",\"dateModified\":\"2025-06-06T09:22:33+00:00\",\"breadcrumb\":{\"@id\":\"https:\/\/ticsalutsocial.atoom.space\/es\/noticia\/el-projecte-intersocial-amplia-el-diccionari-terminologic-social-amb-92-conceptes-nous\/#breadcrumb\"},\"inLanguage\":\"es\",\"potentialAction\":[{\"@type\":\"ReadAction\",\"target\":[\"https:\/\/ticsalutsocial.atoom.space\/es\/noticia\/el-projecte-intersocial-amplia-el-diccionari-terminologic-social-amb-92-conceptes-nous\/\"]}]},{\"@type\":\"ImageObject\",\"inLanguage\":\"es\",\"@id\":\"https:\/\/ticsalutsocial.atoom.space\/es\/noticia\/el-projecte-intersocial-amplia-el-diccionari-terminologic-social-amb-92-conceptes-nous\/#primaryimage\",\"url\":\"https:\/\/ticsalutsocial.atoom.space\/wp-content\/uploads\/2023\/09\/iStock-1044398700-scaled.jpg\",\"contentUrl\":\"https:\/\/ticsalutsocial.atoom.space\/wp-content\/uploads\/2023\/09\/iStock-1044398700-scaled.jpg\",\"width\":2560,\"height\":1668,\"caption\":\"A young woman protects herself by hand\"},{\"@type\":\"BreadcrumbList\",\"@id\":\"https:\/\/ticsalutsocial.atoom.space\/es\/noticia\/el-projecte-intersocial-amplia-el-diccionari-terminologic-social-amb-92-conceptes-nous\/#breadcrumb\",\"itemListElement\":[{\"@type\":\"ListItem\",\"position\":1,\"name\":\"Inici\",\"item\":\"https:\/\/ticsalutsocial.atoom.space\/es\/\"},{\"@type\":\"ListItem\",\"position\":2,\"name\":\"El proyecto InterSocial ampl\u00eda el diccionario terminol\u00f3gico social con 92 conceptos nuevos\"}]},{\"@type\":\"WebSite\",\"@id\":\"https:\/\/ticsalutsocial.atoom.space\/es\/#website\",\"url\":\"https:\/\/ticsalutsocial.atoom.space\/es\/\",\"name\":\"Fundaci\u00f3 TIC Salut i Social\",\"description\":\"\",\"potentialAction\":[{\"@type\":\"SearchAction\",\"target\":{\"@type\":\"EntryPoint\",\"urlTemplate\":\"https:\/\/ticsalutsocial.atoom.space\/es\/?s={search_term_string}\"},\"query-input\":{\"@type\":\"PropertyValueSpecification\",\"valueRequired\":true,\"valueName\":\"search_term_string\"}}],\"inLanguage\":\"es\"}]}<\/script>\n<!-- \/ Yoast SEO plugin. -->","yoast_head_json":{"title":"El proyecto InterSocial ampl\u00eda el diccionario terminol\u00f3gico social con 92 conceptos nuevos - Fundaci\u00f3 TIC Salut i Social","robots":{"index":"index","follow":"follow","max-snippet":"max-snippet:-1","max-image-preview":"max-image-preview:large","max-video-preview":"max-video-preview:-1"},"canonical":"https:\/\/ticsalutsocial.atoom.space\/es\/noticia\/el-projecte-intersocial-amplia-el-diccionari-terminologic-social-amb-92-conceptes-nous\/","og_locale":"es_ES","og_type":"article","og_title":"El proyecto InterSocial ampl\u00eda el diccionario terminol\u00f3gico social con 92 conceptos nuevos - Fundaci\u00f3 TIC Salut i Social","og_description":"Durante las \u00faltimas semanas, y en relaci\u00f3n al proyecto InterSocial, se ha culminado un proceso de creaci\u00f3n y actualizaci\u00f3n de conceptos nuevos en la versi\u00f3n catalana del diccionario terminol\u00f3gic social. Un total de 92 conceptos, del \u00e1mbito de la violencia machista relacionados con la pareja y\/o expareja, familia, entorno laboral o sociocomunitario. Tambi\u00e9n con los [&hellip;]","og_url":"https:\/\/ticsalutsocial.atoom.space\/es\/noticia\/el-projecte-intersocial-amplia-el-diccionari-terminologic-social-amb-92-conceptes-nous\/","og_site_name":"Fundaci\u00f3 TIC Salut i Social","article_modified_time":"2025-06-06T09:22:33+00:00","og_image":[{"width":2560,"height":1668,"url":"https:\/\/ticsalutsocial.atoom.space\/wp-content\/uploads\/2023\/09\/iStock-1044398700-scaled.jpg","type":"image\/jpeg"}],"twitter_card":"summary_large_image","twitter_misc":{"Tiempo de lectura":"2 minutos"},"schema":{"@context":"https:\/\/schema.org","@graph":[{"@type":"WebPage","@id":"https:\/\/ticsalutsocial.atoom.space\/es\/noticia\/el-projecte-intersocial-amplia-el-diccionari-terminologic-social-amb-92-conceptes-nous\/","url":"https:\/\/ticsalutsocial.atoom.space\/es\/noticia\/el-projecte-intersocial-amplia-el-diccionari-terminologic-social-amb-92-conceptes-nous\/","name":"El proyecto InterSocial ampl\u00eda el diccionario terminol\u00f3gico social con 92 conceptos nuevos - Fundaci\u00f3 TIC Salut i Social","isPartOf":{"@id":"https:\/\/ticsalutsocial.atoom.space\/es\/#website"},"primaryImageOfPage":{"@id":"https:\/\/ticsalutsocial.atoom.space\/es\/noticia\/el-projecte-intersocial-amplia-el-diccionari-terminologic-social-amb-92-conceptes-nous\/#primaryimage"},"image":{"@id":"https:\/\/ticsalutsocial.atoom.space\/es\/noticia\/el-projecte-intersocial-amplia-el-diccionari-terminologic-social-amb-92-conceptes-nous\/#primaryimage"},"thumbnailUrl":"https:\/\/ticsalutsocial.atoom.space\/wp-content\/uploads\/2023\/09\/iStock-1044398700-scaled.jpg","datePublished":"2023-09-04T10:34:22+00:00","dateModified":"2025-06-06T09:22:33+00:00","breadcrumb":{"@id":"https:\/\/ticsalutsocial.atoom.space\/es\/noticia\/el-projecte-intersocial-amplia-el-diccionari-terminologic-social-amb-92-conceptes-nous\/#breadcrumb"},"inLanguage":"es","potentialAction":[{"@type":"ReadAction","target":["https:\/\/ticsalutsocial.atoom.space\/es\/noticia\/el-projecte-intersocial-amplia-el-diccionari-terminologic-social-amb-92-conceptes-nous\/"]}]},{"@type":"ImageObject","inLanguage":"es","@id":"https:\/\/ticsalutsocial.atoom.space\/es\/noticia\/el-projecte-intersocial-amplia-el-diccionari-terminologic-social-amb-92-conceptes-nous\/#primaryimage","url":"https:\/\/ticsalutsocial.atoom.space\/wp-content\/uploads\/2023\/09\/iStock-1044398700-scaled.jpg","contentUrl":"https:\/\/ticsalutsocial.atoom.space\/wp-content\/uploads\/2023\/09\/iStock-1044398700-scaled.jpg","width":2560,"height":1668,"caption":"A young woman protects herself by hand"},{"@type":"BreadcrumbList","@id":"https:\/\/ticsalutsocial.atoom.space\/es\/noticia\/el-projecte-intersocial-amplia-el-diccionari-terminologic-social-amb-92-conceptes-nous\/#breadcrumb","itemListElement":[{"@type":"ListItem","position":1,"name":"Inici","item":"https:\/\/ticsalutsocial.atoom.space\/es\/"},{"@type":"ListItem","position":2,"name":"El proyecto InterSocial ampl\u00eda el diccionario terminol\u00f3gico social con 92 conceptos nuevos"}]},{"@type":"WebSite","@id":"https:\/\/ticsalutsocial.atoom.space\/es\/#website","url":"https:\/\/ticsalutsocial.atoom.space\/es\/","name":"Fundaci\u00f3 TIC Salut i Social","description":"","potentialAction":[{"@type":"SearchAction","target":{"@type":"EntryPoint","urlTemplate":"https:\/\/ticsalutsocial.atoom.space\/es\/?s={search_term_string}"},"query-input":{"@type":"PropertyValueSpecification","valueRequired":true,"valueName":"search_term_string"}}],"inLanguage":"es"}]}},"_links":{"self":[{"href":"https:\/\/ticsalutsocial.atoom.space\/es\/wp-json\/wp\/v2\/noticia\/21980","targetHints":{"allow":["GET"]}}],"collection":[{"href":"https:\/\/ticsalutsocial.atoom.space\/es\/wp-json\/wp\/v2\/noticia"}],"about":[{"href":"https:\/\/ticsalutsocial.atoom.space\/es\/wp-json\/wp\/v2\/types\/noticia"}],"author":[{"embeddable":true,"href":"https:\/\/ticsalutsocial.atoom.space\/es\/wp-json\/wp\/v2\/users\/3"}],"wp:featuredmedia":[{"embeddable":true,"href":"https:\/\/ticsalutsocial.atoom.space\/es\/wp-json\/wp\/v2\/media\/21979"}],"wp:attachment":[{"href":"https:\/\/ticsalutsocial.atoom.space\/es\/wp-json\/wp\/v2\/media?parent=21980"}],"wp:term":[{"taxonomy":"etiqueta","embeddable":true,"href":"https:\/\/ticsalutsocial.atoom.space\/es\/wp-json\/wp\/v2\/etiqueta?post=21980"},{"taxonomy":"tipus","embeddable":true,"href":"https:\/\/ticsalutsocial.atoom.space\/es\/wp-json\/wp\/v2\/tipus?post=21980"},{"taxonomy":"topic","embeddable":true,"href":"https:\/\/ticsalutsocial.atoom.space\/es\/wp-json\/wp\/v2\/topic?post=21980"}],"curies":[{"name":"wp","href":"https:\/\/api.w.org\/{rel}","templated":true}]}}