
{"id":22316,"date":"2023-10-02T10:01:15","date_gmt":"2023-10-02T08:01:15","guid":{"rendered":"https:\/\/ticsalutsocial.atoom.space\/?post_type=noticia&#038;p=22316"},"modified":"2024-01-19T11:27:05","modified_gmt":"2024-01-19T09:27:05","slug":"quines-son-les-possibles-aplicacions-dels-drons-en-lambit-de-la-salut","status":"publish","type":"noticia","link":"https:\/\/ticsalutsocial.atoom.space\/es\/noticia\/quines-son-les-possibles-aplicacions-dels-drons-en-lambit-de-la-salut\/","title":{"rendered":"\u00bfCu\u00e1les son las posibles aplicaciones de los drones en el \u00e1mbito de la salud?"},"content":{"rendered":"\n<p>El grupo de trabajo para la incorporaci\u00f3n de drones en el \u00e1mbito de la salud, coordinado por la Fundaci\u00f3n TIC Salut Social, ha elaborado una <a href=\"https:\/\/ticsalutsocial.atoom.space\/wp-content\/uploads\/2023\/10\/Cartell_Drons_TICSalut.pdf\">infograf\u00eda con cuestiones pr\u00e1cticas para los profesionales o entidades que est\u00e9n plante\u00e1ndose el uso de esta tecnolog\u00eda<\/a> . En concreto, el documento incluye informaci\u00f3n esquematizada sobre qu\u00e9 se necesita para volar un dron, los diferentes modelos de operaciones que existen actualmente, y los posibles casos de uso y beneficios que puede comportar su uso en salud.<\/p>\n\n\n\n<p>Tal y como explica en el siguiente v\u00eddeo la coordinadora del grupo de trabajo y responsable de Atenci\u00f3n Personalizada de la Fundaci\u00f3n TIC Salut Social, <strong>N\u00faria Abd\u00f3n<\/strong>, el grupo est\u00e1 integrado por representantes de la Comisi\u00f3n Departamental de Innovaci\u00f3n y Transformaci\u00f3n del Sistema de Salud del Departamento de Salud, el Consorcio de Salud y Social de Catalu\u00f1a, la Uni\u00f3n Catalana de Hospitales, entidades del Sistema Sanitario Integral de Utilizaci\u00f3n P\u00fablica de Catalu\u00f1a (SISCAT), la Fundaci\u00f3n Hospital de Olot y Comarcal de la Garrotxa, y empresas tecnol\u00f3gicas, adem\u00e1s de la Fundaci\u00f3n TIC Salut Social.<\/p>\n\n\n\n<p>En el mismo v\u00eddeo, la responsable de Innovaci\u00f3n de la Fundaci\u00f3n Hospital de Olot y Comarcal de la Garrotxa, <strong>Neus Dom\u00e8nech<\/strong>, comenta los resultados de la jornada y <a href=\"https:\/\/ticsalutsocial.atoom.space\/es\/noticia\/primer-cas-dexit-de-transport-de-mostres-biologiques-amb-dron-en-la-prova-pilot-dolot\/\">la prueba piloto de transporte de muestras biol\u00f3gicas con dron<\/a> que se hizo en mayo en su centro, en el marco del grupo de trabajo. La prueba permiti\u00f3 conservar en buen estado de las muestras biol\u00f3gicas, reduciendo significativamente el tiempo y las emisiones de CO2 respecto al mismo trayecto por v\u00eda terrestre.<\/p>\n\n\n\n<figure class=\"wp-block-embed is-type-video is-provider-youtube wp-block-embed-youtube wp-embed-aspect-16-9 wp-has-aspect-ratio\"><div class=\"wp-block-embed__wrapper\">\n<iframe loading=\"lazy\" title=\"Incorporaci\u00f3 de drons a l&#039;\u00e0mbit de la salut - experi\u00e8ncia de l&#039;Hospital d&#039;Olot i del grup de treball\" width=\"500\" height=\"281\" src=\"https:\/\/www.youtube.com\/embed\/uOtaVi_JeZQ?feature=oembed\" frameborder=\"0\" allow=\"accelerometer; autoplay; clipboard-write; encrypted-media; gyroscope; picture-in-picture; web-share\" referrerpolicy=\"strict-origin-when-cross-origin\" allowfullscreen><\/iframe>\n<\/div><\/figure>\n\n\n\n<p>El grupo de trabajo est\u00e1 ultimando ahora un <strong>informe sobre el estado del arte de los drones<\/strong>, que se publicar\u00e1 pr\u00f3ximamente en la biblioteca digital de la Fundaci\u00f3n TIC Salut Social, donde ya est\u00e1 disponible la infograf\u00eda sobre la aplicaci\u00f3n de drones en salud.<\/p>\n","protected":false},"author":3,"featured_media":22333,"menu_order":0,"template":"","meta":{"_acf_changed":false,"inline_featured_image":false},"etiqueta":[],"tipus":[],"topic":[],"class_list":["post-22316","noticia","type-noticia","status-publish","has-post-thumbnail","hentry"],"acf":{"autor":"","imatge":22315,"textos_destacats":[{"texte":"El grupo de trabajo de drones ha publicado una infograf\u00eda con cuestiones pr\u00e1cticas para los profesionales o entidades que est\u00e9n plante\u00e1ndose el uso de esta tecnolog\u00eda."}],"documents":[{"titol_doc":"Infograf\u00eda Aplicaci\u00f3n de drones en el \u00e0mbito de la salud","document":{"ID":24790,"id":24790,"title":"Cartell_Drons_TICSalut_Bo","filename":"Cartell_Drons_TICSalut_Bo.pdf","filesize":691297,"url":"https:\/\/ticsalutsocial.atoom.space\/wp-content\/uploads\/2023\/10\/Cartell_Drons_TICSalut_Bo.pdf","link":"https:\/\/ticsalutsocial.atoom.space\/es\/document\/infografia-aplicacio-de-drons-en-lambit-de-la-salut\/cartell_drons_ticsalut_bo-2\/","alt":"","author":"3","description":"","caption":"","name":"cartell_drons_ticsalut_bo-2","status":"inherit","uploaded_to":34900,"date":"2024-01-19 09:11:08","modified":"2024-01-19 09:27:05","menu_order":0,"mime_type":"application\/pdf","type":"application","subtype":"pdf","icon":"https:\/\/ticsalutsocial.atoom.space\/wp-includes\/images\/media\/document.png"}}],"finalitzat":false,"tipus_plantilla":"objectius","template_objectius":{"cont_principal":"","imatge":false,"cont_seguent":{"titol":"","contingut":""},"seccio_llistat":{"titol":"","llistat":false},"objectius":{"titol":"","objectius":false},"documents":false}},"yoast_head":"<!-- This site is optimized with the Yoast SEO plugin v27.1.1 - https:\/\/yoast.com\/product\/yoast-seo-wordpress\/ -->\n<title>\u00bfCu\u00e1les son las posibles aplicaciones de los drones en el \u00e1mbito de la salud? - Fundaci\u00f3 TIC Salut i Social<\/title>\n<meta name=\"robots\" content=\"index, follow, max-snippet:-1, max-image-preview:large, max-video-preview:-1\" \/>\n<link rel=\"canonical\" href=\"https:\/\/ticsalutsocial.atoom.space\/es\/noticia\/quines-son-les-possibles-aplicacions-dels-drons-en-lambit-de-la-salut\/\" \/>\n<meta property=\"og:locale\" content=\"es_ES\" \/>\n<meta property=\"og:type\" content=\"article\" \/>\n<meta property=\"og:title\" content=\"\u00bfCu\u00e1les son las posibles aplicaciones de los drones en el \u00e1mbito de la salud? - Fundaci\u00f3 TIC Salut i Social\" \/>\n<meta property=\"og:description\" content=\"El grupo de trabajo para la incorporaci\u00f3n de drones en el \u00e1mbito de la salud, coordinado por la Fundaci\u00f3n TIC Salut Social, ha elaborado una infograf\u00eda con cuestiones pr\u00e1cticas para los profesionales o entidades que est\u00e9n plante\u00e1ndose el uso de esta tecnolog\u00eda . En concreto, el documento incluye informaci\u00f3n esquematizada sobre qu\u00e9 se necesita para [&hellip;]\" \/>\n<meta property=\"og:url\" content=\"https:\/\/ticsalutsocial.atoom.space\/es\/noticia\/quines-son-les-possibles-aplicacions-dels-drons-en-lambit-de-la-salut\/\" \/>\n<meta property=\"og:site_name\" content=\"Fundaci\u00f3 TIC Salut i Social\" \/>\n<meta property=\"article:modified_time\" content=\"2024-01-19T09:27:05+00:00\" \/>\n<meta property=\"og:image\" content=\"https:\/\/ticsalutsocial.atoom.space\/wp-content\/uploads\/2023\/10\/Infografia-drons-en-salut.jpg\" \/>\n\t<meta property=\"og:image:width\" content=\"2560\" \/>\n\t<meta property=\"og:image:height\" content=\"1920\" \/>\n\t<meta property=\"og:image:type\" content=\"image\/jpeg\" \/>\n<meta name=\"twitter:card\" content=\"summary_large_image\" \/>\n<meta name=\"twitter:label1\" content=\"Tiempo de lectura\" \/>\n\t<meta name=\"twitter:data1\" content=\"2 minutos\" \/>\n<script type=\"application\/ld+json\" class=\"yoast-schema-graph\">{\"@context\":\"https:\/\/schema.org\",\"@graph\":[{\"@type\":\"WebPage\",\"@id\":\"https:\/\/ticsalutsocial.atoom.space\/es\/noticia\/quines-son-les-possibles-aplicacions-dels-drons-en-lambit-de-la-salut\/\",\"url\":\"https:\/\/ticsalutsocial.atoom.space\/es\/noticia\/quines-son-les-possibles-aplicacions-dels-drons-en-lambit-de-la-salut\/\",\"name\":\"\u00bfCu\u00e1les son las posibles aplicaciones de los drones en el \u00e1mbito de la salud? - Fundaci\u00f3 TIC Salut i Social\",\"isPartOf\":{\"@id\":\"https:\/\/ticsalutsocial.atoom.space\/es\/#website\"},\"primaryImageOfPage\":{\"@id\":\"https:\/\/ticsalutsocial.atoom.space\/es\/noticia\/quines-son-les-possibles-aplicacions-dels-drons-en-lambit-de-la-salut\/#primaryimage\"},\"image\":{\"@id\":\"https:\/\/ticsalutsocial.atoom.space\/es\/noticia\/quines-son-les-possibles-aplicacions-dels-drons-en-lambit-de-la-salut\/#primaryimage\"},\"thumbnailUrl\":\"https:\/\/ticsalutsocial.atoom.space\/wp-content\/uploads\/2023\/10\/Infografia-drons-en-salut.jpg\",\"datePublished\":\"2023-10-02T08:01:15+00:00\",\"dateModified\":\"2024-01-19T09:27:05+00:00\",\"breadcrumb\":{\"@id\":\"https:\/\/ticsalutsocial.atoom.space\/es\/noticia\/quines-son-les-possibles-aplicacions-dels-drons-en-lambit-de-la-salut\/#breadcrumb\"},\"inLanguage\":\"es\",\"potentialAction\":[{\"@type\":\"ReadAction\",\"target\":[\"https:\/\/ticsalutsocial.atoom.space\/es\/noticia\/quines-son-les-possibles-aplicacions-dels-drons-en-lambit-de-la-salut\/\"]}]},{\"@type\":\"ImageObject\",\"inLanguage\":\"es\",\"@id\":\"https:\/\/ticsalutsocial.atoom.space\/es\/noticia\/quines-son-les-possibles-aplicacions-dels-drons-en-lambit-de-la-salut\/#primaryimage\",\"url\":\"https:\/\/ticsalutsocial.atoom.space\/wp-content\/uploads\/2023\/10\/Infografia-drons-en-salut.jpg\",\"contentUrl\":\"https:\/\/ticsalutsocial.atoom.space\/wp-content\/uploads\/2023\/10\/Infografia-drons-en-salut.jpg\",\"width\":2560,\"height\":1920},{\"@type\":\"BreadcrumbList\",\"@id\":\"https:\/\/ticsalutsocial.atoom.space\/es\/noticia\/quines-son-les-possibles-aplicacions-dels-drons-en-lambit-de-la-salut\/#breadcrumb\",\"itemListElement\":[{\"@type\":\"ListItem\",\"position\":1,\"name\":\"Inici\",\"item\":\"https:\/\/ticsalutsocial.atoom.space\/es\/\"},{\"@type\":\"ListItem\",\"position\":2,\"name\":\"\u00bfCu\u00e1les son las posibles aplicaciones de los drones en el \u00e1mbito de la salud?\"}]},{\"@type\":\"WebSite\",\"@id\":\"https:\/\/ticsalutsocial.atoom.space\/es\/#website\",\"url\":\"https:\/\/ticsalutsocial.atoom.space\/es\/\",\"name\":\"Fundaci\u00f3 TIC Salut i Social\",\"description\":\"\",\"potentialAction\":[{\"@type\":\"SearchAction\",\"target\":{\"@type\":\"EntryPoint\",\"urlTemplate\":\"https:\/\/ticsalutsocial.atoom.space\/es\/?s={search_term_string}\"},\"query-input\":{\"@type\":\"PropertyValueSpecification\",\"valueRequired\":true,\"valueName\":\"search_term_string\"}}],\"inLanguage\":\"es\"}]}<\/script>\n<!-- \/ Yoast SEO plugin. -->","yoast_head_json":{"title":"\u00bfCu\u00e1les son las posibles aplicaciones de los drones en el \u00e1mbito de la salud? - Fundaci\u00f3 TIC Salut i Social","robots":{"index":"index","follow":"follow","max-snippet":"max-snippet:-1","max-image-preview":"max-image-preview:large","max-video-preview":"max-video-preview:-1"},"canonical":"https:\/\/ticsalutsocial.atoom.space\/es\/noticia\/quines-son-les-possibles-aplicacions-dels-drons-en-lambit-de-la-salut\/","og_locale":"es_ES","og_type":"article","og_title":"\u00bfCu\u00e1les son las posibles aplicaciones de los drones en el \u00e1mbito de la salud? - Fundaci\u00f3 TIC Salut i Social","og_description":"El grupo de trabajo para la incorporaci\u00f3n de drones en el \u00e1mbito de la salud, coordinado por la Fundaci\u00f3n TIC Salut Social, ha elaborado una infograf\u00eda con cuestiones pr\u00e1cticas para los profesionales o entidades que est\u00e9n plante\u00e1ndose el uso de esta tecnolog\u00eda . En concreto, el documento incluye informaci\u00f3n esquematizada sobre qu\u00e9 se necesita para [&hellip;]","og_url":"https:\/\/ticsalutsocial.atoom.space\/es\/noticia\/quines-son-les-possibles-aplicacions-dels-drons-en-lambit-de-la-salut\/","og_site_name":"Fundaci\u00f3 TIC Salut i Social","article_modified_time":"2024-01-19T09:27:05+00:00","og_image":[{"width":2560,"height":1920,"url":"https:\/\/ticsalutsocial.atoom.space\/wp-content\/uploads\/2023\/10\/Infografia-drons-en-salut.jpg","type":"image\/jpeg"}],"twitter_card":"summary_large_image","twitter_misc":{"Tiempo de lectura":"2 minutos"},"schema":{"@context":"https:\/\/schema.org","@graph":[{"@type":"WebPage","@id":"https:\/\/ticsalutsocial.atoom.space\/es\/noticia\/quines-son-les-possibles-aplicacions-dels-drons-en-lambit-de-la-salut\/","url":"https:\/\/ticsalutsocial.atoom.space\/es\/noticia\/quines-son-les-possibles-aplicacions-dels-drons-en-lambit-de-la-salut\/","name":"\u00bfCu\u00e1les son las posibles aplicaciones de los drones en el \u00e1mbito de la salud? - Fundaci\u00f3 TIC Salut i Social","isPartOf":{"@id":"https:\/\/ticsalutsocial.atoom.space\/es\/#website"},"primaryImageOfPage":{"@id":"https:\/\/ticsalutsocial.atoom.space\/es\/noticia\/quines-son-les-possibles-aplicacions-dels-drons-en-lambit-de-la-salut\/#primaryimage"},"image":{"@id":"https:\/\/ticsalutsocial.atoom.space\/es\/noticia\/quines-son-les-possibles-aplicacions-dels-drons-en-lambit-de-la-salut\/#primaryimage"},"thumbnailUrl":"https:\/\/ticsalutsocial.atoom.space\/wp-content\/uploads\/2023\/10\/Infografia-drons-en-salut.jpg","datePublished":"2023-10-02T08:01:15+00:00","dateModified":"2024-01-19T09:27:05+00:00","breadcrumb":{"@id":"https:\/\/ticsalutsocial.atoom.space\/es\/noticia\/quines-son-les-possibles-aplicacions-dels-drons-en-lambit-de-la-salut\/#breadcrumb"},"inLanguage":"es","potentialAction":[{"@type":"ReadAction","target":["https:\/\/ticsalutsocial.atoom.space\/es\/noticia\/quines-son-les-possibles-aplicacions-dels-drons-en-lambit-de-la-salut\/"]}]},{"@type":"ImageObject","inLanguage":"es","@id":"https:\/\/ticsalutsocial.atoom.space\/es\/noticia\/quines-son-les-possibles-aplicacions-dels-drons-en-lambit-de-la-salut\/#primaryimage","url":"https:\/\/ticsalutsocial.atoom.space\/wp-content\/uploads\/2023\/10\/Infografia-drons-en-salut.jpg","contentUrl":"https:\/\/ticsalutsocial.atoom.space\/wp-content\/uploads\/2023\/10\/Infografia-drons-en-salut.jpg","width":2560,"height":1920},{"@type":"BreadcrumbList","@id":"https:\/\/ticsalutsocial.atoom.space\/es\/noticia\/quines-son-les-possibles-aplicacions-dels-drons-en-lambit-de-la-salut\/#breadcrumb","itemListElement":[{"@type":"ListItem","position":1,"name":"Inici","item":"https:\/\/ticsalutsocial.atoom.space\/es\/"},{"@type":"ListItem","position":2,"name":"\u00bfCu\u00e1les son las posibles aplicaciones de los drones en el \u00e1mbito de la salud?"}]},{"@type":"WebSite","@id":"https:\/\/ticsalutsocial.atoom.space\/es\/#website","url":"https:\/\/ticsalutsocial.atoom.space\/es\/","name":"Fundaci\u00f3 TIC Salut i Social","description":"","potentialAction":[{"@type":"SearchAction","target":{"@type":"EntryPoint","urlTemplate":"https:\/\/ticsalutsocial.atoom.space\/es\/?s={search_term_string}"},"query-input":{"@type":"PropertyValueSpecification","valueRequired":true,"valueName":"search_term_string"}}],"inLanguage":"es"}]}},"_links":{"self":[{"href":"https:\/\/ticsalutsocial.atoom.space\/es\/wp-json\/wp\/v2\/noticia\/22316","targetHints":{"allow":["GET"]}}],"collection":[{"href":"https:\/\/ticsalutsocial.atoom.space\/es\/wp-json\/wp\/v2\/noticia"}],"about":[{"href":"https:\/\/ticsalutsocial.atoom.space\/es\/wp-json\/wp\/v2\/types\/noticia"}],"author":[{"embeddable":true,"href":"https:\/\/ticsalutsocial.atoom.space\/es\/wp-json\/wp\/v2\/users\/3"}],"wp:featuredmedia":[{"embeddable":true,"href":"https:\/\/ticsalutsocial.atoom.space\/es\/wp-json\/wp\/v2\/media\/22333"}],"wp:attachment":[{"href":"https:\/\/ticsalutsocial.atoom.space\/es\/wp-json\/wp\/v2\/media?parent=22316"}],"wp:term":[{"taxonomy":"etiqueta","embeddable":true,"href":"https:\/\/ticsalutsocial.atoom.space\/es\/wp-json\/wp\/v2\/etiqueta?post=22316"},{"taxonomy":"tipus","embeddable":true,"href":"https:\/\/ticsalutsocial.atoom.space\/es\/wp-json\/wp\/v2\/tipus?post=22316"},{"taxonomy":"topic","embeddable":true,"href":"https:\/\/ticsalutsocial.atoom.space\/es\/wp-json\/wp\/v2\/topic?post=22316"}],"curies":[{"name":"wp","href":"https:\/\/api.w.org\/{rel}","templated":true}]}}