
{"id":22368,"date":"2023-10-04T14:03:51","date_gmt":"2023-10-04T12:03:51","guid":{"rendered":"https:\/\/ticsalutsocial.atoom.space\/noticia\/presentacio-del-model-catala-sobre-competencies-digitals-per-professionals-de-la-salut-a-brusselles\/"},"modified":"2023-10-10T10:01:33","modified_gmt":"2023-10-10T08:01:33","slug":"presentacio-del-model-catala-sobre-competencies-digitals-per-professionals-de-la-salut-a-brusselles","status":"publish","type":"noticia","link":"https:\/\/ticsalutsocial.atoom.space\/es\/noticia\/presentacio-del-model-catala-sobre-competencies-digitals-per-professionals-de-la-salut-a-brusselles\/","title":{"rendered":"Presentaci\u00f3n del modelo catal\u00e1n sobre competencias digitales para profesionales sanitarios en Brusselas"},"content":{"rendered":"<p>Esta semana se llev\u00f3 a cabo en Bruselas una sesi\u00f3n de trabajo impulsada por la <a href=\"https:\/\/knowledge4policy.ec.europa.eu\/organisation\/dg-reform-structural-reform-support_en\" target=\"_blank\" rel=\"noopener\">DG Reform<\/a>, <a href=\"https:\/\/es.nttdata.com\" target=\"_blank\" rel=\"noopener\">NTT Data<\/a> y con la colaboraci\u00f3n de la <em>Fundaci\u00f3 TIC Salut Social<\/em> y el Ministerio de Asuntos Sociales de Estonia. Este taller permite compartir buenas pr\u00e1cticas y lecciones aprendidas en el campo de la mejora de las competencias digitales por profesionales de la sanidad.<\/p>\n<p>Entre los temas tratados se cuentan retos y metodolog\u00edas de mejora, la conciliaci\u00f3n entre la praxis profesional y la formaci\u00f3n continuada, diferentes modelos de gobernanza para competencias digitales en el sector sanitario, y proyectos relacionados con estos \u00e1mbitos de trabajo financiados por la DG Reform.<\/p>\n<p>Han participado responsables de proyectos relacionados con la mejora de las competencias digitales de los profesionales de la salud de pa\u00edses como de Italia, Ruman\u00eda, Francia, Holanda y Pa\u00eds Vasco.<\/p>\n<p>En representaci\u00f3n del <em>Sistema de Salut de Catalunya<\/em> han asistido Al\u00edcia \u00c0vila, subdirectora general de Ordenaci\u00f3n y Desarrollo Profesional (<em>Departament de Salut<\/em>); Bea Crua\u00f1as, Gabinete T\u00e9cnico de la Secretar\u00eda General (<em>Departament de Salut<\/em>); Anna Gonz\u00e1lez, jefe de la Divisi\u00f3n de Profesionales del SISCAT (<em>Servei Catal\u00e0 de la Salut<\/em>); y Elisenda Reixach, responsable de Competencias Digitales en Salud e Imagen M\u00e9dica de la <em>Fundaci\u00f3 TIC Salut Social<\/em>.<\/p>\n<p><strong>\u00a0<\/strong><\/p>\n","protected":false},"author":3,"featured_media":22427,"menu_order":0,"template":"","meta":{"_acf_changed":false,"inline_featured_image":false},"etiqueta":[],"tipus":[725],"topic":[123],"class_list":["post-22368","noticia","type-noticia","status-publish","has-post-thumbnail","hentry","tipus-proyectos","topic-actualidad"],"acf":{"finalitzat":false,"tipus_plantilla":"objectius","template_objectius":{"cont_principal":"","imatge":false,"cont_seguent":{"titol":"","contingut":""},"seccio_llistat":{"titol":"","llistat":false},"objectius":{"titol":"","objectius":false},"documents":false},"autor":"","imatge":false,"textos_destacats":[{"texte":"En este workshop han participado responsables de proyectos relacionados con la mejora de las competencias digitales de los profesionales de la salud"}],"documents":false},"yoast_head":"<!-- This site is optimized with the Yoast SEO plugin v27.1.1 - https:\/\/yoast.com\/product\/yoast-seo-wordpress\/ -->\n<title>Presentaci\u00f3n del modelo catal\u00e1n sobre competencias digitales para profesionales sanitarios en Brusselas - Fundaci\u00f3 TIC Salut i Social<\/title>\n<meta name=\"robots\" content=\"index, follow, max-snippet:-1, max-image-preview:large, max-video-preview:-1\" \/>\n<link rel=\"canonical\" href=\"https:\/\/ticsalutsocial.atoom.space\/es\/noticia\/presentacio-del-model-catala-sobre-competencies-digitals-per-professionals-de-la-salut-a-brusselles\/\" \/>\n<meta property=\"og:locale\" content=\"es_ES\" \/>\n<meta property=\"og:type\" content=\"article\" \/>\n<meta property=\"og:title\" content=\"Presentaci\u00f3n del modelo catal\u00e1n sobre competencias digitales para profesionales sanitarios en Brusselas - Fundaci\u00f3 TIC Salut i Social\" \/>\n<meta property=\"og:description\" content=\"Esta semana se llev\u00f3 a cabo en Bruselas una sesi\u00f3n de trabajo impulsada por la DG Reform, NTT Data y con la colaboraci\u00f3n de la Fundaci\u00f3 TIC Salut Social y el Ministerio de Asuntos Sociales de Estonia. Este taller permite compartir buenas pr\u00e1cticas y lecciones aprendidas en el campo de la mejora de las competencias [&hellip;]\" \/>\n<meta property=\"og:url\" content=\"https:\/\/ticsalutsocial.atoom.space\/es\/noticia\/presentacio-del-model-catala-sobre-competencies-digitals-per-professionals-de-la-salut-a-brusselles\/\" \/>\n<meta property=\"og:site_name\" content=\"Fundaci\u00f3 TIC Salut i Social\" \/>\n<meta property=\"article:modified_time\" content=\"2023-10-10T08:01:33+00:00\" \/>\n<meta property=\"og:image\" content=\"https:\/\/ticsalutsocial.atoom.space\/wp-content\/uploads\/2023\/10\/IMG_5374-scaled.jpeg\" \/>\n\t<meta property=\"og:image:width\" content=\"2560\" \/>\n\t<meta property=\"og:image:height\" content=\"1920\" \/>\n\t<meta property=\"og:image:type\" content=\"image\/jpeg\" \/>\n<meta name=\"twitter:card\" content=\"summary_large_image\" \/>\n<meta name=\"twitter:label1\" content=\"Tiempo de lectura\" \/>\n\t<meta name=\"twitter:data1\" content=\"2 minutos\" \/>\n<script type=\"application\/ld+json\" class=\"yoast-schema-graph\">{\"@context\":\"https:\/\/schema.org\",\"@graph\":[{\"@type\":\"WebPage\",\"@id\":\"https:\/\/ticsalutsocial.atoom.space\/es\/noticia\/presentacio-del-model-catala-sobre-competencies-digitals-per-professionals-de-la-salut-a-brusselles\/\",\"url\":\"https:\/\/ticsalutsocial.atoom.space\/es\/noticia\/presentacio-del-model-catala-sobre-competencies-digitals-per-professionals-de-la-salut-a-brusselles\/\",\"name\":\"Presentaci\u00f3n del modelo catal\u00e1n sobre competencias digitales para profesionales sanitarios en Brusselas - Fundaci\u00f3 TIC Salut i Social\",\"isPartOf\":{\"@id\":\"https:\/\/ticsalutsocial.atoom.space\/es\/#website\"},\"primaryImageOfPage\":{\"@id\":\"https:\/\/ticsalutsocial.atoom.space\/es\/noticia\/presentacio-del-model-catala-sobre-competencies-digitals-per-professionals-de-la-salut-a-brusselles\/#primaryimage\"},\"image\":{\"@id\":\"https:\/\/ticsalutsocial.atoom.space\/es\/noticia\/presentacio-del-model-catala-sobre-competencies-digitals-per-professionals-de-la-salut-a-brusselles\/#primaryimage\"},\"thumbnailUrl\":\"https:\/\/ticsalutsocial.atoom.space\/wp-content\/uploads\/2023\/10\/IMG_5374-scaled.jpeg\",\"datePublished\":\"2023-10-04T12:03:51+00:00\",\"dateModified\":\"2023-10-10T08:01:33+00:00\",\"breadcrumb\":{\"@id\":\"https:\/\/ticsalutsocial.atoom.space\/es\/noticia\/presentacio-del-model-catala-sobre-competencies-digitals-per-professionals-de-la-salut-a-brusselles\/#breadcrumb\"},\"inLanguage\":\"es\",\"potentialAction\":[{\"@type\":\"ReadAction\",\"target\":[\"https:\/\/ticsalutsocial.atoom.space\/es\/noticia\/presentacio-del-model-catala-sobre-competencies-digitals-per-professionals-de-la-salut-a-brusselles\/\"]}]},{\"@type\":\"ImageObject\",\"inLanguage\":\"es\",\"@id\":\"https:\/\/ticsalutsocial.atoom.space\/es\/noticia\/presentacio-del-model-catala-sobre-competencies-digitals-per-professionals-de-la-salut-a-brusselles\/#primaryimage\",\"url\":\"https:\/\/ticsalutsocial.atoom.space\/wp-content\/uploads\/2023\/10\/IMG_5374-scaled.jpeg\",\"contentUrl\":\"https:\/\/ticsalutsocial.atoom.space\/wp-content\/uploads\/2023\/10\/IMG_5374-scaled.jpeg\",\"width\":2560,\"height\":1920},{\"@type\":\"BreadcrumbList\",\"@id\":\"https:\/\/ticsalutsocial.atoom.space\/es\/noticia\/presentacio-del-model-catala-sobre-competencies-digitals-per-professionals-de-la-salut-a-brusselles\/#breadcrumb\",\"itemListElement\":[{\"@type\":\"ListItem\",\"position\":1,\"name\":\"Inici\",\"item\":\"https:\/\/ticsalutsocial.atoom.space\/es\/\"},{\"@type\":\"ListItem\",\"position\":2,\"name\":\"Presentaci\u00f3n del modelo catal\u00e1n sobre competencias digitales para profesionales sanitarios en Brusselas\"}]},{\"@type\":\"WebSite\",\"@id\":\"https:\/\/ticsalutsocial.atoom.space\/es\/#website\",\"url\":\"https:\/\/ticsalutsocial.atoom.space\/es\/\",\"name\":\"Fundaci\u00f3 TIC Salut i Social\",\"description\":\"\",\"potentialAction\":[{\"@type\":\"SearchAction\",\"target\":{\"@type\":\"EntryPoint\",\"urlTemplate\":\"https:\/\/ticsalutsocial.atoom.space\/es\/?s={search_term_string}\"},\"query-input\":{\"@type\":\"PropertyValueSpecification\",\"valueRequired\":true,\"valueName\":\"search_term_string\"}}],\"inLanguage\":\"es\"}]}<\/script>\n<!-- \/ Yoast SEO plugin. -->","yoast_head_json":{"title":"Presentaci\u00f3n del modelo catal\u00e1n sobre competencias digitales para profesionales sanitarios en Brusselas - Fundaci\u00f3 TIC Salut i Social","robots":{"index":"index","follow":"follow","max-snippet":"max-snippet:-1","max-image-preview":"max-image-preview:large","max-video-preview":"max-video-preview:-1"},"canonical":"https:\/\/ticsalutsocial.atoom.space\/es\/noticia\/presentacio-del-model-catala-sobre-competencies-digitals-per-professionals-de-la-salut-a-brusselles\/","og_locale":"es_ES","og_type":"article","og_title":"Presentaci\u00f3n del modelo catal\u00e1n sobre competencias digitales para profesionales sanitarios en Brusselas - Fundaci\u00f3 TIC Salut i Social","og_description":"Esta semana se llev\u00f3 a cabo en Bruselas una sesi\u00f3n de trabajo impulsada por la DG Reform, NTT Data y con la colaboraci\u00f3n de la Fundaci\u00f3 TIC Salut Social y el Ministerio de Asuntos Sociales de Estonia. Este taller permite compartir buenas pr\u00e1cticas y lecciones aprendidas en el campo de la mejora de las competencias [&hellip;]","og_url":"https:\/\/ticsalutsocial.atoom.space\/es\/noticia\/presentacio-del-model-catala-sobre-competencies-digitals-per-professionals-de-la-salut-a-brusselles\/","og_site_name":"Fundaci\u00f3 TIC Salut i Social","article_modified_time":"2023-10-10T08:01:33+00:00","og_image":[{"width":2560,"height":1920,"url":"https:\/\/ticsalutsocial.atoom.space\/wp-content\/uploads\/2023\/10\/IMG_5374-scaled.jpeg","type":"image\/jpeg"}],"twitter_card":"summary_large_image","twitter_misc":{"Tiempo de lectura":"2 minutos"},"schema":{"@context":"https:\/\/schema.org","@graph":[{"@type":"WebPage","@id":"https:\/\/ticsalutsocial.atoom.space\/es\/noticia\/presentacio-del-model-catala-sobre-competencies-digitals-per-professionals-de-la-salut-a-brusselles\/","url":"https:\/\/ticsalutsocial.atoom.space\/es\/noticia\/presentacio-del-model-catala-sobre-competencies-digitals-per-professionals-de-la-salut-a-brusselles\/","name":"Presentaci\u00f3n del modelo catal\u00e1n sobre competencias digitales para profesionales sanitarios en Brusselas - Fundaci\u00f3 TIC Salut i Social","isPartOf":{"@id":"https:\/\/ticsalutsocial.atoom.space\/es\/#website"},"primaryImageOfPage":{"@id":"https:\/\/ticsalutsocial.atoom.space\/es\/noticia\/presentacio-del-model-catala-sobre-competencies-digitals-per-professionals-de-la-salut-a-brusselles\/#primaryimage"},"image":{"@id":"https:\/\/ticsalutsocial.atoom.space\/es\/noticia\/presentacio-del-model-catala-sobre-competencies-digitals-per-professionals-de-la-salut-a-brusselles\/#primaryimage"},"thumbnailUrl":"https:\/\/ticsalutsocial.atoom.space\/wp-content\/uploads\/2023\/10\/IMG_5374-scaled.jpeg","datePublished":"2023-10-04T12:03:51+00:00","dateModified":"2023-10-10T08:01:33+00:00","breadcrumb":{"@id":"https:\/\/ticsalutsocial.atoom.space\/es\/noticia\/presentacio-del-model-catala-sobre-competencies-digitals-per-professionals-de-la-salut-a-brusselles\/#breadcrumb"},"inLanguage":"es","potentialAction":[{"@type":"ReadAction","target":["https:\/\/ticsalutsocial.atoom.space\/es\/noticia\/presentacio-del-model-catala-sobre-competencies-digitals-per-professionals-de-la-salut-a-brusselles\/"]}]},{"@type":"ImageObject","inLanguage":"es","@id":"https:\/\/ticsalutsocial.atoom.space\/es\/noticia\/presentacio-del-model-catala-sobre-competencies-digitals-per-professionals-de-la-salut-a-brusselles\/#primaryimage","url":"https:\/\/ticsalutsocial.atoom.space\/wp-content\/uploads\/2023\/10\/IMG_5374-scaled.jpeg","contentUrl":"https:\/\/ticsalutsocial.atoom.space\/wp-content\/uploads\/2023\/10\/IMG_5374-scaled.jpeg","width":2560,"height":1920},{"@type":"BreadcrumbList","@id":"https:\/\/ticsalutsocial.atoom.space\/es\/noticia\/presentacio-del-model-catala-sobre-competencies-digitals-per-professionals-de-la-salut-a-brusselles\/#breadcrumb","itemListElement":[{"@type":"ListItem","position":1,"name":"Inici","item":"https:\/\/ticsalutsocial.atoom.space\/es\/"},{"@type":"ListItem","position":2,"name":"Presentaci\u00f3n del modelo catal\u00e1n sobre competencias digitales para profesionales sanitarios en Brusselas"}]},{"@type":"WebSite","@id":"https:\/\/ticsalutsocial.atoom.space\/es\/#website","url":"https:\/\/ticsalutsocial.atoom.space\/es\/","name":"Fundaci\u00f3 TIC Salut i Social","description":"","potentialAction":[{"@type":"SearchAction","target":{"@type":"EntryPoint","urlTemplate":"https:\/\/ticsalutsocial.atoom.space\/es\/?s={search_term_string}"},"query-input":{"@type":"PropertyValueSpecification","valueRequired":true,"valueName":"search_term_string"}}],"inLanguage":"es"}]}},"_links":{"self":[{"href":"https:\/\/ticsalutsocial.atoom.space\/es\/wp-json\/wp\/v2\/noticia\/22368","targetHints":{"allow":["GET"]}}],"collection":[{"href":"https:\/\/ticsalutsocial.atoom.space\/es\/wp-json\/wp\/v2\/noticia"}],"about":[{"href":"https:\/\/ticsalutsocial.atoom.space\/es\/wp-json\/wp\/v2\/types\/noticia"}],"author":[{"embeddable":true,"href":"https:\/\/ticsalutsocial.atoom.space\/es\/wp-json\/wp\/v2\/users\/3"}],"wp:featuredmedia":[{"embeddable":true,"href":"https:\/\/ticsalutsocial.atoom.space\/es\/wp-json\/wp\/v2\/media\/22427"}],"wp:attachment":[{"href":"https:\/\/ticsalutsocial.atoom.space\/es\/wp-json\/wp\/v2\/media?parent=22368"}],"wp:term":[{"taxonomy":"etiqueta","embeddable":true,"href":"https:\/\/ticsalutsocial.atoom.space\/es\/wp-json\/wp\/v2\/etiqueta?post=22368"},{"taxonomy":"tipus","embeddable":true,"href":"https:\/\/ticsalutsocial.atoom.space\/es\/wp-json\/wp\/v2\/tipus?post=22368"},{"taxonomy":"topic","embeddable":true,"href":"https:\/\/ticsalutsocial.atoom.space\/es\/wp-json\/wp\/v2\/topic?post=22368"}],"curies":[{"name":"wp","href":"https:\/\/api.w.org\/{rel}","templated":true}]}}