
{"id":22472,"date":"2023-10-11T09:57:07","date_gmt":"2023-10-11T07:57:07","guid":{"rendered":"https:\/\/ticsalutsocial.atoom.space\/noticia\/noves-formacions-sobre-avaluacio-dimpacte-impartides-pel-delegat-de-proteccio-de-dades-de-salut\/"},"modified":"2023-10-11T11:33:46","modified_gmt":"2023-10-11T09:33:46","slug":"noves-formacions-sobre-avaluacio-dimpacte-impartides-pel-delegat-de-proteccio-de-dades-de-salut","status":"publish","type":"noticia","link":"https:\/\/ticsalutsocial.atoom.space\/es\/noticia\/noves-formacions-sobre-avaluacio-dimpacte-impartides-pel-delegat-de-proteccio-de-dades-de-salut\/","title":{"rendered":"Nuevas formaciones sobre evaluaci\u00f3n de impacto impartidas por el Delegado de Protecci\u00f3n de Datos de salud"},"content":{"rendered":"<p>La Oficina del Delegado de Protecci\u00f3n de Datos de Salut (ODPD) de la Fundaci\u00f3n TIC Salut Social ha empezado a impartir formaciones sobre evaluaci\u00f3n de impacto en este mes de octubre. Se trata de un curso estructurado en cuatro sesiones divididas en dos niveles, b\u00e1sico y avanzado, y para participar no es imprescindible asistir a todas las sesiones.<\/p>\n<p>Las fechas iniciales de estas sesiones est\u00e1n previstas para los d\u00edas 4 y 18 de octubre, en su modalidad b\u00e1sica, y los d\u00edas 8 y 23 de noviembre, en su modalidad avanzada.<\/p>\n<p>El m\u00f3dulo b\u00e1sico est\u00e1 pensado para grupos de quince personas a lo sumo y sigue una metodolog\u00eda que propone una parte de trabajo te\u00f3rico y otra pr\u00e1ctica a realizar durante 4 horas. La parte pr\u00e1ctica propone resolver una evaluaci\u00f3n de impacto ficticia y planteada por el equipo del ODPD.<\/p>\n<p>El m\u00f3dulo avanzado est\u00e1 pensado para grupos de 8 personas. Planteado como una sesi\u00f3n de 3 horas y eminentemente pr\u00e1ctica para resolver dudas reales surgidas durante evaluaciones de impacto realizadas por los asistentes.<\/p>\n<p>Ambos m\u00f3dulos se dirigen a Coordinadores de Protecci\u00f3n de Datos de las entidades del SISCAT adheridas al ODPD y su personal con perfiles t\u00e9cnicos, jur\u00eddicos y de investigaci\u00f3n implicados en los proyectos que requieren evaluaci\u00f3n de impacto. Algunos de los materiales did\u00e1cticos a utilizar durante el curso son la gu\u00eda o manual de instrucciones para utilizar la Plataforma AIPD, desarrollada por el ODPD o un v\u00eddeo explicativo sobre la importancia y elementos m\u00e1s importantes a tener en cuenta para afrontar una evaluaci\u00f3n de impacto sobre protecci\u00f3n de datos.<\/p>\n<p>Las formaciones previstas para 2023 han llenado aforo y se prev\u00e9 impartir nuevas durante 2024.<\/p>\n","protected":false},"author":3,"featured_media":22470,"menu_order":0,"template":"","meta":{"_acf_changed":false,"inline_featured_image":false},"etiqueta":[],"tipus":[106],"topic":[121],"class_list":["post-22472","noticia","type-noticia","status-publish","has-post-thumbnail","hentry","tipus-dpd-salud","topic-dpd-es"],"acf":{"finalitzat":false,"tipus_plantilla":"objectius","template_objectius":{"cont_principal":"","imatge":false,"cont_seguent":{"titol":"","contingut":""},"seccio_llistat":{"titol":"","llistat":false},"objectius":{"titol":"","objectius":false},"documents":false},"autor":"","imatge":false,"textos_destacats":[{"texte":"Los cursos se dirigen a Coordinadores de Protecci\u00f3n de Datos de las entidades del SISCAT adheridas al ODPD y a su personal con perfiles t\u00e9cnicos, jur\u00eddicos y de investigaci\u00f3n"}],"documents":false},"yoast_head":"<!-- This site is optimized with the Yoast SEO plugin v27.1.1 - https:\/\/yoast.com\/product\/yoast-seo-wordpress\/ -->\n<title>Nuevas formaciones sobre evaluaci\u00f3n de impacto impartidas por el Delegado de Protecci\u00f3n de Datos de salud - Fundaci\u00f3 TIC Salut i Social<\/title>\n<meta name=\"robots\" content=\"index, follow, max-snippet:-1, max-image-preview:large, max-video-preview:-1\" \/>\n<link rel=\"canonical\" href=\"https:\/\/ticsalutsocial.atoom.space\/es\/noticia\/noves-formacions-sobre-avaluacio-dimpacte-impartides-pel-delegat-de-proteccio-de-dades-de-salut\/\" \/>\n<meta property=\"og:locale\" content=\"es_ES\" \/>\n<meta property=\"og:type\" content=\"article\" \/>\n<meta property=\"og:title\" content=\"Nuevas formaciones sobre evaluaci\u00f3n de impacto impartidas por el Delegado de Protecci\u00f3n de Datos de salud - Fundaci\u00f3 TIC Salut i Social\" \/>\n<meta property=\"og:description\" content=\"La Oficina del Delegado de Protecci\u00f3n de Datos de Salut (ODPD) de la Fundaci\u00f3n TIC Salut Social ha empezado a impartir formaciones sobre evaluaci\u00f3n de impacto en este mes de octubre. Se trata de un curso estructurado en cuatro sesiones divididas en dos niveles, b\u00e1sico y avanzado, y para participar no es imprescindible asistir a [&hellip;]\" \/>\n<meta property=\"og:url\" content=\"https:\/\/ticsalutsocial.atoom.space\/es\/noticia\/noves-formacions-sobre-avaluacio-dimpacte-impartides-pel-delegat-de-proteccio-de-dades-de-salut\/\" \/>\n<meta property=\"og:site_name\" content=\"Fundaci\u00f3 TIC Salut i Social\" \/>\n<meta property=\"article:modified_time\" content=\"2023-10-11T09:33:46+00:00\" \/>\n<meta property=\"og:image\" content=\"https:\/\/ticsalutsocial.atoom.space\/wp-content\/uploads\/2023\/10\/iStock-1421946000-scaled.jpg\" \/>\n\t<meta property=\"og:image:width\" content=\"2560\" \/>\n\t<meta property=\"og:image:height\" content=\"1488\" \/>\n\t<meta property=\"og:image:type\" content=\"image\/jpeg\" \/>\n<meta name=\"twitter:card\" content=\"summary_large_image\" \/>\n<meta name=\"twitter:label1\" content=\"Tiempo de lectura\" \/>\n\t<meta name=\"twitter:data1\" content=\"2 minutos\" \/>\n<script type=\"application\/ld+json\" class=\"yoast-schema-graph\">{\"@context\":\"https:\/\/schema.org\",\"@graph\":[{\"@type\":\"WebPage\",\"@id\":\"https:\/\/ticsalutsocial.atoom.space\/es\/noticia\/noves-formacions-sobre-avaluacio-dimpacte-impartides-pel-delegat-de-proteccio-de-dades-de-salut\/\",\"url\":\"https:\/\/ticsalutsocial.atoom.space\/es\/noticia\/noves-formacions-sobre-avaluacio-dimpacte-impartides-pel-delegat-de-proteccio-de-dades-de-salut\/\",\"name\":\"Nuevas formaciones sobre evaluaci\u00f3n de impacto impartidas por el Delegado de Protecci\u00f3n de Datos de salud - Fundaci\u00f3 TIC Salut i Social\",\"isPartOf\":{\"@id\":\"https:\/\/ticsalutsocial.atoom.space\/es\/#website\"},\"primaryImageOfPage\":{\"@id\":\"https:\/\/ticsalutsocial.atoom.space\/es\/noticia\/noves-formacions-sobre-avaluacio-dimpacte-impartides-pel-delegat-de-proteccio-de-dades-de-salut\/#primaryimage\"},\"image\":{\"@id\":\"https:\/\/ticsalutsocial.atoom.space\/es\/noticia\/noves-formacions-sobre-avaluacio-dimpacte-impartides-pel-delegat-de-proteccio-de-dades-de-salut\/#primaryimage\"},\"thumbnailUrl\":\"https:\/\/ticsalutsocial.atoom.space\/wp-content\/uploads\/2023\/10\/iStock-1421946000-scaled.jpg\",\"datePublished\":\"2023-10-11T07:57:07+00:00\",\"dateModified\":\"2023-10-11T09:33:46+00:00\",\"breadcrumb\":{\"@id\":\"https:\/\/ticsalutsocial.atoom.space\/es\/noticia\/noves-formacions-sobre-avaluacio-dimpacte-impartides-pel-delegat-de-proteccio-de-dades-de-salut\/#breadcrumb\"},\"inLanguage\":\"es\",\"potentialAction\":[{\"@type\":\"ReadAction\",\"target\":[\"https:\/\/ticsalutsocial.atoom.space\/es\/noticia\/noves-formacions-sobre-avaluacio-dimpacte-impartides-pel-delegat-de-proteccio-de-dades-de-salut\/\"]}]},{\"@type\":\"ImageObject\",\"inLanguage\":\"es\",\"@id\":\"https:\/\/ticsalutsocial.atoom.space\/es\/noticia\/noves-formacions-sobre-avaluacio-dimpacte-impartides-pel-delegat-de-proteccio-de-dades-de-salut\/#primaryimage\",\"url\":\"https:\/\/ticsalutsocial.atoom.space\/wp-content\/uploads\/2023\/10\/iStock-1421946000-scaled.jpg\",\"contentUrl\":\"https:\/\/ticsalutsocial.atoom.space\/wp-content\/uploads\/2023\/10\/iStock-1421946000-scaled.jpg\",\"width\":2560,\"height\":1488,\"caption\":\"Information and cyber security Technology Services. Internet Technology.Network security system. Personal Data information\"},{\"@type\":\"BreadcrumbList\",\"@id\":\"https:\/\/ticsalutsocial.atoom.space\/es\/noticia\/noves-formacions-sobre-avaluacio-dimpacte-impartides-pel-delegat-de-proteccio-de-dades-de-salut\/#breadcrumb\",\"itemListElement\":[{\"@type\":\"ListItem\",\"position\":1,\"name\":\"Inici\",\"item\":\"https:\/\/ticsalutsocial.atoom.space\/es\/\"},{\"@type\":\"ListItem\",\"position\":2,\"name\":\"Nuevas formaciones sobre evaluaci\u00f3n de impacto impartidas por el Delegado de Protecci\u00f3n de Datos de salud\"}]},{\"@type\":\"WebSite\",\"@id\":\"https:\/\/ticsalutsocial.atoom.space\/es\/#website\",\"url\":\"https:\/\/ticsalutsocial.atoom.space\/es\/\",\"name\":\"Fundaci\u00f3 TIC Salut i Social\",\"description\":\"\",\"potentialAction\":[{\"@type\":\"SearchAction\",\"target\":{\"@type\":\"EntryPoint\",\"urlTemplate\":\"https:\/\/ticsalutsocial.atoom.space\/es\/?s={search_term_string}\"},\"query-input\":{\"@type\":\"PropertyValueSpecification\",\"valueRequired\":true,\"valueName\":\"search_term_string\"}}],\"inLanguage\":\"es\"}]}<\/script>\n<!-- \/ Yoast SEO plugin. -->","yoast_head_json":{"title":"Nuevas formaciones sobre evaluaci\u00f3n de impacto impartidas por el Delegado de Protecci\u00f3n de Datos de salud - Fundaci\u00f3 TIC Salut i Social","robots":{"index":"index","follow":"follow","max-snippet":"max-snippet:-1","max-image-preview":"max-image-preview:large","max-video-preview":"max-video-preview:-1"},"canonical":"https:\/\/ticsalutsocial.atoom.space\/es\/noticia\/noves-formacions-sobre-avaluacio-dimpacte-impartides-pel-delegat-de-proteccio-de-dades-de-salut\/","og_locale":"es_ES","og_type":"article","og_title":"Nuevas formaciones sobre evaluaci\u00f3n de impacto impartidas por el Delegado de Protecci\u00f3n de Datos de salud - Fundaci\u00f3 TIC Salut i Social","og_description":"La Oficina del Delegado de Protecci\u00f3n de Datos de Salut (ODPD) de la Fundaci\u00f3n TIC Salut Social ha empezado a impartir formaciones sobre evaluaci\u00f3n de impacto en este mes de octubre. Se trata de un curso estructurado en cuatro sesiones divididas en dos niveles, b\u00e1sico y avanzado, y para participar no es imprescindible asistir a [&hellip;]","og_url":"https:\/\/ticsalutsocial.atoom.space\/es\/noticia\/noves-formacions-sobre-avaluacio-dimpacte-impartides-pel-delegat-de-proteccio-de-dades-de-salut\/","og_site_name":"Fundaci\u00f3 TIC Salut i Social","article_modified_time":"2023-10-11T09:33:46+00:00","og_image":[{"width":2560,"height":1488,"url":"https:\/\/ticsalutsocial.atoom.space\/wp-content\/uploads\/2023\/10\/iStock-1421946000-scaled.jpg","type":"image\/jpeg"}],"twitter_card":"summary_large_image","twitter_misc":{"Tiempo de lectura":"2 minutos"},"schema":{"@context":"https:\/\/schema.org","@graph":[{"@type":"WebPage","@id":"https:\/\/ticsalutsocial.atoom.space\/es\/noticia\/noves-formacions-sobre-avaluacio-dimpacte-impartides-pel-delegat-de-proteccio-de-dades-de-salut\/","url":"https:\/\/ticsalutsocial.atoom.space\/es\/noticia\/noves-formacions-sobre-avaluacio-dimpacte-impartides-pel-delegat-de-proteccio-de-dades-de-salut\/","name":"Nuevas formaciones sobre evaluaci\u00f3n de impacto impartidas por el Delegado de Protecci\u00f3n de Datos de salud - Fundaci\u00f3 TIC Salut i Social","isPartOf":{"@id":"https:\/\/ticsalutsocial.atoom.space\/es\/#website"},"primaryImageOfPage":{"@id":"https:\/\/ticsalutsocial.atoom.space\/es\/noticia\/noves-formacions-sobre-avaluacio-dimpacte-impartides-pel-delegat-de-proteccio-de-dades-de-salut\/#primaryimage"},"image":{"@id":"https:\/\/ticsalutsocial.atoom.space\/es\/noticia\/noves-formacions-sobre-avaluacio-dimpacte-impartides-pel-delegat-de-proteccio-de-dades-de-salut\/#primaryimage"},"thumbnailUrl":"https:\/\/ticsalutsocial.atoom.space\/wp-content\/uploads\/2023\/10\/iStock-1421946000-scaled.jpg","datePublished":"2023-10-11T07:57:07+00:00","dateModified":"2023-10-11T09:33:46+00:00","breadcrumb":{"@id":"https:\/\/ticsalutsocial.atoom.space\/es\/noticia\/noves-formacions-sobre-avaluacio-dimpacte-impartides-pel-delegat-de-proteccio-de-dades-de-salut\/#breadcrumb"},"inLanguage":"es","potentialAction":[{"@type":"ReadAction","target":["https:\/\/ticsalutsocial.atoom.space\/es\/noticia\/noves-formacions-sobre-avaluacio-dimpacte-impartides-pel-delegat-de-proteccio-de-dades-de-salut\/"]}]},{"@type":"ImageObject","inLanguage":"es","@id":"https:\/\/ticsalutsocial.atoom.space\/es\/noticia\/noves-formacions-sobre-avaluacio-dimpacte-impartides-pel-delegat-de-proteccio-de-dades-de-salut\/#primaryimage","url":"https:\/\/ticsalutsocial.atoom.space\/wp-content\/uploads\/2023\/10\/iStock-1421946000-scaled.jpg","contentUrl":"https:\/\/ticsalutsocial.atoom.space\/wp-content\/uploads\/2023\/10\/iStock-1421946000-scaled.jpg","width":2560,"height":1488,"caption":"Information and cyber security Technology Services. Internet Technology.Network security system. Personal Data information"},{"@type":"BreadcrumbList","@id":"https:\/\/ticsalutsocial.atoom.space\/es\/noticia\/noves-formacions-sobre-avaluacio-dimpacte-impartides-pel-delegat-de-proteccio-de-dades-de-salut\/#breadcrumb","itemListElement":[{"@type":"ListItem","position":1,"name":"Inici","item":"https:\/\/ticsalutsocial.atoom.space\/es\/"},{"@type":"ListItem","position":2,"name":"Nuevas formaciones sobre evaluaci\u00f3n de impacto impartidas por el Delegado de Protecci\u00f3n de Datos de salud"}]},{"@type":"WebSite","@id":"https:\/\/ticsalutsocial.atoom.space\/es\/#website","url":"https:\/\/ticsalutsocial.atoom.space\/es\/","name":"Fundaci\u00f3 TIC Salut i Social","description":"","potentialAction":[{"@type":"SearchAction","target":{"@type":"EntryPoint","urlTemplate":"https:\/\/ticsalutsocial.atoom.space\/es\/?s={search_term_string}"},"query-input":{"@type":"PropertyValueSpecification","valueRequired":true,"valueName":"search_term_string"}}],"inLanguage":"es"}]}},"_links":{"self":[{"href":"https:\/\/ticsalutsocial.atoom.space\/es\/wp-json\/wp\/v2\/noticia\/22472","targetHints":{"allow":["GET"]}}],"collection":[{"href":"https:\/\/ticsalutsocial.atoom.space\/es\/wp-json\/wp\/v2\/noticia"}],"about":[{"href":"https:\/\/ticsalutsocial.atoom.space\/es\/wp-json\/wp\/v2\/types\/noticia"}],"author":[{"embeddable":true,"href":"https:\/\/ticsalutsocial.atoom.space\/es\/wp-json\/wp\/v2\/users\/3"}],"wp:featuredmedia":[{"embeddable":true,"href":"https:\/\/ticsalutsocial.atoom.space\/es\/wp-json\/wp\/v2\/media\/22470"}],"wp:attachment":[{"href":"https:\/\/ticsalutsocial.atoom.space\/es\/wp-json\/wp\/v2\/media?parent=22472"}],"wp:term":[{"taxonomy":"etiqueta","embeddable":true,"href":"https:\/\/ticsalutsocial.atoom.space\/es\/wp-json\/wp\/v2\/etiqueta?post=22472"},{"taxonomy":"tipus","embeddable":true,"href":"https:\/\/ticsalutsocial.atoom.space\/es\/wp-json\/wp\/v2\/tipus?post=22472"},{"taxonomy":"topic","embeddable":true,"href":"https:\/\/ticsalutsocial.atoom.space\/es\/wp-json\/wp\/v2\/topic?post=22472"}],"curies":[{"name":"wp","href":"https:\/\/api.w.org\/{rel}","templated":true}]}}