
{"id":22537,"date":"2023-10-16T09:39:29","date_gmt":"2023-10-16T07:39:29","guid":{"rendered":"https:\/\/ticsalutsocial.atoom.space\/?post_type=noticia&#038;p=22537"},"modified":"2023-10-16T09:40:10","modified_gmt":"2023-10-16T07:40:10","slug":"el-ctti-ha-sido-galardonado-en-los-premios-cnis-en-la-categoria-del-mejor-proyecto-con-inteligencia-artificial","status":"publish","type":"noticia","link":"https:\/\/ticsalutsocial.atoom.space\/es\/noticia\/el-ctti-ha-sido-galardonado-en-los-premios-cnis-en-la-categoria-del-mejor-proyecto-con-inteligencia-artificial\/","title":{"rendered":"El CTTI ha sido galardonado en los premios CNIS en la categor\u00eda del Mejor proyecto con inteligencia artificial"},"content":{"rendered":"\n<p>El proyecto&nbsp;<strong>Modelo de IA para el diagn\u00f3stico de melanomas<\/strong>, desarrollado desde la Direcci\u00f3n de Innovaci\u00f3n del CTTI, ha recibido hoy el premio al \u201cMejor proyecto con inteligencia artificial\u201d en los Premios CNIS, celebrados en el marco del Congreso Nacional de Innovaci\u00f3n y Servicios P\u00fablicos.<\/p>\n\n\n\n<p>El proyecto, en el que han colaborado el Departamento de Salud, la Fundaci\u00f3n TIC Salut Social, T-Systems y Deep Solutions, tiene como objetivo desarrollar y optimizar un <strong>sistema de inteligencia artificial<\/strong> que, mediante la utilizaci\u00f3n de im\u00e1genes dermosc\u00f3picas, <strong>detecte y clasifique con alta precisi\u00f3n el melanoma y otras lesiones cut\u00e1neas<\/strong>, con el fin de mejorar el pron\u00f3stico y la intervenci\u00f3n terap\u00e9utica en pacientes diagnosticados.<\/p>\n\n\n\n<p>En la gala de entrega de los premios, Llu\u00eds Anaya, director ejecutivo de Innovaci\u00f3n Digital y \u00c1mbitos Sociales del CTTI, y N\u00faria Espuny, directora de la Direcci\u00f3n General de Administraci\u00f3n Digital, han sido los encargados de recoger el galard\u00f3n.<\/p>\n\n\n\n<h2 class=\"wp-block-heading\"><strong>Sobre el congreso y los premios CNIS<\/strong><\/h2>\n\n\n\n<p>Los Premios CNIS, que est\u00e1n formados por 13 categor\u00edas y que han recibido m\u00e1s de 100 candidaturas en esta edici\u00f3n, tienen como objetivo poner en valor el trabajo realizado por la administraci\u00f3n p\u00fablica y detectar buenas pr\u00e1cticas que sirvan de referente para el resto de administraciones.<\/p>\n\n\n\n<p>El Congreso Nacional de Innovaci\u00f3n y Servicios P\u00fablicos (CNIS) es uno de los principales encuentros a nivel nacional sobre innovaci\u00f3n en el sector p\u00fablico. Esta edici\u00f3n ha tratado sobre la aplicaci\u00f3n de nuevas tecnolog\u00edas como la inteligencia artificial, en la transformaci\u00f3n digital y el cambio cultural de las administraciones.<\/p>\n\n\n\n<p>En el Congreso han participado la Direcci\u00f3n General de Administraci\u00f3n Digital (DGAD), a trav\u00e9s de su directora N\u00faria Espuny y la Direcci\u00f3n General de Servicios Digitales y Experiencia Ciudadana (DGSEC) a trav\u00e9s de su directora Ester Manzano, quien ha recibido un reconocimiento por su trayectoria profesional. Por parte de la DGSEC tambi\u00e9n particip\u00f3 la subdirectora general de Atenci\u00f3n Ciudadana Maria Ester Pe\u00f1a de las Heras.<\/p>\n\n\n\n<p>Fuente: <a href=\"https:\/\/ctti.gencat.cat\/ca\/detalls\/detallnoticia\/premis-cnis\">CTTI<\/a><\/p>\n","protected":false},"author":3,"featured_media":22530,"menu_order":0,"template":"","meta":{"_acf_changed":false,"inline_featured_image":false},"etiqueta":[],"tipus":[879],"topic":[],"class_list":["post-22537","noticia","type-noticia","status-publish","has-post-thumbnail","hentry","tipus-inteligencia-artificial"],"acf":{"autor":"","imatge":22536,"textos_destacats":[{"texte":"El proyecto Modelo de IA para el diagn\u00f3stico de melanomas ha sido premiado en la categor\u00eda \u201cMejor proyecto con inteligencia artificial\u201d"}],"documents":false,"finalitzat":false,"tipus_plantilla":"objectius","template_objectius":{"cont_principal":"","imatge":false,"cont_seguent":{"titol":"","contingut":""},"seccio_llistat":{"titol":"","llistat":false},"objectius":{"titol":"","objectius":false},"documents":false}},"yoast_head":"<!-- This site is optimized with the Yoast SEO plugin v27.1.1 - https:\/\/yoast.com\/product\/yoast-seo-wordpress\/ -->\n<title>El CTTI ha sido galardonado en los premios CNIS en la categor\u00eda del Mejor proyecto con inteligencia artificial - Fundaci\u00f3 TIC Salut i Social<\/title>\n<meta name=\"description\" content=\"El proyecto Modelo de IA para el diagn\u00f3stico de melanomas ha sido premiado en la categor\u00eda \u201cMejor proyecto con inteligencia artificial\u201d\" \/>\n<meta name=\"robots\" content=\"index, follow, max-snippet:-1, max-image-preview:large, max-video-preview:-1\" \/>\n<link rel=\"canonical\" href=\"https:\/\/ticsalutsocial.atoom.space\/es\/noticia\/el-ctti-ha-sido-galardonado-en-los-premios-cnis-en-la-categoria-del-mejor-proyecto-con-inteligencia-artificial\/\" \/>\n<meta property=\"og:locale\" content=\"es_ES\" \/>\n<meta property=\"og:type\" content=\"article\" \/>\n<meta property=\"og:title\" content=\"El CTTI ha sido galardonado en los premios CNIS en la categor\u00eda del Mejor proyecto con inteligencia artificial - Fundaci\u00f3 TIC Salut i Social\" \/>\n<meta property=\"og:description\" content=\"El proyecto Modelo de IA para el diagn\u00f3stico de melanomas ha sido premiado en la categor\u00eda \u201cMejor proyecto con inteligencia artificial\u201d\" \/>\n<meta property=\"og:url\" content=\"https:\/\/ticsalutsocial.atoom.space\/es\/noticia\/el-ctti-ha-sido-galardonado-en-los-premios-cnis-en-la-categoria-del-mejor-proyecto-con-inteligencia-artificial\/\" \/>\n<meta property=\"og:site_name\" content=\"Fundaci\u00f3 TIC Salut i Social\" \/>\n<meta property=\"article:modified_time\" content=\"2023-10-16T07:40:10+00:00\" \/>\n<meta property=\"og:image\" content=\"https:\/\/ticsalutsocial.atoom.space\/wp-content\/uploads\/2023\/10\/Premis-CNIS-2.png_1815420196.png\" \/>\n\t<meta property=\"og:image:width\" content=\"444\" \/>\n\t<meta property=\"og:image:height\" content=\"603\" \/>\n\t<meta property=\"og:image:type\" content=\"image\/png\" \/>\n<meta name=\"twitter:card\" content=\"summary_large_image\" \/>\n<meta name=\"twitter:label1\" content=\"Tiempo de lectura\" \/>\n\t<meta name=\"twitter:data1\" content=\"2 minutos\" \/>\n<script type=\"application\/ld+json\" class=\"yoast-schema-graph\">{\"@context\":\"https:\/\/schema.org\",\"@graph\":[{\"@type\":\"WebPage\",\"@id\":\"https:\/\/ticsalutsocial.atoom.space\/es\/noticia\/el-ctti-ha-sido-galardonado-en-los-premios-cnis-en-la-categoria-del-mejor-proyecto-con-inteligencia-artificial\/\",\"url\":\"https:\/\/ticsalutsocial.atoom.space\/es\/noticia\/el-ctti-ha-sido-galardonado-en-los-premios-cnis-en-la-categoria-del-mejor-proyecto-con-inteligencia-artificial\/\",\"name\":\"El CTTI ha sido galardonado en los premios CNIS en la categor\u00eda del Mejor proyecto con inteligencia artificial - Fundaci\u00f3 TIC Salut i Social\",\"isPartOf\":{\"@id\":\"https:\/\/ticsalutsocial.atoom.space\/es\/#website\"},\"primaryImageOfPage\":{\"@id\":\"https:\/\/ticsalutsocial.atoom.space\/es\/noticia\/el-ctti-ha-sido-galardonado-en-los-premios-cnis-en-la-categoria-del-mejor-proyecto-con-inteligencia-artificial\/#primaryimage\"},\"image\":{\"@id\":\"https:\/\/ticsalutsocial.atoom.space\/es\/noticia\/el-ctti-ha-sido-galardonado-en-los-premios-cnis-en-la-categoria-del-mejor-proyecto-con-inteligencia-artificial\/#primaryimage\"},\"thumbnailUrl\":\"https:\/\/ticsalutsocial.atoom.space\/wp-content\/uploads\/2023\/10\/Premis-CNIS-2.png_1815420196.png\",\"datePublished\":\"2023-10-16T07:39:29+00:00\",\"dateModified\":\"2023-10-16T07:40:10+00:00\",\"description\":\"El proyecto Modelo de IA para el diagn\u00f3stico de melanomas ha sido premiado en la categor\u00eda \u201cMejor proyecto con inteligencia artificial\u201d\",\"breadcrumb\":{\"@id\":\"https:\/\/ticsalutsocial.atoom.space\/es\/noticia\/el-ctti-ha-sido-galardonado-en-los-premios-cnis-en-la-categoria-del-mejor-proyecto-con-inteligencia-artificial\/#breadcrumb\"},\"inLanguage\":\"es\",\"potentialAction\":[{\"@type\":\"ReadAction\",\"target\":[\"https:\/\/ticsalutsocial.atoom.space\/es\/noticia\/el-ctti-ha-sido-galardonado-en-los-premios-cnis-en-la-categoria-del-mejor-proyecto-con-inteligencia-artificial\/\"]}]},{\"@type\":\"ImageObject\",\"inLanguage\":\"es\",\"@id\":\"https:\/\/ticsalutsocial.atoom.space\/es\/noticia\/el-ctti-ha-sido-galardonado-en-los-premios-cnis-en-la-categoria-del-mejor-proyecto-con-inteligencia-artificial\/#primaryimage\",\"url\":\"https:\/\/ticsalutsocial.atoom.space\/wp-content\/uploads\/2023\/10\/Premis-CNIS-2.png_1815420196.png\",\"contentUrl\":\"https:\/\/ticsalutsocial.atoom.space\/wp-content\/uploads\/2023\/10\/Premis-CNIS-2.png_1815420196.png\",\"width\":444,\"height\":603},{\"@type\":\"BreadcrumbList\",\"@id\":\"https:\/\/ticsalutsocial.atoom.space\/es\/noticia\/el-ctti-ha-sido-galardonado-en-los-premios-cnis-en-la-categoria-del-mejor-proyecto-con-inteligencia-artificial\/#breadcrumb\",\"itemListElement\":[{\"@type\":\"ListItem\",\"position\":1,\"name\":\"Inici\",\"item\":\"https:\/\/ticsalutsocial.atoom.space\/es\/\"},{\"@type\":\"ListItem\",\"position\":2,\"name\":\"El CTTI ha sido galardonado en los premios CNIS en la categor\u00eda del Mejor proyecto con inteligencia artificial\"}]},{\"@type\":\"WebSite\",\"@id\":\"https:\/\/ticsalutsocial.atoom.space\/es\/#website\",\"url\":\"https:\/\/ticsalutsocial.atoom.space\/es\/\",\"name\":\"Fundaci\u00f3 TIC Salut i Social\",\"description\":\"\",\"potentialAction\":[{\"@type\":\"SearchAction\",\"target\":{\"@type\":\"EntryPoint\",\"urlTemplate\":\"https:\/\/ticsalutsocial.atoom.space\/es\/?s={search_term_string}\"},\"query-input\":{\"@type\":\"PropertyValueSpecification\",\"valueRequired\":true,\"valueName\":\"search_term_string\"}}],\"inLanguage\":\"es\"}]}<\/script>\n<!-- \/ Yoast SEO plugin. -->","yoast_head_json":{"title":"El CTTI ha sido galardonado en los premios CNIS en la categor\u00eda del Mejor proyecto con inteligencia artificial - Fundaci\u00f3 TIC Salut i Social","description":"El proyecto Modelo de IA para el diagn\u00f3stico de melanomas ha sido premiado en la categor\u00eda \u201cMejor proyecto con inteligencia artificial\u201d","robots":{"index":"index","follow":"follow","max-snippet":"max-snippet:-1","max-image-preview":"max-image-preview:large","max-video-preview":"max-video-preview:-1"},"canonical":"https:\/\/ticsalutsocial.atoom.space\/es\/noticia\/el-ctti-ha-sido-galardonado-en-los-premios-cnis-en-la-categoria-del-mejor-proyecto-con-inteligencia-artificial\/","og_locale":"es_ES","og_type":"article","og_title":"El CTTI ha sido galardonado en los premios CNIS en la categor\u00eda del Mejor proyecto con inteligencia artificial - Fundaci\u00f3 TIC Salut i Social","og_description":"El proyecto Modelo de IA para el diagn\u00f3stico de melanomas ha sido premiado en la categor\u00eda \u201cMejor proyecto con inteligencia artificial\u201d","og_url":"https:\/\/ticsalutsocial.atoom.space\/es\/noticia\/el-ctti-ha-sido-galardonado-en-los-premios-cnis-en-la-categoria-del-mejor-proyecto-con-inteligencia-artificial\/","og_site_name":"Fundaci\u00f3 TIC Salut i Social","article_modified_time":"2023-10-16T07:40:10+00:00","og_image":[{"width":444,"height":603,"url":"https:\/\/ticsalutsocial.atoom.space\/wp-content\/uploads\/2023\/10\/Premis-CNIS-2.png_1815420196.png","type":"image\/png"}],"twitter_card":"summary_large_image","twitter_misc":{"Tiempo de lectura":"2 minutos"},"schema":{"@context":"https:\/\/schema.org","@graph":[{"@type":"WebPage","@id":"https:\/\/ticsalutsocial.atoom.space\/es\/noticia\/el-ctti-ha-sido-galardonado-en-los-premios-cnis-en-la-categoria-del-mejor-proyecto-con-inteligencia-artificial\/","url":"https:\/\/ticsalutsocial.atoom.space\/es\/noticia\/el-ctti-ha-sido-galardonado-en-los-premios-cnis-en-la-categoria-del-mejor-proyecto-con-inteligencia-artificial\/","name":"El CTTI ha sido galardonado en los premios CNIS en la categor\u00eda del Mejor proyecto con inteligencia artificial - Fundaci\u00f3 TIC Salut i Social","isPartOf":{"@id":"https:\/\/ticsalutsocial.atoom.space\/es\/#website"},"primaryImageOfPage":{"@id":"https:\/\/ticsalutsocial.atoom.space\/es\/noticia\/el-ctti-ha-sido-galardonado-en-los-premios-cnis-en-la-categoria-del-mejor-proyecto-con-inteligencia-artificial\/#primaryimage"},"image":{"@id":"https:\/\/ticsalutsocial.atoom.space\/es\/noticia\/el-ctti-ha-sido-galardonado-en-los-premios-cnis-en-la-categoria-del-mejor-proyecto-con-inteligencia-artificial\/#primaryimage"},"thumbnailUrl":"https:\/\/ticsalutsocial.atoom.space\/wp-content\/uploads\/2023\/10\/Premis-CNIS-2.png_1815420196.png","datePublished":"2023-10-16T07:39:29+00:00","dateModified":"2023-10-16T07:40:10+00:00","description":"El proyecto Modelo de IA para el diagn\u00f3stico de melanomas ha sido premiado en la categor\u00eda \u201cMejor proyecto con inteligencia artificial\u201d","breadcrumb":{"@id":"https:\/\/ticsalutsocial.atoom.space\/es\/noticia\/el-ctti-ha-sido-galardonado-en-los-premios-cnis-en-la-categoria-del-mejor-proyecto-con-inteligencia-artificial\/#breadcrumb"},"inLanguage":"es","potentialAction":[{"@type":"ReadAction","target":["https:\/\/ticsalutsocial.atoom.space\/es\/noticia\/el-ctti-ha-sido-galardonado-en-los-premios-cnis-en-la-categoria-del-mejor-proyecto-con-inteligencia-artificial\/"]}]},{"@type":"ImageObject","inLanguage":"es","@id":"https:\/\/ticsalutsocial.atoom.space\/es\/noticia\/el-ctti-ha-sido-galardonado-en-los-premios-cnis-en-la-categoria-del-mejor-proyecto-con-inteligencia-artificial\/#primaryimage","url":"https:\/\/ticsalutsocial.atoom.space\/wp-content\/uploads\/2023\/10\/Premis-CNIS-2.png_1815420196.png","contentUrl":"https:\/\/ticsalutsocial.atoom.space\/wp-content\/uploads\/2023\/10\/Premis-CNIS-2.png_1815420196.png","width":444,"height":603},{"@type":"BreadcrumbList","@id":"https:\/\/ticsalutsocial.atoom.space\/es\/noticia\/el-ctti-ha-sido-galardonado-en-los-premios-cnis-en-la-categoria-del-mejor-proyecto-con-inteligencia-artificial\/#breadcrumb","itemListElement":[{"@type":"ListItem","position":1,"name":"Inici","item":"https:\/\/ticsalutsocial.atoom.space\/es\/"},{"@type":"ListItem","position":2,"name":"El CTTI ha sido galardonado en los premios CNIS en la categor\u00eda del Mejor proyecto con inteligencia artificial"}]},{"@type":"WebSite","@id":"https:\/\/ticsalutsocial.atoom.space\/es\/#website","url":"https:\/\/ticsalutsocial.atoom.space\/es\/","name":"Fundaci\u00f3 TIC Salut i Social","description":"","potentialAction":[{"@type":"SearchAction","target":{"@type":"EntryPoint","urlTemplate":"https:\/\/ticsalutsocial.atoom.space\/es\/?s={search_term_string}"},"query-input":{"@type":"PropertyValueSpecification","valueRequired":true,"valueName":"search_term_string"}}],"inLanguage":"es"}]}},"_links":{"self":[{"href":"https:\/\/ticsalutsocial.atoom.space\/es\/wp-json\/wp\/v2\/noticia\/22537","targetHints":{"allow":["GET"]}}],"collection":[{"href":"https:\/\/ticsalutsocial.atoom.space\/es\/wp-json\/wp\/v2\/noticia"}],"about":[{"href":"https:\/\/ticsalutsocial.atoom.space\/es\/wp-json\/wp\/v2\/types\/noticia"}],"author":[{"embeddable":true,"href":"https:\/\/ticsalutsocial.atoom.space\/es\/wp-json\/wp\/v2\/users\/3"}],"wp:featuredmedia":[{"embeddable":true,"href":"https:\/\/ticsalutsocial.atoom.space\/es\/wp-json\/wp\/v2\/media\/22530"}],"wp:attachment":[{"href":"https:\/\/ticsalutsocial.atoom.space\/es\/wp-json\/wp\/v2\/media?parent=22537"}],"wp:term":[{"taxonomy":"etiqueta","embeddable":true,"href":"https:\/\/ticsalutsocial.atoom.space\/es\/wp-json\/wp\/v2\/etiqueta?post=22537"},{"taxonomy":"tipus","embeddable":true,"href":"https:\/\/ticsalutsocial.atoom.space\/es\/wp-json\/wp\/v2\/tipus?post=22537"},{"taxonomy":"topic","embeddable":true,"href":"https:\/\/ticsalutsocial.atoom.space\/es\/wp-json\/wp\/v2\/topic?post=22537"}],"curies":[{"name":"wp","href":"https:\/\/api.w.org\/{rel}","templated":true}]}}