
{"id":22605,"date":"2023-10-17T13:27:37","date_gmt":"2023-10-17T11:27:37","guid":{"rendered":"https:\/\/ticsalutsocial.atoom.space\/noticia\/lestrategia-en-integracio-social-i-sanitaria-de-catalunya-concursa-als-european-social-services-awards-2023\/"},"modified":"2023-10-18T09:39:22","modified_gmt":"2023-10-18T07:39:22","slug":"lestrategia-en-integracio-social-i-sanitaria-de-catalunya-concursa-als-european-social-services-awards-2023","status":"publish","type":"noticia","link":"https:\/\/ticsalutsocial.atoom.space\/es\/noticia\/lestrategia-en-integracio-social-i-sanitaria-de-catalunya-concursa-als-european-social-services-awards-2023\/","title":{"rendered":"La estrategia en integraci\u00f3n social y sanitaria de Catalu\u00f1a concursa en los European Social Services Awards 2023"},"content":{"rendered":"<div>\n<div>El Departamento de Derechos Sociales presenta la estrategia para desplegar la atenci\u00f3n integrada de Catalu\u00f1a, bajo el nombre de <em><strong>DARE: Data for Integrated Care in Catalonia<\/strong><\/em>, en la convocatoria anual de los <a href=\"https:\/\/essa-eu.org\/\" target=\"_blank\" rel=\"noopener\"><em>European Social Services Awards<\/em><\/a> de premios que impulsa la <em>European Social Network<\/em>.<\/div>\n<\/div>\n<div>\n<p>La propuesta, vehiculada a trav\u00e9s de la Agencia de Integraci\u00f3n Social y Sanitaria de Catalu\u00f1a, concursa con un total de 44 proyectos e iniciativas de diferentes pa\u00edses europeos distribuidos en 6 categor\u00edas diferentes: provisi\u00f3n de servicios, apoyo al despliegue, pr\u00e1cticas colaborativas , investigaci\u00f3n y evaluaci\u00f3n, ciudades de excelencia y transformaci\u00f3n digital, categor\u00eda en la que se encuentra la propuesta del Departamento de Derechos Sociales.<\/p>\n<p>La fecha l\u00edmite para consultar y votar las mejores propuestas es el 4 de noviembre. Los ganadores se anunciar\u00e1n en la ceremonia de premios anuales que tendr\u00e1 lugar en Zagreb (Croacia) los d\u00edas 16 y 17 de noviembre, organizada por el Departamento de Protecci\u00f3n Social y Personas con Discapacidad del Ayuntamiento de Zagreb. La votaci\u00f3n es libre y abierta a todo el mundo que lo desee a trav\u00e9s del siguiente formulario:<\/p>\n<\/div>\n<div><\/div>\n<div><strong><a tabindex=\"-1\" title=\"https:\/\/essa-eu.org\/vote2023\/\" href=\"https:\/\/essa-eu.org\/vote2023\/\" target=\"_blank\" rel=\"noreferrer noopener\">Vote 2023 \u2013 European Social Services Awards (essa-eu.org)<\/a><\/strong><\/div>\n<div>\n<div><\/div>\n<\/div>\n<h2>La <em>European Social Network<\/em> y los <em>European Social Services Awards<\/em><\/h2>\n<div>\n<div>La Red Social Europea (<em>European Social Network<\/em>) es el punto de encuentro por profesionales, organizaciones y expertos especializados en la atenci\u00f3n centrada en la persona. Esta plataforma de trabajo en red proporciona oportunidades de intercambio y aprendizaje mutuo para mejorar las pol\u00edticas y la pr\u00e1ctica del trabajo social.<\/div>\n<div>\n<p>&nbsp;<\/p>\n<p>Con el objetivo de proporcionar apoyo a individuos, familias y comunidades, los European Social Services Awards son escenario internacional para dar visibilidad al trabajo de los equipos de servicios sociales de toda Europa, \u00fatil para compartir conocimiento y buenas pr\u00e1cticas entre profesionales del sector.<\/p>\n<p>Entre los aspirantes a los premios se cuentan perfiles como gestores de servicios sociales p\u00fablicos, financiadores, planificadores y proveedores de servicios sociales.<\/p>\n<\/div>\n<\/div>\n","protected":false},"author":3,"featured_media":22586,"menu_order":0,"template":"","meta":{"_acf_changed":false,"inline_featured_image":false},"etiqueta":[],"tipus":[94],"topic":[123],"class_list":["post-22605","noticia","type-noticia","status-publish","has-post-thumbnail","hentry","tipus-integracion-social-y-sanitaria","topic-actualidad"],"acf":{"finalitzat":false,"tipus_plantilla":"objectius","template_objectius":{"cont_principal":"","imatge":false,"cont_seguent":{"titol":"","contingut":""},"seccio_llistat":{"titol":"","llistat":false},"objectius":{"titol":"","objectius":false},"documents":false},"autor":"","imatge":false,"textos_destacats":[{"texte":"Bajo el nombre de \"DARE: Data for Integrated Care in Catalonia\", la propuesta del Departamento de Derechos Sociales se puede votar hasta el 4 de noviembre en la categor\u00eda de Transformaci\u00f3n Digital"}],"documents":false},"yoast_head":"<!-- This site is optimized with the Yoast SEO plugin v27.1.1 - https:\/\/yoast.com\/product\/yoast-seo-wordpress\/ -->\n<title>La estrategia en integraci\u00f3n social y sanitaria de Catalu\u00f1a concursa en los European Social Services Awards 2023 - Fundaci\u00f3 TIC Salut i Social<\/title>\n<meta name=\"robots\" content=\"index, follow, max-snippet:-1, max-image-preview:large, max-video-preview:-1\" \/>\n<link rel=\"canonical\" href=\"https:\/\/ticsalutsocial.atoom.space\/es\/noticia\/lestrategia-en-integracio-social-i-sanitaria-de-catalunya-concursa-als-european-social-services-awards-2023\/\" \/>\n<meta property=\"og:locale\" content=\"es_ES\" \/>\n<meta property=\"og:type\" content=\"article\" \/>\n<meta property=\"og:title\" content=\"La estrategia en integraci\u00f3n social y sanitaria de Catalu\u00f1a concursa en los European Social Services Awards 2023 - Fundaci\u00f3 TIC Salut i Social\" \/>\n<meta property=\"og:description\" content=\"El Departamento de Derechos Sociales presenta la estrategia para desplegar la atenci\u00f3n integrada de Catalu\u00f1a, bajo el nombre de DARE: Data for Integrated Care in Catalonia, en la convocatoria anual de los European Social Services Awards de premios que impulsa la European Social Network. La propuesta, vehiculada a trav\u00e9s de la Agencia de Integraci\u00f3n Social [&hellip;]\" \/>\n<meta property=\"og:url\" content=\"https:\/\/ticsalutsocial.atoom.space\/es\/noticia\/lestrategia-en-integracio-social-i-sanitaria-de-catalunya-concursa-als-european-social-services-awards-2023\/\" \/>\n<meta property=\"og:site_name\" content=\"Fundaci\u00f3 TIC Salut i Social\" \/>\n<meta property=\"article:modified_time\" content=\"2023-10-18T07:39:22+00:00\" \/>\n<meta property=\"og:image\" content=\"https:\/\/ticsalutsocial.atoom.space\/wp-content\/uploads\/2023\/10\/ESSA2023_AISS.png\" \/>\n\t<meta property=\"og:image:width\" content=\"1920\" \/>\n\t<meta property=\"og:image:height\" content=\"1080\" \/>\n\t<meta property=\"og:image:type\" content=\"image\/png\" \/>\n<meta name=\"twitter:card\" content=\"summary_large_image\" \/>\n<meta name=\"twitter:label1\" content=\"Tiempo de lectura\" \/>\n\t<meta name=\"twitter:data1\" content=\"2 minutos\" \/>\n<script type=\"application\/ld+json\" class=\"yoast-schema-graph\">{\"@context\":\"https:\/\/schema.org\",\"@graph\":[{\"@type\":\"WebPage\",\"@id\":\"https:\/\/ticsalutsocial.atoom.space\/es\/noticia\/lestrategia-en-integracio-social-i-sanitaria-de-catalunya-concursa-als-european-social-services-awards-2023\/\",\"url\":\"https:\/\/ticsalutsocial.atoom.space\/es\/noticia\/lestrategia-en-integracio-social-i-sanitaria-de-catalunya-concursa-als-european-social-services-awards-2023\/\",\"name\":\"La estrategia en integraci\u00f3n social y sanitaria de Catalu\u00f1a concursa en los European Social Services Awards 2023 - Fundaci\u00f3 TIC Salut i Social\",\"isPartOf\":{\"@id\":\"https:\/\/ticsalutsocial.atoom.space\/es\/#website\"},\"primaryImageOfPage\":{\"@id\":\"https:\/\/ticsalutsocial.atoom.space\/es\/noticia\/lestrategia-en-integracio-social-i-sanitaria-de-catalunya-concursa-als-european-social-services-awards-2023\/#primaryimage\"},\"image\":{\"@id\":\"https:\/\/ticsalutsocial.atoom.space\/es\/noticia\/lestrategia-en-integracio-social-i-sanitaria-de-catalunya-concursa-als-european-social-services-awards-2023\/#primaryimage\"},\"thumbnailUrl\":\"https:\/\/ticsalutsocial.atoom.space\/wp-content\/uploads\/2023\/10\/ESSA2023_AISS.png\",\"datePublished\":\"2023-10-17T11:27:37+00:00\",\"dateModified\":\"2023-10-18T07:39:22+00:00\",\"breadcrumb\":{\"@id\":\"https:\/\/ticsalutsocial.atoom.space\/es\/noticia\/lestrategia-en-integracio-social-i-sanitaria-de-catalunya-concursa-als-european-social-services-awards-2023\/#breadcrumb\"},\"inLanguage\":\"es\",\"potentialAction\":[{\"@type\":\"ReadAction\",\"target\":[\"https:\/\/ticsalutsocial.atoom.space\/es\/noticia\/lestrategia-en-integracio-social-i-sanitaria-de-catalunya-concursa-als-european-social-services-awards-2023\/\"]}]},{\"@type\":\"ImageObject\",\"inLanguage\":\"es\",\"@id\":\"https:\/\/ticsalutsocial.atoom.space\/es\/noticia\/lestrategia-en-integracio-social-i-sanitaria-de-catalunya-concursa-als-european-social-services-awards-2023\/#primaryimage\",\"url\":\"https:\/\/ticsalutsocial.atoom.space\/wp-content\/uploads\/2023\/10\/ESSA2023_AISS.png\",\"contentUrl\":\"https:\/\/ticsalutsocial.atoom.space\/wp-content\/uploads\/2023\/10\/ESSA2023_AISS.png\",\"width\":1920,\"height\":1080},{\"@type\":\"BreadcrumbList\",\"@id\":\"https:\/\/ticsalutsocial.atoom.space\/es\/noticia\/lestrategia-en-integracio-social-i-sanitaria-de-catalunya-concursa-als-european-social-services-awards-2023\/#breadcrumb\",\"itemListElement\":[{\"@type\":\"ListItem\",\"position\":1,\"name\":\"Inici\",\"item\":\"https:\/\/ticsalutsocial.atoom.space\/es\/\"},{\"@type\":\"ListItem\",\"position\":2,\"name\":\"La estrategia en integraci\u00f3n social y sanitaria de Catalu\u00f1a concursa en los European Social Services Awards 2023\"}]},{\"@type\":\"WebSite\",\"@id\":\"https:\/\/ticsalutsocial.atoom.space\/es\/#website\",\"url\":\"https:\/\/ticsalutsocial.atoom.space\/es\/\",\"name\":\"Fundaci\u00f3 TIC Salut i Social\",\"description\":\"\",\"potentialAction\":[{\"@type\":\"SearchAction\",\"target\":{\"@type\":\"EntryPoint\",\"urlTemplate\":\"https:\/\/ticsalutsocial.atoom.space\/es\/?s={search_term_string}\"},\"query-input\":{\"@type\":\"PropertyValueSpecification\",\"valueRequired\":true,\"valueName\":\"search_term_string\"}}],\"inLanguage\":\"es\"}]}<\/script>\n<!-- \/ Yoast SEO plugin. -->","yoast_head_json":{"title":"La estrategia en integraci\u00f3n social y sanitaria de Catalu\u00f1a concursa en los European Social Services Awards 2023 - Fundaci\u00f3 TIC Salut i Social","robots":{"index":"index","follow":"follow","max-snippet":"max-snippet:-1","max-image-preview":"max-image-preview:large","max-video-preview":"max-video-preview:-1"},"canonical":"https:\/\/ticsalutsocial.atoom.space\/es\/noticia\/lestrategia-en-integracio-social-i-sanitaria-de-catalunya-concursa-als-european-social-services-awards-2023\/","og_locale":"es_ES","og_type":"article","og_title":"La estrategia en integraci\u00f3n social y sanitaria de Catalu\u00f1a concursa en los European Social Services Awards 2023 - Fundaci\u00f3 TIC Salut i Social","og_description":"El Departamento de Derechos Sociales presenta la estrategia para desplegar la atenci\u00f3n integrada de Catalu\u00f1a, bajo el nombre de DARE: Data for Integrated Care in Catalonia, en la convocatoria anual de los European Social Services Awards de premios que impulsa la European Social Network. La propuesta, vehiculada a trav\u00e9s de la Agencia de Integraci\u00f3n Social [&hellip;]","og_url":"https:\/\/ticsalutsocial.atoom.space\/es\/noticia\/lestrategia-en-integracio-social-i-sanitaria-de-catalunya-concursa-als-european-social-services-awards-2023\/","og_site_name":"Fundaci\u00f3 TIC Salut i Social","article_modified_time":"2023-10-18T07:39:22+00:00","og_image":[{"width":1920,"height":1080,"url":"https:\/\/ticsalutsocial.atoom.space\/wp-content\/uploads\/2023\/10\/ESSA2023_AISS.png","type":"image\/png"}],"twitter_card":"summary_large_image","twitter_misc":{"Tiempo de lectura":"2 minutos"},"schema":{"@context":"https:\/\/schema.org","@graph":[{"@type":"WebPage","@id":"https:\/\/ticsalutsocial.atoom.space\/es\/noticia\/lestrategia-en-integracio-social-i-sanitaria-de-catalunya-concursa-als-european-social-services-awards-2023\/","url":"https:\/\/ticsalutsocial.atoom.space\/es\/noticia\/lestrategia-en-integracio-social-i-sanitaria-de-catalunya-concursa-als-european-social-services-awards-2023\/","name":"La estrategia en integraci\u00f3n social y sanitaria de Catalu\u00f1a concursa en los European Social Services Awards 2023 - Fundaci\u00f3 TIC Salut i Social","isPartOf":{"@id":"https:\/\/ticsalutsocial.atoom.space\/es\/#website"},"primaryImageOfPage":{"@id":"https:\/\/ticsalutsocial.atoom.space\/es\/noticia\/lestrategia-en-integracio-social-i-sanitaria-de-catalunya-concursa-als-european-social-services-awards-2023\/#primaryimage"},"image":{"@id":"https:\/\/ticsalutsocial.atoom.space\/es\/noticia\/lestrategia-en-integracio-social-i-sanitaria-de-catalunya-concursa-als-european-social-services-awards-2023\/#primaryimage"},"thumbnailUrl":"https:\/\/ticsalutsocial.atoom.space\/wp-content\/uploads\/2023\/10\/ESSA2023_AISS.png","datePublished":"2023-10-17T11:27:37+00:00","dateModified":"2023-10-18T07:39:22+00:00","breadcrumb":{"@id":"https:\/\/ticsalutsocial.atoom.space\/es\/noticia\/lestrategia-en-integracio-social-i-sanitaria-de-catalunya-concursa-als-european-social-services-awards-2023\/#breadcrumb"},"inLanguage":"es","potentialAction":[{"@type":"ReadAction","target":["https:\/\/ticsalutsocial.atoom.space\/es\/noticia\/lestrategia-en-integracio-social-i-sanitaria-de-catalunya-concursa-als-european-social-services-awards-2023\/"]}]},{"@type":"ImageObject","inLanguage":"es","@id":"https:\/\/ticsalutsocial.atoom.space\/es\/noticia\/lestrategia-en-integracio-social-i-sanitaria-de-catalunya-concursa-als-european-social-services-awards-2023\/#primaryimage","url":"https:\/\/ticsalutsocial.atoom.space\/wp-content\/uploads\/2023\/10\/ESSA2023_AISS.png","contentUrl":"https:\/\/ticsalutsocial.atoom.space\/wp-content\/uploads\/2023\/10\/ESSA2023_AISS.png","width":1920,"height":1080},{"@type":"BreadcrumbList","@id":"https:\/\/ticsalutsocial.atoom.space\/es\/noticia\/lestrategia-en-integracio-social-i-sanitaria-de-catalunya-concursa-als-european-social-services-awards-2023\/#breadcrumb","itemListElement":[{"@type":"ListItem","position":1,"name":"Inici","item":"https:\/\/ticsalutsocial.atoom.space\/es\/"},{"@type":"ListItem","position":2,"name":"La estrategia en integraci\u00f3n social y sanitaria de Catalu\u00f1a concursa en los European Social Services Awards 2023"}]},{"@type":"WebSite","@id":"https:\/\/ticsalutsocial.atoom.space\/es\/#website","url":"https:\/\/ticsalutsocial.atoom.space\/es\/","name":"Fundaci\u00f3 TIC Salut i Social","description":"","potentialAction":[{"@type":"SearchAction","target":{"@type":"EntryPoint","urlTemplate":"https:\/\/ticsalutsocial.atoom.space\/es\/?s={search_term_string}"},"query-input":{"@type":"PropertyValueSpecification","valueRequired":true,"valueName":"search_term_string"}}],"inLanguage":"es"}]}},"_links":{"self":[{"href":"https:\/\/ticsalutsocial.atoom.space\/es\/wp-json\/wp\/v2\/noticia\/22605","targetHints":{"allow":["GET"]}}],"collection":[{"href":"https:\/\/ticsalutsocial.atoom.space\/es\/wp-json\/wp\/v2\/noticia"}],"about":[{"href":"https:\/\/ticsalutsocial.atoom.space\/es\/wp-json\/wp\/v2\/types\/noticia"}],"author":[{"embeddable":true,"href":"https:\/\/ticsalutsocial.atoom.space\/es\/wp-json\/wp\/v2\/users\/3"}],"wp:featuredmedia":[{"embeddable":true,"href":"https:\/\/ticsalutsocial.atoom.space\/es\/wp-json\/wp\/v2\/media\/22586"}],"wp:attachment":[{"href":"https:\/\/ticsalutsocial.atoom.space\/es\/wp-json\/wp\/v2\/media?parent=22605"}],"wp:term":[{"taxonomy":"etiqueta","embeddable":true,"href":"https:\/\/ticsalutsocial.atoom.space\/es\/wp-json\/wp\/v2\/etiqueta?post=22605"},{"taxonomy":"tipus","embeddable":true,"href":"https:\/\/ticsalutsocial.atoom.space\/es\/wp-json\/wp\/v2\/tipus?post=22605"},{"taxonomy":"topic","embeddable":true,"href":"https:\/\/ticsalutsocial.atoom.space\/es\/wp-json\/wp\/v2\/topic?post=22605"}],"curies":[{"name":"wp","href":"https:\/\/api.w.org\/{rel}","templated":true}]}}