
{"id":22710,"date":"2023-10-25T09:41:05","date_gmt":"2023-10-25T07:41:05","guid":{"rendered":"https:\/\/ticsalutsocial.atoom.space\/?post_type=noticia&#038;p=22710"},"modified":"2023-10-25T09:45:30","modified_gmt":"2023-10-25T07:45:30","slug":"publicado-el-plan-operativo-de-acceso-a-la-innovacion-al-sistema-de-salud-de-cataluna","status":"publish","type":"noticia","link":"https:\/\/ticsalutsocial.atoom.space\/es\/noticia\/publicado-el-plan-operativo-de-acceso-a-la-innovacion-al-sistema-de-salud-de-cataluna\/","title":{"rendered":"Publicado el Plan Operativo de acceso a la innovaci\u00f3n en el Sistema de Salud de Catalu\u00f1a"},"content":{"rendered":"\n<p>La Subcomisi\u00f3n de Adopci\u00f3n de la Innovaci\u00f3n en el Sistema de Salud, coordinada por Biocat por encargo del Departamento de Salud, ha publicado el informe del <a href=\"https:\/\/scientiasalut.gencat.cat\/bitstream\/handle\/11351\/10435\/pla_operatiu_acces_innovacio_sistema_salut_catalunya_2023.pdf?sequence=1&amp;isAllowed=y\">Plan operativo de acceso a la innovaci\u00f3n en el Sistema de Salud de Catalu\u00f1a<\/a>, presentado el pasado 22 de septiembre en el Palau Robert Barcelona. El Plan recoge las v\u00edas y mecanismos de acceso de la innovaci\u00f3n al Sistema de Salud de Catalunya y, en \u00faltima instancia, poder llegar al conjunto de la poblaci\u00f3n.<\/p>\n\n\n\n<p>Tal y como destaca el Departamento de Salud, el Plan pone un especial foco en <strong>agilizar el desarrollo y la adopci\u00f3n de las innovaciones <\/strong>que mejoran la salud y el bienestar de la poblaci\u00f3n, contribuyen al desarrollo y progreso social y econ\u00f3mico del pa\u00eds y son las m\u00e1s estrat\u00e9gicas, prioritarias para el sistema, porque lo transforman y lo hacen m\u00e1s resiliente.<\/p>\n\n\n\n<p>El Plan est\u00e1 estructurado en las siguientes <strong>cinco acciones prioritarias<\/strong> descritas en el informe y que se empezar\u00e1n a desarrollar e implementar progresivamente para mejorar el proceso de entrada actual de innovaci\u00f3n en el Sistema de Salud: gobernanza y liderazgo institucional, necesidades y prioridades del Sistema de Salud, capacidad de evaluaci\u00f3n distribuida y coordinada, identificaci\u00f3n del ecosistema innovador y unidad de acompa\u00f1amiento de innovaci\u00f3n y evaluaci\u00f3n.<\/p>\n\n\n\n<h2 class=\"wp-block-heading\"><strong>Fuentes de informaci\u00f3n<\/strong><\/h2>\n\n\n\n<ul class=\"wp-block-list\">\n<li><a href=\"https:\/\/scientiasalut.gencat.cat\/bitstream\/handle\/11351\/10435\/pla_operatiu_acces_innovacio_sistema_salut_catalunya_2023.pdf?sequence=1&amp;isAllowed=y\">Enlace al Plan<\/a><\/li>\n\n\n\n<li><a href=\"https:\/\/govern.cat\/salapremsa\/notes-premsa\/541602\/salut-presenta-full-ruta-millorar-latencio-ciutadania-partir-innovacio\">Presentaci\u00f3n del Plan (22\/09\/2023)<\/a><\/li>\n<\/ul>\n\n\n\n<p><\/p>\n\n\n\n<p><\/p>\n","protected":false},"author":3,"featured_media":22709,"menu_order":0,"template":"","meta":{"_acf_changed":false,"inline_featured_image":false},"etiqueta":[],"tipus":[],"topic":[],"class_list":["post-22710","noticia","type-noticia","status-publish","has-post-thumbnail","hentry"],"acf":{"autor":"","imatge":22709,"textos_destacats":[{"texte":"El Plan recoge las v\u00edas y mecanismos de acceso de la innovaci\u00f3n al Sistema de Salud de Catalunya y, en \u00faltima instancia, poder llegar al conjunto de la poblaci\u00f3n."}],"documents":false,"finalitzat":false,"tipus_plantilla":"objectius","template_objectius":{"cont_principal":"","imatge":false,"cont_seguent":{"titol":"","contingut":""},"seccio_llistat":{"titol":"","llistat":false},"objectius":{"titol":"","objectius":false},"documents":false}},"yoast_head":"<!-- This site is optimized with the Yoast SEO plugin v27.1.1 - https:\/\/yoast.com\/product\/yoast-seo-wordpress\/ -->\n<title>Publicado el Plan Operativo de acceso a la innovaci\u00f3n en el Sistema de Salud de Catalu\u00f1a - Fundaci\u00f3 TIC Salut i Social<\/title>\n<meta name=\"description\" content=\"La Subcomisi\u00f3n de Adopci\u00f3n de la Innovaci\u00f3n en el Sistema de Salud ha publicado el informe del Plan operativo de acceso a la innovaci\u00f3n en el Sistema de Salud de Catalu\u00f1a, presentado el pasado 22 de septiembre en el Palau Robert Barcelona.\" \/>\n<meta name=\"robots\" content=\"index, follow, max-snippet:-1, max-image-preview:large, max-video-preview:-1\" \/>\n<link rel=\"canonical\" href=\"https:\/\/ticsalutsocial.atoom.space\/es\/noticia\/publicado-el-plan-operativo-de-acceso-a-la-innovacion-al-sistema-de-salud-de-cataluna\/\" \/>\n<meta property=\"og:locale\" content=\"es_ES\" \/>\n<meta property=\"og:type\" content=\"article\" \/>\n<meta property=\"og:title\" content=\"Publicado el Plan Operativo de acceso a la innovaci\u00f3n en el Sistema de Salud de Catalu\u00f1a - Fundaci\u00f3 TIC Salut i Social\" \/>\n<meta property=\"og:description\" content=\"La Subcomisi\u00f3n de Adopci\u00f3n de la Innovaci\u00f3n en el Sistema de Salud ha publicado el informe del Plan operativo de acceso a la innovaci\u00f3n en el Sistema de Salud de Catalu\u00f1a, presentado el pasado 22 de septiembre en el Palau Robert Barcelona.\" \/>\n<meta property=\"og:url\" content=\"https:\/\/ticsalutsocial.atoom.space\/es\/noticia\/publicado-el-plan-operativo-de-acceso-a-la-innovacion-al-sistema-de-salud-de-cataluna\/\" \/>\n<meta property=\"og:site_name\" content=\"Fundaci\u00f3 TIC Salut i Social\" \/>\n<meta property=\"article:modified_time\" content=\"2023-10-25T07:45:30+00:00\" \/>\n<meta property=\"og:image\" content=\"https:\/\/ticsalutsocial.atoom.space\/wp-content\/uploads\/2023\/10\/Pla-Operatiu-dacces-a-la-innovacio-1024x768.png\" \/>\n\t<meta property=\"og:image:width\" content=\"1024\" \/>\n\t<meta property=\"og:image:height\" content=\"768\" \/>\n\t<meta property=\"og:image:type\" content=\"image\/png\" \/>\n<meta name=\"twitter:card\" content=\"summary_large_image\" \/>\n<meta name=\"twitter:label1\" content=\"Tiempo de lectura\" \/>\n\t<meta name=\"twitter:data1\" content=\"2 minutos\" \/>\n<script type=\"application\/ld+json\" class=\"yoast-schema-graph\">{\"@context\":\"https:\/\/schema.org\",\"@graph\":[{\"@type\":\"WebPage\",\"@id\":\"https:\/\/ticsalutsocial.atoom.space\/es\/noticia\/publicado-el-plan-operativo-de-acceso-a-la-innovacion-al-sistema-de-salud-de-cataluna\/\",\"url\":\"https:\/\/ticsalutsocial.atoom.space\/es\/noticia\/publicado-el-plan-operativo-de-acceso-a-la-innovacion-al-sistema-de-salud-de-cataluna\/\",\"name\":\"Publicado el Plan Operativo de acceso a la innovaci\u00f3n en el Sistema de Salud de Catalu\u00f1a - Fundaci\u00f3 TIC Salut i Social\",\"isPartOf\":{\"@id\":\"https:\/\/ticsalutsocial.atoom.space\/es\/#website\"},\"primaryImageOfPage\":{\"@id\":\"https:\/\/ticsalutsocial.atoom.space\/es\/noticia\/publicado-el-plan-operativo-de-acceso-a-la-innovacion-al-sistema-de-salud-de-cataluna\/#primaryimage\"},\"image\":{\"@id\":\"https:\/\/ticsalutsocial.atoom.space\/es\/noticia\/publicado-el-plan-operativo-de-acceso-a-la-innovacion-al-sistema-de-salud-de-cataluna\/#primaryimage\"},\"thumbnailUrl\":\"https:\/\/ticsalutsocial.atoom.space\/wp-content\/uploads\/2023\/10\/Pla-Operatiu-dacces-a-la-innovacio.png\",\"datePublished\":\"2023-10-25T07:41:05+00:00\",\"dateModified\":\"2023-10-25T07:45:30+00:00\",\"description\":\"La Subcomisi\u00f3n de Adopci\u00f3n de la Innovaci\u00f3n en el Sistema de Salud ha publicado el informe del Plan operativo de acceso a la innovaci\u00f3n en el Sistema de Salud de Catalu\u00f1a, presentado el pasado 22 de septiembre en el Palau Robert Barcelona.\",\"breadcrumb\":{\"@id\":\"https:\/\/ticsalutsocial.atoom.space\/es\/noticia\/publicado-el-plan-operativo-de-acceso-a-la-innovacion-al-sistema-de-salud-de-cataluna\/#breadcrumb\"},\"inLanguage\":\"es\",\"potentialAction\":[{\"@type\":\"ReadAction\",\"target\":[\"https:\/\/ticsalutsocial.atoom.space\/es\/noticia\/publicado-el-plan-operativo-de-acceso-a-la-innovacion-al-sistema-de-salud-de-cataluna\/\"]}]},{\"@type\":\"ImageObject\",\"inLanguage\":\"es\",\"@id\":\"https:\/\/ticsalutsocial.atoom.space\/es\/noticia\/publicado-el-plan-operativo-de-acceso-a-la-innovacion-al-sistema-de-salud-de-cataluna\/#primaryimage\",\"url\":\"https:\/\/ticsalutsocial.atoom.space\/wp-content\/uploads\/2023\/10\/Pla-Operatiu-dacces-a-la-innovacio.png\",\"contentUrl\":\"https:\/\/ticsalutsocial.atoom.space\/wp-content\/uploads\/2023\/10\/Pla-Operatiu-dacces-a-la-innovacio.png\",\"width\":1280,\"height\":960,\"caption\":\"Pla Operatiu d\u2019acc\u00e9s a la innovaci\u00f3\"},{\"@type\":\"BreadcrumbList\",\"@id\":\"https:\/\/ticsalutsocial.atoom.space\/es\/noticia\/publicado-el-plan-operativo-de-acceso-a-la-innovacion-al-sistema-de-salud-de-cataluna\/#breadcrumb\",\"itemListElement\":[{\"@type\":\"ListItem\",\"position\":1,\"name\":\"Inici\",\"item\":\"https:\/\/ticsalutsocial.atoom.space\/es\/\"},{\"@type\":\"ListItem\",\"position\":2,\"name\":\"Publicado el Plan Operativo de acceso a la innovaci\u00f3n en el Sistema de Salud de Catalu\u00f1a\"}]},{\"@type\":\"WebSite\",\"@id\":\"https:\/\/ticsalutsocial.atoom.space\/es\/#website\",\"url\":\"https:\/\/ticsalutsocial.atoom.space\/es\/\",\"name\":\"Fundaci\u00f3 TIC Salut i Social\",\"description\":\"\",\"potentialAction\":[{\"@type\":\"SearchAction\",\"target\":{\"@type\":\"EntryPoint\",\"urlTemplate\":\"https:\/\/ticsalutsocial.atoom.space\/es\/?s={search_term_string}\"},\"query-input\":{\"@type\":\"PropertyValueSpecification\",\"valueRequired\":true,\"valueName\":\"search_term_string\"}}],\"inLanguage\":\"es\"}]}<\/script>\n<!-- \/ Yoast SEO plugin. -->","yoast_head_json":{"title":"Publicado el Plan Operativo de acceso a la innovaci\u00f3n en el Sistema de Salud de Catalu\u00f1a - Fundaci\u00f3 TIC Salut i Social","description":"La Subcomisi\u00f3n de Adopci\u00f3n de la Innovaci\u00f3n en el Sistema de Salud ha publicado el informe del Plan operativo de acceso a la innovaci\u00f3n en el Sistema de Salud de Catalu\u00f1a, presentado el pasado 22 de septiembre en el Palau Robert Barcelona.","robots":{"index":"index","follow":"follow","max-snippet":"max-snippet:-1","max-image-preview":"max-image-preview:large","max-video-preview":"max-video-preview:-1"},"canonical":"https:\/\/ticsalutsocial.atoom.space\/es\/noticia\/publicado-el-plan-operativo-de-acceso-a-la-innovacion-al-sistema-de-salud-de-cataluna\/","og_locale":"es_ES","og_type":"article","og_title":"Publicado el Plan Operativo de acceso a la innovaci\u00f3n en el Sistema de Salud de Catalu\u00f1a - Fundaci\u00f3 TIC Salut i Social","og_description":"La Subcomisi\u00f3n de Adopci\u00f3n de la Innovaci\u00f3n en el Sistema de Salud ha publicado el informe del Plan operativo de acceso a la innovaci\u00f3n en el Sistema de Salud de Catalu\u00f1a, presentado el pasado 22 de septiembre en el Palau Robert Barcelona.","og_url":"https:\/\/ticsalutsocial.atoom.space\/es\/noticia\/publicado-el-plan-operativo-de-acceso-a-la-innovacion-al-sistema-de-salud-de-cataluna\/","og_site_name":"Fundaci\u00f3 TIC Salut i Social","article_modified_time":"2023-10-25T07:45:30+00:00","og_image":[{"width":1024,"height":768,"url":"https:\/\/ticsalutsocial.atoom.space\/wp-content\/uploads\/2023\/10\/Pla-Operatiu-dacces-a-la-innovacio-1024x768.png","type":"image\/png"}],"twitter_card":"summary_large_image","twitter_misc":{"Tiempo de lectura":"2 minutos"},"schema":{"@context":"https:\/\/schema.org","@graph":[{"@type":"WebPage","@id":"https:\/\/ticsalutsocial.atoom.space\/es\/noticia\/publicado-el-plan-operativo-de-acceso-a-la-innovacion-al-sistema-de-salud-de-cataluna\/","url":"https:\/\/ticsalutsocial.atoom.space\/es\/noticia\/publicado-el-plan-operativo-de-acceso-a-la-innovacion-al-sistema-de-salud-de-cataluna\/","name":"Publicado el Plan Operativo de acceso a la innovaci\u00f3n en el Sistema de Salud de Catalu\u00f1a - Fundaci\u00f3 TIC Salut i Social","isPartOf":{"@id":"https:\/\/ticsalutsocial.atoom.space\/es\/#website"},"primaryImageOfPage":{"@id":"https:\/\/ticsalutsocial.atoom.space\/es\/noticia\/publicado-el-plan-operativo-de-acceso-a-la-innovacion-al-sistema-de-salud-de-cataluna\/#primaryimage"},"image":{"@id":"https:\/\/ticsalutsocial.atoom.space\/es\/noticia\/publicado-el-plan-operativo-de-acceso-a-la-innovacion-al-sistema-de-salud-de-cataluna\/#primaryimage"},"thumbnailUrl":"https:\/\/ticsalutsocial.atoom.space\/wp-content\/uploads\/2023\/10\/Pla-Operatiu-dacces-a-la-innovacio.png","datePublished":"2023-10-25T07:41:05+00:00","dateModified":"2023-10-25T07:45:30+00:00","description":"La Subcomisi\u00f3n de Adopci\u00f3n de la Innovaci\u00f3n en el Sistema de Salud ha publicado el informe del Plan operativo de acceso a la innovaci\u00f3n en el Sistema de Salud de Catalu\u00f1a, presentado el pasado 22 de septiembre en el Palau Robert Barcelona.","breadcrumb":{"@id":"https:\/\/ticsalutsocial.atoom.space\/es\/noticia\/publicado-el-plan-operativo-de-acceso-a-la-innovacion-al-sistema-de-salud-de-cataluna\/#breadcrumb"},"inLanguage":"es","potentialAction":[{"@type":"ReadAction","target":["https:\/\/ticsalutsocial.atoom.space\/es\/noticia\/publicado-el-plan-operativo-de-acceso-a-la-innovacion-al-sistema-de-salud-de-cataluna\/"]}]},{"@type":"ImageObject","inLanguage":"es","@id":"https:\/\/ticsalutsocial.atoom.space\/es\/noticia\/publicado-el-plan-operativo-de-acceso-a-la-innovacion-al-sistema-de-salud-de-cataluna\/#primaryimage","url":"https:\/\/ticsalutsocial.atoom.space\/wp-content\/uploads\/2023\/10\/Pla-Operatiu-dacces-a-la-innovacio.png","contentUrl":"https:\/\/ticsalutsocial.atoom.space\/wp-content\/uploads\/2023\/10\/Pla-Operatiu-dacces-a-la-innovacio.png","width":1280,"height":960,"caption":"Pla Operatiu d\u2019acc\u00e9s a la innovaci\u00f3"},{"@type":"BreadcrumbList","@id":"https:\/\/ticsalutsocial.atoom.space\/es\/noticia\/publicado-el-plan-operativo-de-acceso-a-la-innovacion-al-sistema-de-salud-de-cataluna\/#breadcrumb","itemListElement":[{"@type":"ListItem","position":1,"name":"Inici","item":"https:\/\/ticsalutsocial.atoom.space\/es\/"},{"@type":"ListItem","position":2,"name":"Publicado el Plan Operativo de acceso a la innovaci\u00f3n en el Sistema de Salud de Catalu\u00f1a"}]},{"@type":"WebSite","@id":"https:\/\/ticsalutsocial.atoom.space\/es\/#website","url":"https:\/\/ticsalutsocial.atoom.space\/es\/","name":"Fundaci\u00f3 TIC Salut i Social","description":"","potentialAction":[{"@type":"SearchAction","target":{"@type":"EntryPoint","urlTemplate":"https:\/\/ticsalutsocial.atoom.space\/es\/?s={search_term_string}"},"query-input":{"@type":"PropertyValueSpecification","valueRequired":true,"valueName":"search_term_string"}}],"inLanguage":"es"}]}},"_links":{"self":[{"href":"https:\/\/ticsalutsocial.atoom.space\/es\/wp-json\/wp\/v2\/noticia\/22710","targetHints":{"allow":["GET"]}}],"collection":[{"href":"https:\/\/ticsalutsocial.atoom.space\/es\/wp-json\/wp\/v2\/noticia"}],"about":[{"href":"https:\/\/ticsalutsocial.atoom.space\/es\/wp-json\/wp\/v2\/types\/noticia"}],"author":[{"embeddable":true,"href":"https:\/\/ticsalutsocial.atoom.space\/es\/wp-json\/wp\/v2\/users\/3"}],"wp:featuredmedia":[{"embeddable":true,"href":"https:\/\/ticsalutsocial.atoom.space\/es\/wp-json\/wp\/v2\/media\/22709"}],"wp:attachment":[{"href":"https:\/\/ticsalutsocial.atoom.space\/es\/wp-json\/wp\/v2\/media?parent=22710"}],"wp:term":[{"taxonomy":"etiqueta","embeddable":true,"href":"https:\/\/ticsalutsocial.atoom.space\/es\/wp-json\/wp\/v2\/etiqueta?post=22710"},{"taxonomy":"tipus","embeddable":true,"href":"https:\/\/ticsalutsocial.atoom.space\/es\/wp-json\/wp\/v2\/tipus?post=22710"},{"taxonomy":"topic","embeddable":true,"href":"https:\/\/ticsalutsocial.atoom.space\/es\/wp-json\/wp\/v2\/topic?post=22710"}],"curies":[{"name":"wp","href":"https:\/\/api.w.org\/{rel}","templated":true}]}}