
{"id":22992,"date":"2023-11-06T13:30:28","date_gmt":"2023-11-06T11:30:28","guid":{"rendered":"https:\/\/ticsalutsocial.atoom.space\/noticia\/miriam-mendez-rep-el-nomenament-com-a-nova-membre-del-comite-de-bioetica-de-catalunya\/"},"modified":"2023-11-06T13:37:54","modified_gmt":"2023-11-06T11:37:54","slug":"miriam-mendez-rep-el-nomenament-com-a-nova-membre-del-comite-de-bioetica-de-catalunya","status":"publish","type":"noticia","link":"https:\/\/ticsalutsocial.atoom.space\/es\/noticia\/miriam-mendez-rep-el-nomenament-com-a-nova-membre-del-comite-de-bioetica-de-catalunya\/","title":{"rendered":"M\u00edriam M\u00e9ndez recibe el nombramiento como nueva miembro del Comit\u00e9 de Bio\u00e9tica de Catalunya"},"content":{"rendered":"\n<p>Este mes de noviembre el Comit\u00e9 de Bio\u00e9tica de Catalu\u00f1a (CBC) ha renovado a cuatro de sus miembros. Entre las personas nombradas M\u00edriam M\u00e9ndez, responsable de investigaci\u00f3n e innovaci\u00f3n de la Oficina del DPD de la Fundaci\u00f3n TIC Salut Social, asume la representaci\u00f3n de los profesionales juristas en el CBC.<\/p>\n\n\n\n<p>Tambi\u00e9n se cuentan los nombramientos de Milagros P\u00e9rez Oliva, Esther Farn\u00f3s Amor\u00f3s y Patricia Beiroz Groh, todas ellas en el \u00e1mbito del conocimiento de ciencias humanas y sociales, la econom\u00eda, la salud, los medios de comunicaci\u00f3n, la filosof\u00eda y la investigaci\u00f3n.<\/p>\n\n\n\n<h2 class=\"wp-block-heading\"><strong>La bio\u00e9tica y el CBC<\/strong><\/h2>\n\n\n\n<p>La bio\u00e9tica es el estudio sistem\u00e1tico de la conducta humana en los campos de las ciencias biol\u00f3gicas y la atenci\u00f3n de la salud. Por tanto, se preocupa por las cuestiones \u00e9ticas involucradas en la comprensi\u00f3n humana de la vida. Es una disciplina que nace por la conciencia de necesidad de una reflexi\u00f3n cr\u00edtica sobre los conflictos \u00e9ticos provocados por los avances de la ciencia de la vida y la medicina.<\/p>\n\n\n\n<p>En ese sentido, la sociedad se caracteriza por la disparidad de creencias e ideas del bien. En el \u00e1mbito de la salud, por ejemplo, surgen conflictos entre la voluntad de los pacientes y el criterio de los profesionales. Y la bio\u00e9tica aporta unos elementos de reflexi\u00f3n que ayudan a analizar la situaci\u00f3n concreta, a fin de construir la decisi\u00f3n m\u00e1s acertada.<\/p>\n\n\n\n<p>A su vez, el Comit\u00e9 de Bio\u00e9tica de Catalu\u00f1a aborda cuestiones que afectan a la sociedad y parte de un enfoque plural, multidisciplinar, independiente, no dogm\u00e1tico y transparente.<\/p>\n\n\n\n<p>Est\u00e1 formado por miembros que representan al mundo de la medicina, la gesti\u00f3n sanitaria, el derecho y las humanidades.<\/p>\n\n\n\n<p>Se organiza desarrollando cuestiones concretas en distintos grupos de trabajo formados por personas provenientes de diferentes disciplinas y ha creado comisiones permanentes orientadas a analizar cuestiones concretas en las que participan expertos.<\/p>\n\n\n\n<p>Dentro de sus funciones se cuentan prestar asesoramiento jur\u00eddico al gobierno de la Generalitat sobre aspectos de la bio\u00e9tica en la determinaci\u00f3n de aquellas pol\u00edticas en las que sea necesario ponderar aspectos \u00e9ticos; elaborar recomendaciones para los profesionales, que sirvan de referente para la acci\u00f3n frente a diferentes situaciones \u00e9ticamente controvertidas en el \u00e1mbito de la pr\u00e1ctica cl\u00ednica; emitir informes y posicionamientos relativos a aquellas cuestiones que plantean implicaciones \u00e9ticas relacionadas con los avances de la investigaci\u00f3n en biomedicina y en ciencias de la salud; y organizar actos de difusi\u00f3n para divulgar los conocimientos y las recomendaciones fomentando la formaci\u00f3n y la transferencia de conocimiento.<\/p>\n\n\n\n<figure class=\"wp-block-image size-large\"><img loading=\"lazy\" decoding=\"async\" width=\"1024\" height=\"768\" src=\"https:\/\/ticsalutsocial.atoom.space\/wp-content\/uploads\/2023\/11\/miriam_DPD-1024x768.png\" alt=\"\" class=\"wp-image-22986\" srcset=\"https:\/\/ticsalutsocial.atoom.space\/wp-content\/uploads\/2023\/11\/miriam_DPD-1024x768.png 1024w, https:\/\/ticsalutsocial.atoom.space\/wp-content\/uploads\/2023\/11\/miriam_DPD-300x225.png 300w, https:\/\/ticsalutsocial.atoom.space\/wp-content\/uploads\/2023\/11\/miriam_DPD-768x576.png 768w, https:\/\/ticsalutsocial.atoom.space\/wp-content\/uploads\/2023\/11\/miriam_DPD.png 1280w\" sizes=\"auto, (max-width: 1024px) 100vw, 1024px\" \/><figcaption class=\"wp-element-caption\"><em>M\u00edriam M\u00e9ndez, responsable de investigaci\u00f3n e innovaci\u00f3n de la Oficina del DPD de la Fundaci\u00f3n TIC Salud Social<\/em><\/figcaption><\/figure>\n","protected":false},"author":3,"featured_media":22991,"menu_order":0,"template":"","meta":{"_acf_changed":false,"inline_featured_image":false},"etiqueta":[],"tipus":[],"topic":[121],"class_list":["post-22992","noticia","type-noticia","status-publish","has-post-thumbnail","hentry","topic-dpd-es"],"acf":{"autor":"","imatge":22991,"textos_destacats":[{"texte":"La responsable de investigaci\u00f3n e innovaci\u00f3n de la Oficina del DPD de la Fundaci\u00f3n TIC Salut Social asume el \u00e1mbito de profesionales juristas"}],"documents":false,"finalitzat":false,"tipus_plantilla":"objectius","template_objectius":{"cont_principal":"","imatge":false,"cont_seguent":{"titol":"","contingut":""},"seccio_llistat":{"titol":"","llistat":false},"objectius":{"titol":"","objectius":false},"documents":false}},"yoast_head":"<!-- This site is optimized with the Yoast SEO plugin v27.1.1 - https:\/\/yoast.com\/product\/yoast-seo-wordpress\/ -->\n<title>M\u00edriam M\u00e9ndez recibe el nombramiento como nueva miembro del Comit\u00e9 de Bio\u00e9tica de Catalunya - Fundaci\u00f3 TIC Salut i Social<\/title>\n<meta name=\"description\" content=\"M\u00edriam M\u00e9ndez rep el nomenament com a nova membre del Comit\u00e8 de Bio\u00e8tica de Catalunya\" \/>\n<meta name=\"robots\" content=\"index, follow, max-snippet:-1, max-image-preview:large, max-video-preview:-1\" \/>\n<link rel=\"canonical\" href=\"https:\/\/ticsalutsocial.atoom.space\/es\/noticia\/miriam-mendez-rep-el-nomenament-com-a-nova-membre-del-comite-de-bioetica-de-catalunya\/\" \/>\n<meta property=\"og:locale\" content=\"es_ES\" \/>\n<meta property=\"og:type\" content=\"article\" \/>\n<meta property=\"og:title\" content=\"M\u00edriam M\u00e9ndez recibe el nombramiento como nueva miembro del Comit\u00e9 de Bio\u00e9tica de Catalunya - Fundaci\u00f3 TIC Salut i Social\" \/>\n<meta property=\"og:description\" content=\"M\u00edriam M\u00e9ndez rep el nomenament com a nova membre del Comit\u00e8 de Bio\u00e8tica de Catalunya\" \/>\n<meta property=\"og:url\" content=\"https:\/\/ticsalutsocial.atoom.space\/es\/noticia\/miriam-mendez-rep-el-nomenament-com-a-nova-membre-del-comite-de-bioetica-de-catalunya\/\" \/>\n<meta property=\"og:site_name\" content=\"Fundaci\u00f3 TIC Salut i Social\" \/>\n<meta property=\"article:modified_time\" content=\"2023-11-06T11:37:54+00:00\" \/>\n<meta property=\"og:image\" content=\"https:\/\/ticsalutsocial.atoom.space\/wp-content\/uploads\/2023\/11\/bioetica.png\" \/>\n\t<meta property=\"og:image:width\" content=\"1280\" \/>\n\t<meta property=\"og:image:height\" content=\"960\" \/>\n\t<meta property=\"og:image:type\" content=\"image\/png\" \/>\n<meta name=\"twitter:card\" content=\"summary_large_image\" \/>\n<meta name=\"twitter:label1\" content=\"Tiempo de lectura\" \/>\n\t<meta name=\"twitter:data1\" content=\"3 minutos\" \/>\n<script type=\"application\/ld+json\" class=\"yoast-schema-graph\">{\"@context\":\"https:\/\/schema.org\",\"@graph\":[{\"@type\":\"WebPage\",\"@id\":\"https:\/\/ticsalutsocial.atoom.space\/es\/noticia\/miriam-mendez-rep-el-nomenament-com-a-nova-membre-del-comite-de-bioetica-de-catalunya\/\",\"url\":\"https:\/\/ticsalutsocial.atoom.space\/es\/noticia\/miriam-mendez-rep-el-nomenament-com-a-nova-membre-del-comite-de-bioetica-de-catalunya\/\",\"name\":\"M\u00edriam M\u00e9ndez recibe el nombramiento como nueva miembro del Comit\u00e9 de Bio\u00e9tica de Catalunya - Fundaci\u00f3 TIC Salut i Social\",\"isPartOf\":{\"@id\":\"https:\/\/ticsalutsocial.atoom.space\/es\/#website\"},\"primaryImageOfPage\":{\"@id\":\"https:\/\/ticsalutsocial.atoom.space\/es\/noticia\/miriam-mendez-rep-el-nomenament-com-a-nova-membre-del-comite-de-bioetica-de-catalunya\/#primaryimage\"},\"image\":{\"@id\":\"https:\/\/ticsalutsocial.atoom.space\/es\/noticia\/miriam-mendez-rep-el-nomenament-com-a-nova-membre-del-comite-de-bioetica-de-catalunya\/#primaryimage\"},\"thumbnailUrl\":\"https:\/\/ticsalutsocial.atoom.space\/wp-content\/uploads\/2023\/11\/bioetica.png\",\"datePublished\":\"2023-11-06T11:30:28+00:00\",\"dateModified\":\"2023-11-06T11:37:54+00:00\",\"description\":\"M\u00edriam M\u00e9ndez rep el nomenament com a nova membre del Comit\u00e8 de Bio\u00e8tica de Catalunya\",\"breadcrumb\":{\"@id\":\"https:\/\/ticsalutsocial.atoom.space\/es\/noticia\/miriam-mendez-rep-el-nomenament-com-a-nova-membre-del-comite-de-bioetica-de-catalunya\/#breadcrumb\"},\"inLanguage\":\"es\",\"potentialAction\":[{\"@type\":\"ReadAction\",\"target\":[\"https:\/\/ticsalutsocial.atoom.space\/es\/noticia\/miriam-mendez-rep-el-nomenament-com-a-nova-membre-del-comite-de-bioetica-de-catalunya\/\"]}]},{\"@type\":\"ImageObject\",\"inLanguage\":\"es\",\"@id\":\"https:\/\/ticsalutsocial.atoom.space\/es\/noticia\/miriam-mendez-rep-el-nomenament-com-a-nova-membre-del-comite-de-bioetica-de-catalunya\/#primaryimage\",\"url\":\"https:\/\/ticsalutsocial.atoom.space\/wp-content\/uploads\/2023\/11\/bioetica.png\",\"contentUrl\":\"https:\/\/ticsalutsocial.atoom.space\/wp-content\/uploads\/2023\/11\/bioetica.png\",\"width\":1280,\"height\":960,\"caption\":\"Bio\u00e8tica\"},{\"@type\":\"BreadcrumbList\",\"@id\":\"https:\/\/ticsalutsocial.atoom.space\/es\/noticia\/miriam-mendez-rep-el-nomenament-com-a-nova-membre-del-comite-de-bioetica-de-catalunya\/#breadcrumb\",\"itemListElement\":[{\"@type\":\"ListItem\",\"position\":1,\"name\":\"Inici\",\"item\":\"https:\/\/ticsalutsocial.atoom.space\/es\/\"},{\"@type\":\"ListItem\",\"position\":2,\"name\":\"M\u00edriam M\u00e9ndez recibe el nombramiento como nueva miembro del Comit\u00e9 de Bio\u00e9tica de Catalunya\"}]},{\"@type\":\"WebSite\",\"@id\":\"https:\/\/ticsalutsocial.atoom.space\/es\/#website\",\"url\":\"https:\/\/ticsalutsocial.atoom.space\/es\/\",\"name\":\"Fundaci\u00f3 TIC Salut i Social\",\"description\":\"\",\"potentialAction\":[{\"@type\":\"SearchAction\",\"target\":{\"@type\":\"EntryPoint\",\"urlTemplate\":\"https:\/\/ticsalutsocial.atoom.space\/es\/?s={search_term_string}\"},\"query-input\":{\"@type\":\"PropertyValueSpecification\",\"valueRequired\":true,\"valueName\":\"search_term_string\"}}],\"inLanguage\":\"es\"}]}<\/script>\n<!-- \/ Yoast SEO plugin. -->","yoast_head_json":{"title":"M\u00edriam M\u00e9ndez recibe el nombramiento como nueva miembro del Comit\u00e9 de Bio\u00e9tica de Catalunya - Fundaci\u00f3 TIC Salut i Social","description":"M\u00edriam M\u00e9ndez rep el nomenament com a nova membre del Comit\u00e8 de Bio\u00e8tica de Catalunya","robots":{"index":"index","follow":"follow","max-snippet":"max-snippet:-1","max-image-preview":"max-image-preview:large","max-video-preview":"max-video-preview:-1"},"canonical":"https:\/\/ticsalutsocial.atoom.space\/es\/noticia\/miriam-mendez-rep-el-nomenament-com-a-nova-membre-del-comite-de-bioetica-de-catalunya\/","og_locale":"es_ES","og_type":"article","og_title":"M\u00edriam M\u00e9ndez recibe el nombramiento como nueva miembro del Comit\u00e9 de Bio\u00e9tica de Catalunya - Fundaci\u00f3 TIC Salut i Social","og_description":"M\u00edriam M\u00e9ndez rep el nomenament com a nova membre del Comit\u00e8 de Bio\u00e8tica de Catalunya","og_url":"https:\/\/ticsalutsocial.atoom.space\/es\/noticia\/miriam-mendez-rep-el-nomenament-com-a-nova-membre-del-comite-de-bioetica-de-catalunya\/","og_site_name":"Fundaci\u00f3 TIC Salut i Social","article_modified_time":"2023-11-06T11:37:54+00:00","og_image":[{"width":1280,"height":960,"url":"https:\/\/ticsalutsocial.atoom.space\/wp-content\/uploads\/2023\/11\/bioetica.png","type":"image\/png"}],"twitter_card":"summary_large_image","twitter_misc":{"Tiempo de lectura":"3 minutos"},"schema":{"@context":"https:\/\/schema.org","@graph":[{"@type":"WebPage","@id":"https:\/\/ticsalutsocial.atoom.space\/es\/noticia\/miriam-mendez-rep-el-nomenament-com-a-nova-membre-del-comite-de-bioetica-de-catalunya\/","url":"https:\/\/ticsalutsocial.atoom.space\/es\/noticia\/miriam-mendez-rep-el-nomenament-com-a-nova-membre-del-comite-de-bioetica-de-catalunya\/","name":"M\u00edriam M\u00e9ndez recibe el nombramiento como nueva miembro del Comit\u00e9 de Bio\u00e9tica de Catalunya - Fundaci\u00f3 TIC Salut i Social","isPartOf":{"@id":"https:\/\/ticsalutsocial.atoom.space\/es\/#website"},"primaryImageOfPage":{"@id":"https:\/\/ticsalutsocial.atoom.space\/es\/noticia\/miriam-mendez-rep-el-nomenament-com-a-nova-membre-del-comite-de-bioetica-de-catalunya\/#primaryimage"},"image":{"@id":"https:\/\/ticsalutsocial.atoom.space\/es\/noticia\/miriam-mendez-rep-el-nomenament-com-a-nova-membre-del-comite-de-bioetica-de-catalunya\/#primaryimage"},"thumbnailUrl":"https:\/\/ticsalutsocial.atoom.space\/wp-content\/uploads\/2023\/11\/bioetica.png","datePublished":"2023-11-06T11:30:28+00:00","dateModified":"2023-11-06T11:37:54+00:00","description":"M\u00edriam M\u00e9ndez rep el nomenament com a nova membre del Comit\u00e8 de Bio\u00e8tica de Catalunya","breadcrumb":{"@id":"https:\/\/ticsalutsocial.atoom.space\/es\/noticia\/miriam-mendez-rep-el-nomenament-com-a-nova-membre-del-comite-de-bioetica-de-catalunya\/#breadcrumb"},"inLanguage":"es","potentialAction":[{"@type":"ReadAction","target":["https:\/\/ticsalutsocial.atoom.space\/es\/noticia\/miriam-mendez-rep-el-nomenament-com-a-nova-membre-del-comite-de-bioetica-de-catalunya\/"]}]},{"@type":"ImageObject","inLanguage":"es","@id":"https:\/\/ticsalutsocial.atoom.space\/es\/noticia\/miriam-mendez-rep-el-nomenament-com-a-nova-membre-del-comite-de-bioetica-de-catalunya\/#primaryimage","url":"https:\/\/ticsalutsocial.atoom.space\/wp-content\/uploads\/2023\/11\/bioetica.png","contentUrl":"https:\/\/ticsalutsocial.atoom.space\/wp-content\/uploads\/2023\/11\/bioetica.png","width":1280,"height":960,"caption":"Bio\u00e8tica"},{"@type":"BreadcrumbList","@id":"https:\/\/ticsalutsocial.atoom.space\/es\/noticia\/miriam-mendez-rep-el-nomenament-com-a-nova-membre-del-comite-de-bioetica-de-catalunya\/#breadcrumb","itemListElement":[{"@type":"ListItem","position":1,"name":"Inici","item":"https:\/\/ticsalutsocial.atoom.space\/es\/"},{"@type":"ListItem","position":2,"name":"M\u00edriam M\u00e9ndez recibe el nombramiento como nueva miembro del Comit\u00e9 de Bio\u00e9tica de Catalunya"}]},{"@type":"WebSite","@id":"https:\/\/ticsalutsocial.atoom.space\/es\/#website","url":"https:\/\/ticsalutsocial.atoom.space\/es\/","name":"Fundaci\u00f3 TIC Salut i Social","description":"","potentialAction":[{"@type":"SearchAction","target":{"@type":"EntryPoint","urlTemplate":"https:\/\/ticsalutsocial.atoom.space\/es\/?s={search_term_string}"},"query-input":{"@type":"PropertyValueSpecification","valueRequired":true,"valueName":"search_term_string"}}],"inLanguage":"es"}]}},"_links":{"self":[{"href":"https:\/\/ticsalutsocial.atoom.space\/es\/wp-json\/wp\/v2\/noticia\/22992","targetHints":{"allow":["GET"]}}],"collection":[{"href":"https:\/\/ticsalutsocial.atoom.space\/es\/wp-json\/wp\/v2\/noticia"}],"about":[{"href":"https:\/\/ticsalutsocial.atoom.space\/es\/wp-json\/wp\/v2\/types\/noticia"}],"author":[{"embeddable":true,"href":"https:\/\/ticsalutsocial.atoom.space\/es\/wp-json\/wp\/v2\/users\/3"}],"wp:featuredmedia":[{"embeddable":true,"href":"https:\/\/ticsalutsocial.atoom.space\/es\/wp-json\/wp\/v2\/media\/22991"}],"wp:attachment":[{"href":"https:\/\/ticsalutsocial.atoom.space\/es\/wp-json\/wp\/v2\/media?parent=22992"}],"wp:term":[{"taxonomy":"etiqueta","embeddable":true,"href":"https:\/\/ticsalutsocial.atoom.space\/es\/wp-json\/wp\/v2\/etiqueta?post=22992"},{"taxonomy":"tipus","embeddable":true,"href":"https:\/\/ticsalutsocial.atoom.space\/es\/wp-json\/wp\/v2\/tipus?post=22992"},{"taxonomy":"topic","embeddable":true,"href":"https:\/\/ticsalutsocial.atoom.space\/es\/wp-json\/wp\/v2\/topic?post=22992"}],"curies":[{"name":"wp","href":"https:\/\/api.w.org\/{rel}","templated":true}]}}