
{"id":23002,"date":"2023-11-08T10:24:23","date_gmt":"2023-11-08T08:24:23","guid":{"rendered":"https:\/\/ticsalutsocial.atoom.space\/noticia\/exit-del-primer-taller-de-co-creacio-del-projecte-unicas-dedicat-a-les-malalties-minoritaries-pediatriques\/"},"modified":"2023-11-08T10:51:39","modified_gmt":"2023-11-08T08:51:39","slug":"exit-del-primer-taller-de-co-creacio-del-projecte-unicas-dedicat-a-les-malalties-minoritaries-pediatriques","status":"publish","type":"noticia","link":"https:\/\/ticsalutsocial.atoom.space\/es\/noticia\/exit-del-primer-taller-de-co-creacio-del-projecte-unicas-dedicat-a-les-malalties-minoritaries-pediatriques\/","title":{"rendered":"\u00c9xito del primer taller de cocreaci\u00f3n del proyecto UNICAS, dedicado a las enfermedades minoritarias pedi\u00e1tricas"},"content":{"rendered":"\n<p>M\u00e1s de 50 profesionales del \u00e1mbito de las TIC en salud de todo el estado participaron en el taller del proyecto UNICAS, que tuvo lugar el 5 de octubre en las <a href=\"https:\/\/seis.es\/xxx-jornadas-andalucia\/\" target=\"_blank\" rel=\"noreferrer noopener\">XXX Jornadas Nacionales de Informaci\u00f3n y Salud en Andaluc\u00eda<\/a>, organizadas por la Sociedad Espa\u00f1ola de Inform\u00e1tica (SEIS) en Torremolinos, M\u00e1laga. La sesi\u00f3n, coordinada por el Director de Transformaci\u00f3n Digital de la Fundaci\u00f3n TIC Salut Social, <strong>Carlos Gallego<\/strong>, y el jefe de la divisi\u00f3n de salud de Inetum, <strong>Miguel \u00c1ngel Montero<\/strong>, permiti\u00f3 avanzar en la cocreaci\u00f3n de un mapa de los activos digitales existentes en el sector.<\/p>\n\n\n\n<p>UNICAS es un proyecto del Ministerio de Salud incluido en el <a href=\"https:\/\/planderecuperacion.gob.es\/\" target=\"_blank\" rel=\"noreferrer noopener\">Plan de Recuperaci\u00f3n, Transformaci\u00f3n y Resiliencia<\/a>, y financiado por los fondos europeos <em>NextGenerationEU<\/em>. Su objetivo es <strong>crear un ecosistema de alianzas para la mejora en la respuesta del Servicio Nacional de Salud a pacientes con enfermedades minoritarias complejas<\/strong> a lo largo de todo su proceso de atenci\u00f3n. Para conseguir este objetivo, se crear\u00e1 una red federada asistencial, con al menos un nodo en cada comunidad aut\u00f3noma, para dar cobertura a las necesidades de pacientes, personas cuidadoras y profesionales.<\/p>\n\n\n\n<h2 class=\"wp-block-heading\"><strong>Parte tecnol\u00f3gica del proyecto UNICAS<\/strong><\/h2>\n\n\n\n<p>Catalu\u00f1a lidera el dise\u00f1o, desarrollo e integraci\u00f3n tecnol\u00f3gica del proyecto, siendo la Fundaci\u00f3n TIC Salut Social la encargada de ejecutar estas acciones. En el taller celebrado en Torremolinos se llev\u00f3 a cabo una <strong>sesi\u00f3n sobre la visi\u00f3n tecnol\u00f3gica de UNICAS<\/strong>, dirigida por<strong> Carlos Gallego<\/strong>, y otra de cocreaci\u00f3n de <strong>soluciones tecnol\u00f3gicas para la Atenci\u00f3n Digital Personalizada<\/strong>, conducida por la Responsable de Atenci\u00f3n Digital Personalizada de la Fundaci\u00f3n TIC Salud Social, <strong>Nuria Abd\u00f3n<\/strong>, y Miguel \u00c1ngel Montero.<\/p>\n\n\n\n<p>En la sesi\u00f3n participativa destac\u00f3 la apuesta de los participantes por la utilizaci\u00f3n de est\u00e1ndares unificados para la implantaci\u00f3n de los servicios en la red \u2013BPMN para gestionar procesos o HL7 FHIR para tratar los datos\u2013 y la advertencia de los riesgos asociados a la gobernanza, la interoperabilidad y el procesamiento de los datos del proyecto. Asimismo, se comentaron los siguientes pasos del proyecto en el \u00e1mbito tecnol\u00f3gico, que ya han comenzado con una ronda de sesiones especializadas con representantes del sector en un proceso de recopilaci\u00f3n de los productos competitivos, o <em>benchmarking<\/em>, que permita enriquecer el mapa de activos digitales existentes en el sector.<\/p>\n\n\n\n<p>Adem\u00e1s de la parte tecnol\u00f3gica, en el taller tambi\u00e9n se comparti\u00f3 la visi\u00f3n asistencial del proyecto, de la mano del Director Gerente del Hospital Sant Joan de D\u00e9u de Barcelona, <strong>Manel del Castillo<\/strong>; y su modelo de gesti\u00f3n y gobierno, a cargo de la Subdirectora de Servicios Digitales de Salud, <strong>Mar\u00eda Fe Lape\u00f1a<\/strong>.<\/p>\n\n\n\n<h2 class=\"wp-block-heading\"><strong>Enfermedades minoritarias en el proyecto UNICAS<\/strong><\/h2>\n\n\n\n<p>El proyecto UNICAS est\u00e1 enfocado inicialmente en cuatro tipos de <strong>enfermedades minoritarias pedi\u00e1tricas: las enfermedades mitocondriales<\/strong>, los trastornos neuromusculares, las encefalopat\u00edas epil\u00e9pticas y los trastornos del neurodesarrollo. El proyecto prev\u00e9 que, con la constituci\u00f3n de una red de atenci\u00f3n asistencial integrada dirigida a este colectivo de pacientes, ser\u00e1 la informaci\u00f3n cl\u00ednica y no los pacientes la que se desplace, y esto, entre otros aspectos, <strong>contribuir\u00e1 a mejorar el tiempo de diagn\u00f3stico, la equidad y accesibilidad al sistema<\/strong>.<\/p>\n\n\n\n<p>Tal y como explic\u00f3 Manel del Castillo en su ponencia, se estima que <strong>las enfermedades minoritarias afectan a 5 casos por cada 10.000 habitantes<\/strong>, y representan una gran carga de morbilidad y un gran coste para el sistema sanitario. Asimismo, asegur\u00f3 que las familias afectadas acostumbran a tener sensaci\u00f3n de aislamiento y de carencia de herramientas para el cuidado de los pacientes, perciben una falta de coordinaci\u00f3n asistencial, tardan hasta cuatro a\u00f1os de media en recibir el diagn\u00f3stico (y se calcula que el 50 por ciento todav\u00eda est\u00e1n sin diagnosticar), y tienen dificultades de acceso a centros especializados en enfermedades raras, lo que les obliga a cambiar de domicilio.<\/p>\n\n\n\n<figure class=\"wp-block-image size-large is-resized\"><img loading=\"lazy\" decoding=\"async\" width=\"1024\" height=\"181\" src=\"https:\/\/ticsalutsocial.atoom.space\/wp-content\/uploads\/2023\/11\/logos-funding-UNICAS-1-1024x181.png\" alt=\"\" class=\"wp-image-23011\" style=\"width:552px;height:auto\" srcset=\"https:\/\/ticsalutsocial.atoom.space\/wp-content\/uploads\/2023\/11\/logos-funding-UNICAS-1-1024x181.png 1024w, https:\/\/ticsalutsocial.atoom.space\/wp-content\/uploads\/2023\/11\/logos-funding-UNICAS-1-300x53.png 300w, https:\/\/ticsalutsocial.atoom.space\/wp-content\/uploads\/2023\/11\/logos-funding-UNICAS-1-768x135.png 768w, https:\/\/ticsalutsocial.atoom.space\/wp-content\/uploads\/2023\/11\/logos-funding-UNICAS-1-1536x271.png 1536w, https:\/\/ticsalutsocial.atoom.space\/wp-content\/uploads\/2023\/11\/logos-funding-UNICAS-1-2048x361.png 2048w\" sizes=\"auto, (max-width: 1024px) 100vw, 1024px\" \/><\/figure>\n","protected":false},"author":3,"featured_media":23001,"menu_order":0,"template":"","meta":{"_acf_changed":false,"inline_featured_image":false},"etiqueta":[],"tipus":[],"topic":[],"class_list":["post-23002","noticia","type-noticia","status-publish","has-post-thumbnail","hentry"],"acf":{"autor":"","imatge":23001,"textos_destacats":[{"texte":"La Fundaci\u00f3 TIC Salut Social es una de las entidades que participa en este proyecto para definir y poner en marcha una red de atenci\u00f3n asistencial integrada dirigida a pacientes pedi\u00e1tricos con enfermedades minoritarias. "}],"documents":false,"finalitzat":false,"tipus_plantilla":"objectius","template_objectius":{"cont_principal":"","imatge":false,"cont_seguent":{"titol":"","contingut":""},"seccio_llistat":{"titol":"","llistat":false},"objectius":{"titol":"","objectius":false},"documents":false}},"yoast_head":"<!-- This site is optimized with the Yoast SEO plugin v27.1.1 - https:\/\/yoast.com\/product\/yoast-seo-wordpress\/ -->\n<title>\u00c9xito del primer taller de cocreaci\u00f3n del proyecto UNICAS, dedicado a las enfermedades minoritarias pedi\u00e1tricas - Fundaci\u00f3 TIC Salut i Social<\/title>\n<meta name=\"description\" content=\"M\u00e1s de 50 profesionales del \u00e1mbito de las TIC en salud de todo el estado participaron en el taller del proyecto UNICAS, que tuvo lugar el 5 de octubre en las XXX Jornadas Nacionales de Informaci\u00f3n y Salud en Andaluc\u00eda, organizadas por la Sociedad Espa\u00f1ola de Inform\u00e1tica (SEIS) en Torremolinos, M\u00e1laga.\" \/>\n<meta name=\"robots\" content=\"index, follow, max-snippet:-1, max-image-preview:large, max-video-preview:-1\" \/>\n<link rel=\"canonical\" href=\"https:\/\/ticsalutsocial.atoom.space\/es\/noticia\/exit-del-primer-taller-de-co-creacio-del-projecte-unicas-dedicat-a-les-malalties-minoritaries-pediatriques\/\" \/>\n<meta property=\"og:locale\" content=\"es_ES\" \/>\n<meta property=\"og:type\" content=\"article\" \/>\n<meta property=\"og:title\" content=\"\u00c9xito del primer taller de cocreaci\u00f3n del proyecto UNICAS, dedicado a las enfermedades minoritarias pedi\u00e1tricas - Fundaci\u00f3 TIC Salut i Social\" \/>\n<meta property=\"og:description\" content=\"M\u00e1s de 50 profesionales del \u00e1mbito de las TIC en salud de todo el estado participaron en el taller del proyecto UNICAS, que tuvo lugar el 5 de octubre en las XXX Jornadas Nacionales de Informaci\u00f3n y Salud en Andaluc\u00eda, organizadas por la Sociedad Espa\u00f1ola de Inform\u00e1tica (SEIS) en Torremolinos, M\u00e1laga.\" \/>\n<meta property=\"og:url\" content=\"https:\/\/ticsalutsocial.atoom.space\/es\/noticia\/exit-del-primer-taller-de-co-creacio-del-projecte-unicas-dedicat-a-les-malalties-minoritaries-pediatriques\/\" \/>\n<meta property=\"og:site_name\" content=\"Fundaci\u00f3 TIC Salut i Social\" \/>\n<meta property=\"article:modified_time\" content=\"2023-11-08T08:51:39+00:00\" \/>\n<meta property=\"og:image\" content=\"https:\/\/ticsalutsocial.atoom.space\/wp-content\/uploads\/2023\/11\/carlos_web-1024x768.png\" \/>\n\t<meta property=\"og:image:width\" content=\"1024\" \/>\n\t<meta property=\"og:image:height\" content=\"768\" \/>\n\t<meta property=\"og:image:type\" content=\"image\/png\" \/>\n<meta name=\"twitter:card\" content=\"summary_large_image\" \/>\n<meta name=\"twitter:label1\" content=\"Tiempo de lectura\" \/>\n\t<meta name=\"twitter:data1\" content=\"4 minutos\" \/>\n<script type=\"application\/ld+json\" class=\"yoast-schema-graph\">{\"@context\":\"https:\/\/schema.org\",\"@graph\":[{\"@type\":\"WebPage\",\"@id\":\"https:\/\/ticsalutsocial.atoom.space\/es\/noticia\/exit-del-primer-taller-de-co-creacio-del-projecte-unicas-dedicat-a-les-malalties-minoritaries-pediatriques\/\",\"url\":\"https:\/\/ticsalutsocial.atoom.space\/es\/noticia\/exit-del-primer-taller-de-co-creacio-del-projecte-unicas-dedicat-a-les-malalties-minoritaries-pediatriques\/\",\"name\":\"\u00c9xito del primer taller de cocreaci\u00f3n del proyecto UNICAS, dedicado a las enfermedades minoritarias pedi\u00e1tricas - Fundaci\u00f3 TIC Salut i Social\",\"isPartOf\":{\"@id\":\"https:\/\/ticsalutsocial.atoom.space\/es\/#website\"},\"primaryImageOfPage\":{\"@id\":\"https:\/\/ticsalutsocial.atoom.space\/es\/noticia\/exit-del-primer-taller-de-co-creacio-del-projecte-unicas-dedicat-a-les-malalties-minoritaries-pediatriques\/#primaryimage\"},\"image\":{\"@id\":\"https:\/\/ticsalutsocial.atoom.space\/es\/noticia\/exit-del-primer-taller-de-co-creacio-del-projecte-unicas-dedicat-a-les-malalties-minoritaries-pediatriques\/#primaryimage\"},\"thumbnailUrl\":\"https:\/\/ticsalutsocial.atoom.space\/wp-content\/uploads\/2023\/11\/carlos_web.png\",\"datePublished\":\"2023-11-08T08:24:23+00:00\",\"dateModified\":\"2023-11-08T08:51:39+00:00\",\"description\":\"M\u00e1s de 50 profesionales del \u00e1mbito de las TIC en salud de todo el estado participaron en el taller del proyecto UNICAS, que tuvo lugar el 5 de octubre en las XXX Jornadas Nacionales de Informaci\u00f3n y Salud en Andaluc\u00eda, organizadas por la Sociedad Espa\u00f1ola de Inform\u00e1tica (SEIS) en Torremolinos, M\u00e1laga.\",\"breadcrumb\":{\"@id\":\"https:\/\/ticsalutsocial.atoom.space\/es\/noticia\/exit-del-primer-taller-de-co-creacio-del-projecte-unicas-dedicat-a-les-malalties-minoritaries-pediatriques\/#breadcrumb\"},\"inLanguage\":\"es\",\"potentialAction\":[{\"@type\":\"ReadAction\",\"target\":[\"https:\/\/ticsalutsocial.atoom.space\/es\/noticia\/exit-del-primer-taller-de-co-creacio-del-projecte-unicas-dedicat-a-les-malalties-minoritaries-pediatriques\/\"]}]},{\"@type\":\"ImageObject\",\"inLanguage\":\"es\",\"@id\":\"https:\/\/ticsalutsocial.atoom.space\/es\/noticia\/exit-del-primer-taller-de-co-creacio-del-projecte-unicas-dedicat-a-les-malalties-minoritaries-pediatriques\/#primaryimage\",\"url\":\"https:\/\/ticsalutsocial.atoom.space\/wp-content\/uploads\/2023\/11\/carlos_web.png\",\"contentUrl\":\"https:\/\/ticsalutsocial.atoom.space\/wp-content\/uploads\/2023\/11\/carlos_web.png\",\"width\":1280,\"height\":960},{\"@type\":\"BreadcrumbList\",\"@id\":\"https:\/\/ticsalutsocial.atoom.space\/es\/noticia\/exit-del-primer-taller-de-co-creacio-del-projecte-unicas-dedicat-a-les-malalties-minoritaries-pediatriques\/#breadcrumb\",\"itemListElement\":[{\"@type\":\"ListItem\",\"position\":1,\"name\":\"Inici\",\"item\":\"https:\/\/ticsalutsocial.atoom.space\/es\/\"},{\"@type\":\"ListItem\",\"position\":2,\"name\":\"\u00c9xito del primer taller de cocreaci\u00f3n del proyecto UNICAS, dedicado a las enfermedades minoritarias pedi\u00e1tricas\"}]},{\"@type\":\"WebSite\",\"@id\":\"https:\/\/ticsalutsocial.atoom.space\/es\/#website\",\"url\":\"https:\/\/ticsalutsocial.atoom.space\/es\/\",\"name\":\"Fundaci\u00f3 TIC Salut i Social\",\"description\":\"\",\"potentialAction\":[{\"@type\":\"SearchAction\",\"target\":{\"@type\":\"EntryPoint\",\"urlTemplate\":\"https:\/\/ticsalutsocial.atoom.space\/es\/?s={search_term_string}\"},\"query-input\":{\"@type\":\"PropertyValueSpecification\",\"valueRequired\":true,\"valueName\":\"search_term_string\"}}],\"inLanguage\":\"es\"}]}<\/script>\n<!-- \/ Yoast SEO plugin. -->","yoast_head_json":{"title":"\u00c9xito del primer taller de cocreaci\u00f3n del proyecto UNICAS, dedicado a las enfermedades minoritarias pedi\u00e1tricas - Fundaci\u00f3 TIC Salut i Social","description":"M\u00e1s de 50 profesionales del \u00e1mbito de las TIC en salud de todo el estado participaron en el taller del proyecto UNICAS, que tuvo lugar el 5 de octubre en las XXX Jornadas Nacionales de Informaci\u00f3n y Salud en Andaluc\u00eda, organizadas por la Sociedad Espa\u00f1ola de Inform\u00e1tica (SEIS) en Torremolinos, M\u00e1laga.","robots":{"index":"index","follow":"follow","max-snippet":"max-snippet:-1","max-image-preview":"max-image-preview:large","max-video-preview":"max-video-preview:-1"},"canonical":"https:\/\/ticsalutsocial.atoom.space\/es\/noticia\/exit-del-primer-taller-de-co-creacio-del-projecte-unicas-dedicat-a-les-malalties-minoritaries-pediatriques\/","og_locale":"es_ES","og_type":"article","og_title":"\u00c9xito del primer taller de cocreaci\u00f3n del proyecto UNICAS, dedicado a las enfermedades minoritarias pedi\u00e1tricas - Fundaci\u00f3 TIC Salut i Social","og_description":"M\u00e1s de 50 profesionales del \u00e1mbito de las TIC en salud de todo el estado participaron en el taller del proyecto UNICAS, que tuvo lugar el 5 de octubre en las XXX Jornadas Nacionales de Informaci\u00f3n y Salud en Andaluc\u00eda, organizadas por la Sociedad Espa\u00f1ola de Inform\u00e1tica (SEIS) en Torremolinos, M\u00e1laga.","og_url":"https:\/\/ticsalutsocial.atoom.space\/es\/noticia\/exit-del-primer-taller-de-co-creacio-del-projecte-unicas-dedicat-a-les-malalties-minoritaries-pediatriques\/","og_site_name":"Fundaci\u00f3 TIC Salut i Social","article_modified_time":"2023-11-08T08:51:39+00:00","og_image":[{"width":1024,"height":768,"url":"https:\/\/ticsalutsocial.atoom.space\/wp-content\/uploads\/2023\/11\/carlos_web-1024x768.png","type":"image\/png"}],"twitter_card":"summary_large_image","twitter_misc":{"Tiempo de lectura":"4 minutos"},"schema":{"@context":"https:\/\/schema.org","@graph":[{"@type":"WebPage","@id":"https:\/\/ticsalutsocial.atoom.space\/es\/noticia\/exit-del-primer-taller-de-co-creacio-del-projecte-unicas-dedicat-a-les-malalties-minoritaries-pediatriques\/","url":"https:\/\/ticsalutsocial.atoom.space\/es\/noticia\/exit-del-primer-taller-de-co-creacio-del-projecte-unicas-dedicat-a-les-malalties-minoritaries-pediatriques\/","name":"\u00c9xito del primer taller de cocreaci\u00f3n del proyecto UNICAS, dedicado a las enfermedades minoritarias pedi\u00e1tricas - Fundaci\u00f3 TIC Salut i Social","isPartOf":{"@id":"https:\/\/ticsalutsocial.atoom.space\/es\/#website"},"primaryImageOfPage":{"@id":"https:\/\/ticsalutsocial.atoom.space\/es\/noticia\/exit-del-primer-taller-de-co-creacio-del-projecte-unicas-dedicat-a-les-malalties-minoritaries-pediatriques\/#primaryimage"},"image":{"@id":"https:\/\/ticsalutsocial.atoom.space\/es\/noticia\/exit-del-primer-taller-de-co-creacio-del-projecte-unicas-dedicat-a-les-malalties-minoritaries-pediatriques\/#primaryimage"},"thumbnailUrl":"https:\/\/ticsalutsocial.atoom.space\/wp-content\/uploads\/2023\/11\/carlos_web.png","datePublished":"2023-11-08T08:24:23+00:00","dateModified":"2023-11-08T08:51:39+00:00","description":"M\u00e1s de 50 profesionales del \u00e1mbito de las TIC en salud de todo el estado participaron en el taller del proyecto UNICAS, que tuvo lugar el 5 de octubre en las XXX Jornadas Nacionales de Informaci\u00f3n y Salud en Andaluc\u00eda, organizadas por la Sociedad Espa\u00f1ola de Inform\u00e1tica (SEIS) en Torremolinos, M\u00e1laga.","breadcrumb":{"@id":"https:\/\/ticsalutsocial.atoom.space\/es\/noticia\/exit-del-primer-taller-de-co-creacio-del-projecte-unicas-dedicat-a-les-malalties-minoritaries-pediatriques\/#breadcrumb"},"inLanguage":"es","potentialAction":[{"@type":"ReadAction","target":["https:\/\/ticsalutsocial.atoom.space\/es\/noticia\/exit-del-primer-taller-de-co-creacio-del-projecte-unicas-dedicat-a-les-malalties-minoritaries-pediatriques\/"]}]},{"@type":"ImageObject","inLanguage":"es","@id":"https:\/\/ticsalutsocial.atoom.space\/es\/noticia\/exit-del-primer-taller-de-co-creacio-del-projecte-unicas-dedicat-a-les-malalties-minoritaries-pediatriques\/#primaryimage","url":"https:\/\/ticsalutsocial.atoom.space\/wp-content\/uploads\/2023\/11\/carlos_web.png","contentUrl":"https:\/\/ticsalutsocial.atoom.space\/wp-content\/uploads\/2023\/11\/carlos_web.png","width":1280,"height":960},{"@type":"BreadcrumbList","@id":"https:\/\/ticsalutsocial.atoom.space\/es\/noticia\/exit-del-primer-taller-de-co-creacio-del-projecte-unicas-dedicat-a-les-malalties-minoritaries-pediatriques\/#breadcrumb","itemListElement":[{"@type":"ListItem","position":1,"name":"Inici","item":"https:\/\/ticsalutsocial.atoom.space\/es\/"},{"@type":"ListItem","position":2,"name":"\u00c9xito del primer taller de cocreaci\u00f3n del proyecto UNICAS, dedicado a las enfermedades minoritarias pedi\u00e1tricas"}]},{"@type":"WebSite","@id":"https:\/\/ticsalutsocial.atoom.space\/es\/#website","url":"https:\/\/ticsalutsocial.atoom.space\/es\/","name":"Fundaci\u00f3 TIC Salut i Social","description":"","potentialAction":[{"@type":"SearchAction","target":{"@type":"EntryPoint","urlTemplate":"https:\/\/ticsalutsocial.atoom.space\/es\/?s={search_term_string}"},"query-input":{"@type":"PropertyValueSpecification","valueRequired":true,"valueName":"search_term_string"}}],"inLanguage":"es"}]}},"_links":{"self":[{"href":"https:\/\/ticsalutsocial.atoom.space\/es\/wp-json\/wp\/v2\/noticia\/23002","targetHints":{"allow":["GET"]}}],"collection":[{"href":"https:\/\/ticsalutsocial.atoom.space\/es\/wp-json\/wp\/v2\/noticia"}],"about":[{"href":"https:\/\/ticsalutsocial.atoom.space\/es\/wp-json\/wp\/v2\/types\/noticia"}],"author":[{"embeddable":true,"href":"https:\/\/ticsalutsocial.atoom.space\/es\/wp-json\/wp\/v2\/users\/3"}],"wp:featuredmedia":[{"embeddable":true,"href":"https:\/\/ticsalutsocial.atoom.space\/es\/wp-json\/wp\/v2\/media\/23001"}],"wp:attachment":[{"href":"https:\/\/ticsalutsocial.atoom.space\/es\/wp-json\/wp\/v2\/media?parent=23002"}],"wp:term":[{"taxonomy":"etiqueta","embeddable":true,"href":"https:\/\/ticsalutsocial.atoom.space\/es\/wp-json\/wp\/v2\/etiqueta?post=23002"},{"taxonomy":"tipus","embeddable":true,"href":"https:\/\/ticsalutsocial.atoom.space\/es\/wp-json\/wp\/v2\/tipus?post=23002"},{"taxonomy":"topic","embeddable":true,"href":"https:\/\/ticsalutsocial.atoom.space\/es\/wp-json\/wp\/v2\/topic?post=23002"}],"curies":[{"name":"wp","href":"https:\/\/api.w.org\/{rel}","templated":true}]}}