
{"id":23152,"date":"2023-11-10T10:54:11","date_gmt":"2023-11-10T08:54:11","guid":{"rendered":"https:\/\/ticsalutsocial.atoom.space\/noticia\/latencio-social-i-sanitaria-integrada-i-la-tecnologia-ajuden-a-oferir-millors-serveis-i-gestionar-de-manera-eficient-els-recursos-disponibles\/"},"modified":"2023-11-13T14:23:24","modified_gmt":"2023-11-13T12:23:24","slug":"latencio-social-i-sanitaria-integrada-i-la-tecnologia-ajuden-a-oferir-millors-serveis-i-gestionar-de-manera-eficient-els-recursos-disponibles","status":"publish","type":"noticia","link":"https:\/\/ticsalutsocial.atoom.space\/es\/noticia\/latencio-social-i-sanitaria-integrada-i-la-tecnologia-ajuden-a-oferir-millors-serveis-i-gestionar-de-manera-eficient-els-recursos-disponibles\/","title":{"rendered":"\u201dLa atenci\u00f3n social y sanitaria integrada y la tecnolog\u00eda ayudan a ofrecer mejores servicios y gestionar de manera eficiente los recursos disponibles\u201d"},"content":{"rendered":"\n<p>El pasado 2 de noviembre el Paraninfo de la facultad de Medicina de la Universidad de Barcelona acogi\u00f3 la presentaci\u00f3n de los proyectos de fin del <a href=\"https:\/\/www.il3.ub.edu\/ca\/master-gestio-integral-serveis-atencio-primaria\" target=\"_blank\" rel=\"noreferrer noopener\">m\u00e1ster en Gesti\u00f3n Integral de Servicios en Atenci\u00f3n Primaria, Sociales y Hospitalarios GESAPH<\/a>, impartido por el Instituto de Formaci\u00f3n Continua IL3 -UB.<\/p>\n\n\n\n<p>Durante la clausura, Carles Campuzano, consejero de Derechos Sociales de la Generalitat de Catalunya, puso de manifiesto c\u00f3mo \u00abla atenci\u00f3n social y sanitaria integrada y la tecnolog\u00eda ayudan a ofrecer mejores servicios y gestionar de manera eficiente los recursos disponibles\u00bb. En este sentido, el consejero explic\u00f3 c\u00f3mo la atenci\u00f3n integrada y la inversi\u00f3n en tecnolog\u00eda se presentan como dos herramientas para dar respuesta a uno de los grandes retos sociales y de pa\u00eds: el envejecimiento demogr\u00e1fico. El consejero de Derechos Sociales apunt\u00f3 el papel clave de la Fundaci\u00f3n TIC Salut Social \u00aben el apoyo al despliegue de estas herramientas en el momento actual de trabajo intenso\u00bb.<\/p>\n\n\n\n<p>La Fundaci\u00f3n avanza como espacio de innovaci\u00f3n tecnol\u00f3gica en el sector social. Actualmente, el Departamento de Derechos Sociales y la Fundaci\u00f3n colaboran a trav\u00e9s de proyectos relacionados con evaluaci\u00f3n tecnol\u00f3gica y transformaci\u00f3n digital de los Servicios Sociales. Tambi\u00e9n en el acompa\u00f1amiento y el impulso de la Agencia de Atenci\u00f3n Integrada Social y Sanitaria (AGAISS).<\/p>\n\n\n\n<p>Seg\u00fan Carles Campuzano, el AGAISS es el instrumento de gobernanza para desplegar el modelo de atenci\u00f3n integrada pero los verdaderos protagonistas son los municipios y territorios donde se interrelacionan las personas usuarias, profesionales y centros asistenciales y de cuidados.<\/p>\n\n\n\n<h2 class=\"wp-block-heading\"><strong>Los ocho proyectos del m\u00e1ster GESAPH 2022 23<\/strong><\/h2>\n\n\n\n<p>Este programa de formaci\u00f3n dota a las personas participantes de los conocimientos y t\u00e9cnicas propias de direcci\u00f3n y atenci\u00f3n integrada asistencial, formando y entrenando conjuntamente a profesionales del \u00e1mbito de la salud, social y comunitario. El alumnado expuso el desarrollo y resultado de sus proyectos finales de m\u00e1ster frente a profesionales y expertos en la atenci\u00f3n integrada.<\/p>\n\n\n\n<p>El Dr. Josep Maria Grego, director del M\u00e1ster GESAPH, present\u00f3 los <a href=\"https:\/\/www.il3.ub.edu\/ca\/noticies\/el-master-gesaph-2022-23-presenta-els-projectes-i-els-premis-als-millors-treballs\" target=\"_blank\" rel=\"noreferrer noopener\">ocho trabajos finales de m\u00e1ster de la edici\u00f3n 2022-23<\/a> y que han tratado sobre distintos \u00e1mbitos de la atenci\u00f3n integrada. Proyectos que tratan desde la prevenci\u00f3n y detecci\u00f3n precoz de la soledad no deseada de los preadolescentes hasta programas de atenci\u00f3n integrada a personas con diagn\u00f3stico de enfermedades cr\u00f3nicas, pasando por el bienestar emocional de los cuidadores informales.<\/p>\n\n\n\n<figure class=\"wp-block-image size-full\"><img loading=\"lazy\" decoding=\"async\" width=\"2560\" height=\"1707\" src=\"https:\/\/ticsalutsocial.atoom.space\/wp-content\/uploads\/2023\/11\/158-scaled.jpeg\" alt=\"\" class=\"wp-image-23149\" srcset=\"https:\/\/ticsalutsocial.atoom.space\/wp-content\/uploads\/2023\/11\/158-scaled.jpeg 2560w, https:\/\/ticsalutsocial.atoom.space\/wp-content\/uploads\/2023\/11\/158-300x200.jpeg 300w, https:\/\/ticsalutsocial.atoom.space\/wp-content\/uploads\/2023\/11\/158-1024x683.jpeg 1024w, https:\/\/ticsalutsocial.atoom.space\/wp-content\/uploads\/2023\/11\/158-768x512.jpeg 768w, https:\/\/ticsalutsocial.atoom.space\/wp-content\/uploads\/2023\/11\/158-1536x1024.jpeg 1536w, https:\/\/ticsalutsocial.atoom.space\/wp-content\/uploads\/2023\/11\/158-2048x1365.jpeg 2048w\" sizes=\"auto, (max-width: 2560px) 100vw, 2560px\" \/><\/figure>\n\n\n\n<p>La entrega de premios, a cargo del consejero de Derechos Sociales y del director de estrategia en atenci\u00f3n integrada del Departamento de Salud, Jordi Ambl\u00e0s, tuvo un doble primer premio compuesto por una dotaci\u00f3n de 1500 \u20ac y el servicio de acompa\u00f1amiento en escalabilidad del proyecto, valorado tambi\u00e9n en 1500\u20ac. Los proyectos ganadores fueron <em>Respira cuidador<\/em> y <em>TOSTEMP AMASSA<\/em>.<\/p>\n\n\n\n<p><em>TOSTEMP AMASSA<\/em>, en aran\u00e9s <em>siempre unidos<\/em>, consiste en un programa de atenci\u00f3n integrada para personas con enfermedades cr\u00f3nicas y vulnerabilidad social en entornos rurales. Tiene un componente tecnol\u00f3gico basado en una App de uso sanitario y de detecci\u00f3n de necesidades sociales. Consiste en ofrecer apoyo a profesionales, cuidadores y usuarios para realizar seguimiento de la enfermedad y la situaci\u00f3n social detectando signos y s\u00edntomas de alerta.<\/p>\n","protected":false},"author":3,"featured_media":23148,"menu_order":0,"template":"","meta":{"_acf_changed":false,"inline_featured_image":false},"etiqueta":[],"tipus":[94],"topic":[],"class_list":["post-23152","noticia","type-noticia","status-publish","has-post-thumbnail","hentry","tipus-integracion-social-y-sanitaria"],"acf":{"autor":"","imatge":23148,"textos_destacats":[{"texte":"Actualmente, el Departamento de Derechos Sociales y la Fundaci\u00f3n colaboran a trav\u00e9s de proyectos relacionados con evaluaci\u00f3n tecnol\u00f3gica y transformaci\u00f3n digital de los Servicios Sociales"}],"documents":false,"finalitzat":false,"tipus_plantilla":"objectius","template_objectius":{"cont_principal":"","imatge":false,"cont_seguent":{"titol":"","contingut":""},"seccio_llistat":{"titol":"","llistat":false},"objectius":{"titol":"","objectius":false},"documents":false}},"yoast_head":"<!-- This site is optimized with the Yoast SEO plugin v27.1.1 - https:\/\/yoast.com\/product\/yoast-seo-wordpress\/ -->\n<title>\u201dLa atenci\u00f3n social y sanitaria integrada y la tecnolog\u00eda ayudan a ofrecer mejores servicios y gestionar de manera eficiente los recursos disponibles\u201d - Fundaci\u00f3 TIC Salut i Social<\/title>\n<meta name=\"description\" content=\"El 2 de noviembre el Paraninfo de la facultad de Medicina de la UB acogi\u00f3 la presentaci\u00f3n de los proyectos de fin del M\u00e1ster en Gesti\u00f3n Integral de Servicios en Atenci\u00f3n Primaria, Sociales y Hospitalarios GESAPH.\" \/>\n<meta name=\"robots\" content=\"index, follow, max-snippet:-1, max-image-preview:large, max-video-preview:-1\" \/>\n<link rel=\"canonical\" href=\"https:\/\/ticsalutsocial.atoom.space\/es\/noticia\/latencio-social-i-sanitaria-integrada-i-la-tecnologia-ajuden-a-oferir-millors-serveis-i-gestionar-de-manera-eficient-els-recursos-disponibles\/\" \/>\n<meta property=\"og:locale\" content=\"es_ES\" \/>\n<meta property=\"og:type\" content=\"article\" \/>\n<meta property=\"og:title\" content=\"\u201dLa atenci\u00f3n social y sanitaria integrada y la tecnolog\u00eda ayudan a ofrecer mejores servicios y gestionar de manera eficiente los recursos disponibles\u201d - Fundaci\u00f3 TIC Salut i Social\" \/>\n<meta property=\"og:description\" content=\"El 2 de noviembre el Paraninfo de la facultad de Medicina de la UB acogi\u00f3 la presentaci\u00f3n de los proyectos de fin del M\u00e1ster en Gesti\u00f3n Integral de Servicios en Atenci\u00f3n Primaria, Sociales y Hospitalarios GESAPH.\" \/>\n<meta property=\"og:url\" content=\"https:\/\/ticsalutsocial.atoom.space\/es\/noticia\/latencio-social-i-sanitaria-integrada-i-la-tecnologia-ajuden-a-oferir-millors-serveis-i-gestionar-de-manera-eficient-els-recursos-disponibles\/\" \/>\n<meta property=\"og:site_name\" content=\"Fundaci\u00f3 TIC Salut i Social\" \/>\n<meta property=\"article:modified_time\" content=\"2023-11-13T12:23:24+00:00\" \/>\n<meta property=\"og:image\" content=\"https:\/\/ticsalutsocial.atoom.space\/wp-content\/uploads\/2023\/11\/foto-1.png\" \/>\n\t<meta property=\"og:image:width\" content=\"1280\" \/>\n\t<meta property=\"og:image:height\" content=\"960\" \/>\n\t<meta property=\"og:image:type\" content=\"image\/png\" \/>\n<meta name=\"twitter:card\" content=\"summary_large_image\" \/>\n<meta name=\"twitter:label1\" content=\"Tiempo de lectura\" \/>\n\t<meta name=\"twitter:data1\" content=\"3 minutos\" \/>\n<script type=\"application\/ld+json\" class=\"yoast-schema-graph\">{\"@context\":\"https:\/\/schema.org\",\"@graph\":[{\"@type\":\"WebPage\",\"@id\":\"https:\/\/ticsalutsocial.atoom.space\/es\/noticia\/latencio-social-i-sanitaria-integrada-i-la-tecnologia-ajuden-a-oferir-millors-serveis-i-gestionar-de-manera-eficient-els-recursos-disponibles\/\",\"url\":\"https:\/\/ticsalutsocial.atoom.space\/es\/noticia\/latencio-social-i-sanitaria-integrada-i-la-tecnologia-ajuden-a-oferir-millors-serveis-i-gestionar-de-manera-eficient-els-recursos-disponibles\/\",\"name\":\"\u201dLa atenci\u00f3n social y sanitaria integrada y la tecnolog\u00eda ayudan a ofrecer mejores servicios y gestionar de manera eficiente los recursos disponibles\u201d - Fundaci\u00f3 TIC Salut i Social\",\"isPartOf\":{\"@id\":\"https:\/\/ticsalutsocial.atoom.space\/es\/#website\"},\"primaryImageOfPage\":{\"@id\":\"https:\/\/ticsalutsocial.atoom.space\/es\/noticia\/latencio-social-i-sanitaria-integrada-i-la-tecnologia-ajuden-a-oferir-millors-serveis-i-gestionar-de-manera-eficient-els-recursos-disponibles\/#primaryimage\"},\"image\":{\"@id\":\"https:\/\/ticsalutsocial.atoom.space\/es\/noticia\/latencio-social-i-sanitaria-integrada-i-la-tecnologia-ajuden-a-oferir-millors-serveis-i-gestionar-de-manera-eficient-els-recursos-disponibles\/#primaryimage\"},\"thumbnailUrl\":\"https:\/\/ticsalutsocial.atoom.space\/wp-content\/uploads\/2023\/11\/foto-1.png\",\"datePublished\":\"2023-11-10T08:54:11+00:00\",\"dateModified\":\"2023-11-13T12:23:24+00:00\",\"description\":\"El 2 de noviembre el Paraninfo de la facultad de Medicina de la UB acogi\u00f3 la presentaci\u00f3n de los proyectos de fin del M\u00e1ster en Gesti\u00f3n Integral de Servicios en Atenci\u00f3n Primaria, Sociales y Hospitalarios GESAPH.\",\"breadcrumb\":{\"@id\":\"https:\/\/ticsalutsocial.atoom.space\/es\/noticia\/latencio-social-i-sanitaria-integrada-i-la-tecnologia-ajuden-a-oferir-millors-serveis-i-gestionar-de-manera-eficient-els-recursos-disponibles\/#breadcrumb\"},\"inLanguage\":\"es\",\"potentialAction\":[{\"@type\":\"ReadAction\",\"target\":[\"https:\/\/ticsalutsocial.atoom.space\/es\/noticia\/latencio-social-i-sanitaria-integrada-i-la-tecnologia-ajuden-a-oferir-millors-serveis-i-gestionar-de-manera-eficient-els-recursos-disponibles\/\"]}]},{\"@type\":\"ImageObject\",\"inLanguage\":\"es\",\"@id\":\"https:\/\/ticsalutsocial.atoom.space\/es\/noticia\/latencio-social-i-sanitaria-integrada-i-la-tecnologia-ajuden-a-oferir-millors-serveis-i-gestionar-de-manera-eficient-els-recursos-disponibles\/#primaryimage\",\"url\":\"https:\/\/ticsalutsocial.atoom.space\/wp-content\/uploads\/2023\/11\/foto-1.png\",\"contentUrl\":\"https:\/\/ticsalutsocial.atoom.space\/wp-content\/uploads\/2023\/11\/foto-1.png\",\"width\":1280,\"height\":960},{\"@type\":\"BreadcrumbList\",\"@id\":\"https:\/\/ticsalutsocial.atoom.space\/es\/noticia\/latencio-social-i-sanitaria-integrada-i-la-tecnologia-ajuden-a-oferir-millors-serveis-i-gestionar-de-manera-eficient-els-recursos-disponibles\/#breadcrumb\",\"itemListElement\":[{\"@type\":\"ListItem\",\"position\":1,\"name\":\"Inici\",\"item\":\"https:\/\/ticsalutsocial.atoom.space\/es\/\"},{\"@type\":\"ListItem\",\"position\":2,\"name\":\"\u201dLa atenci\u00f3n social y sanitaria integrada y la tecnolog\u00eda ayudan a ofrecer mejores servicios y gestionar de manera eficiente los recursos disponibles\u201d\"}]},{\"@type\":\"WebSite\",\"@id\":\"https:\/\/ticsalutsocial.atoom.space\/es\/#website\",\"url\":\"https:\/\/ticsalutsocial.atoom.space\/es\/\",\"name\":\"Fundaci\u00f3 TIC Salut i Social\",\"description\":\"\",\"potentialAction\":[{\"@type\":\"SearchAction\",\"target\":{\"@type\":\"EntryPoint\",\"urlTemplate\":\"https:\/\/ticsalutsocial.atoom.space\/es\/?s={search_term_string}\"},\"query-input\":{\"@type\":\"PropertyValueSpecification\",\"valueRequired\":true,\"valueName\":\"search_term_string\"}}],\"inLanguage\":\"es\"}]}<\/script>\n<!-- \/ Yoast SEO plugin. -->","yoast_head_json":{"title":"\u201dLa atenci\u00f3n social y sanitaria integrada y la tecnolog\u00eda ayudan a ofrecer mejores servicios y gestionar de manera eficiente los recursos disponibles\u201d - Fundaci\u00f3 TIC Salut i Social","description":"El 2 de noviembre el Paraninfo de la facultad de Medicina de la UB acogi\u00f3 la presentaci\u00f3n de los proyectos de fin del M\u00e1ster en Gesti\u00f3n Integral de Servicios en Atenci\u00f3n Primaria, Sociales y Hospitalarios GESAPH.","robots":{"index":"index","follow":"follow","max-snippet":"max-snippet:-1","max-image-preview":"max-image-preview:large","max-video-preview":"max-video-preview:-1"},"canonical":"https:\/\/ticsalutsocial.atoom.space\/es\/noticia\/latencio-social-i-sanitaria-integrada-i-la-tecnologia-ajuden-a-oferir-millors-serveis-i-gestionar-de-manera-eficient-els-recursos-disponibles\/","og_locale":"es_ES","og_type":"article","og_title":"\u201dLa atenci\u00f3n social y sanitaria integrada y la tecnolog\u00eda ayudan a ofrecer mejores servicios y gestionar de manera eficiente los recursos disponibles\u201d - Fundaci\u00f3 TIC Salut i Social","og_description":"El 2 de noviembre el Paraninfo de la facultad de Medicina de la UB acogi\u00f3 la presentaci\u00f3n de los proyectos de fin del M\u00e1ster en Gesti\u00f3n Integral de Servicios en Atenci\u00f3n Primaria, Sociales y Hospitalarios GESAPH.","og_url":"https:\/\/ticsalutsocial.atoom.space\/es\/noticia\/latencio-social-i-sanitaria-integrada-i-la-tecnologia-ajuden-a-oferir-millors-serveis-i-gestionar-de-manera-eficient-els-recursos-disponibles\/","og_site_name":"Fundaci\u00f3 TIC Salut i Social","article_modified_time":"2023-11-13T12:23:24+00:00","og_image":[{"width":1280,"height":960,"url":"https:\/\/ticsalutsocial.atoom.space\/wp-content\/uploads\/2023\/11\/foto-1.png","type":"image\/png"}],"twitter_card":"summary_large_image","twitter_misc":{"Tiempo de lectura":"3 minutos"},"schema":{"@context":"https:\/\/schema.org","@graph":[{"@type":"WebPage","@id":"https:\/\/ticsalutsocial.atoom.space\/es\/noticia\/latencio-social-i-sanitaria-integrada-i-la-tecnologia-ajuden-a-oferir-millors-serveis-i-gestionar-de-manera-eficient-els-recursos-disponibles\/","url":"https:\/\/ticsalutsocial.atoom.space\/es\/noticia\/latencio-social-i-sanitaria-integrada-i-la-tecnologia-ajuden-a-oferir-millors-serveis-i-gestionar-de-manera-eficient-els-recursos-disponibles\/","name":"\u201dLa atenci\u00f3n social y sanitaria integrada y la tecnolog\u00eda ayudan a ofrecer mejores servicios y gestionar de manera eficiente los recursos disponibles\u201d - Fundaci\u00f3 TIC Salut i Social","isPartOf":{"@id":"https:\/\/ticsalutsocial.atoom.space\/es\/#website"},"primaryImageOfPage":{"@id":"https:\/\/ticsalutsocial.atoom.space\/es\/noticia\/latencio-social-i-sanitaria-integrada-i-la-tecnologia-ajuden-a-oferir-millors-serveis-i-gestionar-de-manera-eficient-els-recursos-disponibles\/#primaryimage"},"image":{"@id":"https:\/\/ticsalutsocial.atoom.space\/es\/noticia\/latencio-social-i-sanitaria-integrada-i-la-tecnologia-ajuden-a-oferir-millors-serveis-i-gestionar-de-manera-eficient-els-recursos-disponibles\/#primaryimage"},"thumbnailUrl":"https:\/\/ticsalutsocial.atoom.space\/wp-content\/uploads\/2023\/11\/foto-1.png","datePublished":"2023-11-10T08:54:11+00:00","dateModified":"2023-11-13T12:23:24+00:00","description":"El 2 de noviembre el Paraninfo de la facultad de Medicina de la UB acogi\u00f3 la presentaci\u00f3n de los proyectos de fin del M\u00e1ster en Gesti\u00f3n Integral de Servicios en Atenci\u00f3n Primaria, Sociales y Hospitalarios GESAPH.","breadcrumb":{"@id":"https:\/\/ticsalutsocial.atoom.space\/es\/noticia\/latencio-social-i-sanitaria-integrada-i-la-tecnologia-ajuden-a-oferir-millors-serveis-i-gestionar-de-manera-eficient-els-recursos-disponibles\/#breadcrumb"},"inLanguage":"es","potentialAction":[{"@type":"ReadAction","target":["https:\/\/ticsalutsocial.atoom.space\/es\/noticia\/latencio-social-i-sanitaria-integrada-i-la-tecnologia-ajuden-a-oferir-millors-serveis-i-gestionar-de-manera-eficient-els-recursos-disponibles\/"]}]},{"@type":"ImageObject","inLanguage":"es","@id":"https:\/\/ticsalutsocial.atoom.space\/es\/noticia\/latencio-social-i-sanitaria-integrada-i-la-tecnologia-ajuden-a-oferir-millors-serveis-i-gestionar-de-manera-eficient-els-recursos-disponibles\/#primaryimage","url":"https:\/\/ticsalutsocial.atoom.space\/wp-content\/uploads\/2023\/11\/foto-1.png","contentUrl":"https:\/\/ticsalutsocial.atoom.space\/wp-content\/uploads\/2023\/11\/foto-1.png","width":1280,"height":960},{"@type":"BreadcrumbList","@id":"https:\/\/ticsalutsocial.atoom.space\/es\/noticia\/latencio-social-i-sanitaria-integrada-i-la-tecnologia-ajuden-a-oferir-millors-serveis-i-gestionar-de-manera-eficient-els-recursos-disponibles\/#breadcrumb","itemListElement":[{"@type":"ListItem","position":1,"name":"Inici","item":"https:\/\/ticsalutsocial.atoom.space\/es\/"},{"@type":"ListItem","position":2,"name":"\u201dLa atenci\u00f3n social y sanitaria integrada y la tecnolog\u00eda ayudan a ofrecer mejores servicios y gestionar de manera eficiente los recursos disponibles\u201d"}]},{"@type":"WebSite","@id":"https:\/\/ticsalutsocial.atoom.space\/es\/#website","url":"https:\/\/ticsalutsocial.atoom.space\/es\/","name":"Fundaci\u00f3 TIC Salut i Social","description":"","potentialAction":[{"@type":"SearchAction","target":{"@type":"EntryPoint","urlTemplate":"https:\/\/ticsalutsocial.atoom.space\/es\/?s={search_term_string}"},"query-input":{"@type":"PropertyValueSpecification","valueRequired":true,"valueName":"search_term_string"}}],"inLanguage":"es"}]}},"_links":{"self":[{"href":"https:\/\/ticsalutsocial.atoom.space\/es\/wp-json\/wp\/v2\/noticia\/23152","targetHints":{"allow":["GET"]}}],"collection":[{"href":"https:\/\/ticsalutsocial.atoom.space\/es\/wp-json\/wp\/v2\/noticia"}],"about":[{"href":"https:\/\/ticsalutsocial.atoom.space\/es\/wp-json\/wp\/v2\/types\/noticia"}],"author":[{"embeddable":true,"href":"https:\/\/ticsalutsocial.atoom.space\/es\/wp-json\/wp\/v2\/users\/3"}],"wp:featuredmedia":[{"embeddable":true,"href":"https:\/\/ticsalutsocial.atoom.space\/es\/wp-json\/wp\/v2\/media\/23148"}],"wp:attachment":[{"href":"https:\/\/ticsalutsocial.atoom.space\/es\/wp-json\/wp\/v2\/media?parent=23152"}],"wp:term":[{"taxonomy":"etiqueta","embeddable":true,"href":"https:\/\/ticsalutsocial.atoom.space\/es\/wp-json\/wp\/v2\/etiqueta?post=23152"},{"taxonomy":"tipus","embeddable":true,"href":"https:\/\/ticsalutsocial.atoom.space\/es\/wp-json\/wp\/v2\/tipus?post=23152"},{"taxonomy":"topic","embeddable":true,"href":"https:\/\/ticsalutsocial.atoom.space\/es\/wp-json\/wp\/v2\/topic?post=23152"}],"curies":[{"name":"wp","href":"https:\/\/api.w.org\/{rel}","templated":true}]}}