
{"id":23276,"date":"2023-11-14T11:18:06","date_gmt":"2023-11-14T09:18:06","guid":{"rendered":"https:\/\/ticsalutsocial.atoom.space\/noticia\/vols-exposar-la-teva-startup-al-4yfn-del-mwc-2024\/"},"modified":"2023-11-14T11:23:25","modified_gmt":"2023-11-14T09:23:25","slug":"vols-exposar-la-teva-startup-al-4yfn-del-mwc-2024","status":"publish","type":"noticia","link":"https:\/\/ticsalutsocial.atoom.space\/es\/noticia\/vols-exposar-la-teva-startup-al-4yfn-del-mwc-2024\/","title":{"rendered":"\u00bfQuieres exponer tu startup en el 4YFN del MWC 2024?"},"content":{"rendered":"\n<p><strong>\u00bfQuieres exponer tu startup en el <a href=\"https:\/\/www.4yfn.com\/\" target=\"_blank\" rel=\"noreferrer noopener\">4YFN <\/a>del <a href=\"https:\/\/www.mwcbarcelona.com\/\" target=\"_blank\" rel=\"noreferrer noopener\">Mobile World Congress<\/a> (MWC) Barcelona? \u00bfTienes una startup tecnol\u00f3gica?<\/strong> \u00bfTe gustar\u00eda <strong>exponer tu empresa<\/strong> en el escenario m\u00e1s global? El congreso 4YFN, en el marco del MWC Barcelona, volver\u00e1 a ser el epicentro del ecosistema m\u00e1s innovador y la cita imprescindible para conectarte con inversores y emprendedores de todo el mundo. Este a\u00f1o, el congreso tendr\u00e1 lugar del 26 al 29 de febrero de 2024 en la Fira Gran Via Barcelona.<\/p>\n\n\n\n<p>Si tienes una startup de cualquier sector con una <strong>tecnolog\u00eda desarrollada y diferencial<\/strong>, ahora tienes la oportunidad de darte a conocer y ganar <strong>visibilidad internacional<\/strong> con un <strong>stand propio<\/strong> en la <strong>pr\u00f3xima edici\u00f3n del 4YFN<\/strong> que tendr\u00e1 lugar en Barcelona el pr\u00f3ximo mes de febrero.<\/p>\n\n\n\n<p>Adem\u00e1s, <strong>si tu startup trabaja en el \u00e1mbito de las ciencias de la vida<\/strong>, este 2024 tendr\u00e1 un protagonismo especial: podr\u00e1s exponer tus soluciones con otras startups del sector en un <strong>espacio coordinado por ACCI\u00d3, Biocat y la Fundaci\u00f3n TIC Salut Social<\/strong>. El <strong>Catalonia Health Innovation Ecosystem Pavilion<\/strong> en 4YFN 2024, ubicado en el Hall 8.0 ser\u00e1 el espacio para mostrar los mejores <strong>proyectos innovadores de startups del \u00e1mbito salud<\/strong>.<\/p>\n\n\n\n<p>No dejes escapar esta oportunidad de estar presente en uno de los eventos con mayor proyecci\u00f3n internacional para tu startup. Date prisa, <strong>la convocatoria est\u00e1 abierta hasta el 27 de noviembre<\/strong>.<\/p>\n\n\n\n<p><a href=\"https:\/\/formularis.accio.gencat.cat\/web\/formularis\/inscripcions\/-\/inscripcio\/2023\/11\/02\/xq7oP9HSyt89nz_z85jUAA\/sollicitud-de-participacio-al-4yfn\/?lang=ca_ES&amp;portal=accio&amp;_gl=1*naf99c*_ga*NjQxMDk2ODI3LjE2NzMyNzA2MTI.*_ga_6HSVZS0K1X*MTY5OTk0NjQzOC40LjEuMTY5OTk0NzEyOS4wLjAuMA..\" target=\"_blank\" rel=\"noreferrer noopener\"><strong>Para m\u00e1s informaci\u00f3n y solicitar tu stand, es necesario rellenar este formulario en la p\u00e1gina web de ACCI\u00d3.<\/strong><\/a><\/p>\n","protected":false},"author":3,"featured_media":23275,"menu_order":0,"template":"","meta":{"_acf_changed":false,"inline_featured_image":false},"etiqueta":[],"tipus":[],"topic":[],"class_list":["post-23276","noticia","type-noticia","status-publish","has-post-thumbnail","hentry"],"acf":{"autor":"","imatge":23275,"textos_destacats":[{"texte":"ACCI\u00d3, Biocat y la Fundaci\u00f3n TIC Salut Social coordinan un espacio para mostrar los mejores proyectos innovadores de startups del \u00e1mbito de la salud."}],"documents":false,"finalitzat":false,"tipus_plantilla":"objectius","template_objectius":{"cont_principal":"","imatge":false,"cont_seguent":{"titol":"","contingut":""},"seccio_llistat":{"titol":"","llistat":false},"objectius":{"titol":"","objectius":false},"documents":false}},"yoast_head":"<!-- This site is optimized with the Yoast SEO plugin v27.1.1 - https:\/\/yoast.com\/product\/yoast-seo-wordpress\/ -->\n<title>\u00bfQuieres exponer tu startup en el 4YFN del MWC 2024? - Fundaci\u00f3 TIC Salut i Social<\/title>\n<meta name=\"description\" content=\"El congreso 4YFN tendr\u00e1 lugar del 26 al 29 de febrero de 2024 en la Fira Gran Via Barcelona.\" \/>\n<meta name=\"robots\" content=\"index, follow, max-snippet:-1, max-image-preview:large, max-video-preview:-1\" \/>\n<link rel=\"canonical\" href=\"https:\/\/ticsalutsocial.atoom.space\/es\/noticia\/vols-exposar-la-teva-startup-al-4yfn-del-mwc-2024\/\" \/>\n<meta property=\"og:locale\" content=\"es_ES\" \/>\n<meta property=\"og:type\" content=\"article\" \/>\n<meta property=\"og:title\" content=\"\u00bfQuieres exponer tu startup en el 4YFN del MWC 2024? - Fundaci\u00f3 TIC Salut i Social\" \/>\n<meta property=\"og:description\" content=\"El congreso 4YFN tendr\u00e1 lugar del 26 al 29 de febrero de 2024 en la Fira Gran Via Barcelona.\" \/>\n<meta property=\"og:url\" content=\"https:\/\/ticsalutsocial.atoom.space\/es\/noticia\/vols-exposar-la-teva-startup-al-4yfn-del-mwc-2024\/\" \/>\n<meta property=\"og:site_name\" content=\"Fundaci\u00f3 TIC Salut i Social\" \/>\n<meta property=\"article:modified_time\" content=\"2023-11-14T09:23:25+00:00\" \/>\n<meta property=\"og:image\" content=\"https:\/\/ticsalutsocial.atoom.space\/wp-content\/uploads\/2023\/11\/4yfn-slider-2024.jpg_223078711.jpg\" \/>\n\t<meta property=\"og:image:width\" content=\"832\" \/>\n\t<meta property=\"og:image:height\" content=\"468\" \/>\n\t<meta property=\"og:image:type\" content=\"image\/jpeg\" \/>\n<meta name=\"twitter:card\" content=\"summary_large_image\" \/>\n<meta name=\"twitter:label1\" content=\"Tiempo de lectura\" \/>\n\t<meta name=\"twitter:data1\" content=\"2 minutos\" \/>\n<script type=\"application\/ld+json\" class=\"yoast-schema-graph\">{\"@context\":\"https:\/\/schema.org\",\"@graph\":[{\"@type\":\"WebPage\",\"@id\":\"https:\/\/ticsalutsocial.atoom.space\/es\/noticia\/vols-exposar-la-teva-startup-al-4yfn-del-mwc-2024\/\",\"url\":\"https:\/\/ticsalutsocial.atoom.space\/es\/noticia\/vols-exposar-la-teva-startup-al-4yfn-del-mwc-2024\/\",\"name\":\"\u00bfQuieres exponer tu startup en el 4YFN del MWC 2024? - Fundaci\u00f3 TIC Salut i Social\",\"isPartOf\":{\"@id\":\"https:\/\/ticsalutsocial.atoom.space\/es\/#website\"},\"primaryImageOfPage\":{\"@id\":\"https:\/\/ticsalutsocial.atoom.space\/es\/noticia\/vols-exposar-la-teva-startup-al-4yfn-del-mwc-2024\/#primaryimage\"},\"image\":{\"@id\":\"https:\/\/ticsalutsocial.atoom.space\/es\/noticia\/vols-exposar-la-teva-startup-al-4yfn-del-mwc-2024\/#primaryimage\"},\"thumbnailUrl\":\"https:\/\/ticsalutsocial.atoom.space\/wp-content\/uploads\/2023\/11\/4yfn-slider-2024.jpg_223078711.jpg\",\"datePublished\":\"2023-11-14T09:18:06+00:00\",\"dateModified\":\"2023-11-14T09:23:25+00:00\",\"description\":\"El congreso 4YFN tendr\u00e1 lugar del 26 al 29 de febrero de 2024 en la Fira Gran Via Barcelona.\",\"breadcrumb\":{\"@id\":\"https:\/\/ticsalutsocial.atoom.space\/es\/noticia\/vols-exposar-la-teva-startup-al-4yfn-del-mwc-2024\/#breadcrumb\"},\"inLanguage\":\"es\",\"potentialAction\":[{\"@type\":\"ReadAction\",\"target\":[\"https:\/\/ticsalutsocial.atoom.space\/es\/noticia\/vols-exposar-la-teva-startup-al-4yfn-del-mwc-2024\/\"]}]},{\"@type\":\"ImageObject\",\"inLanguage\":\"es\",\"@id\":\"https:\/\/ticsalutsocial.atoom.space\/es\/noticia\/vols-exposar-la-teva-startup-al-4yfn-del-mwc-2024\/#primaryimage\",\"url\":\"https:\/\/ticsalutsocial.atoom.space\/wp-content\/uploads\/2023\/11\/4yfn-slider-2024.jpg_223078711.jpg\",\"contentUrl\":\"https:\/\/ticsalutsocial.atoom.space\/wp-content\/uploads\/2023\/11\/4yfn-slider-2024.jpg_223078711.jpg\",\"width\":832,\"height\":468},{\"@type\":\"BreadcrumbList\",\"@id\":\"https:\/\/ticsalutsocial.atoom.space\/es\/noticia\/vols-exposar-la-teva-startup-al-4yfn-del-mwc-2024\/#breadcrumb\",\"itemListElement\":[{\"@type\":\"ListItem\",\"position\":1,\"name\":\"Inici\",\"item\":\"https:\/\/ticsalutsocial.atoom.space\/es\/\"},{\"@type\":\"ListItem\",\"position\":2,\"name\":\"\u00bfQuieres exponer tu startup en el 4YFN del MWC 2024?\"}]},{\"@type\":\"WebSite\",\"@id\":\"https:\/\/ticsalutsocial.atoom.space\/es\/#website\",\"url\":\"https:\/\/ticsalutsocial.atoom.space\/es\/\",\"name\":\"Fundaci\u00f3 TIC Salut i Social\",\"description\":\"\",\"potentialAction\":[{\"@type\":\"SearchAction\",\"target\":{\"@type\":\"EntryPoint\",\"urlTemplate\":\"https:\/\/ticsalutsocial.atoom.space\/es\/?s={search_term_string}\"},\"query-input\":{\"@type\":\"PropertyValueSpecification\",\"valueRequired\":true,\"valueName\":\"search_term_string\"}}],\"inLanguage\":\"es\"}]}<\/script>\n<!-- \/ Yoast SEO plugin. -->","yoast_head_json":{"title":"\u00bfQuieres exponer tu startup en el 4YFN del MWC 2024? - Fundaci\u00f3 TIC Salut i Social","description":"El congreso 4YFN tendr\u00e1 lugar del 26 al 29 de febrero de 2024 en la Fira Gran Via Barcelona.","robots":{"index":"index","follow":"follow","max-snippet":"max-snippet:-1","max-image-preview":"max-image-preview:large","max-video-preview":"max-video-preview:-1"},"canonical":"https:\/\/ticsalutsocial.atoom.space\/es\/noticia\/vols-exposar-la-teva-startup-al-4yfn-del-mwc-2024\/","og_locale":"es_ES","og_type":"article","og_title":"\u00bfQuieres exponer tu startup en el 4YFN del MWC 2024? - Fundaci\u00f3 TIC Salut i Social","og_description":"El congreso 4YFN tendr\u00e1 lugar del 26 al 29 de febrero de 2024 en la Fira Gran Via Barcelona.","og_url":"https:\/\/ticsalutsocial.atoom.space\/es\/noticia\/vols-exposar-la-teva-startup-al-4yfn-del-mwc-2024\/","og_site_name":"Fundaci\u00f3 TIC Salut i Social","article_modified_time":"2023-11-14T09:23:25+00:00","og_image":[{"width":832,"height":468,"url":"https:\/\/ticsalutsocial.atoom.space\/wp-content\/uploads\/2023\/11\/4yfn-slider-2024.jpg_223078711.jpg","type":"image\/jpeg"}],"twitter_card":"summary_large_image","twitter_misc":{"Tiempo de lectura":"2 minutos"},"schema":{"@context":"https:\/\/schema.org","@graph":[{"@type":"WebPage","@id":"https:\/\/ticsalutsocial.atoom.space\/es\/noticia\/vols-exposar-la-teva-startup-al-4yfn-del-mwc-2024\/","url":"https:\/\/ticsalutsocial.atoom.space\/es\/noticia\/vols-exposar-la-teva-startup-al-4yfn-del-mwc-2024\/","name":"\u00bfQuieres exponer tu startup en el 4YFN del MWC 2024? - Fundaci\u00f3 TIC Salut i Social","isPartOf":{"@id":"https:\/\/ticsalutsocial.atoom.space\/es\/#website"},"primaryImageOfPage":{"@id":"https:\/\/ticsalutsocial.atoom.space\/es\/noticia\/vols-exposar-la-teva-startup-al-4yfn-del-mwc-2024\/#primaryimage"},"image":{"@id":"https:\/\/ticsalutsocial.atoom.space\/es\/noticia\/vols-exposar-la-teva-startup-al-4yfn-del-mwc-2024\/#primaryimage"},"thumbnailUrl":"https:\/\/ticsalutsocial.atoom.space\/wp-content\/uploads\/2023\/11\/4yfn-slider-2024.jpg_223078711.jpg","datePublished":"2023-11-14T09:18:06+00:00","dateModified":"2023-11-14T09:23:25+00:00","description":"El congreso 4YFN tendr\u00e1 lugar del 26 al 29 de febrero de 2024 en la Fira Gran Via Barcelona.","breadcrumb":{"@id":"https:\/\/ticsalutsocial.atoom.space\/es\/noticia\/vols-exposar-la-teva-startup-al-4yfn-del-mwc-2024\/#breadcrumb"},"inLanguage":"es","potentialAction":[{"@type":"ReadAction","target":["https:\/\/ticsalutsocial.atoom.space\/es\/noticia\/vols-exposar-la-teva-startup-al-4yfn-del-mwc-2024\/"]}]},{"@type":"ImageObject","inLanguage":"es","@id":"https:\/\/ticsalutsocial.atoom.space\/es\/noticia\/vols-exposar-la-teva-startup-al-4yfn-del-mwc-2024\/#primaryimage","url":"https:\/\/ticsalutsocial.atoom.space\/wp-content\/uploads\/2023\/11\/4yfn-slider-2024.jpg_223078711.jpg","contentUrl":"https:\/\/ticsalutsocial.atoom.space\/wp-content\/uploads\/2023\/11\/4yfn-slider-2024.jpg_223078711.jpg","width":832,"height":468},{"@type":"BreadcrumbList","@id":"https:\/\/ticsalutsocial.atoom.space\/es\/noticia\/vols-exposar-la-teva-startup-al-4yfn-del-mwc-2024\/#breadcrumb","itemListElement":[{"@type":"ListItem","position":1,"name":"Inici","item":"https:\/\/ticsalutsocial.atoom.space\/es\/"},{"@type":"ListItem","position":2,"name":"\u00bfQuieres exponer tu startup en el 4YFN del MWC 2024?"}]},{"@type":"WebSite","@id":"https:\/\/ticsalutsocial.atoom.space\/es\/#website","url":"https:\/\/ticsalutsocial.atoom.space\/es\/","name":"Fundaci\u00f3 TIC Salut i Social","description":"","potentialAction":[{"@type":"SearchAction","target":{"@type":"EntryPoint","urlTemplate":"https:\/\/ticsalutsocial.atoom.space\/es\/?s={search_term_string}"},"query-input":{"@type":"PropertyValueSpecification","valueRequired":true,"valueName":"search_term_string"}}],"inLanguage":"es"}]}},"_links":{"self":[{"href":"https:\/\/ticsalutsocial.atoom.space\/es\/wp-json\/wp\/v2\/noticia\/23276","targetHints":{"allow":["GET"]}}],"collection":[{"href":"https:\/\/ticsalutsocial.atoom.space\/es\/wp-json\/wp\/v2\/noticia"}],"about":[{"href":"https:\/\/ticsalutsocial.atoom.space\/es\/wp-json\/wp\/v2\/types\/noticia"}],"author":[{"embeddable":true,"href":"https:\/\/ticsalutsocial.atoom.space\/es\/wp-json\/wp\/v2\/users\/3"}],"wp:featuredmedia":[{"embeddable":true,"href":"https:\/\/ticsalutsocial.atoom.space\/es\/wp-json\/wp\/v2\/media\/23275"}],"wp:attachment":[{"href":"https:\/\/ticsalutsocial.atoom.space\/es\/wp-json\/wp\/v2\/media?parent=23276"}],"wp:term":[{"taxonomy":"etiqueta","embeddable":true,"href":"https:\/\/ticsalutsocial.atoom.space\/es\/wp-json\/wp\/v2\/etiqueta?post=23276"},{"taxonomy":"tipus","embeddable":true,"href":"https:\/\/ticsalutsocial.atoom.space\/es\/wp-json\/wp\/v2\/tipus?post=23276"},{"taxonomy":"topic","embeddable":true,"href":"https:\/\/ticsalutsocial.atoom.space\/es\/wp-json\/wp\/v2\/topic?post=23276"}],"curies":[{"name":"wp","href":"https:\/\/api.w.org\/{rel}","templated":true}]}}