
{"id":23524,"date":"2023-11-21T13:46:17","date_gmt":"2023-11-21T11:46:17","guid":{"rendered":"https:\/\/ticsalutsocial.atoom.space\/noticia\/enquesta-sobre-limpacte-de-la-intelligencia-artificial-generativa-en-leducacio-per-a-la-salut\/"},"modified":"2023-11-22T10:08:19","modified_gmt":"2023-11-22T08:08:19","slug":"enquesta-sobre-limpacte-de-la-intelligencia-artificial-generativa-en-leducacio-per-a-la-salut","status":"publish","type":"noticia","link":"https:\/\/ticsalutsocial.atoom.space\/es\/noticia\/enquesta-sobre-limpacte-de-la-intelligencia-artificial-generativa-en-leducacio-per-a-la-salut\/","title":{"rendered":"Encuesta sobre el impacto de la inteligencia artificial generativa en la educaci\u00f3n para la salud"},"content":{"rendered":"\n<p>La Escuela de Salud de Sant Joan de D\u00e9u, con la colaboraci\u00f3n de la Fundaci\u00f3n TIC Salut Social e InneX, ha publicado una encuesta dirigida a la ciudadan\u00eda sobre el impacto de inteligencia artificial generativa en el \u00e1mbito sanitario y, especialmente, en los procesos de educaci\u00f3n para la salud de la ciudadan\u00eda.<\/p>\n\n\n\n<p>El objetivo de la encuesta es percibir su opini\u00f3n para dise\u00f1ar acciones espec\u00edficas que contribuyan a una mejora de la alfabetizaci\u00f3n en salud de la poblaci\u00f3n.<\/p>\n\n\n\n<p>La encuesta es an\u00f3nima, tiene una duraci\u00f3n aproximada de 10 minutos y permanecer\u00e1 abierta hasta el 4 de diciembre.<\/p>\n\n\n\n<p><a href=\"https:\/\/onsanity.typeform.com\/iagas-cat?typeform-source=escolasalut.sjdhospitalbarcelona.org\" target=\"_blank\" rel=\"noreferrer noopener\"><strong>Accede a la encuesta en ese enlace.<\/strong><\/a><\/p>\n","protected":false},"author":3,"featured_media":23519,"menu_order":0,"template":"","meta":{"_acf_changed":false,"inline_featured_image":false},"etiqueta":[],"tipus":[879],"topic":[],"class_list":["post-23524","noticia","type-noticia","status-publish","has-post-thumbnail","hentry","tipus-inteligencia-artificial"],"acf":{"autor":"","imatge":23519,"textos_destacats":[{"texte":"La Escuela de Salud de Sant Joan de D\u00e9u ha publicado una encuesta dirigida a la ciudadan\u00eda, con la colaboraci\u00f3n de la Fundaci\u00f3 TIC Salut Social e InneX."}],"documents":false,"finalitzat":false,"tipus_plantilla":"objectius","template_objectius":{"cont_principal":"","imatge":false,"cont_seguent":{"titol":"","contingut":""},"seccio_llistat":{"titol":"","llistat":false},"objectius":{"titol":"","objectius":false},"documents":false}},"yoast_head":"<!-- This site is optimized with the Yoast SEO plugin v27.1.1 - https:\/\/yoast.com\/product\/yoast-seo-wordpress\/ -->\n<title>Encuesta sobre el impacto de la inteligencia artificial generativa en la educaci\u00f3n para la salud - Fundaci\u00f3 TIC Salut i Social<\/title>\n<meta name=\"robots\" content=\"index, follow, max-snippet:-1, max-image-preview:large, max-video-preview:-1\" \/>\n<link rel=\"canonical\" href=\"https:\/\/ticsalutsocial.atoom.space\/es\/noticia\/enquesta-sobre-limpacte-de-la-intelligencia-artificial-generativa-en-leducacio-per-a-la-salut\/\" \/>\n<meta property=\"og:locale\" content=\"es_ES\" \/>\n<meta property=\"og:type\" content=\"article\" \/>\n<meta property=\"og:title\" content=\"Encuesta sobre el impacto de la inteligencia artificial generativa en la educaci\u00f3n para la salud - Fundaci\u00f3 TIC Salut i Social\" \/>\n<meta property=\"og:description\" content=\"La Escuela de Salud de Sant Joan de D\u00e9u, con la colaboraci\u00f3n de la Fundaci\u00f3n TIC Salut Social e InneX, ha publicado una encuesta dirigida a la ciudadan\u00eda sobre el impacto de inteligencia artificial generativa en el \u00e1mbito sanitario y, especialmente, en los procesos de educaci\u00f3n para la salud de la ciudadan\u00eda. El objetivo de [&hellip;]\" \/>\n<meta property=\"og:url\" content=\"https:\/\/ticsalutsocial.atoom.space\/es\/noticia\/enquesta-sobre-limpacte-de-la-intelligencia-artificial-generativa-en-leducacio-per-a-la-salut\/\" \/>\n<meta property=\"og:site_name\" content=\"Fundaci\u00f3 TIC Salut i Social\" \/>\n<meta property=\"article:modified_time\" content=\"2023-11-22T08:08:19+00:00\" \/>\n<meta property=\"og:image\" content=\"https:\/\/ticsalutsocial.atoom.space\/wp-content\/uploads\/2023\/11\/MicrosoftTeams-image-47-1024x558.jpg\" \/>\n\t<meta property=\"og:image:width\" content=\"1024\" \/>\n\t<meta property=\"og:image:height\" content=\"558\" \/>\n\t<meta property=\"og:image:type\" content=\"image\/jpeg\" \/>\n<meta name=\"twitter:card\" content=\"summary_large_image\" \/>\n<meta name=\"twitter:label1\" content=\"Tiempo de lectura\" \/>\n\t<meta name=\"twitter:data1\" content=\"1 minuto\" \/>\n<script type=\"application\/ld+json\" class=\"yoast-schema-graph\">{\"@context\":\"https:\/\/schema.org\",\"@graph\":[{\"@type\":\"WebPage\",\"@id\":\"https:\/\/ticsalutsocial.atoom.space\/es\/noticia\/enquesta-sobre-limpacte-de-la-intelligencia-artificial-generativa-en-leducacio-per-a-la-salut\/\",\"url\":\"https:\/\/ticsalutsocial.atoom.space\/es\/noticia\/enquesta-sobre-limpacte-de-la-intelligencia-artificial-generativa-en-leducacio-per-a-la-salut\/\",\"name\":\"Encuesta sobre el impacto de la inteligencia artificial generativa en la educaci\u00f3n para la salud - Fundaci\u00f3 TIC Salut i Social\",\"isPartOf\":{\"@id\":\"https:\/\/ticsalutsocial.atoom.space\/es\/#website\"},\"primaryImageOfPage\":{\"@id\":\"https:\/\/ticsalutsocial.atoom.space\/es\/noticia\/enquesta-sobre-limpacte-de-la-intelligencia-artificial-generativa-en-leducacio-per-a-la-salut\/#primaryimage\"},\"image\":{\"@id\":\"https:\/\/ticsalutsocial.atoom.space\/es\/noticia\/enquesta-sobre-limpacte-de-la-intelligencia-artificial-generativa-en-leducacio-per-a-la-salut\/#primaryimage\"},\"thumbnailUrl\":\"https:\/\/ticsalutsocial.atoom.space\/wp-content\/uploads\/2023\/11\/MicrosoftTeams-image-47.jpg\",\"datePublished\":\"2023-11-21T11:46:17+00:00\",\"dateModified\":\"2023-11-22T08:08:19+00:00\",\"breadcrumb\":{\"@id\":\"https:\/\/ticsalutsocial.atoom.space\/es\/noticia\/enquesta-sobre-limpacte-de-la-intelligencia-artificial-generativa-en-leducacio-per-a-la-salut\/#breadcrumb\"},\"inLanguage\":\"es\",\"potentialAction\":[{\"@type\":\"ReadAction\",\"target\":[\"https:\/\/ticsalutsocial.atoom.space\/es\/noticia\/enquesta-sobre-limpacte-de-la-intelligencia-artificial-generativa-en-leducacio-per-a-la-salut\/\"]}]},{\"@type\":\"ImageObject\",\"inLanguage\":\"es\",\"@id\":\"https:\/\/ticsalutsocial.atoom.space\/es\/noticia\/enquesta-sobre-limpacte-de-la-intelligencia-artificial-generativa-en-leducacio-per-a-la-salut\/#primaryimage\",\"url\":\"https:\/\/ticsalutsocial.atoom.space\/wp-content\/uploads\/2023\/11\/MicrosoftTeams-image-47.jpg\",\"contentUrl\":\"https:\/\/ticsalutsocial.atoom.space\/wp-content\/uploads\/2023\/11\/MicrosoftTeams-image-47.jpg\",\"width\":9504,\"height\":5175,\"caption\":\"Medical technology concept. Remote medicine. Electronic medical record.\"},{\"@type\":\"BreadcrumbList\",\"@id\":\"https:\/\/ticsalutsocial.atoom.space\/es\/noticia\/enquesta-sobre-limpacte-de-la-intelligencia-artificial-generativa-en-leducacio-per-a-la-salut\/#breadcrumb\",\"itemListElement\":[{\"@type\":\"ListItem\",\"position\":1,\"name\":\"Inici\",\"item\":\"https:\/\/ticsalutsocial.atoom.space\/es\/\"},{\"@type\":\"ListItem\",\"position\":2,\"name\":\"Encuesta sobre el impacto de la inteligencia artificial generativa en la educaci\u00f3n para la salud\"}]},{\"@type\":\"WebSite\",\"@id\":\"https:\/\/ticsalutsocial.atoom.space\/es\/#website\",\"url\":\"https:\/\/ticsalutsocial.atoom.space\/es\/\",\"name\":\"Fundaci\u00f3 TIC Salut i Social\",\"description\":\"\",\"potentialAction\":[{\"@type\":\"SearchAction\",\"target\":{\"@type\":\"EntryPoint\",\"urlTemplate\":\"https:\/\/ticsalutsocial.atoom.space\/es\/?s={search_term_string}\"},\"query-input\":{\"@type\":\"PropertyValueSpecification\",\"valueRequired\":true,\"valueName\":\"search_term_string\"}}],\"inLanguage\":\"es\"}]}<\/script>\n<!-- \/ Yoast SEO plugin. -->","yoast_head_json":{"title":"Encuesta sobre el impacto de la inteligencia artificial generativa en la educaci\u00f3n para la salud - Fundaci\u00f3 TIC Salut i Social","robots":{"index":"index","follow":"follow","max-snippet":"max-snippet:-1","max-image-preview":"max-image-preview:large","max-video-preview":"max-video-preview:-1"},"canonical":"https:\/\/ticsalutsocial.atoom.space\/es\/noticia\/enquesta-sobre-limpacte-de-la-intelligencia-artificial-generativa-en-leducacio-per-a-la-salut\/","og_locale":"es_ES","og_type":"article","og_title":"Encuesta sobre el impacto de la inteligencia artificial generativa en la educaci\u00f3n para la salud - Fundaci\u00f3 TIC Salut i Social","og_description":"La Escuela de Salud de Sant Joan de D\u00e9u, con la colaboraci\u00f3n de la Fundaci\u00f3n TIC Salut Social e InneX, ha publicado una encuesta dirigida a la ciudadan\u00eda sobre el impacto de inteligencia artificial generativa en el \u00e1mbito sanitario y, especialmente, en los procesos de educaci\u00f3n para la salud de la ciudadan\u00eda. El objetivo de [&hellip;]","og_url":"https:\/\/ticsalutsocial.atoom.space\/es\/noticia\/enquesta-sobre-limpacte-de-la-intelligencia-artificial-generativa-en-leducacio-per-a-la-salut\/","og_site_name":"Fundaci\u00f3 TIC Salut i Social","article_modified_time":"2023-11-22T08:08:19+00:00","og_image":[{"width":1024,"height":558,"url":"https:\/\/ticsalutsocial.atoom.space\/wp-content\/uploads\/2023\/11\/MicrosoftTeams-image-47-1024x558.jpg","type":"image\/jpeg"}],"twitter_card":"summary_large_image","twitter_misc":{"Tiempo de lectura":"1 minuto"},"schema":{"@context":"https:\/\/schema.org","@graph":[{"@type":"WebPage","@id":"https:\/\/ticsalutsocial.atoom.space\/es\/noticia\/enquesta-sobre-limpacte-de-la-intelligencia-artificial-generativa-en-leducacio-per-a-la-salut\/","url":"https:\/\/ticsalutsocial.atoom.space\/es\/noticia\/enquesta-sobre-limpacte-de-la-intelligencia-artificial-generativa-en-leducacio-per-a-la-salut\/","name":"Encuesta sobre el impacto de la inteligencia artificial generativa en la educaci\u00f3n para la salud - Fundaci\u00f3 TIC Salut i Social","isPartOf":{"@id":"https:\/\/ticsalutsocial.atoom.space\/es\/#website"},"primaryImageOfPage":{"@id":"https:\/\/ticsalutsocial.atoom.space\/es\/noticia\/enquesta-sobre-limpacte-de-la-intelligencia-artificial-generativa-en-leducacio-per-a-la-salut\/#primaryimage"},"image":{"@id":"https:\/\/ticsalutsocial.atoom.space\/es\/noticia\/enquesta-sobre-limpacte-de-la-intelligencia-artificial-generativa-en-leducacio-per-a-la-salut\/#primaryimage"},"thumbnailUrl":"https:\/\/ticsalutsocial.atoom.space\/wp-content\/uploads\/2023\/11\/MicrosoftTeams-image-47.jpg","datePublished":"2023-11-21T11:46:17+00:00","dateModified":"2023-11-22T08:08:19+00:00","breadcrumb":{"@id":"https:\/\/ticsalutsocial.atoom.space\/es\/noticia\/enquesta-sobre-limpacte-de-la-intelligencia-artificial-generativa-en-leducacio-per-a-la-salut\/#breadcrumb"},"inLanguage":"es","potentialAction":[{"@type":"ReadAction","target":["https:\/\/ticsalutsocial.atoom.space\/es\/noticia\/enquesta-sobre-limpacte-de-la-intelligencia-artificial-generativa-en-leducacio-per-a-la-salut\/"]}]},{"@type":"ImageObject","inLanguage":"es","@id":"https:\/\/ticsalutsocial.atoom.space\/es\/noticia\/enquesta-sobre-limpacte-de-la-intelligencia-artificial-generativa-en-leducacio-per-a-la-salut\/#primaryimage","url":"https:\/\/ticsalutsocial.atoom.space\/wp-content\/uploads\/2023\/11\/MicrosoftTeams-image-47.jpg","contentUrl":"https:\/\/ticsalutsocial.atoom.space\/wp-content\/uploads\/2023\/11\/MicrosoftTeams-image-47.jpg","width":9504,"height":5175,"caption":"Medical technology concept. Remote medicine. Electronic medical record."},{"@type":"BreadcrumbList","@id":"https:\/\/ticsalutsocial.atoom.space\/es\/noticia\/enquesta-sobre-limpacte-de-la-intelligencia-artificial-generativa-en-leducacio-per-a-la-salut\/#breadcrumb","itemListElement":[{"@type":"ListItem","position":1,"name":"Inici","item":"https:\/\/ticsalutsocial.atoom.space\/es\/"},{"@type":"ListItem","position":2,"name":"Encuesta sobre el impacto de la inteligencia artificial generativa en la educaci\u00f3n para la salud"}]},{"@type":"WebSite","@id":"https:\/\/ticsalutsocial.atoom.space\/es\/#website","url":"https:\/\/ticsalutsocial.atoom.space\/es\/","name":"Fundaci\u00f3 TIC Salut i Social","description":"","potentialAction":[{"@type":"SearchAction","target":{"@type":"EntryPoint","urlTemplate":"https:\/\/ticsalutsocial.atoom.space\/es\/?s={search_term_string}"},"query-input":{"@type":"PropertyValueSpecification","valueRequired":true,"valueName":"search_term_string"}}],"inLanguage":"es"}]}},"_links":{"self":[{"href":"https:\/\/ticsalutsocial.atoom.space\/es\/wp-json\/wp\/v2\/noticia\/23524","targetHints":{"allow":["GET"]}}],"collection":[{"href":"https:\/\/ticsalutsocial.atoom.space\/es\/wp-json\/wp\/v2\/noticia"}],"about":[{"href":"https:\/\/ticsalutsocial.atoom.space\/es\/wp-json\/wp\/v2\/types\/noticia"}],"author":[{"embeddable":true,"href":"https:\/\/ticsalutsocial.atoom.space\/es\/wp-json\/wp\/v2\/users\/3"}],"wp:featuredmedia":[{"embeddable":true,"href":"https:\/\/ticsalutsocial.atoom.space\/es\/wp-json\/wp\/v2\/media\/23519"}],"wp:attachment":[{"href":"https:\/\/ticsalutsocial.atoom.space\/es\/wp-json\/wp\/v2\/media?parent=23524"}],"wp:term":[{"taxonomy":"etiqueta","embeddable":true,"href":"https:\/\/ticsalutsocial.atoom.space\/es\/wp-json\/wp\/v2\/etiqueta?post=23524"},{"taxonomy":"tipus","embeddable":true,"href":"https:\/\/ticsalutsocial.atoom.space\/es\/wp-json\/wp\/v2\/tipus?post=23524"},{"taxonomy":"topic","embeddable":true,"href":"https:\/\/ticsalutsocial.atoom.space\/es\/wp-json\/wp\/v2\/topic?post=23524"}],"curies":[{"name":"wp","href":"https:\/\/api.w.org\/{rel}","templated":true}]}}