
{"id":23685,"date":"2023-11-15T12:23:06","date_gmt":"2023-11-15T10:23:06","guid":{"rendered":"https:\/\/ticsalutsocial.atoom.space\/noticia\/la-5g-pot-millorar-els-serveis-domiciliaris-de-salut-a-zones-rurals\/"},"modified":"2023-11-27T11:55:07","modified_gmt":"2023-11-27T09:55:07","slug":"la-5g-pot-millorar-els-serveis-domiciliaris-de-salut-a-zones-rurals","status":"publish","type":"noticia","link":"https:\/\/ticsalutsocial.atoom.space\/es\/noticia\/la-5g-pot-millorar-els-serveis-domiciliaris-de-salut-a-zones-rurals\/","title":{"rendered":"El 5G puede mejorar los servicios domiciliarios de salud en zonas rurales"},"content":{"rendered":"\n<p>La subdirectora de Infraestructuras Digitales y Comunicaciones Electr\u00f3nicas de la Generalitat, Cristina Campillo, y el director de la Fundaci\u00f3n TIC Salut Social, Joan Guanyabens, han presentado hoy en M\u00f3ra d&#8217;Ebre los resultados de una prueba piloto en el \u00e1mbito de la salud y el 5G realizada sobre dos casos de uso: una ecograf\u00eda m\u00f3vil y un sistema de monitorizaci\u00f3n de enfermos cr\u00f3nicos a domicilio.<\/p>\n\n\n\n<p>Desde la Secretar\u00eda de Telecomunicaciones y Transformaci\u00f3n Digital y la Fundaci\u00f3n i2CAT se est\u00e1 impulsando el proyecto TDA 5G Rural. Uno de los objetivos de este proyecto es identificar casos de uso que puedan ayudar al despliegue de la red 5G en entornos rurales de Catalu\u00f1a, a corto y medio plazo y, al mismo tiempo, poner la tecnolog\u00eda al servicio de la ciudadan\u00eda. Gracias a esta estrategia, y en el entorno del \u00e1rea 5G de las Terres de l&#8217;Ebre, se est\u00e1 trabajando la implementaci\u00f3n de la 5G en el entorno de salud, con la colaboraci\u00f3n de la Fundaci\u00f3n TIC Salut Social .<\/p>\n\n\n\n<p>Tal y como ha apuntado Guanyabens, \u00ab<strong>el despliegue de la 5G en zonas rurales como las Terres de l&#8217;Ebre es una oportunidad clave para incorporar mejoras en los procesos asistenciales y los servicios basados en teleasistencia como la monitorizaci\u00f3n remota en salud<\/strong>\u00ab.<\/p>\n\n\n\n<p>Por su parte, la subdirectora de infraestructuras ha incidido en que \u201c<strong>la estrategia de despliegue de tecnolog\u00eda digital avanzada en el territorio democratiza su acceso y equilibra la igualdad de oportunidades de las personas, vivan donde vivan<\/strong>\u201d.<\/p>\n\n\n\n<p>En el estudio ha participado el Consejo Comarcal de Ribera de l&#8217;Ebre, la Gerencia Territorial del ICS en las Terres de l&#8217;Ebre, SalutEbre, y profesionales asistenciales y de gerencia del Hospital de Tortosa, el Hospital Comarcal de Mora d&#8217;Ebre, el EAP Altebrat, el CAP Tortosa, el CAP Flix y del equipo de apoyo domiciliario del grupo Sagessa. \u00ab<strong>Iniciar un caso de uso sobre salud y 5G y con aplicaci\u00f3n inicial en las Terres de l&#8217;Ebre nos llena de orgullo y nos da todo el sentido al proyecto Coebrelab 5G<\/strong>\u00bb afirma el vicepresidente del Consejo Comarcal de la Ribera d&#8217;Ebre , y consejero responsable del \u00c1rea TIC, Jes\u00fas \u00c1lvarez, que destaca los \u201c<strong>muy buenos resultados a nivel tecnol\u00f3gico y sobre todo a nivel social que est\u00e1 dando la apuesta comarcal por el laboratorio de innovaci\u00f3n social y digital, que con casi veinte proyectos impulsados es la m\u00e1s activa de las nueve que hay en el pa\u00eds<\/strong>\u201d.<\/p>\n\n\n\n<h2 class=\"wp-block-heading\"><strong>Proyecto y casos de uso<\/strong><\/h2>\n\n\n\n<p>La regi\u00f3n de las Terres de l&#8217;Ebre fue seleccionada para llevar a cabo la prueba piloto por su condici\u00f3n de regi\u00f3n altamente rural, conformada por un gran n\u00famero de municipios con poca poblaci\u00f3n. Dado el bajo n\u00famero de habitantes, el n\u00famero de centros sanitarios disponibles en el territorio es reducido y \u00e9stos se encuentran alejados de algunos de los municipios, obligando a pacientes y profesionales sanitarios a desplazarse.<\/p>\n\n\n\n<p>El objetivo de este proyecto ha sido definir, desplegar y testear diferentes escenarios de servicios sanitarios remotos, teniendo en cuenta las opciones tecnol\u00f3gicas que ofrece la 5G en las Terres de l&#8217;Ebre. Despu\u00e9s de analizar distintos escenarios m\u00e9dicos, el grupo de trabajo estableci\u00f3 que el piloto tendr\u00eda dos casos de uso: la ecograf\u00eda m\u00f3vil y la monitorizaci\u00f3n de enfermos cr\u00f3nicos.<\/p>\n\n\n\n<p>Por un lado, el resultado de las pruebas constata que la cobertura 5G permite la transmisi\u00f3n de im\u00e1genes de ecograf\u00edas sin las alteraciones que provoca la cobertura 4G. La ecograf\u00eda m\u00f3vil, por tanto, emerge como un caso de uso clave aplicable al \u00e1mbito de la salud ya que posibilita la creaci\u00f3n de un CAP m\u00f3vil, habilitando un veh\u00edculo sanitario equipado con un ec\u00f3grafo, que permita llevar esta tecnolog\u00eda directamente en las zonas que lo requieran. Esta proximidad puede aumentar la detecci\u00f3n precoz de enfermedades o afecciones que requieren una r\u00e1pida respuesta.<\/p>\n\n\n\n<p>Por otra parte, en el caso del escenario de monitorizaci\u00f3n de cr\u00f3nicos, el informe determina que la configuraci\u00f3n de los equipos debe realizarla un profesional t\u00e9cnico, y que es necesario realizar una configuraci\u00f3n personalizada para cada usuario, lo que implica una mayor complejidad para su despliegue. Sin embargo, el uso domiciliario por parte del paciente, una vez configurado, es muy sencillo para personas que tengan una habilidad tecnol\u00f3gica baja pero no es posible para individuos sin conocimientos b\u00e1sicos del uso de las TIC.<\/p>\n\n\n\n<h2 class=\"wp-block-heading\"><strong>TDA 5G RURAL: Tecnolog\u00edas Digitales Avanzadas para el despliegue del 5G en zonas rurales de Catalu\u00f1a<\/strong><\/h2>\n\n\n\n<p>TDA 5G Rural es un proyecto de investigaci\u00f3n e innovaci\u00f3n impulsado por la Generalidad de Catalu\u00f1a en el marco de su estrategia Digital Catalonia y liderado por la Fundaci\u00f3 i2CAT. Pretende definir un modelo de despliegue de la tecnolog\u00eda 5G con las m\u00e1ximas prestaciones y con la m\u00ednima inversi\u00f3n para acelerar el despliegue en las zonas rurales de Catalu\u00f1a y as\u00ed mejorar su competitividad y servicios. El objetivo principal es combatir la brecha digital en nuestro pa\u00eds a trav\u00e9s de un nuevo modelo basado en la colaboraci\u00f3n p\u00fablico-privada y de compartici\u00f3n de infraestructura activa.<\/p>\n\n\n\n<p>Gracias a los aprendizajes de la prueba piloto en las Terres de l&#8217;Ebre, las entidades participantes en el informe ahora trabajan para validar un 5G <em>Medical kit<\/em> para un servicio de CAP m\u00f3vil que pueda proveer de servicios sanitarios domiciliarios a 4.000 n\u00facleos secundarios con m\u00e1s de 400.000 habitantes en las 6 regiones sanitarias no metropolitanas de Catalu\u00f1a.<\/p>\n\n\n\n<p>Puede descargarse el informe completo en<strong> <\/strong><a href=\"https:\/\/i2cat.net\/tda-5g-rural\/\" target=\"_blank\" rel=\"noreferrer noopener\">https:\/\/i2cat.net\/tda-5g-rural\/<\/a><\/p>\n","protected":false},"author":3,"featured_media":23373,"menu_order":0,"template":"","meta":{"_acf_changed":false,"inline_featured_image":false},"etiqueta":[],"tipus":[],"topic":[],"class_list":["post-23685","noticia","type-noticia","status-publish","has-post-thumbnail","hentry"],"acf":{"autor":"","imatge":23373,"textos_destacats":[{"texte":" Ho constata l\u2019informe de la prova pilot sobre l\u2019\u00fas de la tecnologia 5G per a serveis sanitaris a l\u2019entorn domiciliari al laboratori 5G de Terres de l\u2019Ebre. L\u2019acompanyaven els responsables de les entitats que han dut a terme les proves, Fundaci\u00f3 TIC Salut Social i Fundaci\u00f3 i2CAT"}],"finalitzat":false,"tipus_plantilla":"objectius","template_objectius":{"cont_principal":"","imatge":false,"cont_seguent":{"titol":"","contingut":""},"seccio_llistat":{"titol":"","llistat":false},"objectius":{"titol":"","objectius":false},"documents":false},"documents":false},"yoast_head":"<!-- This site is optimized with the Yoast SEO plugin v27.1.1 - https:\/\/yoast.com\/product\/yoast-seo-wordpress\/ -->\n<title>El 5G puede mejorar los servicios domiciliarios de salud en zonas rurales - Fundaci\u00f3 TIC Salut i Social<\/title>\n<meta name=\"description\" content=\"S&#039;han presentat avui a M\u00f3ra d\u2019Ebre els resultats d\u2019una prova pilot en l\u2019\u00e0mbit de la salut i la 5G realitzada sobre dos casos d\u2019\u00fas.\" \/>\n<meta name=\"robots\" content=\"index, follow, max-snippet:-1, max-image-preview:large, max-video-preview:-1\" \/>\n<link rel=\"canonical\" href=\"https:\/\/ticsalutsocial.atoom.space\/es\/noticia\/la-5g-pot-millorar-els-serveis-domiciliaris-de-salut-a-zones-rurals\/\" \/>\n<meta property=\"og:locale\" content=\"es_ES\" \/>\n<meta property=\"og:type\" content=\"article\" \/>\n<meta property=\"og:title\" content=\"El 5G puede mejorar los servicios domiciliarios de salud en zonas rurales - Fundaci\u00f3 TIC Salut i Social\" \/>\n<meta property=\"og:description\" content=\"S&#039;han presentat avui a M\u00f3ra d\u2019Ebre els resultats d\u2019una prova pilot en l\u2019\u00e0mbit de la salut i la 5G realitzada sobre dos casos d\u2019\u00fas.\" \/>\n<meta property=\"og:url\" content=\"https:\/\/ticsalutsocial.atoom.space\/es\/noticia\/la-5g-pot-millorar-els-serveis-domiciliaris-de-salut-a-zones-rurals\/\" \/>\n<meta property=\"og:site_name\" content=\"Fundaci\u00f3 TIC Salut i Social\" \/>\n<meta property=\"article:modified_time\" content=\"2023-11-27T09:55:07+00:00\" \/>\n<meta property=\"og:image\" content=\"https:\/\/ticsalutsocial.atoom.space\/wp-content\/uploads\/2023\/11\/ac6719c0-2a31-4e64-8ff0-4ffd7b5edf87.jpg\" \/>\n\t<meta property=\"og:image:width\" content=\"1600\" \/>\n\t<meta property=\"og:image:height\" content=\"1070\" \/>\n\t<meta property=\"og:image:type\" content=\"image\/jpeg\" \/>\n<meta name=\"twitter:card\" content=\"summary_large_image\" \/>\n<meta name=\"twitter:label1\" content=\"Tiempo de lectura\" \/>\n\t<meta name=\"twitter:data1\" content=\"5 minutos\" \/>\n<script type=\"application\/ld+json\" class=\"yoast-schema-graph\">{\"@context\":\"https:\/\/schema.org\",\"@graph\":[{\"@type\":\"WebPage\",\"@id\":\"https:\/\/ticsalutsocial.atoom.space\/es\/noticia\/la-5g-pot-millorar-els-serveis-domiciliaris-de-salut-a-zones-rurals\/\",\"url\":\"https:\/\/ticsalutsocial.atoom.space\/es\/noticia\/la-5g-pot-millorar-els-serveis-domiciliaris-de-salut-a-zones-rurals\/\",\"name\":\"El 5G puede mejorar los servicios domiciliarios de salud en zonas rurales - Fundaci\u00f3 TIC Salut i Social\",\"isPartOf\":{\"@id\":\"https:\/\/ticsalutsocial.atoom.space\/es\/#website\"},\"primaryImageOfPage\":{\"@id\":\"https:\/\/ticsalutsocial.atoom.space\/es\/noticia\/la-5g-pot-millorar-els-serveis-domiciliaris-de-salut-a-zones-rurals\/#primaryimage\"},\"image\":{\"@id\":\"https:\/\/ticsalutsocial.atoom.space\/es\/noticia\/la-5g-pot-millorar-els-serveis-domiciliaris-de-salut-a-zones-rurals\/#primaryimage\"},\"thumbnailUrl\":\"https:\/\/ticsalutsocial.atoom.space\/wp-content\/uploads\/2023\/11\/ac6719c0-2a31-4e64-8ff0-4ffd7b5edf87.jpg\",\"datePublished\":\"2023-11-15T10:23:06+00:00\",\"dateModified\":\"2023-11-27T09:55:07+00:00\",\"description\":\"S'han presentat avui a M\u00f3ra d\u2019Ebre els resultats d\u2019una prova pilot en l\u2019\u00e0mbit de la salut i la 5G realitzada sobre dos casos d\u2019\u00fas.\",\"breadcrumb\":{\"@id\":\"https:\/\/ticsalutsocial.atoom.space\/es\/noticia\/la-5g-pot-millorar-els-serveis-domiciliaris-de-salut-a-zones-rurals\/#breadcrumb\"},\"inLanguage\":\"es\",\"potentialAction\":[{\"@type\":\"ReadAction\",\"target\":[\"https:\/\/ticsalutsocial.atoom.space\/es\/noticia\/la-5g-pot-millorar-els-serveis-domiciliaris-de-salut-a-zones-rurals\/\"]}]},{\"@type\":\"ImageObject\",\"inLanguage\":\"es\",\"@id\":\"https:\/\/ticsalutsocial.atoom.space\/es\/noticia\/la-5g-pot-millorar-els-serveis-domiciliaris-de-salut-a-zones-rurals\/#primaryimage\",\"url\":\"https:\/\/ticsalutsocial.atoom.space\/wp-content\/uploads\/2023\/11\/ac6719c0-2a31-4e64-8ff0-4ffd7b5edf87.jpg\",\"contentUrl\":\"https:\/\/ticsalutsocial.atoom.space\/wp-content\/uploads\/2023\/11\/ac6719c0-2a31-4e64-8ff0-4ffd7b5edf87.jpg\",\"width\":1600,\"height\":1070},{\"@type\":\"BreadcrumbList\",\"@id\":\"https:\/\/ticsalutsocial.atoom.space\/es\/noticia\/la-5g-pot-millorar-els-serveis-domiciliaris-de-salut-a-zones-rurals\/#breadcrumb\",\"itemListElement\":[{\"@type\":\"ListItem\",\"position\":1,\"name\":\"Inici\",\"item\":\"https:\/\/ticsalutsocial.atoom.space\/es\/\"},{\"@type\":\"ListItem\",\"position\":2,\"name\":\"El 5G puede mejorar los servicios domiciliarios de salud en zonas rurales\"}]},{\"@type\":\"WebSite\",\"@id\":\"https:\/\/ticsalutsocial.atoom.space\/es\/#website\",\"url\":\"https:\/\/ticsalutsocial.atoom.space\/es\/\",\"name\":\"Fundaci\u00f3 TIC Salut i Social\",\"description\":\"\",\"potentialAction\":[{\"@type\":\"SearchAction\",\"target\":{\"@type\":\"EntryPoint\",\"urlTemplate\":\"https:\/\/ticsalutsocial.atoom.space\/es\/?s={search_term_string}\"},\"query-input\":{\"@type\":\"PropertyValueSpecification\",\"valueRequired\":true,\"valueName\":\"search_term_string\"}}],\"inLanguage\":\"es\"}]}<\/script>\n<!-- \/ Yoast SEO plugin. -->","yoast_head_json":{"title":"El 5G puede mejorar los servicios domiciliarios de salud en zonas rurales - Fundaci\u00f3 TIC Salut i Social","description":"S'han presentat avui a M\u00f3ra d\u2019Ebre els resultats d\u2019una prova pilot en l\u2019\u00e0mbit de la salut i la 5G realitzada sobre dos casos d\u2019\u00fas.","robots":{"index":"index","follow":"follow","max-snippet":"max-snippet:-1","max-image-preview":"max-image-preview:large","max-video-preview":"max-video-preview:-1"},"canonical":"https:\/\/ticsalutsocial.atoom.space\/es\/noticia\/la-5g-pot-millorar-els-serveis-domiciliaris-de-salut-a-zones-rurals\/","og_locale":"es_ES","og_type":"article","og_title":"El 5G puede mejorar los servicios domiciliarios de salud en zonas rurales - Fundaci\u00f3 TIC Salut i Social","og_description":"S'han presentat avui a M\u00f3ra d\u2019Ebre els resultats d\u2019una prova pilot en l\u2019\u00e0mbit de la salut i la 5G realitzada sobre dos casos d\u2019\u00fas.","og_url":"https:\/\/ticsalutsocial.atoom.space\/es\/noticia\/la-5g-pot-millorar-els-serveis-domiciliaris-de-salut-a-zones-rurals\/","og_site_name":"Fundaci\u00f3 TIC Salut i Social","article_modified_time":"2023-11-27T09:55:07+00:00","og_image":[{"width":1600,"height":1070,"url":"https:\/\/ticsalutsocial.atoom.space\/wp-content\/uploads\/2023\/11\/ac6719c0-2a31-4e64-8ff0-4ffd7b5edf87.jpg","type":"image\/jpeg"}],"twitter_card":"summary_large_image","twitter_misc":{"Tiempo de lectura":"5 minutos"},"schema":{"@context":"https:\/\/schema.org","@graph":[{"@type":"WebPage","@id":"https:\/\/ticsalutsocial.atoom.space\/es\/noticia\/la-5g-pot-millorar-els-serveis-domiciliaris-de-salut-a-zones-rurals\/","url":"https:\/\/ticsalutsocial.atoom.space\/es\/noticia\/la-5g-pot-millorar-els-serveis-domiciliaris-de-salut-a-zones-rurals\/","name":"El 5G puede mejorar los servicios domiciliarios de salud en zonas rurales - Fundaci\u00f3 TIC Salut i Social","isPartOf":{"@id":"https:\/\/ticsalutsocial.atoom.space\/es\/#website"},"primaryImageOfPage":{"@id":"https:\/\/ticsalutsocial.atoom.space\/es\/noticia\/la-5g-pot-millorar-els-serveis-domiciliaris-de-salut-a-zones-rurals\/#primaryimage"},"image":{"@id":"https:\/\/ticsalutsocial.atoom.space\/es\/noticia\/la-5g-pot-millorar-els-serveis-domiciliaris-de-salut-a-zones-rurals\/#primaryimage"},"thumbnailUrl":"https:\/\/ticsalutsocial.atoom.space\/wp-content\/uploads\/2023\/11\/ac6719c0-2a31-4e64-8ff0-4ffd7b5edf87.jpg","datePublished":"2023-11-15T10:23:06+00:00","dateModified":"2023-11-27T09:55:07+00:00","description":"S'han presentat avui a M\u00f3ra d\u2019Ebre els resultats d\u2019una prova pilot en l\u2019\u00e0mbit de la salut i la 5G realitzada sobre dos casos d\u2019\u00fas.","breadcrumb":{"@id":"https:\/\/ticsalutsocial.atoom.space\/es\/noticia\/la-5g-pot-millorar-els-serveis-domiciliaris-de-salut-a-zones-rurals\/#breadcrumb"},"inLanguage":"es","potentialAction":[{"@type":"ReadAction","target":["https:\/\/ticsalutsocial.atoom.space\/es\/noticia\/la-5g-pot-millorar-els-serveis-domiciliaris-de-salut-a-zones-rurals\/"]}]},{"@type":"ImageObject","inLanguage":"es","@id":"https:\/\/ticsalutsocial.atoom.space\/es\/noticia\/la-5g-pot-millorar-els-serveis-domiciliaris-de-salut-a-zones-rurals\/#primaryimage","url":"https:\/\/ticsalutsocial.atoom.space\/wp-content\/uploads\/2023\/11\/ac6719c0-2a31-4e64-8ff0-4ffd7b5edf87.jpg","contentUrl":"https:\/\/ticsalutsocial.atoom.space\/wp-content\/uploads\/2023\/11\/ac6719c0-2a31-4e64-8ff0-4ffd7b5edf87.jpg","width":1600,"height":1070},{"@type":"BreadcrumbList","@id":"https:\/\/ticsalutsocial.atoom.space\/es\/noticia\/la-5g-pot-millorar-els-serveis-domiciliaris-de-salut-a-zones-rurals\/#breadcrumb","itemListElement":[{"@type":"ListItem","position":1,"name":"Inici","item":"https:\/\/ticsalutsocial.atoom.space\/es\/"},{"@type":"ListItem","position":2,"name":"El 5G puede mejorar los servicios domiciliarios de salud en zonas rurales"}]},{"@type":"WebSite","@id":"https:\/\/ticsalutsocial.atoom.space\/es\/#website","url":"https:\/\/ticsalutsocial.atoom.space\/es\/","name":"Fundaci\u00f3 TIC Salut i Social","description":"","potentialAction":[{"@type":"SearchAction","target":{"@type":"EntryPoint","urlTemplate":"https:\/\/ticsalutsocial.atoom.space\/es\/?s={search_term_string}"},"query-input":{"@type":"PropertyValueSpecification","valueRequired":true,"valueName":"search_term_string"}}],"inLanguage":"es"}]}},"_links":{"self":[{"href":"https:\/\/ticsalutsocial.atoom.space\/es\/wp-json\/wp\/v2\/noticia\/23685","targetHints":{"allow":["GET"]}}],"collection":[{"href":"https:\/\/ticsalutsocial.atoom.space\/es\/wp-json\/wp\/v2\/noticia"}],"about":[{"href":"https:\/\/ticsalutsocial.atoom.space\/es\/wp-json\/wp\/v2\/types\/noticia"}],"author":[{"embeddable":true,"href":"https:\/\/ticsalutsocial.atoom.space\/es\/wp-json\/wp\/v2\/users\/3"}],"wp:featuredmedia":[{"embeddable":true,"href":"https:\/\/ticsalutsocial.atoom.space\/es\/wp-json\/wp\/v2\/media\/23373"}],"wp:attachment":[{"href":"https:\/\/ticsalutsocial.atoom.space\/es\/wp-json\/wp\/v2\/media?parent=23685"}],"wp:term":[{"taxonomy":"etiqueta","embeddable":true,"href":"https:\/\/ticsalutsocial.atoom.space\/es\/wp-json\/wp\/v2\/etiqueta?post=23685"},{"taxonomy":"tipus","embeddable":true,"href":"https:\/\/ticsalutsocial.atoom.space\/es\/wp-json\/wp\/v2\/tipus?post=23685"},{"taxonomy":"topic","embeddable":true,"href":"https:\/\/ticsalutsocial.atoom.space\/es\/wp-json\/wp\/v2\/topic?post=23685"}],"curies":[{"name":"wp","href":"https:\/\/api.w.org\/{rel}","templated":true}]}}