
{"id":23852,"date":"2023-11-29T11:07:13","date_gmt":"2023-11-29T09:07:13","guid":{"rendered":"https:\/\/ticsalutsocial.atoom.space\/noticia\/els-equips-datencio-primaria-atendran-directament-els-usuaris-de-residencies-de-gent-gran-a-partir-de-lany-que-ve\/"},"modified":"2023-12-01T14:02:17","modified_gmt":"2023-12-01T12:02:17","slug":"els-equips-datencio-primaria-atendran-directament-els-usuaris-de-residencies-de-gent-gran-a-partir-de-lany-que-ve","status":"publish","type":"noticia","link":"https:\/\/ticsalutsocial.atoom.space\/es\/noticia\/els-equips-datencio-primaria-atendran-directament-els-usuaris-de-residencies-de-gent-gran-a-partir-de-lany-que-ve\/","title":{"rendered":"Los equipos de atenci\u00f3n primaria atender\u00e1n directamente a los usuarios de residencias de personas mayores a partir del pr\u00f3ximo a\u00f1o"},"content":{"rendered":"\n<p>Las personas que est\u00e1n viviendo en residencias de mayores podr\u00e1n ser atendidas all\u00ed mismo por equipos de atenci\u00f3n primaria (EAP). Se trata de una medida que ya se hab\u00eda ensayado durante la pandemia del Covid-19 y ahora se aplicar\u00e1 de forma estructural. El Gobierno invertir\u00e1 15 millones de euros, que se destinar\u00e1n a incorporar a 117 m\u00e9dicos y otras 130 enfermeras. El despliegue del nuevo modelo de atenci\u00f3n se realizar\u00e1 en el plazo de un a\u00f1o y empezar\u00e1 ya en los pr\u00f3ximos meses en los equipos que tienen un grado de coordinaci\u00f3n elevado con las residencias, que representan el 72% del total. El resto, a partir del segundo semestre de 2024.<\/p>\n\n\n\n<p>As\u00ed lo han anunciado el consejero de Salut, Manel Balcells; el consejero de Derechos Sociales, Carles Campuzano, y la portavoz del Gobierno, Patr\u00edcia Plaja, en la rueda de prensa posterior a la reuni\u00f3n del Ejecutivo.<\/p>\n\n\n\n<p>\u00ab<strong>Es una decisi\u00f3n trascendente, que cambia la atenci\u00f3n de personas fr\u00e1giles y que estamos seguros de que mejorar\u00e1 mucho su calidad de vida y su atenci\u00f3n<\/strong>\u00ab, ha manifestado Balcells. Para el titular de Salut, las personas que viven en una residencia \u201c<strong>est\u00e1n en su casa, es su domicilio habitual<\/strong>\u201d y, por tanto, \u201c<strong>deben tener la cobertura necesaria desde la atenci\u00f3n primaria como cualquier ciudadano<\/strong>\u201d.<\/p>\n\n\n\n<p>Seg\u00fan el consejero,\u00a0\u201c<strong>es una de las lecciones aprendidas de la pandemia: ten\u00edamos que ofrecer una atenci\u00f3n diferente a las personas residentes. Es una decisi\u00f3n que mejorar\u00e1 mucho su calidad de vida, una muestra de la integraci\u00f3n social y sanitaria, una visi\u00f3n conjunta que pone a la persona en el centro y que empieza a desplegarse en el marco de la futura Agencia de Atenci\u00f3n Social y Sanitaria<\/strong>\u201d.<\/p>\n\n\n\n<p>Actualmente, en Catalu\u00f1a hay 1.042 centros residenciales para las personas mayores \u2014 951 residencias y 91 hogares-residencia \u2014 con 61.498 plazas. Del total de 376 EAP, 317 (84,3%) tienen al menos una residencia asignada en su \u00e1rea de influencia.<\/p>\n\n\n\n<p>\u00ab<strong>Este acuerdo forma parte de la estrategia de despliegue de la atenci\u00f3n integrada social y sanitaria. El objetivo es que todas las personas mayores que viven en residencias sean atendidas por los centros de atenci\u00f3n primaria<\/strong>\u00ab, ha subrayado el consejero de Derechos Sociales , Carlos Campuzano.<\/p>\n\n\n\n<p>Las personas residentes suelen presentar necesidades significativas de atenci\u00f3n sanitaria: tienen una media de 9,2 enfermedades cr\u00f3nicas (con prevalencia del 57% de demencia); una mortalidad anual del 20% (el 50% tiene necesidades de atenci\u00f3n paliativa); casi el 90% se clasifica en las categor\u00edas de m\u00e1xima complejidad cl\u00ednica o de alto riesgo y el 97% tiene un elevado grado de dependencia.<\/p>\n\n\n\n<p>Seg\u00fan destac\u00f3 Campuzano, desde la pandemia ya se han llevado a cabo m\u00faltiples acciones y se han logrado mejoras, y se ha constatado que en muchos casos equipos y residencias ya trabajan de forma conjunta. As\u00ed, en los \u00faltimos doce meses el 92% de residentes ha sido visitado presencialmente por su enfermera del EAP, y el 65% por su m\u00e9dico. Se ha elaborado un censo espec\u00edfico de residencias y de residentes, que antes de la pandemia no exist\u00eda, y se ha realizado formaci\u00f3n conjunta a 15.532 profesionales de las residencias y los equipos de primaria, entre otras mejoras.<\/p>\n\n\n\n<p>Fuente: <a href=\"https:\/\/govern.cat\/gov\/acords-govern\/13421\/equips-datencio-primaria-atendran-directament-usuaris-res\" target=\"_blank\" rel=\"noreferrer noopener\">govern.cat<\/a><\/p>\n","protected":false},"author":3,"featured_media":23944,"menu_order":0,"template":"","meta":{"_acf_changed":false,"inline_featured_image":false},"etiqueta":[],"tipus":[94],"topic":[],"class_list":["post-23852","noticia","type-noticia","status-publish","has-post-thumbnail","hentry","tipus-integracion-social-y-sanitaria"],"acf":{"autor":"","imatge":23944,"textos_destacats":[{"texte":"Salut i Drets Socials despleguen l\u2019atenci\u00f3 integrada social i sanit\u00e0ria a tots els centres, que suposar\u00e0 la incorporaci\u00f3 de 117 metges i 130 infermeres<br \/>\r\n"}],"documents":false,"finalitzat":false,"tipus_plantilla":"objectius","template_objectius":{"cont_principal":"","imatge":false,"cont_seguent":{"titol":"","contingut":""},"seccio_llistat":{"titol":"","llistat":false},"objectius":{"titol":"","objectius":false},"documents":false}},"yoast_head":"<!-- This site is optimized with the Yoast SEO plugin v27.1.1 - https:\/\/yoast.com\/product\/yoast-seo-wordpress\/ -->\n<title>Los equipos de atenci\u00f3n primaria atender\u00e1n directamente a los usuarios de residencias de personas mayores a partir del pr\u00f3ximo a\u00f1o - Fundaci\u00f3 TIC Salut i Social<\/title>\n<meta name=\"description\" content=\"Las personas que est\u00e1n viviendo en residencias de mayores podr\u00e1n ser atendidas all\u00ed mismo por equipos de atenci\u00f3n primaria (EAP).\" \/>\n<meta name=\"robots\" content=\"index, follow, max-snippet:-1, max-image-preview:large, max-video-preview:-1\" \/>\n<link rel=\"canonical\" href=\"https:\/\/ticsalutsocial.atoom.space\/es\/noticia\/els-equips-datencio-primaria-atendran-directament-els-usuaris-de-residencies-de-gent-gran-a-partir-de-lany-que-ve\/\" \/>\n<meta property=\"og:locale\" content=\"es_ES\" \/>\n<meta property=\"og:type\" content=\"article\" \/>\n<meta property=\"og:title\" content=\"Los equipos de atenci\u00f3n primaria atender\u00e1n directamente a los usuarios de residencias de personas mayores a partir del pr\u00f3ximo a\u00f1o - Fundaci\u00f3 TIC Salut i Social\" \/>\n<meta property=\"og:description\" content=\"Las personas que est\u00e1n viviendo en residencias de mayores podr\u00e1n ser atendidas all\u00ed mismo por equipos de atenci\u00f3n primaria (EAP).\" \/>\n<meta property=\"og:url\" content=\"https:\/\/ticsalutsocial.atoom.space\/es\/noticia\/els-equips-datencio-primaria-atendran-directament-els-usuaris-de-residencies-de-gent-gran-a-partir-de-lany-que-ve\/\" \/>\n<meta property=\"og:site_name\" content=\"Fundaci\u00f3 TIC Salut i Social\" \/>\n<meta property=\"article:modified_time\" content=\"2023-12-01T12:02:17+00:00\" \/>\n<meta property=\"og:image\" content=\"https:\/\/ticsalutsocial.atoom.space\/wp-content\/uploads\/2023\/11\/foto_residencia-1.png\" \/>\n\t<meta property=\"og:image:width\" content=\"1280\" \/>\n\t<meta property=\"og:image:height\" content=\"960\" \/>\n\t<meta property=\"og:image:type\" content=\"image\/png\" \/>\n<meta name=\"twitter:card\" content=\"summary_large_image\" \/>\n<meta name=\"twitter:label1\" content=\"Tiempo de lectura\" \/>\n\t<meta name=\"twitter:data1\" content=\"3 minutos\" \/>\n<script type=\"application\/ld+json\" class=\"yoast-schema-graph\">{\"@context\":\"https:\/\/schema.org\",\"@graph\":[{\"@type\":\"WebPage\",\"@id\":\"https:\/\/ticsalutsocial.atoom.space\/es\/noticia\/els-equips-datencio-primaria-atendran-directament-els-usuaris-de-residencies-de-gent-gran-a-partir-de-lany-que-ve\/\",\"url\":\"https:\/\/ticsalutsocial.atoom.space\/es\/noticia\/els-equips-datencio-primaria-atendran-directament-els-usuaris-de-residencies-de-gent-gran-a-partir-de-lany-que-ve\/\",\"name\":\"Los equipos de atenci\u00f3n primaria atender\u00e1n directamente a los usuarios de residencias de personas mayores a partir del pr\u00f3ximo a\u00f1o - Fundaci\u00f3 TIC Salut i Social\",\"isPartOf\":{\"@id\":\"https:\/\/ticsalutsocial.atoom.space\/es\/#website\"},\"primaryImageOfPage\":{\"@id\":\"https:\/\/ticsalutsocial.atoom.space\/es\/noticia\/els-equips-datencio-primaria-atendran-directament-els-usuaris-de-residencies-de-gent-gran-a-partir-de-lany-que-ve\/#primaryimage\"},\"image\":{\"@id\":\"https:\/\/ticsalutsocial.atoom.space\/es\/noticia\/els-equips-datencio-primaria-atendran-directament-els-usuaris-de-residencies-de-gent-gran-a-partir-de-lany-que-ve\/#primaryimage\"},\"thumbnailUrl\":\"https:\/\/ticsalutsocial.atoom.space\/wp-content\/uploads\/2023\/11\/foto_residencia-1.png\",\"datePublished\":\"2023-11-29T09:07:13+00:00\",\"dateModified\":\"2023-12-01T12:02:17+00:00\",\"description\":\"Las personas que est\u00e1n viviendo en residencias de mayores podr\u00e1n ser atendidas all\u00ed mismo por equipos de atenci\u00f3n primaria (EAP).\",\"breadcrumb\":{\"@id\":\"https:\/\/ticsalutsocial.atoom.space\/es\/noticia\/els-equips-datencio-primaria-atendran-directament-els-usuaris-de-residencies-de-gent-gran-a-partir-de-lany-que-ve\/#breadcrumb\"},\"inLanguage\":\"es\",\"potentialAction\":[{\"@type\":\"ReadAction\",\"target\":[\"https:\/\/ticsalutsocial.atoom.space\/es\/noticia\/els-equips-datencio-primaria-atendran-directament-els-usuaris-de-residencies-de-gent-gran-a-partir-de-lany-que-ve\/\"]}]},{\"@type\":\"ImageObject\",\"inLanguage\":\"es\",\"@id\":\"https:\/\/ticsalutsocial.atoom.space\/es\/noticia\/els-equips-datencio-primaria-atendran-directament-els-usuaris-de-residencies-de-gent-gran-a-partir-de-lany-que-ve\/#primaryimage\",\"url\":\"https:\/\/ticsalutsocial.atoom.space\/wp-content\/uploads\/2023\/11\/foto_residencia-1.png\",\"contentUrl\":\"https:\/\/ticsalutsocial.atoom.space\/wp-content\/uploads\/2023\/11\/foto_residencia-1.png\",\"width\":1280,\"height\":960},{\"@type\":\"BreadcrumbList\",\"@id\":\"https:\/\/ticsalutsocial.atoom.space\/es\/noticia\/els-equips-datencio-primaria-atendran-directament-els-usuaris-de-residencies-de-gent-gran-a-partir-de-lany-que-ve\/#breadcrumb\",\"itemListElement\":[{\"@type\":\"ListItem\",\"position\":1,\"name\":\"Inici\",\"item\":\"https:\/\/ticsalutsocial.atoom.space\/es\/\"},{\"@type\":\"ListItem\",\"position\":2,\"name\":\"Los equipos de atenci\u00f3n primaria atender\u00e1n directamente a los usuarios de residencias de personas mayores a partir del pr\u00f3ximo a\u00f1o\"}]},{\"@type\":\"WebSite\",\"@id\":\"https:\/\/ticsalutsocial.atoom.space\/es\/#website\",\"url\":\"https:\/\/ticsalutsocial.atoom.space\/es\/\",\"name\":\"Fundaci\u00f3 TIC Salut i Social\",\"description\":\"\",\"potentialAction\":[{\"@type\":\"SearchAction\",\"target\":{\"@type\":\"EntryPoint\",\"urlTemplate\":\"https:\/\/ticsalutsocial.atoom.space\/es\/?s={search_term_string}\"},\"query-input\":{\"@type\":\"PropertyValueSpecification\",\"valueRequired\":true,\"valueName\":\"search_term_string\"}}],\"inLanguage\":\"es\"}]}<\/script>\n<!-- \/ Yoast SEO plugin. -->","yoast_head_json":{"title":"Los equipos de atenci\u00f3n primaria atender\u00e1n directamente a los usuarios de residencias de personas mayores a partir del pr\u00f3ximo a\u00f1o - Fundaci\u00f3 TIC Salut i Social","description":"Las personas que est\u00e1n viviendo en residencias de mayores podr\u00e1n ser atendidas all\u00ed mismo por equipos de atenci\u00f3n primaria (EAP).","robots":{"index":"index","follow":"follow","max-snippet":"max-snippet:-1","max-image-preview":"max-image-preview:large","max-video-preview":"max-video-preview:-1"},"canonical":"https:\/\/ticsalutsocial.atoom.space\/es\/noticia\/els-equips-datencio-primaria-atendran-directament-els-usuaris-de-residencies-de-gent-gran-a-partir-de-lany-que-ve\/","og_locale":"es_ES","og_type":"article","og_title":"Los equipos de atenci\u00f3n primaria atender\u00e1n directamente a los usuarios de residencias de personas mayores a partir del pr\u00f3ximo a\u00f1o - Fundaci\u00f3 TIC Salut i Social","og_description":"Las personas que est\u00e1n viviendo en residencias de mayores podr\u00e1n ser atendidas all\u00ed mismo por equipos de atenci\u00f3n primaria (EAP).","og_url":"https:\/\/ticsalutsocial.atoom.space\/es\/noticia\/els-equips-datencio-primaria-atendran-directament-els-usuaris-de-residencies-de-gent-gran-a-partir-de-lany-que-ve\/","og_site_name":"Fundaci\u00f3 TIC Salut i Social","article_modified_time":"2023-12-01T12:02:17+00:00","og_image":[{"width":1280,"height":960,"url":"https:\/\/ticsalutsocial.atoom.space\/wp-content\/uploads\/2023\/11\/foto_residencia-1.png","type":"image\/png"}],"twitter_card":"summary_large_image","twitter_misc":{"Tiempo de lectura":"3 minutos"},"schema":{"@context":"https:\/\/schema.org","@graph":[{"@type":"WebPage","@id":"https:\/\/ticsalutsocial.atoom.space\/es\/noticia\/els-equips-datencio-primaria-atendran-directament-els-usuaris-de-residencies-de-gent-gran-a-partir-de-lany-que-ve\/","url":"https:\/\/ticsalutsocial.atoom.space\/es\/noticia\/els-equips-datencio-primaria-atendran-directament-els-usuaris-de-residencies-de-gent-gran-a-partir-de-lany-que-ve\/","name":"Los equipos de atenci\u00f3n primaria atender\u00e1n directamente a los usuarios de residencias de personas mayores a partir del pr\u00f3ximo a\u00f1o - Fundaci\u00f3 TIC Salut i Social","isPartOf":{"@id":"https:\/\/ticsalutsocial.atoom.space\/es\/#website"},"primaryImageOfPage":{"@id":"https:\/\/ticsalutsocial.atoom.space\/es\/noticia\/els-equips-datencio-primaria-atendran-directament-els-usuaris-de-residencies-de-gent-gran-a-partir-de-lany-que-ve\/#primaryimage"},"image":{"@id":"https:\/\/ticsalutsocial.atoom.space\/es\/noticia\/els-equips-datencio-primaria-atendran-directament-els-usuaris-de-residencies-de-gent-gran-a-partir-de-lany-que-ve\/#primaryimage"},"thumbnailUrl":"https:\/\/ticsalutsocial.atoom.space\/wp-content\/uploads\/2023\/11\/foto_residencia-1.png","datePublished":"2023-11-29T09:07:13+00:00","dateModified":"2023-12-01T12:02:17+00:00","description":"Las personas que est\u00e1n viviendo en residencias de mayores podr\u00e1n ser atendidas all\u00ed mismo por equipos de atenci\u00f3n primaria (EAP).","breadcrumb":{"@id":"https:\/\/ticsalutsocial.atoom.space\/es\/noticia\/els-equips-datencio-primaria-atendran-directament-els-usuaris-de-residencies-de-gent-gran-a-partir-de-lany-que-ve\/#breadcrumb"},"inLanguage":"es","potentialAction":[{"@type":"ReadAction","target":["https:\/\/ticsalutsocial.atoom.space\/es\/noticia\/els-equips-datencio-primaria-atendran-directament-els-usuaris-de-residencies-de-gent-gran-a-partir-de-lany-que-ve\/"]}]},{"@type":"ImageObject","inLanguage":"es","@id":"https:\/\/ticsalutsocial.atoom.space\/es\/noticia\/els-equips-datencio-primaria-atendran-directament-els-usuaris-de-residencies-de-gent-gran-a-partir-de-lany-que-ve\/#primaryimage","url":"https:\/\/ticsalutsocial.atoom.space\/wp-content\/uploads\/2023\/11\/foto_residencia-1.png","contentUrl":"https:\/\/ticsalutsocial.atoom.space\/wp-content\/uploads\/2023\/11\/foto_residencia-1.png","width":1280,"height":960},{"@type":"BreadcrumbList","@id":"https:\/\/ticsalutsocial.atoom.space\/es\/noticia\/els-equips-datencio-primaria-atendran-directament-els-usuaris-de-residencies-de-gent-gran-a-partir-de-lany-que-ve\/#breadcrumb","itemListElement":[{"@type":"ListItem","position":1,"name":"Inici","item":"https:\/\/ticsalutsocial.atoom.space\/es\/"},{"@type":"ListItem","position":2,"name":"Los equipos de atenci\u00f3n primaria atender\u00e1n directamente a los usuarios de residencias de personas mayores a partir del pr\u00f3ximo a\u00f1o"}]},{"@type":"WebSite","@id":"https:\/\/ticsalutsocial.atoom.space\/es\/#website","url":"https:\/\/ticsalutsocial.atoom.space\/es\/","name":"Fundaci\u00f3 TIC Salut i Social","description":"","potentialAction":[{"@type":"SearchAction","target":{"@type":"EntryPoint","urlTemplate":"https:\/\/ticsalutsocial.atoom.space\/es\/?s={search_term_string}"},"query-input":{"@type":"PropertyValueSpecification","valueRequired":true,"valueName":"search_term_string"}}],"inLanguage":"es"}]}},"_links":{"self":[{"href":"https:\/\/ticsalutsocial.atoom.space\/es\/wp-json\/wp\/v2\/noticia\/23852","targetHints":{"allow":["GET"]}}],"collection":[{"href":"https:\/\/ticsalutsocial.atoom.space\/es\/wp-json\/wp\/v2\/noticia"}],"about":[{"href":"https:\/\/ticsalutsocial.atoom.space\/es\/wp-json\/wp\/v2\/types\/noticia"}],"author":[{"embeddable":true,"href":"https:\/\/ticsalutsocial.atoom.space\/es\/wp-json\/wp\/v2\/users\/3"}],"wp:featuredmedia":[{"embeddable":true,"href":"https:\/\/ticsalutsocial.atoom.space\/es\/wp-json\/wp\/v2\/media\/23944"}],"wp:attachment":[{"href":"https:\/\/ticsalutsocial.atoom.space\/es\/wp-json\/wp\/v2\/media?parent=23852"}],"wp:term":[{"taxonomy":"etiqueta","embeddable":true,"href":"https:\/\/ticsalutsocial.atoom.space\/es\/wp-json\/wp\/v2\/etiqueta?post=23852"},{"taxonomy":"tipus","embeddable":true,"href":"https:\/\/ticsalutsocial.atoom.space\/es\/wp-json\/wp\/v2\/tipus?post=23852"},{"taxonomy":"topic","embeddable":true,"href":"https:\/\/ticsalutsocial.atoom.space\/es\/wp-json\/wp\/v2\/topic?post=23852"}],"curies":[{"name":"wp","href":"https:\/\/api.w.org\/{rel}","templated":true}]}}