
{"id":23891,"date":"2023-11-30T11:00:34","date_gmt":"2023-11-30T09:00:34","guid":{"rendered":"https:\/\/ticsalutsocial.atoom.space\/noticia\/inscripcions-obertes-al-webinar-la-intelligencia-artificial-aplicada-al-sector-salut\/"},"modified":"2023-11-30T11:09:56","modified_gmt":"2023-11-30T09:09:56","slug":"inscripcions-obertes-al-webinar-la-intelligencia-artificial-aplicada-al-sector-salut","status":"publish","type":"noticia","link":"https:\/\/ticsalutsocial.atoom.space\/es\/noticia\/inscripcions-obertes-al-webinar-la-intelligencia-artificial-aplicada-al-sector-salut\/","title":{"rendered":"Inscripciones abiertas al webinar \u2018La inteligencia artificial aplicada al sector salud\u2019"},"content":{"rendered":"\n<p><strong>Si eres profesional de la salud del SISCAT<\/strong>, ya sea en el \u00e1mbito de la pr\u00e1ctica asistencial, la investigaci\u00f3n o la innovaci\u00f3n, y sobre todo, si debes tomar decisiones con el apoyo de herramientas innovadoras basadas en el an\u00e1lisis avanzado de datos, <strong>te invitamos a asistir al webinar &#8216;La inteligencia artificial aplicada en el sector salud&#8217;.<\/strong> La sesi\u00f3n tendr\u00e1 lugar el pr\u00f3ximo 19 de diciembre de 16:00 ha 18:00 h, y est\u00e1 impulsada por la <a href=\"https:\/\/web.gencat.cat\/ca\/adreces-i-telefons\/detall\/index.html?codInf=19836\" target=\"_blank\" rel=\"noreferrer noopener\">Subdirecci\u00f3n General de Ordenaci\u00f3n y Desarrollo Profesional<\/a> con el apoyo de <a href=\"https:\/\/bioinformaticsbarcelona.eu\/ca\/\" target=\"_blank\" rel=\"noreferrer noopener\">Bioinformatics Barcelona<\/a>.<\/p>\n\n\n\n<p>En la sesi\u00f3n intervendr\u00e1n tres ponentes de reconocido prestigio: la presidenta de Bioinformatics Barcelona y Catedr\u00e1tica de Arquitectura y Tecnolog\u00eda de Computadores de la Universidad Aut\u00f3noma de Barcelona, <strong>Ana Ripoll<\/strong>, el Catedr\u00e1tico del Departamento de Matem\u00e1ticas e Inform\u00e1tica de la Universidad de Barcelona,<strong> Jordi Vitri\u00e0<\/strong>, y el docente e investigador de Filosof\u00eda de la Ciencia en la Universidad Aut\u00f3noma de Barcelona, el Dr. <strong>David Casacuberta<\/strong>.<\/p>\n\n\n\n<p>En primer lugar, Ripoll abordar\u00e1 los retos y oportunidades de la inteligencia artificial en el sector salud, y explicar\u00e1 c\u00f3mo se genera valor a partir de los datos. A continuaci\u00f3n, Vitri\u00e0 realizar\u00e1 una introducci\u00f3n a conceptos b\u00e1sicos de la inteligencia artificial, desmontar\u00e1 mitos asociados, y ejemplificar\u00e1 casos de uso de esta tecnolog\u00eda en salud. Por \u00faltimo, Casacuberta tratar\u00e1 aspectos legales y \u00e9ticos para el uso de los datos, y compartir\u00e1 tambi\u00e9n la perspectiva de los pacientes.<\/p>\n\n\n\n<p>En el webinar tambi\u00e9n participar\u00e1 el director de la Fundaci\u00f3n TIC Salut Social, <strong>Joan Guanyabens<\/strong>, quien expondr\u00e1 que esta acci\u00f3n se enmarca en el plan del Departamento de Salud para formar a profesionales sanitarios en el \u00e1mbito de la IA en salud. En este sentido,<strong> el Programa Salut\/IA est\u00e1 preparando un plan de formaci\u00f3n m\u00e1s extenso para profesionales de la salud<\/strong> que se anunciar\u00e1 a lo largo de 2024, <strong>y ha participado en la validaci\u00f3n del temario de este webinar<\/strong> y de un posterior curso introductorio de 8 horas que tambi\u00e9n organizar\u00e1 la Subdirecci\u00f3n General de Ordenaci\u00f3n y Desarrollo Profesional y Bioinformatics Barcelona.<\/p>\n\n\n\n<p>Si quieres asistir al webinar del 19 de diciembre, <a href=\"https:\/\/gencat.zoom.us\/webinar\/register\/WN_iF8qxUa5RF-Tqoj2NgN1Eg#\/registration\" target=\"_blank\" rel=\"noreferrer noopener\">es necesaria inscripci\u00f3n previa en este enlace<\/a>.<\/p>\n\n\n\n<p>Esta actividad est\u00e1 financiada en el marco de la Inversi\u00f3n 4 del Componente 18 del Plan de Recuperaci\u00f3n, Transformaci\u00f3n y Resiliencia (PRTR) mediante el programa Next Generation EU de la Comisi\u00f3n Europea, y dirigida preferentemente a profesionales de salud del SISCAT.<\/p>\n\n\n\n<p>Consulta el programa <a href=\"https:\/\/canalsalut.gencat.cat\/web\/.content\/_Professionals\/Formacio\/Formacio_continuada\/activitats_formatives\/area_fc\/documents\/2023\/programa_IA_2ed.pdf\" target=\"_blank\" rel=\"noreferrer noopener\">aqu\u00ed<\/a><\/p>\n\n\n\n<hr class=\"wp-block-separator has-alpha-channel-opacity\"\/>\n\n\n\n<figure class=\"wp-block-image size-large is-resized\"><img loading=\"lazy\" decoding=\"async\" width=\"1024\" height=\"238\" src=\"https:\/\/ticsalutsocial.atoom.space\/wp-content\/uploads\/2023\/11\/logos-1024x238.png\" alt=\"\" class=\"wp-image-23888\" style=\"width:741px;height:auto\" srcset=\"https:\/\/ticsalutsocial.atoom.space\/wp-content\/uploads\/2023\/11\/logos-1024x238.png 1024w, https:\/\/ticsalutsocial.atoom.space\/wp-content\/uploads\/2023\/11\/logos-300x70.png 300w, https:\/\/ticsalutsocial.atoom.space\/wp-content\/uploads\/2023\/11\/logos-768x179.png 768w, https:\/\/ticsalutsocial.atoom.space\/wp-content\/uploads\/2023\/11\/logos.png 1366w\" sizes=\"auto, (max-width: 1024px) 100vw, 1024px\" \/><\/figure>\n","protected":false},"author":3,"featured_media":23884,"menu_order":0,"template":"","meta":{"_acf_changed":false,"inline_featured_image":false},"etiqueta":[],"tipus":[879],"topic":[],"class_list":["post-23891","noticia","type-noticia","status-publish","has-post-thumbnail","hentry","tipus-inteligencia-artificial"],"acf":{"autor":"","imatge":23884,"textos_destacats":[{"texte":"El webinar \u2018La IA aplicada al sector salud\u2019 tendr\u00e1 lugar el pr\u00f3ximo 19 de diciembre de 16:00h a 18:00h"}],"documents":false,"finalitzat":false,"tipus_plantilla":"objectius","template_objectius":{"cont_principal":"","imatge":false,"cont_seguent":{"titol":"","contingut":""},"seccio_llistat":{"titol":"","llistat":false},"objectius":{"titol":"","objectius":false},"documents":false}},"yoast_head":"<!-- This site is optimized with the Yoast SEO plugin v27.1.1 - https:\/\/yoast.com\/product\/yoast-seo-wordpress\/ -->\n<title>Inscripciones abiertas al webinar \u2018La inteligencia artificial aplicada al sector salud\u2019 - Fundaci\u00f3 TIC Salut i Social<\/title>\n<meta name=\"description\" content=\"El webinar &#039;La Inteligencia Artificial aplicada al sector salud&#039; tendr\u00e1 lugar el pr\u00f3ximo 19 de diciembre de 16:00 ha 18:00 h\" \/>\n<meta name=\"robots\" content=\"index, follow, max-snippet:-1, max-image-preview:large, max-video-preview:-1\" \/>\n<link rel=\"canonical\" href=\"https:\/\/ticsalutsocial.atoom.space\/es\/noticia\/inscripcions-obertes-al-webinar-la-intelligencia-artificial-aplicada-al-sector-salut\/\" \/>\n<meta property=\"og:locale\" content=\"es_ES\" \/>\n<meta property=\"og:type\" content=\"article\" \/>\n<meta property=\"og:title\" content=\"Inscripciones abiertas al webinar \u2018La inteligencia artificial aplicada al sector salud\u2019 - Fundaci\u00f3 TIC Salut i Social\" \/>\n<meta property=\"og:description\" content=\"El webinar &#039;La Inteligencia Artificial aplicada al sector salud&#039; tendr\u00e1 lugar el pr\u00f3ximo 19 de diciembre de 16:00 ha 18:00 h\" \/>\n<meta property=\"og:url\" content=\"https:\/\/ticsalutsocial.atoom.space\/es\/noticia\/inscripcions-obertes-al-webinar-la-intelligencia-artificial-aplicada-al-sector-salut\/\" \/>\n<meta property=\"og:site_name\" content=\"Fundaci\u00f3 TIC Salut i Social\" \/>\n<meta property=\"article:modified_time\" content=\"2023-11-30T09:09:56+00:00\" \/>\n<meta property=\"og:image\" content=\"https:\/\/ticsalutsocial.atoom.space\/wp-content\/uploads\/2023\/11\/iStock-962094932-per-informe-explicabilitat-scaled.jpg\" \/>\n\t<meta property=\"og:image:width\" content=\"2560\" \/>\n\t<meta property=\"og:image:height\" content=\"1356\" \/>\n\t<meta property=\"og:image:type\" content=\"image\/jpeg\" \/>\n<meta name=\"twitter:card\" content=\"summary_large_image\" \/>\n<meta name=\"twitter:label1\" content=\"Tiempo de lectura\" \/>\n\t<meta name=\"twitter:data1\" content=\"3 minutos\" \/>\n<script type=\"application\/ld+json\" class=\"yoast-schema-graph\">{\"@context\":\"https:\/\/schema.org\",\"@graph\":[{\"@type\":\"WebPage\",\"@id\":\"https:\/\/ticsalutsocial.atoom.space\/es\/noticia\/inscripcions-obertes-al-webinar-la-intelligencia-artificial-aplicada-al-sector-salut\/\",\"url\":\"https:\/\/ticsalutsocial.atoom.space\/es\/noticia\/inscripcions-obertes-al-webinar-la-intelligencia-artificial-aplicada-al-sector-salut\/\",\"name\":\"Inscripciones abiertas al webinar \u2018La inteligencia artificial aplicada al sector salud\u2019 - Fundaci\u00f3 TIC Salut i Social\",\"isPartOf\":{\"@id\":\"https:\/\/ticsalutsocial.atoom.space\/es\/#website\"},\"primaryImageOfPage\":{\"@id\":\"https:\/\/ticsalutsocial.atoom.space\/es\/noticia\/inscripcions-obertes-al-webinar-la-intelligencia-artificial-aplicada-al-sector-salut\/#primaryimage\"},\"image\":{\"@id\":\"https:\/\/ticsalutsocial.atoom.space\/es\/noticia\/inscripcions-obertes-al-webinar-la-intelligencia-artificial-aplicada-al-sector-salut\/#primaryimage\"},\"thumbnailUrl\":\"https:\/\/ticsalutsocial.atoom.space\/wp-content\/uploads\/2023\/11\/iStock-962094932-per-informe-explicabilitat-scaled.jpg\",\"datePublished\":\"2023-11-30T09:00:34+00:00\",\"dateModified\":\"2023-11-30T09:09:56+00:00\",\"description\":\"El webinar 'La Inteligencia Artificial aplicada al sector salud' tendr\u00e1 lugar el pr\u00f3ximo 19 de diciembre de 16:00 ha 18:00 h\",\"breadcrumb\":{\"@id\":\"https:\/\/ticsalutsocial.atoom.space\/es\/noticia\/inscripcions-obertes-al-webinar-la-intelligencia-artificial-aplicada-al-sector-salut\/#breadcrumb\"},\"inLanguage\":\"es\",\"potentialAction\":[{\"@type\":\"ReadAction\",\"target\":[\"https:\/\/ticsalutsocial.atoom.space\/es\/noticia\/inscripcions-obertes-al-webinar-la-intelligencia-artificial-aplicada-al-sector-salut\/\"]}]},{\"@type\":\"ImageObject\",\"inLanguage\":\"es\",\"@id\":\"https:\/\/ticsalutsocial.atoom.space\/es\/noticia\/inscripcions-obertes-al-webinar-la-intelligencia-artificial-aplicada-al-sector-salut\/#primaryimage\",\"url\":\"https:\/\/ticsalutsocial.atoom.space\/wp-content\/uploads\/2023\/11\/iStock-962094932-per-informe-explicabilitat-scaled.jpg\",\"contentUrl\":\"https:\/\/ticsalutsocial.atoom.space\/wp-content\/uploads\/2023\/11\/iStock-962094932-per-informe-explicabilitat-scaled.jpg\",\"width\":2560,\"height\":1356,\"caption\":\"Doctor, surgeon analyzing patient brain testing result and human anatomy on technological digital futuristic virtual computer interface, digital holographic, innovative in science and medicine concept\"},{\"@type\":\"BreadcrumbList\",\"@id\":\"https:\/\/ticsalutsocial.atoom.space\/es\/noticia\/inscripcions-obertes-al-webinar-la-intelligencia-artificial-aplicada-al-sector-salut\/#breadcrumb\",\"itemListElement\":[{\"@type\":\"ListItem\",\"position\":1,\"name\":\"Inici\",\"item\":\"https:\/\/ticsalutsocial.atoom.space\/es\/\"},{\"@type\":\"ListItem\",\"position\":2,\"name\":\"Inscripciones abiertas al webinar \u2018La inteligencia artificial aplicada al sector salud\u2019\"}]},{\"@type\":\"WebSite\",\"@id\":\"https:\/\/ticsalutsocial.atoom.space\/es\/#website\",\"url\":\"https:\/\/ticsalutsocial.atoom.space\/es\/\",\"name\":\"Fundaci\u00f3 TIC Salut i Social\",\"description\":\"\",\"potentialAction\":[{\"@type\":\"SearchAction\",\"target\":{\"@type\":\"EntryPoint\",\"urlTemplate\":\"https:\/\/ticsalutsocial.atoom.space\/es\/?s={search_term_string}\"},\"query-input\":{\"@type\":\"PropertyValueSpecification\",\"valueRequired\":true,\"valueName\":\"search_term_string\"}}],\"inLanguage\":\"es\"}]}<\/script>\n<!-- \/ Yoast SEO plugin. -->","yoast_head_json":{"title":"Inscripciones abiertas al webinar \u2018La inteligencia artificial aplicada al sector salud\u2019 - Fundaci\u00f3 TIC Salut i Social","description":"El webinar 'La Inteligencia Artificial aplicada al sector salud' tendr\u00e1 lugar el pr\u00f3ximo 19 de diciembre de 16:00 ha 18:00 h","robots":{"index":"index","follow":"follow","max-snippet":"max-snippet:-1","max-image-preview":"max-image-preview:large","max-video-preview":"max-video-preview:-1"},"canonical":"https:\/\/ticsalutsocial.atoom.space\/es\/noticia\/inscripcions-obertes-al-webinar-la-intelligencia-artificial-aplicada-al-sector-salut\/","og_locale":"es_ES","og_type":"article","og_title":"Inscripciones abiertas al webinar \u2018La inteligencia artificial aplicada al sector salud\u2019 - Fundaci\u00f3 TIC Salut i Social","og_description":"El webinar 'La Inteligencia Artificial aplicada al sector salud' tendr\u00e1 lugar el pr\u00f3ximo 19 de diciembre de 16:00 ha 18:00 h","og_url":"https:\/\/ticsalutsocial.atoom.space\/es\/noticia\/inscripcions-obertes-al-webinar-la-intelligencia-artificial-aplicada-al-sector-salut\/","og_site_name":"Fundaci\u00f3 TIC Salut i Social","article_modified_time":"2023-11-30T09:09:56+00:00","og_image":[{"width":2560,"height":1356,"url":"https:\/\/ticsalutsocial.atoom.space\/wp-content\/uploads\/2023\/11\/iStock-962094932-per-informe-explicabilitat-scaled.jpg","type":"image\/jpeg"}],"twitter_card":"summary_large_image","twitter_misc":{"Tiempo de lectura":"3 minutos"},"schema":{"@context":"https:\/\/schema.org","@graph":[{"@type":"WebPage","@id":"https:\/\/ticsalutsocial.atoom.space\/es\/noticia\/inscripcions-obertes-al-webinar-la-intelligencia-artificial-aplicada-al-sector-salut\/","url":"https:\/\/ticsalutsocial.atoom.space\/es\/noticia\/inscripcions-obertes-al-webinar-la-intelligencia-artificial-aplicada-al-sector-salut\/","name":"Inscripciones abiertas al webinar \u2018La inteligencia artificial aplicada al sector salud\u2019 - Fundaci\u00f3 TIC Salut i Social","isPartOf":{"@id":"https:\/\/ticsalutsocial.atoom.space\/es\/#website"},"primaryImageOfPage":{"@id":"https:\/\/ticsalutsocial.atoom.space\/es\/noticia\/inscripcions-obertes-al-webinar-la-intelligencia-artificial-aplicada-al-sector-salut\/#primaryimage"},"image":{"@id":"https:\/\/ticsalutsocial.atoom.space\/es\/noticia\/inscripcions-obertes-al-webinar-la-intelligencia-artificial-aplicada-al-sector-salut\/#primaryimage"},"thumbnailUrl":"https:\/\/ticsalutsocial.atoom.space\/wp-content\/uploads\/2023\/11\/iStock-962094932-per-informe-explicabilitat-scaled.jpg","datePublished":"2023-11-30T09:00:34+00:00","dateModified":"2023-11-30T09:09:56+00:00","description":"El webinar 'La Inteligencia Artificial aplicada al sector salud' tendr\u00e1 lugar el pr\u00f3ximo 19 de diciembre de 16:00 ha 18:00 h","breadcrumb":{"@id":"https:\/\/ticsalutsocial.atoom.space\/es\/noticia\/inscripcions-obertes-al-webinar-la-intelligencia-artificial-aplicada-al-sector-salut\/#breadcrumb"},"inLanguage":"es","potentialAction":[{"@type":"ReadAction","target":["https:\/\/ticsalutsocial.atoom.space\/es\/noticia\/inscripcions-obertes-al-webinar-la-intelligencia-artificial-aplicada-al-sector-salut\/"]}]},{"@type":"ImageObject","inLanguage":"es","@id":"https:\/\/ticsalutsocial.atoom.space\/es\/noticia\/inscripcions-obertes-al-webinar-la-intelligencia-artificial-aplicada-al-sector-salut\/#primaryimage","url":"https:\/\/ticsalutsocial.atoom.space\/wp-content\/uploads\/2023\/11\/iStock-962094932-per-informe-explicabilitat-scaled.jpg","contentUrl":"https:\/\/ticsalutsocial.atoom.space\/wp-content\/uploads\/2023\/11\/iStock-962094932-per-informe-explicabilitat-scaled.jpg","width":2560,"height":1356,"caption":"Doctor, surgeon analyzing patient brain testing result and human anatomy on technological digital futuristic virtual computer interface, digital holographic, innovative in science and medicine concept"},{"@type":"BreadcrumbList","@id":"https:\/\/ticsalutsocial.atoom.space\/es\/noticia\/inscripcions-obertes-al-webinar-la-intelligencia-artificial-aplicada-al-sector-salut\/#breadcrumb","itemListElement":[{"@type":"ListItem","position":1,"name":"Inici","item":"https:\/\/ticsalutsocial.atoom.space\/es\/"},{"@type":"ListItem","position":2,"name":"Inscripciones abiertas al webinar \u2018La inteligencia artificial aplicada al sector salud\u2019"}]},{"@type":"WebSite","@id":"https:\/\/ticsalutsocial.atoom.space\/es\/#website","url":"https:\/\/ticsalutsocial.atoom.space\/es\/","name":"Fundaci\u00f3 TIC Salut i Social","description":"","potentialAction":[{"@type":"SearchAction","target":{"@type":"EntryPoint","urlTemplate":"https:\/\/ticsalutsocial.atoom.space\/es\/?s={search_term_string}"},"query-input":{"@type":"PropertyValueSpecification","valueRequired":true,"valueName":"search_term_string"}}],"inLanguage":"es"}]}},"_links":{"self":[{"href":"https:\/\/ticsalutsocial.atoom.space\/es\/wp-json\/wp\/v2\/noticia\/23891","targetHints":{"allow":["GET"]}}],"collection":[{"href":"https:\/\/ticsalutsocial.atoom.space\/es\/wp-json\/wp\/v2\/noticia"}],"about":[{"href":"https:\/\/ticsalutsocial.atoom.space\/es\/wp-json\/wp\/v2\/types\/noticia"}],"author":[{"embeddable":true,"href":"https:\/\/ticsalutsocial.atoom.space\/es\/wp-json\/wp\/v2\/users\/3"}],"wp:featuredmedia":[{"embeddable":true,"href":"https:\/\/ticsalutsocial.atoom.space\/es\/wp-json\/wp\/v2\/media\/23884"}],"wp:attachment":[{"href":"https:\/\/ticsalutsocial.atoom.space\/es\/wp-json\/wp\/v2\/media?parent=23891"}],"wp:term":[{"taxonomy":"etiqueta","embeddable":true,"href":"https:\/\/ticsalutsocial.atoom.space\/es\/wp-json\/wp\/v2\/etiqueta?post=23891"},{"taxonomy":"tipus","embeddable":true,"href":"https:\/\/ticsalutsocial.atoom.space\/es\/wp-json\/wp\/v2\/tipus?post=23891"},{"taxonomy":"topic","embeddable":true,"href":"https:\/\/ticsalutsocial.atoom.space\/es\/wp-json\/wp\/v2\/topic?post=23891"}],"curies":[{"name":"wp","href":"https:\/\/api.w.org\/{rel}","templated":true}]}}