
{"id":24201,"date":"2023-12-18T14:47:06","date_gmt":"2023-12-18T12:47:06","guid":{"rendered":"https:\/\/ticsalutsocial.atoom.space\/noticia\/necessitem-un-marc-en-el-qual-les-persones-que-estiguin-prescrivint-apps-de-salut-estiguin-comodes-i-tinguin-un-control\/"},"modified":"2023-12-18T15:42:59","modified_gmt":"2023-12-18T13:42:59","slug":"necessitem-un-marc-en-el-qual-les-persones-que-estiguin-prescrivint-apps-de-salut-estiguin-comodes-i-tinguin-un-control","status":"publish","type":"noticia","link":"https:\/\/ticsalutsocial.atoom.space\/es\/noticia\/necessitem-un-marc-en-el-qual-les-persones-que-estiguin-prescrivint-apps-de-salut-estiguin-comodes-i-tinguin-un-control\/","title":{"rendered":"\u00abNecesitamos un marco en el que las personas que est\u00e9n prescribiendo Apps de salud, est\u00e9n c\u00f3modas y tengan un control\u00bb"},"content":{"rendered":"\n<p>El <a href=\"https:\/\/www.coib.cat\/ca-es\/inici.html\" target=\"_blank\" rel=\"noreferrer noopener\">Colegio Oficial de Enfermeras y Enfermeros de Barcelona<\/a> (COIB) colabora desde hace m\u00e1s de 10 a\u00f1os con el Servicio de Certificaci\u00f3n de Apps de salud y bienestar de la Fundaci\u00f3n TIC Salut Social. Su principal tarea es<strong> evaluar los contenidos y utilidad de las funcionalidades de las aplicaciones m\u00f3viles que solicitan el servicio<\/strong> y que est\u00e1n relacionadas con su \u00e1mbito de trabajo. Para conocer el punto de vista del COIB, hemos hablado con su responsable de proyectos y miembro del Comit\u00e9 de Expertos Funcionales del Servicio de Certificaci\u00f3n de Apps de la Fundaci\u00f3n, <strong>Marc Fortes<\/strong>.<\/p>\n\n\n\n<figure class=\"wp-block-embed is-type-video is-provider-youtube wp-block-embed-youtube wp-embed-aspect-16-9 wp-has-aspect-ratio\"><div class=\"wp-block-embed__wrapper\">\n<iframe loading=\"lazy\" title=\"Experi\u00e8ncia del COIB en l&#039;\u00e0mbit de l&#039;avaluaci\u00f3 de les aplicacions de salut\" width=\"500\" height=\"281\" src=\"https:\/\/www.youtube.com\/embed\/Cyc1eti1P-8?feature=oembed\" frameborder=\"0\" allow=\"accelerometer; autoplay; clipboard-write; encrypted-media; gyroscope; picture-in-picture; web-share\" referrerpolicy=\"strict-origin-when-cross-origin\" allowfullscreen><\/iframe>\n<\/div><\/figure>\n\n\n\n<h2 class=\"wp-block-heading\"><strong>Necesidad de un marco regulador<\/strong><\/h2>\n\n\n\n<p>Uno de los aspectos clave en el \u00e1mbito de las Apps en salud, seg\u00fan Fortes, pasa por \u201c<strong>velar para que estas herramientas que existen y que est\u00e1n a disposici\u00f3n de la sociedad, est\u00e9n reguladas, sean adecuadas y, sobre todo, que las personas que las utilizan puedan hacerlo en las mejores condiciones. Necesitamos un marco en el que las personas que est\u00e9n prescribiendo Apps de salud est\u00e9n c\u00f3modas y tengan un control al respecto<\/strong>\u201d.<\/p>\n\n\n\n<p>Para ilustrar la necesidad de un marco regulador, el representante del COIB pone como ejemplo la prescripci\u00f3n de los f\u00e1rmacos: <strong>\u201clos facultativos que tenemos la posibilidad de prescribir f\u00e1rmacos, lo hacemos desde la m\u00e1s profunda tranquilidad, porque existen toda una serie de elementos reguladores que nos permiten hacerlo desde nuestro conocimiento, sabiendo que estos f\u00e1rmacos cumplen con toda una serie de requisitos. Pues con las aplicaciones de salud, creo que debemos llegar a conseguir algo similar\u201d<\/strong>.<\/p>\n\n\n\n<p>Por otro lado, Fortes valora positivamente los esfuerzos que se est\u00e1n haciendo en materia europea para promover la <strong>ISO\/TS 82304-2<\/strong>, como se hace desde el <a href=\"https:\/\/label2enable.eu\/about-cen-iso-ts-82304-2\" target=\"_blank\" rel=\"noreferrer noopener\">proyecto europeo Label2Enable<\/a>, con el objetivo de conseguir una mayor confianza, uso y adopci\u00f3n de las aplicaciones en salud.<\/p>\n\n\n\n<h2 class=\"wp-block-heading\"><strong>Aportaci\u00f3n del COIB al Servicio de Certificaci\u00f3n de Apps<\/strong><\/h2>\n\n\n\n<p>El papel del COIB en el Servicio de Certificaci\u00f3n de Apps se centra en <strong>evaluar las Apps desde una visi\u00f3n hol\u00edstica<\/strong>. En este sentido, no s\u00f3lo verifican que la informaci\u00f3n sobre salud de la App est\u00e9 basada en la evidencia cient\u00edfica y las buenas pr\u00e1cticas profesionales, sino que contemple otros aspectos de inter\u00e9s tanto para los profesionales como para las personas usuarias, como pueden ser su eficiencia y tiempo de uso.<\/p>\n\n\n\n<p>Aparte de la participaci\u00f3n del COIB en el Comit\u00e9 de Expertos, el <strong>Colegio tiene certificada desde 2021 la App gratuita &#8216;<a href=\"https:\/\/ticsalutsocial.atoom.space\/app\/infermera-virtual\/\" target=\"_blank\" rel=\"noreferrer noopener\">Enfermera Virtual<\/a>&#8216;<\/strong>, dirigida tanto a la ciudadan\u00eda como al colectivo de profesionales de la salud, con la finalidad de promocionar la autonom\u00eda y la independencia de las personas en la toma de decisiones respecto a su salud. La \u00faltima novedad de este proyecto es la <a href=\"https:\/\/www.infermeravirtual.com\/esp\/recursos\/noticias\/id:1019-alexa_abre_enfermera_virtual\" target=\"_blank\" rel=\"noreferrer noopener\">nueva skill que han desarrollado<\/a> por el asistente de voz de Amazon, Alexa, en su versi\u00f3n con pantalla.<\/p>\n","protected":false},"author":3,"featured_media":24200,"menu_order":0,"template":"","meta":{"_acf_changed":false,"inline_featured_image":false},"etiqueta":[],"tipus":[654],"topic":[],"class_list":["post-24201","noticia","type-noticia","status-publish","has-post-thumbnail","hentry","tipus-activos-digitales"],"acf":{"autor":"","imatge":24200,"textos_destacats":[{"texte":"Hablamos con Marc Fortes, responsable de proyectos del Colegio Oficial de Enfermeras y Enfermeros de Barcelona, y miembro del Comit\u00e9 de Expertos Funcionales del Servicio de Certificaci\u00f3n de Apps de la Fundaci\u00f3n TIC Salut Social."}],"documents":false,"finalitzat":false,"tipus_plantilla":"objectius","template_objectius":{"cont_principal":"","imatge":false,"cont_seguent":{"titol":"","contingut":""},"seccio_llistat":{"titol":"","llistat":false},"objectius":{"titol":"","objectius":false},"documents":false}},"yoast_head":"<!-- This site is optimized with the Yoast SEO plugin v27.1.1 - https:\/\/yoast.com\/product\/yoast-seo-wordpress\/ -->\n<title>&quot;Necesitamos un marco en el que las personas que est\u00e9n prescribiendo Apps de salud, est\u00e9n c\u00f3modas y tengan un control&quot; - Fundaci\u00f3 TIC Salut i Social<\/title>\n<meta name=\"description\" content=\"Hablamos con Marc Fortes, responsable de proyectos del COIB, y miembro del Comit\u00e9 de Expertos Funcionales del Servicio de Certificaci\u00f3n de Apps de la Fundaci\u00f3n TIC Salut Social.\" \/>\n<meta name=\"robots\" content=\"index, follow, max-snippet:-1, max-image-preview:large, max-video-preview:-1\" \/>\n<link rel=\"canonical\" href=\"https:\/\/ticsalutsocial.atoom.space\/es\/noticia\/necessitem-un-marc-en-el-qual-les-persones-que-estiguin-prescrivint-apps-de-salut-estiguin-comodes-i-tinguin-un-control\/\" \/>\n<meta property=\"og:locale\" content=\"es_ES\" \/>\n<meta property=\"og:type\" content=\"article\" \/>\n<meta property=\"og:title\" content=\"&quot;Necesitamos un marco en el que las personas que est\u00e9n prescribiendo Apps de salud, est\u00e9n c\u00f3modas y tengan un control&quot; - Fundaci\u00f3 TIC Salut i Social\" \/>\n<meta property=\"og:description\" content=\"Hablamos con Marc Fortes, responsable de proyectos del COIB, y miembro del Comit\u00e9 de Expertos Funcionales del Servicio de Certificaci\u00f3n de Apps de la Fundaci\u00f3n TIC Salut Social.\" \/>\n<meta property=\"og:url\" content=\"https:\/\/ticsalutsocial.atoom.space\/es\/noticia\/necessitem-un-marc-en-el-qual-les-persones-que-estiguin-prescrivint-apps-de-salut-estiguin-comodes-i-tinguin-un-control\/\" \/>\n<meta property=\"og:site_name\" content=\"Fundaci\u00f3 TIC Salut i Social\" \/>\n<meta property=\"article:modified_time\" content=\"2023-12-18T13:42:59+00:00\" \/>\n<meta property=\"og:image\" content=\"https:\/\/ticsalutsocial.atoom.space\/wp-content\/uploads\/2023\/12\/coib.png\" \/>\n\t<meta property=\"og:image:width\" content=\"1280\" \/>\n\t<meta property=\"og:image:height\" content=\"960\" \/>\n\t<meta property=\"og:image:type\" content=\"image\/png\" \/>\n<meta name=\"twitter:card\" content=\"summary_large_image\" \/>\n<meta name=\"twitter:label1\" content=\"Tiempo de lectura\" \/>\n\t<meta name=\"twitter:data1\" content=\"3 minutos\" \/>\n<script type=\"application\/ld+json\" class=\"yoast-schema-graph\">{\"@context\":\"https:\/\/schema.org\",\"@graph\":[{\"@type\":\"WebPage\",\"@id\":\"https:\/\/ticsalutsocial.atoom.space\/es\/noticia\/necessitem-un-marc-en-el-qual-les-persones-que-estiguin-prescrivint-apps-de-salut-estiguin-comodes-i-tinguin-un-control\/\",\"url\":\"https:\/\/ticsalutsocial.atoom.space\/es\/noticia\/necessitem-un-marc-en-el-qual-les-persones-que-estiguin-prescrivint-apps-de-salut-estiguin-comodes-i-tinguin-un-control\/\",\"name\":\"\\\"Necesitamos un marco en el que las personas que est\u00e9n prescribiendo Apps de salud, est\u00e9n c\u00f3modas y tengan un control\\\" - Fundaci\u00f3 TIC Salut i Social\",\"isPartOf\":{\"@id\":\"https:\/\/ticsalutsocial.atoom.space\/es\/#website\"},\"primaryImageOfPage\":{\"@id\":\"https:\/\/ticsalutsocial.atoom.space\/es\/noticia\/necessitem-un-marc-en-el-qual-les-persones-que-estiguin-prescrivint-apps-de-salut-estiguin-comodes-i-tinguin-un-control\/#primaryimage\"},\"image\":{\"@id\":\"https:\/\/ticsalutsocial.atoom.space\/es\/noticia\/necessitem-un-marc-en-el-qual-les-persones-que-estiguin-prescrivint-apps-de-salut-estiguin-comodes-i-tinguin-un-control\/#primaryimage\"},\"thumbnailUrl\":\"https:\/\/ticsalutsocial.atoom.space\/wp-content\/uploads\/2023\/12\/coib.png\",\"datePublished\":\"2023-12-18T12:47:06+00:00\",\"dateModified\":\"2023-12-18T13:42:59+00:00\",\"description\":\"Hablamos con Marc Fortes, responsable de proyectos del COIB, y miembro del Comit\u00e9 de Expertos Funcionales del Servicio de Certificaci\u00f3n de Apps de la Fundaci\u00f3n TIC Salut Social.\",\"breadcrumb\":{\"@id\":\"https:\/\/ticsalutsocial.atoom.space\/es\/noticia\/necessitem-un-marc-en-el-qual-les-persones-que-estiguin-prescrivint-apps-de-salut-estiguin-comodes-i-tinguin-un-control\/#breadcrumb\"},\"inLanguage\":\"es\",\"potentialAction\":[{\"@type\":\"ReadAction\",\"target\":[\"https:\/\/ticsalutsocial.atoom.space\/es\/noticia\/necessitem-un-marc-en-el-qual-les-persones-que-estiguin-prescrivint-apps-de-salut-estiguin-comodes-i-tinguin-un-control\/\"]}]},{\"@type\":\"ImageObject\",\"inLanguage\":\"es\",\"@id\":\"https:\/\/ticsalutsocial.atoom.space\/es\/noticia\/necessitem-un-marc-en-el-qual-les-persones-que-estiguin-prescrivint-apps-de-salut-estiguin-comodes-i-tinguin-un-control\/#primaryimage\",\"url\":\"https:\/\/ticsalutsocial.atoom.space\/wp-content\/uploads\/2023\/12\/coib.png\",\"contentUrl\":\"https:\/\/ticsalutsocial.atoom.space\/wp-content\/uploads\/2023\/12\/coib.png\",\"width\":1280,\"height\":960,\"caption\":\"Marc Fortes COIB\"},{\"@type\":\"BreadcrumbList\",\"@id\":\"https:\/\/ticsalutsocial.atoom.space\/es\/noticia\/necessitem-un-marc-en-el-qual-les-persones-que-estiguin-prescrivint-apps-de-salut-estiguin-comodes-i-tinguin-un-control\/#breadcrumb\",\"itemListElement\":[{\"@type\":\"ListItem\",\"position\":1,\"name\":\"Inici\",\"item\":\"https:\/\/ticsalutsocial.atoom.space\/es\/\"},{\"@type\":\"ListItem\",\"position\":2,\"name\":\"&#8220;Necesitamos un marco en el que las personas que est\u00e9n prescribiendo Apps de salud, est\u00e9n c\u00f3modas y tengan un control&#8221;\"}]},{\"@type\":\"WebSite\",\"@id\":\"https:\/\/ticsalutsocial.atoom.space\/es\/#website\",\"url\":\"https:\/\/ticsalutsocial.atoom.space\/es\/\",\"name\":\"Fundaci\u00f3 TIC Salut i Social\",\"description\":\"\",\"potentialAction\":[{\"@type\":\"SearchAction\",\"target\":{\"@type\":\"EntryPoint\",\"urlTemplate\":\"https:\/\/ticsalutsocial.atoom.space\/es\/?s={search_term_string}\"},\"query-input\":{\"@type\":\"PropertyValueSpecification\",\"valueRequired\":true,\"valueName\":\"search_term_string\"}}],\"inLanguage\":\"es\"}]}<\/script>\n<!-- \/ Yoast SEO plugin. -->","yoast_head_json":{"title":"\"Necesitamos un marco en el que las personas que est\u00e9n prescribiendo Apps de salud, est\u00e9n c\u00f3modas y tengan un control\" - Fundaci\u00f3 TIC Salut i Social","description":"Hablamos con Marc Fortes, responsable de proyectos del COIB, y miembro del Comit\u00e9 de Expertos Funcionales del Servicio de Certificaci\u00f3n de Apps de la Fundaci\u00f3n TIC Salut Social.","robots":{"index":"index","follow":"follow","max-snippet":"max-snippet:-1","max-image-preview":"max-image-preview:large","max-video-preview":"max-video-preview:-1"},"canonical":"https:\/\/ticsalutsocial.atoom.space\/es\/noticia\/necessitem-un-marc-en-el-qual-les-persones-que-estiguin-prescrivint-apps-de-salut-estiguin-comodes-i-tinguin-un-control\/","og_locale":"es_ES","og_type":"article","og_title":"\"Necesitamos un marco en el que las personas que est\u00e9n prescribiendo Apps de salud, est\u00e9n c\u00f3modas y tengan un control\" - Fundaci\u00f3 TIC Salut i Social","og_description":"Hablamos con Marc Fortes, responsable de proyectos del COIB, y miembro del Comit\u00e9 de Expertos Funcionales del Servicio de Certificaci\u00f3n de Apps de la Fundaci\u00f3n TIC Salut Social.","og_url":"https:\/\/ticsalutsocial.atoom.space\/es\/noticia\/necessitem-un-marc-en-el-qual-les-persones-que-estiguin-prescrivint-apps-de-salut-estiguin-comodes-i-tinguin-un-control\/","og_site_name":"Fundaci\u00f3 TIC Salut i Social","article_modified_time":"2023-12-18T13:42:59+00:00","og_image":[{"width":1280,"height":960,"url":"https:\/\/ticsalutsocial.atoom.space\/wp-content\/uploads\/2023\/12\/coib.png","type":"image\/png"}],"twitter_card":"summary_large_image","twitter_misc":{"Tiempo de lectura":"3 minutos"},"schema":{"@context":"https:\/\/schema.org","@graph":[{"@type":"WebPage","@id":"https:\/\/ticsalutsocial.atoom.space\/es\/noticia\/necessitem-un-marc-en-el-qual-les-persones-que-estiguin-prescrivint-apps-de-salut-estiguin-comodes-i-tinguin-un-control\/","url":"https:\/\/ticsalutsocial.atoom.space\/es\/noticia\/necessitem-un-marc-en-el-qual-les-persones-que-estiguin-prescrivint-apps-de-salut-estiguin-comodes-i-tinguin-un-control\/","name":"\"Necesitamos un marco en el que las personas que est\u00e9n prescribiendo Apps de salud, est\u00e9n c\u00f3modas y tengan un control\" - Fundaci\u00f3 TIC Salut i Social","isPartOf":{"@id":"https:\/\/ticsalutsocial.atoom.space\/es\/#website"},"primaryImageOfPage":{"@id":"https:\/\/ticsalutsocial.atoom.space\/es\/noticia\/necessitem-un-marc-en-el-qual-les-persones-que-estiguin-prescrivint-apps-de-salut-estiguin-comodes-i-tinguin-un-control\/#primaryimage"},"image":{"@id":"https:\/\/ticsalutsocial.atoom.space\/es\/noticia\/necessitem-un-marc-en-el-qual-les-persones-que-estiguin-prescrivint-apps-de-salut-estiguin-comodes-i-tinguin-un-control\/#primaryimage"},"thumbnailUrl":"https:\/\/ticsalutsocial.atoom.space\/wp-content\/uploads\/2023\/12\/coib.png","datePublished":"2023-12-18T12:47:06+00:00","dateModified":"2023-12-18T13:42:59+00:00","description":"Hablamos con Marc Fortes, responsable de proyectos del COIB, y miembro del Comit\u00e9 de Expertos Funcionales del Servicio de Certificaci\u00f3n de Apps de la Fundaci\u00f3n TIC Salut Social.","breadcrumb":{"@id":"https:\/\/ticsalutsocial.atoom.space\/es\/noticia\/necessitem-un-marc-en-el-qual-les-persones-que-estiguin-prescrivint-apps-de-salut-estiguin-comodes-i-tinguin-un-control\/#breadcrumb"},"inLanguage":"es","potentialAction":[{"@type":"ReadAction","target":["https:\/\/ticsalutsocial.atoom.space\/es\/noticia\/necessitem-un-marc-en-el-qual-les-persones-que-estiguin-prescrivint-apps-de-salut-estiguin-comodes-i-tinguin-un-control\/"]}]},{"@type":"ImageObject","inLanguage":"es","@id":"https:\/\/ticsalutsocial.atoom.space\/es\/noticia\/necessitem-un-marc-en-el-qual-les-persones-que-estiguin-prescrivint-apps-de-salut-estiguin-comodes-i-tinguin-un-control\/#primaryimage","url":"https:\/\/ticsalutsocial.atoom.space\/wp-content\/uploads\/2023\/12\/coib.png","contentUrl":"https:\/\/ticsalutsocial.atoom.space\/wp-content\/uploads\/2023\/12\/coib.png","width":1280,"height":960,"caption":"Marc Fortes COIB"},{"@type":"BreadcrumbList","@id":"https:\/\/ticsalutsocial.atoom.space\/es\/noticia\/necessitem-un-marc-en-el-qual-les-persones-que-estiguin-prescrivint-apps-de-salut-estiguin-comodes-i-tinguin-un-control\/#breadcrumb","itemListElement":[{"@type":"ListItem","position":1,"name":"Inici","item":"https:\/\/ticsalutsocial.atoom.space\/es\/"},{"@type":"ListItem","position":2,"name":"&#8220;Necesitamos un marco en el que las personas que est\u00e9n prescribiendo Apps de salud, est\u00e9n c\u00f3modas y tengan un control&#8221;"}]},{"@type":"WebSite","@id":"https:\/\/ticsalutsocial.atoom.space\/es\/#website","url":"https:\/\/ticsalutsocial.atoom.space\/es\/","name":"Fundaci\u00f3 TIC Salut i Social","description":"","potentialAction":[{"@type":"SearchAction","target":{"@type":"EntryPoint","urlTemplate":"https:\/\/ticsalutsocial.atoom.space\/es\/?s={search_term_string}"},"query-input":{"@type":"PropertyValueSpecification","valueRequired":true,"valueName":"search_term_string"}}],"inLanguage":"es"}]}},"_links":{"self":[{"href":"https:\/\/ticsalutsocial.atoom.space\/es\/wp-json\/wp\/v2\/noticia\/24201","targetHints":{"allow":["GET"]}}],"collection":[{"href":"https:\/\/ticsalutsocial.atoom.space\/es\/wp-json\/wp\/v2\/noticia"}],"about":[{"href":"https:\/\/ticsalutsocial.atoom.space\/es\/wp-json\/wp\/v2\/types\/noticia"}],"author":[{"embeddable":true,"href":"https:\/\/ticsalutsocial.atoom.space\/es\/wp-json\/wp\/v2\/users\/3"}],"wp:featuredmedia":[{"embeddable":true,"href":"https:\/\/ticsalutsocial.atoom.space\/es\/wp-json\/wp\/v2\/media\/24200"}],"wp:attachment":[{"href":"https:\/\/ticsalutsocial.atoom.space\/es\/wp-json\/wp\/v2\/media?parent=24201"}],"wp:term":[{"taxonomy":"etiqueta","embeddable":true,"href":"https:\/\/ticsalutsocial.atoom.space\/es\/wp-json\/wp\/v2\/etiqueta?post=24201"},{"taxonomy":"tipus","embeddable":true,"href":"https:\/\/ticsalutsocial.atoom.space\/es\/wp-json\/wp\/v2\/tipus?post=24201"},{"taxonomy":"topic","embeddable":true,"href":"https:\/\/ticsalutsocial.atoom.space\/es\/wp-json\/wp\/v2\/topic?post=24201"}],"curies":[{"name":"wp","href":"https:\/\/api.w.org\/{rel}","templated":true}]}}