
{"id":24306,"date":"2023-12-22T12:24:11","date_gmt":"2023-12-22T10:24:11","guid":{"rendered":"https:\/\/ticsalutsocial.atoom.space\/noticia\/comenca-el-projecte-xshare\/"},"modified":"2023-12-22T12:49:40","modified_gmt":"2023-12-22T10:49:40","slug":"empieza-el-proyecto-xshare","status":"publish","type":"noticia","link":"https:\/\/ticsalutsocial.atoom.space\/es\/noticia\/empieza-el-proyecto-xshare\/","title":{"rendered":"Empieza el proyecto xShare"},"content":{"rendered":"<p>Este mes de diciembre de 2023 ha sido un hito significativo en el marco de la salud digital europea. Se ha iniciado oficialmente el proyecto xShare, en el que participa la Fundaci\u00f3n TIC Salut Social como parte de un consorcio de 40 socios. El objetivo es introducir el bot\u00f3n amarillo y la etiqueta industrial y de calidad xShare en el mercado europeo. El bot\u00f3n amarillo permitir\u00e1 compartir los datos de salud personales a la ciudadan\u00eda en el formato de intercambio de historias cl\u00ednicas electr\u00f3nicas europeas, EHRxF, como se indica en la regulaci\u00f3n del Espacio Europeo de Datos de Salud (EHDS).<\/p>\n<p><img loading=\"lazy\" decoding=\"async\" class=\"alignnone size-medium wp-image-24302\" src=\"https:\/\/ticsalutsocial.atoom.space\/wp-content\/uploads\/2023\/12\/logo-xshare-300x107.png\" alt=\"\" width=\"300\" height=\"107\" srcset=\"https:\/\/ticsalutsocial.atoom.space\/wp-content\/uploads\/2023\/12\/logo-xshare-300x107.png 300w, https:\/\/ticsalutsocial.atoom.space\/wp-content\/uploads\/2023\/12\/logo-xshare.png 486w\" sizes=\"auto, (max-width: 300px) 100vw, 300px\" \/><\/p>\n<h3><strong>El tejido industrial europeo toma la iniciativa con el bot\u00f3n &#8216;amarillo&#8217; de EEHRxF<\/strong><\/h3>\n<p>xShare propone integrar el bot\u00f3n amarillo en portales de salud y en aplicaciones de salud digital para que la ciudadan\u00eda pueda descargar sus datos de salud en un formato estandarizado seg\u00fan el EHRxF europeo en cumplimiento de los derechos de portabilidad recogidos en el RGPD. De esta manera, y con la misma facilidad con la que se comparten im\u00e1genes a trav\u00e9s del tel\u00e9fono m\u00f3vil, podremos compartir nuestros datos de salud en entornos de Atenci\u00f3n Primaria de manera segura e informada. Hecho que da salida a una de las propuestas estrat\u00e9gicas del EHDS.<\/p>\n<p>La etiqueta industrial y de calidad de xShare, asociada con el bot\u00f3n amarillo, proporcionar\u00e1 fiabilidad sobre la implementaci\u00f3n del bot\u00f3n de descarga y se gestionar\u00e1 bajo la direcci\u00f3n de DIGITALEUROPE con el apoyo de MedTech Europe.<\/p>\n<p>&nbsp;<\/p>\n<h3><strong>Un Hub de Est\u00e1ndares y Pol\u00edticas del EHRxF europeo para respaldar la etiqueta de xShare<\/strong><\/h3>\n<p>Este hub, dirigido por Robert Stegwee de CEN\/TC 251, dar\u00e1 soporte a la etiqueta xShare con especificaciones, herramientas y servicios. Seis organizaciones de desarrollo de est\u00e1ndares (SDO) forman parte del hub: CEN\/TC 251, HL7 Europe, IHE Europe, SNOMED, CDISC e IEEE.<\/p>\n<p>La ambici\u00f3n del bot\u00f3n de xShare es establecer el EHRxF europeo como elemento com\u00fan de los ecosistemas saludables y de salud digital en toda Europa. Parte del presupuesto de xShare se utilizar\u00e1 para incentivar la adopci\u00f3n del formato por parte de empresas europeas que trabajen en innovaci\u00f3n entre todos los estados miembro. Y se combinar\u00e1 con inversiones en desarrollo de competencias digitales para asegurar que el EEHRxF se convierta en el aglutinante de los ecosistemas de salud digital europeos del EHDS. \u00abEsto dar\u00e1 soporte a los objetivos de la Br\u00fajula Digital 2030 impulsando empresas y personas en un futuro digital centrado en la persona, sostenible y pr\u00f3spero\u00bb, afirma Catherine Chronaki, coordinadora cient\u00edfica del proyecto xShare.<\/p>\n<p>Robert Stegwee de CEN\/TC 251 considera que: \u00abxShare es un testimonio relevante de la colaboraci\u00f3n para impulsar la transformaci\u00f3n digital de la salud. Con el establecimiento del Hub de Est\u00e1ndares y Pol\u00edticas del EHRxF europeo, estamos poniendo las bases para un sector de la salud resiliente y competitivo en Europa. El bot\u00f3n de xShare no es solo una caracter\u00edstica. Es un s\u00edmbolo de empoderamiento. Permitir\u00e1 a las personas tomar el control de sus datos de salud en un formato computable, creando la esencia del ecosistema de salud digital europeo.\u00bb<\/p>\n<p>&nbsp;<\/p>\n<h3><strong>Consorcio xShare, una fuerza para la innovaci\u00f3n en el EHDS<\/strong><\/h3>\n<p>El consorcio xShare, co-liderado por MedCom (Dinamarca) y HL7 Europe (B\u00e9lgica), comprende seis organizaciones de desarrollo de est\u00e1ndares, tres asociaciones industriales, seis ministerios de salud nacionales y regionales, agencias gubernamentales y cinco peque\u00f1as y medianas empresas para pilotar xShare en ocho Estados miembros europeos.<\/p>\n<p>La colaboraci\u00f3n diversa incluye un instituto de salud p\u00fablica, cinco instituciones acad\u00e9micas y un centro de computaci\u00f3n de alto rendimiento, posicionando al Hub de Est\u00e1ndares y Pol\u00edticas del EHRxF europeo como infraestructura cr\u00edtica para la investigaci\u00f3n y la innovaci\u00f3n en Europa. El trabajo ya ha comenzado bajo la direcci\u00f3n de Becky Kush de CDISC, que lidera un equipo de expertos en el uso primario y secundario de datos para establecer un conjunto de datos central armonizado.<\/p>\n<p>Los primeros resultados de este esfuerzo se presentar\u00e1n en Atenas del 15 al 19 de enero durante la Semana de la Salud Digital de Atenas y la reuni\u00f3n de trabajo de HL7 Europe 2024 y la Marat\u00f3n FHIR<\/p>\n<h6><img loading=\"lazy\" decoding=\"async\" class=\"wp-image-24318 size-full alignleft\" src=\"https:\/\/ticsalutsocial.atoom.space\/wp-content\/uploads\/2023\/12\/cofundend.png\" alt=\"\" width=\"143\" height=\"39\" \/>Co-funded by the European Union. Views and opinions expressed are however those of the author(s) only and do not necessarily reflect those of the European Union or European Health and Digital Executive Agency (HADEA). Neither the European Union nor the granting authority can be held responsible for them.<\/h6>\n","protected":false},"author":3,"featured_media":24299,"menu_order":0,"template":"","meta":{"_acf_changed":false,"inline_featured_image":false},"etiqueta":[],"tipus":[],"topic":[123],"class_list":["post-24306","noticia","type-noticia","status-publish","has-post-thumbnail","hentry","topic-actualidad"],"acf":{"finalitzat":false,"tipus_plantilla":"objectius","template_objectius":{"cont_principal":"","imatge":false,"cont_seguent":{"titol":"","contingut":""},"seccio_llistat":{"titol":"","llistat":false},"objectius":{"titol":"","objectius":false},"documents":false},"autor":"","imatge":false,"textos_destacats":[{"texte":"El objetivo es introducir el bot\u00f3n amarillo y l a etiqueta industrial y de calidad xShare para que la ciudadan\u00eda pueda compartir sus datos de salud personales de manera segura y r\u00e1pida en sus desplazamientos a trav\u00e9s de los Estados miembro"}],"documents":false},"yoast_head":"<!-- This site is optimized with the Yoast SEO plugin v27.1.1 - https:\/\/yoast.com\/product\/yoast-seo-wordpress\/ -->\n<title>Empieza el proyecto xShare - Fundaci\u00f3 TIC Salut i Social<\/title>\n<meta name=\"robots\" content=\"index, follow, max-snippet:-1, max-image-preview:large, max-video-preview:-1\" \/>\n<link rel=\"canonical\" href=\"https:\/\/ticsalutsocial.atoom.space\/es\/noticia\/empieza-el-proyecto-xshare\/\" \/>\n<meta property=\"og:locale\" content=\"es_ES\" \/>\n<meta property=\"og:type\" content=\"article\" \/>\n<meta property=\"og:title\" content=\"Empieza el proyecto xShare - Fundaci\u00f3 TIC Salut i Social\" \/>\n<meta property=\"og:description\" content=\"Este mes de diciembre de 2023 ha sido un hito significativo en el marco de la salud digital europea. Se ha iniciado oficialmente el proyecto xShare, en el que participa la Fundaci\u00f3n TIC Salut Social como parte de un consorcio de 40 socios. El objetivo es introducir el bot\u00f3n amarillo y la etiqueta industrial y [&hellip;]\" \/>\n<meta property=\"og:url\" content=\"https:\/\/ticsalutsocial.atoom.space\/es\/noticia\/empieza-el-proyecto-xshare\/\" \/>\n<meta property=\"og:site_name\" content=\"Fundaci\u00f3 TIC Salut i Social\" \/>\n<meta property=\"article:modified_time\" content=\"2023-12-22T10:49:40+00:00\" \/>\n<meta property=\"og:image\" content=\"https:\/\/ticsalutsocial.atoom.space\/wp-content\/uploads\/2023\/12\/xshare.jpg\" \/>\n\t<meta property=\"og:image:width\" content=\"1423\" \/>\n\t<meta property=\"og:image:height\" content=\"776\" \/>\n\t<meta property=\"og:image:type\" content=\"image\/jpeg\" \/>\n<meta name=\"twitter:card\" content=\"summary_large_image\" \/>\n<meta name=\"twitter:label1\" content=\"Tiempo de lectura\" \/>\n\t<meta name=\"twitter:data1\" content=\"5 minutos\" \/>\n<script type=\"application\/ld+json\" class=\"yoast-schema-graph\">{\"@context\":\"https:\/\/schema.org\",\"@graph\":[{\"@type\":\"WebPage\",\"@id\":\"https:\/\/ticsalutsocial.atoom.space\/es\/noticia\/empieza-el-proyecto-xshare\/\",\"url\":\"https:\/\/ticsalutsocial.atoom.space\/es\/noticia\/empieza-el-proyecto-xshare\/\",\"name\":\"Empieza el proyecto xShare - Fundaci\u00f3 TIC Salut i Social\",\"isPartOf\":{\"@id\":\"https:\/\/ticsalutsocial.atoom.space\/es\/#website\"},\"primaryImageOfPage\":{\"@id\":\"https:\/\/ticsalutsocial.atoom.space\/es\/noticia\/empieza-el-proyecto-xshare\/#primaryimage\"},\"image\":{\"@id\":\"https:\/\/ticsalutsocial.atoom.space\/es\/noticia\/empieza-el-proyecto-xshare\/#primaryimage\"},\"thumbnailUrl\":\"https:\/\/ticsalutsocial.atoom.space\/wp-content\/uploads\/2023\/12\/xshare.jpg\",\"datePublished\":\"2023-12-22T10:24:11+00:00\",\"dateModified\":\"2023-12-22T10:49:40+00:00\",\"breadcrumb\":{\"@id\":\"https:\/\/ticsalutsocial.atoom.space\/es\/noticia\/empieza-el-proyecto-xshare\/#breadcrumb\"},\"inLanguage\":\"es\",\"potentialAction\":[{\"@type\":\"ReadAction\",\"target\":[\"https:\/\/ticsalutsocial.atoom.space\/es\/noticia\/empieza-el-proyecto-xshare\/\"]}]},{\"@type\":\"ImageObject\",\"inLanguage\":\"es\",\"@id\":\"https:\/\/ticsalutsocial.atoom.space\/es\/noticia\/empieza-el-proyecto-xshare\/#primaryimage\",\"url\":\"https:\/\/ticsalutsocial.atoom.space\/wp-content\/uploads\/2023\/12\/xshare.jpg\",\"contentUrl\":\"https:\/\/ticsalutsocial.atoom.space\/wp-content\/uploads\/2023\/12\/xshare.jpg\",\"width\":1423,\"height\":776},{\"@type\":\"BreadcrumbList\",\"@id\":\"https:\/\/ticsalutsocial.atoom.space\/es\/noticia\/empieza-el-proyecto-xshare\/#breadcrumb\",\"itemListElement\":[{\"@type\":\"ListItem\",\"position\":1,\"name\":\"Inici\",\"item\":\"https:\/\/ticsalutsocial.atoom.space\/es\/\"},{\"@type\":\"ListItem\",\"position\":2,\"name\":\"Empieza el proyecto xShare\"}]},{\"@type\":\"WebSite\",\"@id\":\"https:\/\/ticsalutsocial.atoom.space\/es\/#website\",\"url\":\"https:\/\/ticsalutsocial.atoom.space\/es\/\",\"name\":\"Fundaci\u00f3 TIC Salut i Social\",\"description\":\"\",\"potentialAction\":[{\"@type\":\"SearchAction\",\"target\":{\"@type\":\"EntryPoint\",\"urlTemplate\":\"https:\/\/ticsalutsocial.atoom.space\/es\/?s={search_term_string}\"},\"query-input\":{\"@type\":\"PropertyValueSpecification\",\"valueRequired\":true,\"valueName\":\"search_term_string\"}}],\"inLanguage\":\"es\"}]}<\/script>\n<!-- \/ Yoast SEO plugin. -->","yoast_head_json":{"title":"Empieza el proyecto xShare - Fundaci\u00f3 TIC Salut i Social","robots":{"index":"index","follow":"follow","max-snippet":"max-snippet:-1","max-image-preview":"max-image-preview:large","max-video-preview":"max-video-preview:-1"},"canonical":"https:\/\/ticsalutsocial.atoom.space\/es\/noticia\/empieza-el-proyecto-xshare\/","og_locale":"es_ES","og_type":"article","og_title":"Empieza el proyecto xShare - Fundaci\u00f3 TIC Salut i Social","og_description":"Este mes de diciembre de 2023 ha sido un hito significativo en el marco de la salud digital europea. Se ha iniciado oficialmente el proyecto xShare, en el que participa la Fundaci\u00f3n TIC Salut Social como parte de un consorcio de 40 socios. El objetivo es introducir el bot\u00f3n amarillo y la etiqueta industrial y [&hellip;]","og_url":"https:\/\/ticsalutsocial.atoom.space\/es\/noticia\/empieza-el-proyecto-xshare\/","og_site_name":"Fundaci\u00f3 TIC Salut i Social","article_modified_time":"2023-12-22T10:49:40+00:00","og_image":[{"width":1423,"height":776,"url":"https:\/\/ticsalutsocial.atoom.space\/wp-content\/uploads\/2023\/12\/xshare.jpg","type":"image\/jpeg"}],"twitter_card":"summary_large_image","twitter_misc":{"Tiempo de lectura":"5 minutos"},"schema":{"@context":"https:\/\/schema.org","@graph":[{"@type":"WebPage","@id":"https:\/\/ticsalutsocial.atoom.space\/es\/noticia\/empieza-el-proyecto-xshare\/","url":"https:\/\/ticsalutsocial.atoom.space\/es\/noticia\/empieza-el-proyecto-xshare\/","name":"Empieza el proyecto xShare - Fundaci\u00f3 TIC Salut i Social","isPartOf":{"@id":"https:\/\/ticsalutsocial.atoom.space\/es\/#website"},"primaryImageOfPage":{"@id":"https:\/\/ticsalutsocial.atoom.space\/es\/noticia\/empieza-el-proyecto-xshare\/#primaryimage"},"image":{"@id":"https:\/\/ticsalutsocial.atoom.space\/es\/noticia\/empieza-el-proyecto-xshare\/#primaryimage"},"thumbnailUrl":"https:\/\/ticsalutsocial.atoom.space\/wp-content\/uploads\/2023\/12\/xshare.jpg","datePublished":"2023-12-22T10:24:11+00:00","dateModified":"2023-12-22T10:49:40+00:00","breadcrumb":{"@id":"https:\/\/ticsalutsocial.atoom.space\/es\/noticia\/empieza-el-proyecto-xshare\/#breadcrumb"},"inLanguage":"es","potentialAction":[{"@type":"ReadAction","target":["https:\/\/ticsalutsocial.atoom.space\/es\/noticia\/empieza-el-proyecto-xshare\/"]}]},{"@type":"ImageObject","inLanguage":"es","@id":"https:\/\/ticsalutsocial.atoom.space\/es\/noticia\/empieza-el-proyecto-xshare\/#primaryimage","url":"https:\/\/ticsalutsocial.atoom.space\/wp-content\/uploads\/2023\/12\/xshare.jpg","contentUrl":"https:\/\/ticsalutsocial.atoom.space\/wp-content\/uploads\/2023\/12\/xshare.jpg","width":1423,"height":776},{"@type":"BreadcrumbList","@id":"https:\/\/ticsalutsocial.atoom.space\/es\/noticia\/empieza-el-proyecto-xshare\/#breadcrumb","itemListElement":[{"@type":"ListItem","position":1,"name":"Inici","item":"https:\/\/ticsalutsocial.atoom.space\/es\/"},{"@type":"ListItem","position":2,"name":"Empieza el proyecto xShare"}]},{"@type":"WebSite","@id":"https:\/\/ticsalutsocial.atoom.space\/es\/#website","url":"https:\/\/ticsalutsocial.atoom.space\/es\/","name":"Fundaci\u00f3 TIC Salut i Social","description":"","potentialAction":[{"@type":"SearchAction","target":{"@type":"EntryPoint","urlTemplate":"https:\/\/ticsalutsocial.atoom.space\/es\/?s={search_term_string}"},"query-input":{"@type":"PropertyValueSpecification","valueRequired":true,"valueName":"search_term_string"}}],"inLanguage":"es"}]}},"_links":{"self":[{"href":"https:\/\/ticsalutsocial.atoom.space\/es\/wp-json\/wp\/v2\/noticia\/24306","targetHints":{"allow":["GET"]}}],"collection":[{"href":"https:\/\/ticsalutsocial.atoom.space\/es\/wp-json\/wp\/v2\/noticia"}],"about":[{"href":"https:\/\/ticsalutsocial.atoom.space\/es\/wp-json\/wp\/v2\/types\/noticia"}],"author":[{"embeddable":true,"href":"https:\/\/ticsalutsocial.atoom.space\/es\/wp-json\/wp\/v2\/users\/3"}],"wp:featuredmedia":[{"embeddable":true,"href":"https:\/\/ticsalutsocial.atoom.space\/es\/wp-json\/wp\/v2\/media\/24299"}],"wp:attachment":[{"href":"https:\/\/ticsalutsocial.atoom.space\/es\/wp-json\/wp\/v2\/media?parent=24306"}],"wp:term":[{"taxonomy":"etiqueta","embeddable":true,"href":"https:\/\/ticsalutsocial.atoom.space\/es\/wp-json\/wp\/v2\/etiqueta?post=24306"},{"taxonomy":"tipus","embeddable":true,"href":"https:\/\/ticsalutsocial.atoom.space\/es\/wp-json\/wp\/v2\/tipus?post=24306"},{"taxonomy":"topic","embeddable":true,"href":"https:\/\/ticsalutsocial.atoom.space\/es\/wp-json\/wp\/v2\/topic?post=24306"}],"curies":[{"name":"wp","href":"https:\/\/api.w.org\/{rel}","templated":true}]}}