
{"id":24352,"date":"2023-12-22T15:22:57","date_gmt":"2023-12-22T13:22:57","guid":{"rendered":"https:\/\/ticsalutsocial.atoom.space\/noticia\/el-patronat-de-la-fundacio-tic-salut-social-incorpora-nous-membres-de-lambit-social\/"},"modified":"2023-12-22T15:31:33","modified_gmt":"2023-12-22T13:31:33","slug":"el-patronat-de-la-fundacio-tic-salut-social-incorpora-nous-membres-de-lambit-social","status":"publish","type":"noticia","link":"https:\/\/ticsalutsocial.atoom.space\/es\/noticia\/el-patronat-de-la-fundacio-tic-salut-social-incorpora-nous-membres-de-lambit-social\/","title":{"rendered":"El Patronato de la Fundaci\u00f3n TIC Salut Social incorpora nuevos miembros del \u00e1mbito social"},"content":{"rendered":"\n<p>El Patronato de la Fundaci\u00f3n TIC Salud Social ha ratificado la incorporaci\u00f3n de nuevos miembros procedentes del \u00e1mbito social. En la sesi\u00f3n, celebrada el 22 de diciembre, han sido nombrados como vocales el Secretario General del Departamento de Drets Socials, <strong>Oriol Amor\u00f3s<\/strong>; el Secretario de Asuntos Sociales y Familias del Departamento de Drets Socials, <strong>Llu\u00eds Torrens<\/strong>; la presidenta de la Asociaci\u00f3n Catalana de Recursos Asistenciales (ACRA), <strong>Cinta Pasqual<\/strong>; y el Tesorero de la Mesa de Entidades del Tercer Sector Social de Catalu\u00f1a, <strong>Xavier Trabado<\/strong>.<\/p>\n\n\n\n<p>Las nuevas incorporaciones se han producido despu\u00e9s del <a href=\"https:\/\/documents.dadesobertes.gencat.cat\/acordsgovern\/docs\/SIG23SLT1190.pdf?utm_campaign=inside-ticss-octubre-2023&amp;utm_medium=email&amp;utm_source=acumbamail\" target=\"_blank\" rel=\"noreferrer noopener\">Acuerdo de Gobierno de 31 de octubre de 2023<\/a> para modificar los Estatutos de la Fundaci\u00f3n TIC Salud Social en el sentido de intensificar la integraci\u00f3n del Departamento de Drets Socials en la Fundaci\u00f3n y apoyar su proyecci\u00f3n internacional.<\/p>\n\n\n\n<h2 class=\"wp-block-heading\">Patronato de la Fundaci\u00f3n TIC Salut Social<\/h2>\n\n\n\n<p>El actual Patronato est\u00e1 conformado por el Conseller de Salut, <strong>Manel Balcells<\/strong>, como presidente, el Conseller de Drets Socials, <strong>Carles Campuzano<\/strong>, como vicepresidente, y los siguientes 15 representantes institucionales, como vocales:<\/p>\n\n\n\n<ul class=\"wp-block-list\">\n<li><strong>Anna Zarzosa<\/strong>, Directora General de ACES.<\/li>\n\n\n\n<li><strong>Cinta Pascual<\/strong>, Presidenta de ACRA.<\/li>\n\n\n\n<li><strong>Elisenda Serra<\/strong>, Directora del \u00c1rea de Ciudadan\u00eda, Innovaci\u00f3n y Usuario del Catsalut.<\/li>\n\n\n\n<li><strong>Gina Tost<\/strong>, Secretaria de Pol\u00edticas Digitales de la Generalidad de Catalu\u00f1a.<\/li>\n\n\n\n<li><strong>Jos\u00e9 Augusto Garcia<\/strong>, Director General Consorcio de Salud y Social de Catalu\u00f1a.<\/li>\n\n\n\n<li><strong>Laura Seijo<\/strong>, Concejala del Ayuntamiento de Matar\u00f3.<\/li>\n\n\n\n<li><strong>Llu\u00eds Junc\u00e0<\/strong>, Director general de Innovaci\u00f3n, Econom\u00eda Digital y Emprendimiento del Departamento de Empresa y Trabajo.<\/li>\n\n\n\n<li><strong>Llu\u00eds Torrens<\/strong>, Secretario de Asuntos Sociales y Familias del Departamento de Derechos Sociales.<\/li>\n\n\n\n<li><strong>Miquel Arrufat<\/strong>, Director de Gesti\u00f3n Econ\u00f3mico-financiera del Instituto Catal\u00e1n de la Salud (ICS).<\/li>\n\n\n\n<li><strong>Oriol Amor\u00f3s<\/strong>, Secretario General del Departamento de Derechos Sociales.<\/li>\n\n\n\n<li><strong>Pol P\u00e9rez<\/strong>, Director del \u00c1rea de Sistemas de Informaci\u00f3n del Catsalut.<\/li>\n\n\n\n<li><strong>Ramon Maspons<\/strong>, Director del \u00c1rea de Innovaci\u00f3n de la Agencia de Calidad y Evaluaci\u00f3n Sanitarias (AQuAS).<\/li>\n\n\n\n<li><strong>Roser Fern\u00e1ndez<\/strong>, Directora General de La Uni\u00f3n<\/li>\n\n\n\n<li><strong>Sergi Marc\u00e9n<\/strong>, Secretario de Telecomunicaciones y Transformaci\u00f3n Digital de la Generalidad de Catalu\u00f1a.<\/li>\n\n\n\n<li><strong>Xavier Trabado<\/strong>, Tesorero de la Mesa de Entidades del Tercer Sector Social de Catalunya.<\/li>\n<\/ul>\n","protected":false},"author":12,"featured_media":12040,"menu_order":0,"template":"","meta":{"_acf_changed":false,"inline_featured_image":false},"etiqueta":[],"tipus":[],"topic":[130],"class_list":["post-24352","noticia","type-noticia","status-publish","has-post-thumbnail","hentry","topic-la-fundacion"],"acf":{"finalitzat":false,"tipus_plantilla":"objectius","template_objectius":{"cont_principal":"","imatge":false,"cont_seguent":{"titol":"","contingut":""},"seccio_llistat":{"titol":"","llistat":false},"objectius":{"titol":"","objectius":false},"documents":false},"autor":"","imatge":12040,"textos_destacats":[{"texte":"Las nuevas incorporaciones se han producido despu\u00e9s del Acuerdo de Gobierno de 31 de octubre de 2023."}],"documents":false},"yoast_head":"<!-- This site is optimized with the Yoast SEO plugin v27.1.1 - https:\/\/yoast.com\/product\/yoast-seo-wordpress\/ -->\n<title>El Patronato de la Fundaci\u00f3n TIC Salut Social incorpora nuevos miembros del \u00e1mbito social - Fundaci\u00f3 TIC Salut i Social<\/title>\n<meta name=\"description\" content=\"El Patronato de la Fundaci\u00f3n TIC Salud Social ha hecho efectiva la incorporaci\u00f3n de nuevos miembros procedentes del \u00e1mbito social\" \/>\n<meta name=\"robots\" content=\"index, follow, max-snippet:-1, max-image-preview:large, max-video-preview:-1\" \/>\n<link rel=\"canonical\" href=\"https:\/\/ticsalutsocial.atoom.space\/es\/noticia\/el-patronat-de-la-fundacio-tic-salut-social-incorpora-nous-membres-de-lambit-social\/\" \/>\n<meta property=\"og:locale\" content=\"es_ES\" \/>\n<meta property=\"og:type\" content=\"article\" \/>\n<meta property=\"og:title\" content=\"El Patronato de la Fundaci\u00f3n TIC Salut Social incorpora nuevos miembros del \u00e1mbito social - Fundaci\u00f3 TIC Salut i Social\" \/>\n<meta property=\"og:description\" content=\"El Patronato de la Fundaci\u00f3n TIC Salud Social ha hecho efectiva la incorporaci\u00f3n de nuevos miembros procedentes del \u00e1mbito social\" \/>\n<meta property=\"og:url\" content=\"https:\/\/ticsalutsocial.atoom.space\/es\/noticia\/el-patronat-de-la-fundacio-tic-salut-social-incorpora-nous-membres-de-lambit-social\/\" \/>\n<meta property=\"og:site_name\" content=\"Fundaci\u00f3 TIC Salut i Social\" \/>\n<meta property=\"article:modified_time\" content=\"2023-12-22T13:31:33+00:00\" \/>\n<meta property=\"og:image\" content=\"https:\/\/ticsalutsocial.atoom.space\/wp-content\/uploads\/2022\/06\/pexels-pixabay-416320-scaled.jpg\" \/>\n\t<meta property=\"og:image:width\" content=\"2560\" \/>\n\t<meta property=\"og:image:height\" content=\"1707\" \/>\n\t<meta property=\"og:image:type\" content=\"image\/jpeg\" \/>\n<meta name=\"twitter:card\" content=\"summary_large_image\" \/>\n<meta name=\"twitter:label1\" content=\"Tiempo de lectura\" \/>\n\t<meta name=\"twitter:data1\" content=\"2 minutos\" \/>\n<script type=\"application\/ld+json\" class=\"yoast-schema-graph\">{\"@context\":\"https:\/\/schema.org\",\"@graph\":[{\"@type\":\"WebPage\",\"@id\":\"https:\/\/ticsalutsocial.atoom.space\/es\/noticia\/el-patronat-de-la-fundacio-tic-salut-social-incorpora-nous-membres-de-lambit-social\/\",\"url\":\"https:\/\/ticsalutsocial.atoom.space\/es\/noticia\/el-patronat-de-la-fundacio-tic-salut-social-incorpora-nous-membres-de-lambit-social\/\",\"name\":\"El Patronato de la Fundaci\u00f3n TIC Salut Social incorpora nuevos miembros del \u00e1mbito social - Fundaci\u00f3 TIC Salut i Social\",\"isPartOf\":{\"@id\":\"https:\/\/ticsalutsocial.atoom.space\/es\/#website\"},\"primaryImageOfPage\":{\"@id\":\"https:\/\/ticsalutsocial.atoom.space\/es\/noticia\/el-patronat-de-la-fundacio-tic-salut-social-incorpora-nous-membres-de-lambit-social\/#primaryimage\"},\"image\":{\"@id\":\"https:\/\/ticsalutsocial.atoom.space\/es\/noticia\/el-patronat-de-la-fundacio-tic-salut-social-incorpora-nous-membres-de-lambit-social\/#primaryimage\"},\"thumbnailUrl\":\"https:\/\/ticsalutsocial.atoom.space\/wp-content\/uploads\/2022\/06\/pexels-pixabay-416320-scaled.jpg\",\"datePublished\":\"2023-12-22T13:22:57+00:00\",\"dateModified\":\"2023-12-22T13:31:33+00:00\",\"description\":\"El Patronato de la Fundaci\u00f3n TIC Salud Social ha hecho efectiva la incorporaci\u00f3n de nuevos miembros procedentes del \u00e1mbito social\",\"breadcrumb\":{\"@id\":\"https:\/\/ticsalutsocial.atoom.space\/es\/noticia\/el-patronat-de-la-fundacio-tic-salut-social-incorpora-nous-membres-de-lambit-social\/#breadcrumb\"},\"inLanguage\":\"es\",\"potentialAction\":[{\"@type\":\"ReadAction\",\"target\":[\"https:\/\/ticsalutsocial.atoom.space\/es\/noticia\/el-patronat-de-la-fundacio-tic-salut-social-incorpora-nous-membres-de-lambit-social\/\"]}]},{\"@type\":\"ImageObject\",\"inLanguage\":\"es\",\"@id\":\"https:\/\/ticsalutsocial.atoom.space\/es\/noticia\/el-patronat-de-la-fundacio-tic-salut-social-incorpora-nous-membres-de-lambit-social\/#primaryimage\",\"url\":\"https:\/\/ticsalutsocial.atoom.space\/wp-content\/uploads\/2022\/06\/pexels-pixabay-416320-scaled.jpg\",\"contentUrl\":\"https:\/\/ticsalutsocial.atoom.space\/wp-content\/uploads\/2022\/06\/pexels-pixabay-416320-scaled.jpg\",\"width\":2560,\"height\":1707,\"caption\":\"Patronat\"},{\"@type\":\"BreadcrumbList\",\"@id\":\"https:\/\/ticsalutsocial.atoom.space\/es\/noticia\/el-patronat-de-la-fundacio-tic-salut-social-incorpora-nous-membres-de-lambit-social\/#breadcrumb\",\"itemListElement\":[{\"@type\":\"ListItem\",\"position\":1,\"name\":\"Inici\",\"item\":\"https:\/\/ticsalutsocial.atoom.space\/es\/\"},{\"@type\":\"ListItem\",\"position\":2,\"name\":\"El Patronato de la Fundaci\u00f3n TIC Salut Social incorpora nuevos miembros del \u00e1mbito social\"}]},{\"@type\":\"WebSite\",\"@id\":\"https:\/\/ticsalutsocial.atoom.space\/es\/#website\",\"url\":\"https:\/\/ticsalutsocial.atoom.space\/es\/\",\"name\":\"Fundaci\u00f3 TIC Salut i Social\",\"description\":\"\",\"potentialAction\":[{\"@type\":\"SearchAction\",\"target\":{\"@type\":\"EntryPoint\",\"urlTemplate\":\"https:\/\/ticsalutsocial.atoom.space\/es\/?s={search_term_string}\"},\"query-input\":{\"@type\":\"PropertyValueSpecification\",\"valueRequired\":true,\"valueName\":\"search_term_string\"}}],\"inLanguage\":\"es\"}]}<\/script>\n<!-- \/ Yoast SEO plugin. -->","yoast_head_json":{"title":"El Patronato de la Fundaci\u00f3n TIC Salut Social incorpora nuevos miembros del \u00e1mbito social - Fundaci\u00f3 TIC Salut i Social","description":"El Patronato de la Fundaci\u00f3n TIC Salud Social ha hecho efectiva la incorporaci\u00f3n de nuevos miembros procedentes del \u00e1mbito social","robots":{"index":"index","follow":"follow","max-snippet":"max-snippet:-1","max-image-preview":"max-image-preview:large","max-video-preview":"max-video-preview:-1"},"canonical":"https:\/\/ticsalutsocial.atoom.space\/es\/noticia\/el-patronat-de-la-fundacio-tic-salut-social-incorpora-nous-membres-de-lambit-social\/","og_locale":"es_ES","og_type":"article","og_title":"El Patronato de la Fundaci\u00f3n TIC Salut Social incorpora nuevos miembros del \u00e1mbito social - Fundaci\u00f3 TIC Salut i Social","og_description":"El Patronato de la Fundaci\u00f3n TIC Salud Social ha hecho efectiva la incorporaci\u00f3n de nuevos miembros procedentes del \u00e1mbito social","og_url":"https:\/\/ticsalutsocial.atoom.space\/es\/noticia\/el-patronat-de-la-fundacio-tic-salut-social-incorpora-nous-membres-de-lambit-social\/","og_site_name":"Fundaci\u00f3 TIC Salut i Social","article_modified_time":"2023-12-22T13:31:33+00:00","og_image":[{"width":2560,"height":1707,"url":"https:\/\/ticsalutsocial.atoom.space\/wp-content\/uploads\/2022\/06\/pexels-pixabay-416320-scaled.jpg","type":"image\/jpeg"}],"twitter_card":"summary_large_image","twitter_misc":{"Tiempo de lectura":"2 minutos"},"schema":{"@context":"https:\/\/schema.org","@graph":[{"@type":"WebPage","@id":"https:\/\/ticsalutsocial.atoom.space\/es\/noticia\/el-patronat-de-la-fundacio-tic-salut-social-incorpora-nous-membres-de-lambit-social\/","url":"https:\/\/ticsalutsocial.atoom.space\/es\/noticia\/el-patronat-de-la-fundacio-tic-salut-social-incorpora-nous-membres-de-lambit-social\/","name":"El Patronato de la Fundaci\u00f3n TIC Salut Social incorpora nuevos miembros del \u00e1mbito social - Fundaci\u00f3 TIC Salut i Social","isPartOf":{"@id":"https:\/\/ticsalutsocial.atoom.space\/es\/#website"},"primaryImageOfPage":{"@id":"https:\/\/ticsalutsocial.atoom.space\/es\/noticia\/el-patronat-de-la-fundacio-tic-salut-social-incorpora-nous-membres-de-lambit-social\/#primaryimage"},"image":{"@id":"https:\/\/ticsalutsocial.atoom.space\/es\/noticia\/el-patronat-de-la-fundacio-tic-salut-social-incorpora-nous-membres-de-lambit-social\/#primaryimage"},"thumbnailUrl":"https:\/\/ticsalutsocial.atoom.space\/wp-content\/uploads\/2022\/06\/pexels-pixabay-416320-scaled.jpg","datePublished":"2023-12-22T13:22:57+00:00","dateModified":"2023-12-22T13:31:33+00:00","description":"El Patronato de la Fundaci\u00f3n TIC Salud Social ha hecho efectiva la incorporaci\u00f3n de nuevos miembros procedentes del \u00e1mbito social","breadcrumb":{"@id":"https:\/\/ticsalutsocial.atoom.space\/es\/noticia\/el-patronat-de-la-fundacio-tic-salut-social-incorpora-nous-membres-de-lambit-social\/#breadcrumb"},"inLanguage":"es","potentialAction":[{"@type":"ReadAction","target":["https:\/\/ticsalutsocial.atoom.space\/es\/noticia\/el-patronat-de-la-fundacio-tic-salut-social-incorpora-nous-membres-de-lambit-social\/"]}]},{"@type":"ImageObject","inLanguage":"es","@id":"https:\/\/ticsalutsocial.atoom.space\/es\/noticia\/el-patronat-de-la-fundacio-tic-salut-social-incorpora-nous-membres-de-lambit-social\/#primaryimage","url":"https:\/\/ticsalutsocial.atoom.space\/wp-content\/uploads\/2022\/06\/pexels-pixabay-416320-scaled.jpg","contentUrl":"https:\/\/ticsalutsocial.atoom.space\/wp-content\/uploads\/2022\/06\/pexels-pixabay-416320-scaled.jpg","width":2560,"height":1707,"caption":"Patronat"},{"@type":"BreadcrumbList","@id":"https:\/\/ticsalutsocial.atoom.space\/es\/noticia\/el-patronat-de-la-fundacio-tic-salut-social-incorpora-nous-membres-de-lambit-social\/#breadcrumb","itemListElement":[{"@type":"ListItem","position":1,"name":"Inici","item":"https:\/\/ticsalutsocial.atoom.space\/es\/"},{"@type":"ListItem","position":2,"name":"El Patronato de la Fundaci\u00f3n TIC Salut Social incorpora nuevos miembros del \u00e1mbito social"}]},{"@type":"WebSite","@id":"https:\/\/ticsalutsocial.atoom.space\/es\/#website","url":"https:\/\/ticsalutsocial.atoom.space\/es\/","name":"Fundaci\u00f3 TIC Salut i Social","description":"","potentialAction":[{"@type":"SearchAction","target":{"@type":"EntryPoint","urlTemplate":"https:\/\/ticsalutsocial.atoom.space\/es\/?s={search_term_string}"},"query-input":{"@type":"PropertyValueSpecification","valueRequired":true,"valueName":"search_term_string"}}],"inLanguage":"es"}]}},"_links":{"self":[{"href":"https:\/\/ticsalutsocial.atoom.space\/es\/wp-json\/wp\/v2\/noticia\/24352","targetHints":{"allow":["GET"]}}],"collection":[{"href":"https:\/\/ticsalutsocial.atoom.space\/es\/wp-json\/wp\/v2\/noticia"}],"about":[{"href":"https:\/\/ticsalutsocial.atoom.space\/es\/wp-json\/wp\/v2\/types\/noticia"}],"author":[{"embeddable":true,"href":"https:\/\/ticsalutsocial.atoom.space\/es\/wp-json\/wp\/v2\/users\/12"}],"wp:featuredmedia":[{"embeddable":true,"href":"https:\/\/ticsalutsocial.atoom.space\/es\/wp-json\/wp\/v2\/media\/12040"}],"wp:attachment":[{"href":"https:\/\/ticsalutsocial.atoom.space\/es\/wp-json\/wp\/v2\/media?parent=24352"}],"wp:term":[{"taxonomy":"etiqueta","embeddable":true,"href":"https:\/\/ticsalutsocial.atoom.space\/es\/wp-json\/wp\/v2\/etiqueta?post=24352"},{"taxonomy":"tipus","embeddable":true,"href":"https:\/\/ticsalutsocial.atoom.space\/es\/wp-json\/wp\/v2\/tipus?post=24352"},{"taxonomy":"topic","embeddable":true,"href":"https:\/\/ticsalutsocial.atoom.space\/es\/wp-json\/wp\/v2\/topic?post=24352"}],"curies":[{"name":"wp","href":"https:\/\/api.w.org\/{rel}","templated":true}]}}