
{"id":24935,"date":"2024-01-15T14:06:58","date_gmt":"2024-01-15T12:06:58","guid":{"rendered":"https:\/\/ticsalutsocial.atoom.space\/noticia\/la-fundacio-tic-salut-social-impulsa-un-seminari-sobre-atencio-integrada-i-proteccio-de-dades\/"},"modified":"2024-01-24T13:27:29","modified_gmt":"2024-01-24T11:27:29","slug":"la-fundacion-tic-salut-social-impulsa-un-seminario-sobre-atencio-integrada-y-proteccion-de-datos","status":"publish","type":"noticia","link":"https:\/\/ticsalutsocial.atoom.space\/es\/noticia\/la-fundacion-tic-salut-social-impulsa-un-seminario-sobre-atencio-integrada-y-proteccion-de-datos\/","title":{"rendered":"La Fundaci\u00f3n TIC Salut Social impulsa un seminario sobre atenci\u00f3n integrada y protecci\u00f3n de datos"},"content":{"rendered":"\r\n\r\n\r\n\r\n\r\n\r\n\r\n<p>La Fundaci\u00f3n TIC Salut Social y la Oficina del Delegado de Protecci\u00f3n de Datos imparten de forma conjunta el seminario <em><strong>Servicios Integrados en Salud y Social<\/strong><\/em> de la Red Asistencial Universitaria Manresa \u2013 Althaia (Universidad de Vic-Universitat Central de Catalunya). Esta colaboraci\u00f3n est\u00e1 vehiculada a trav\u00e9s de la C\u00e1tedra TIC Salut Social y se imparte con el objetivo de ofrecer el estado del arte sobre los avances en digitalizaci\u00f3n del sector social y el impulso de la nueva Agencia de Integraci\u00f3n Social y Sanitaria en los profesionales asistenciales del Bages.<\/p>\r\n<p>El bloque sobre atenci\u00f3n integrada se realiza a cargo de Lourdes Rodr\u00edguez, t\u00e9cnica de Transformaci\u00f3n Digital del \u00c1mbito Social y Atenci\u00f3n Integrada de la Fundaci\u00f3n TIC Salut Social. El temario busca ofrecer una visi\u00f3n de 360\u00ba con mirada tecnol\u00f3gica de este \u00e1mbito.<\/p>\r\n<p>El bloque sobre protecci\u00f3n de datos ser\u00e1 impartido a cargo de Maria Esteban, t\u00e9cnica jur\u00eddica de la Oficina del DPD de la Fundaci\u00f3n, y completar\u00e1 el abordaje tecnol\u00f3gico con las consideraciones normativas vinculadas al RGPD.<\/p>\r\n<p>En este sentido, Esteban afirma que \u00abconsiderar la protecci\u00f3n de datos desde el dise\u00f1o de los proyectos ayuda a optimizar tiempo y recursos en el planteamiento de una tecnolog\u00eda eficiente y escalable\u00bb. Ambos bloques se estructuran de la siguiente forma:<\/p>\r\n<p><iframe loading=\"lazy\" title=\"TIC Salut Social | Seminari sobre atenci\u00f3 integrada i protecci\u00f3 de dades\" width=\"500\" height=\"281\" src=\"https:\/\/www.youtube.com\/embed\/V4RW-aIwj1s?feature=oembed\" frameborder=\"0\" allow=\"accelerometer; autoplay; clipboard-write; encrypted-media; gyroscope; picture-in-picture; web-share\" referrerpolicy=\"strict-origin-when-cross-origin\" allowfullscreen><\/iframe><\/p>\r\n<p>&nbsp;<\/p>\r\n<h2>10 a\u00f1os de la C\u00e1tedra TIC Salut Social<\/h2>\r\n<p>Por iniciativa conjunta de la Fundaci\u00f3n TIC Salut Social y la Universidad de Vic-UCC, en diciembre de 2013 se cre\u00f3 la C\u00e1tedra TIC Salut Social. Su objetivo es dar servicio y actuar como punto de referencia en la b\u00fasqueda de tecnolog\u00edas innovadoras aplicadas a la salud y al Sistema de Servicios Sociales de Catalunya.<\/p>\r\n<p>Entre sus actividades se cuenta la construcci\u00f3n y promoci\u00f3n de una red de trabajo para promover la mejora de la calidad asistencial y su eficiencia. Esta red se compone de instituciones sanitarias y sociosanitarias de \u00e1mbito nacional e internacional, el mundo acad\u00e9mico e investigadores.<\/p>\r\n","protected":false},"author":3,"featured_media":24578,"menu_order":0,"template":"","meta":{"_acf_changed":false,"inline_featured_image":false},"etiqueta":[],"tipus":[94],"topic":[121],"class_list":["post-24935","noticia","type-noticia","status-publish","has-post-thumbnail","hentry","tipus-integracion-social-y-sanitaria","topic-dpd-es"],"acf":{"autor":"","imatge":24578,"textos_destacats":[{"texte":"Althaia posa el focus formatiu en el sector social a trav\u00e9s de la C\u00e0tedra TIC Salut Social de la Fundaci\u00f3"}],"documents":false,"finalitzat":false,"tipus_plantilla":"objectius","template_objectius":{"cont_principal":"","imatge":false,"cont_seguent":{"titol":"","contingut":""},"seccio_llistat":{"titol":"","llistat":false},"objectius":{"titol":"","objectius":false},"documents":false}},"yoast_head":"<!-- This site is optimized with the Yoast SEO plugin v27.1.1 - https:\/\/yoast.com\/product\/yoast-seo-wordpress\/ -->\n<title>La Fundaci\u00f3n TIC Salut Social impulsa un seminario sobre atenci\u00f3n integrada y protecci\u00f3n de datos - Fundaci\u00f3 TIC Salut i Social<\/title>\n<meta name=\"description\" content=\"La Fundaci\u00f3 TIC Salut Social i l\u2019Oficina del Delegat de Protecci\u00f3 de Dades imparteixen de manera conjunta el seminari Serveis Integrats en Salut i Social.\" \/>\n<meta name=\"robots\" content=\"index, follow, max-snippet:-1, max-image-preview:large, max-video-preview:-1\" \/>\n<link rel=\"canonical\" href=\"https:\/\/ticsalutsocial.atoom.space\/es\/noticia\/la-fundacion-tic-salut-social-impulsa-un-seminario-sobre-atencio-integrada-y-proteccion-de-datos\/\" \/>\n<meta property=\"og:locale\" content=\"es_ES\" \/>\n<meta property=\"og:type\" content=\"article\" \/>\n<meta property=\"og:title\" content=\"La Fundaci\u00f3n TIC Salut Social impulsa un seminario sobre atenci\u00f3n integrada y protecci\u00f3n de datos - Fundaci\u00f3 TIC Salut i Social\" \/>\n<meta property=\"og:description\" content=\"La Fundaci\u00f3 TIC Salut Social i l\u2019Oficina del Delegat de Protecci\u00f3 de Dades imparteixen de manera conjunta el seminari Serveis Integrats en Salut i Social.\" \/>\n<meta property=\"og:url\" content=\"https:\/\/ticsalutsocial.atoom.space\/es\/noticia\/la-fundacion-tic-salut-social-impulsa-un-seminario-sobre-atencio-integrada-y-proteccion-de-datos\/\" \/>\n<meta property=\"og:site_name\" content=\"Fundaci\u00f3 TIC Salut i Social\" \/>\n<meta property=\"article:modified_time\" content=\"2024-01-24T11:27:29+00:00\" \/>\n<meta property=\"og:image\" content=\"https:\/\/ticsalutsocial.atoom.space\/wp-content\/uploads\/2024\/01\/catedra.png\" \/>\n\t<meta property=\"og:image:width\" content=\"1280\" \/>\n\t<meta property=\"og:image:height\" content=\"960\" \/>\n\t<meta property=\"og:image:type\" content=\"image\/png\" \/>\n<meta name=\"twitter:card\" content=\"summary_large_image\" \/>\n<meta name=\"twitter:label1\" content=\"Tiempo de lectura\" \/>\n\t<meta name=\"twitter:data1\" content=\"2 minutos\" \/>\n<script type=\"application\/ld+json\" class=\"yoast-schema-graph\">{\"@context\":\"https:\/\/schema.org\",\"@graph\":[{\"@type\":\"WebPage\",\"@id\":\"https:\/\/ticsalutsocial.atoom.space\/es\/noticia\/la-fundacion-tic-salut-social-impulsa-un-seminario-sobre-atencio-integrada-y-proteccion-de-datos\/\",\"url\":\"https:\/\/ticsalutsocial.atoom.space\/es\/noticia\/la-fundacion-tic-salut-social-impulsa-un-seminario-sobre-atencio-integrada-y-proteccion-de-datos\/\",\"name\":\"La Fundaci\u00f3n TIC Salut Social impulsa un seminario sobre atenci\u00f3n integrada y protecci\u00f3n de datos - Fundaci\u00f3 TIC Salut i Social\",\"isPartOf\":{\"@id\":\"https:\/\/ticsalutsocial.atoom.space\/es\/#website\"},\"primaryImageOfPage\":{\"@id\":\"https:\/\/ticsalutsocial.atoom.space\/es\/noticia\/la-fundacion-tic-salut-social-impulsa-un-seminario-sobre-atencio-integrada-y-proteccion-de-datos\/#primaryimage\"},\"image\":{\"@id\":\"https:\/\/ticsalutsocial.atoom.space\/es\/noticia\/la-fundacion-tic-salut-social-impulsa-un-seminario-sobre-atencio-integrada-y-proteccion-de-datos\/#primaryimage\"},\"thumbnailUrl\":\"https:\/\/ticsalutsocial.atoom.space\/wp-content\/uploads\/2024\/01\/catedra.png\",\"datePublished\":\"2024-01-15T12:06:58+00:00\",\"dateModified\":\"2024-01-24T11:27:29+00:00\",\"description\":\"La Fundaci\u00f3 TIC Salut Social i l\u2019Oficina del Delegat de Protecci\u00f3 de Dades imparteixen de manera conjunta el seminari Serveis Integrats en Salut i Social.\",\"breadcrumb\":{\"@id\":\"https:\/\/ticsalutsocial.atoom.space\/es\/noticia\/la-fundacion-tic-salut-social-impulsa-un-seminario-sobre-atencio-integrada-y-proteccion-de-datos\/#breadcrumb\"},\"inLanguage\":\"es\",\"potentialAction\":[{\"@type\":\"ReadAction\",\"target\":[\"https:\/\/ticsalutsocial.atoom.space\/es\/noticia\/la-fundacion-tic-salut-social-impulsa-un-seminario-sobre-atencio-integrada-y-proteccion-de-datos\/\"]}]},{\"@type\":\"ImageObject\",\"inLanguage\":\"es\",\"@id\":\"https:\/\/ticsalutsocial.atoom.space\/es\/noticia\/la-fundacion-tic-salut-social-impulsa-un-seminario-sobre-atencio-integrada-y-proteccion-de-datos\/#primaryimage\",\"url\":\"https:\/\/ticsalutsocial.atoom.space\/wp-content\/uploads\/2024\/01\/catedra.png\",\"contentUrl\":\"https:\/\/ticsalutsocial.atoom.space\/wp-content\/uploads\/2024\/01\/catedra.png\",\"width\":1280,\"height\":960},{\"@type\":\"BreadcrumbList\",\"@id\":\"https:\/\/ticsalutsocial.atoom.space\/es\/noticia\/la-fundacion-tic-salut-social-impulsa-un-seminario-sobre-atencio-integrada-y-proteccion-de-datos\/#breadcrumb\",\"itemListElement\":[{\"@type\":\"ListItem\",\"position\":1,\"name\":\"Inici\",\"item\":\"https:\/\/ticsalutsocial.atoom.space\/es\/\"},{\"@type\":\"ListItem\",\"position\":2,\"name\":\"La Fundaci\u00f3n TIC Salut Social impulsa un seminario sobre atenci\u00f3n integrada y protecci\u00f3n de datos\"}]},{\"@type\":\"WebSite\",\"@id\":\"https:\/\/ticsalutsocial.atoom.space\/es\/#website\",\"url\":\"https:\/\/ticsalutsocial.atoom.space\/es\/\",\"name\":\"Fundaci\u00f3 TIC Salut i Social\",\"description\":\"\",\"potentialAction\":[{\"@type\":\"SearchAction\",\"target\":{\"@type\":\"EntryPoint\",\"urlTemplate\":\"https:\/\/ticsalutsocial.atoom.space\/es\/?s={search_term_string}\"},\"query-input\":{\"@type\":\"PropertyValueSpecification\",\"valueRequired\":true,\"valueName\":\"search_term_string\"}}],\"inLanguage\":\"es\"}]}<\/script>\n<!-- \/ Yoast SEO plugin. -->","yoast_head_json":{"title":"La Fundaci\u00f3n TIC Salut Social impulsa un seminario sobre atenci\u00f3n integrada y protecci\u00f3n de datos - Fundaci\u00f3 TIC Salut i Social","description":"La Fundaci\u00f3 TIC Salut Social i l\u2019Oficina del Delegat de Protecci\u00f3 de Dades imparteixen de manera conjunta el seminari Serveis Integrats en Salut i Social.","robots":{"index":"index","follow":"follow","max-snippet":"max-snippet:-1","max-image-preview":"max-image-preview:large","max-video-preview":"max-video-preview:-1"},"canonical":"https:\/\/ticsalutsocial.atoom.space\/es\/noticia\/la-fundacion-tic-salut-social-impulsa-un-seminario-sobre-atencio-integrada-y-proteccion-de-datos\/","og_locale":"es_ES","og_type":"article","og_title":"La Fundaci\u00f3n TIC Salut Social impulsa un seminario sobre atenci\u00f3n integrada y protecci\u00f3n de datos - Fundaci\u00f3 TIC Salut i Social","og_description":"La Fundaci\u00f3 TIC Salut Social i l\u2019Oficina del Delegat de Protecci\u00f3 de Dades imparteixen de manera conjunta el seminari Serveis Integrats en Salut i Social.","og_url":"https:\/\/ticsalutsocial.atoom.space\/es\/noticia\/la-fundacion-tic-salut-social-impulsa-un-seminario-sobre-atencio-integrada-y-proteccion-de-datos\/","og_site_name":"Fundaci\u00f3 TIC Salut i Social","article_modified_time":"2024-01-24T11:27:29+00:00","og_image":[{"width":1280,"height":960,"url":"https:\/\/ticsalutsocial.atoom.space\/wp-content\/uploads\/2024\/01\/catedra.png","type":"image\/png"}],"twitter_card":"summary_large_image","twitter_misc":{"Tiempo de lectura":"2 minutos"},"schema":{"@context":"https:\/\/schema.org","@graph":[{"@type":"WebPage","@id":"https:\/\/ticsalutsocial.atoom.space\/es\/noticia\/la-fundacion-tic-salut-social-impulsa-un-seminario-sobre-atencio-integrada-y-proteccion-de-datos\/","url":"https:\/\/ticsalutsocial.atoom.space\/es\/noticia\/la-fundacion-tic-salut-social-impulsa-un-seminario-sobre-atencio-integrada-y-proteccion-de-datos\/","name":"La Fundaci\u00f3n TIC Salut Social impulsa un seminario sobre atenci\u00f3n integrada y protecci\u00f3n de datos - Fundaci\u00f3 TIC Salut i Social","isPartOf":{"@id":"https:\/\/ticsalutsocial.atoom.space\/es\/#website"},"primaryImageOfPage":{"@id":"https:\/\/ticsalutsocial.atoom.space\/es\/noticia\/la-fundacion-tic-salut-social-impulsa-un-seminario-sobre-atencio-integrada-y-proteccion-de-datos\/#primaryimage"},"image":{"@id":"https:\/\/ticsalutsocial.atoom.space\/es\/noticia\/la-fundacion-tic-salut-social-impulsa-un-seminario-sobre-atencio-integrada-y-proteccion-de-datos\/#primaryimage"},"thumbnailUrl":"https:\/\/ticsalutsocial.atoom.space\/wp-content\/uploads\/2024\/01\/catedra.png","datePublished":"2024-01-15T12:06:58+00:00","dateModified":"2024-01-24T11:27:29+00:00","description":"La Fundaci\u00f3 TIC Salut Social i l\u2019Oficina del Delegat de Protecci\u00f3 de Dades imparteixen de manera conjunta el seminari Serveis Integrats en Salut i Social.","breadcrumb":{"@id":"https:\/\/ticsalutsocial.atoom.space\/es\/noticia\/la-fundacion-tic-salut-social-impulsa-un-seminario-sobre-atencio-integrada-y-proteccion-de-datos\/#breadcrumb"},"inLanguage":"es","potentialAction":[{"@type":"ReadAction","target":["https:\/\/ticsalutsocial.atoom.space\/es\/noticia\/la-fundacion-tic-salut-social-impulsa-un-seminario-sobre-atencio-integrada-y-proteccion-de-datos\/"]}]},{"@type":"ImageObject","inLanguage":"es","@id":"https:\/\/ticsalutsocial.atoom.space\/es\/noticia\/la-fundacion-tic-salut-social-impulsa-un-seminario-sobre-atencio-integrada-y-proteccion-de-datos\/#primaryimage","url":"https:\/\/ticsalutsocial.atoom.space\/wp-content\/uploads\/2024\/01\/catedra.png","contentUrl":"https:\/\/ticsalutsocial.atoom.space\/wp-content\/uploads\/2024\/01\/catedra.png","width":1280,"height":960},{"@type":"BreadcrumbList","@id":"https:\/\/ticsalutsocial.atoom.space\/es\/noticia\/la-fundacion-tic-salut-social-impulsa-un-seminario-sobre-atencio-integrada-y-proteccion-de-datos\/#breadcrumb","itemListElement":[{"@type":"ListItem","position":1,"name":"Inici","item":"https:\/\/ticsalutsocial.atoom.space\/es\/"},{"@type":"ListItem","position":2,"name":"La Fundaci\u00f3n TIC Salut Social impulsa un seminario sobre atenci\u00f3n integrada y protecci\u00f3n de datos"}]},{"@type":"WebSite","@id":"https:\/\/ticsalutsocial.atoom.space\/es\/#website","url":"https:\/\/ticsalutsocial.atoom.space\/es\/","name":"Fundaci\u00f3 TIC Salut i Social","description":"","potentialAction":[{"@type":"SearchAction","target":{"@type":"EntryPoint","urlTemplate":"https:\/\/ticsalutsocial.atoom.space\/es\/?s={search_term_string}"},"query-input":{"@type":"PropertyValueSpecification","valueRequired":true,"valueName":"search_term_string"}}],"inLanguage":"es"}]}},"_links":{"self":[{"href":"https:\/\/ticsalutsocial.atoom.space\/es\/wp-json\/wp\/v2\/noticia\/24935","targetHints":{"allow":["GET"]}}],"collection":[{"href":"https:\/\/ticsalutsocial.atoom.space\/es\/wp-json\/wp\/v2\/noticia"}],"about":[{"href":"https:\/\/ticsalutsocial.atoom.space\/es\/wp-json\/wp\/v2\/types\/noticia"}],"author":[{"embeddable":true,"href":"https:\/\/ticsalutsocial.atoom.space\/es\/wp-json\/wp\/v2\/users\/3"}],"wp:featuredmedia":[{"embeddable":true,"href":"https:\/\/ticsalutsocial.atoom.space\/es\/wp-json\/wp\/v2\/media\/24578"}],"wp:attachment":[{"href":"https:\/\/ticsalutsocial.atoom.space\/es\/wp-json\/wp\/v2\/media?parent=24935"}],"wp:term":[{"taxonomy":"etiqueta","embeddable":true,"href":"https:\/\/ticsalutsocial.atoom.space\/es\/wp-json\/wp\/v2\/etiqueta?post=24935"},{"taxonomy":"tipus","embeddable":true,"href":"https:\/\/ticsalutsocial.atoom.space\/es\/wp-json\/wp\/v2\/tipus?post=24935"},{"taxonomy":"topic","embeddable":true,"href":"https:\/\/ticsalutsocial.atoom.space\/es\/wp-json\/wp\/v2\/topic?post=24935"}],"curies":[{"name":"wp","href":"https:\/\/api.w.org\/{rel}","templated":true}]}}