
{"id":25001,"date":"2024-01-26T10:41:26","date_gmt":"2024-01-26T08:41:26","guid":{"rendered":"https:\/\/ticsalutsocial.atoom.space\/noticia\/gerents-del-siscat-i-de-centres-de-recerca-sendinsen-en-el-camp-de-la-intelligencia-artificial-en-salut\/"},"modified":"2024-01-26T11:12:17","modified_gmt":"2024-01-26T09:12:17","slug":"gerents-del-siscat-i-de-centres-de-recerca-sendinsen-en-el-camp-de-la-intelligencia-artificial-en-salut","status":"publish","type":"noticia","link":"https:\/\/ticsalutsocial.atoom.space\/es\/noticia\/gerents-del-siscat-i-de-centres-de-recerca-sendinsen-en-el-camp-de-la-intelligencia-artificial-en-salut\/","title":{"rendered":"Gerentes del SISCAT y de centros de investigaci\u00f3n se adentran en el campo de la inteligencia artificial en salud"},"content":{"rendered":"\n<p>Cerca de unos sesenta gerentes y altos representantes de los centros del Sistema sanitario integral de utilizaci\u00f3n p\u00fablica de Catalu\u00f1a (SISCAT) y de los centros de investigaci\u00f3n en salud participaron en la formaci\u00f3n &#8216;<strong>Implantaci\u00f3n de la inteligencia artificial en las organizaciones sanitarias<\/strong>&#8216; , celebrada el pasado 23 de enero en la sede de la Academia en Barcelona.<\/p>\n\n\n\n<p>Los objetivos de la sesi\u00f3n, enmarcada en la l\u00ednea estrat\u00e9gica de formaci\u00f3n del <a href=\"https:\/\/iasalut.cat\/\" target=\"_blank\" rel=\"noreferrer noopener\">Programa Salut\/IA<\/a>, fueron de profundizar en la comprensi\u00f3n del potencial de la inteligencia artificial (IA) en la asistencia sanitaria, mejorar las capacidades de toma de decisiones para la adquisici\u00f3n de soluciones de IA, fomentar conocimientos estrat\u00e9gicos para su implementaci\u00f3n, proporcionar una visi\u00f3n general sobre la situaci\u00f3n actual de la IA y las perspectivas de futuro, y trabajar de forma alineada y transversal para avanzar en su implantaci\u00f3n sist\u00e9mica.<\/p>\n\n\n\n<p>La <a href=\"https:\/\/ticsalutsocial.atoom.space\/es\/\">Fundaci\u00f3n TIC Salut Social<\/a> y la <a href=\"https:\/\/scgs.cat\/societat-catalana-de-gestio-sanitaria\/\" target=\"_blank\" rel=\"noreferrer noopener\">Sociedad Catalana de Gesti\u00f3n Sanitaria<\/a> organizaron la formaci\u00f3n, con el apoyo del Departamento de Salud y el Catsalut. Para m\u00e1s informaci\u00f3n, puede consultar a continuaci\u00f3n el programa de la jornada, que cubri\u00f3 un amplio abanico de cuestiones relacionadas con la implantaci\u00f3n de esta tecnolog\u00eda en el \u00e1mbito de la salud, de la mano de personas expertas de primer nivel.<\/p>\n\n\n\n<h2 class=\"wp-block-heading\"><strong>Programa de la formaci\u00f3n<\/strong><\/h2>\n\n\n\n<p><strong>Bienvenida y objetivos del curso<\/strong><\/p>\n\n\n\n<ul class=\"wp-block-list\">\n<li>Pol P\u00e9rez, Director del \u00c1rea de Sistemas de Informaci\u00f3n del CatSalut.<\/li>\n\n\n\n<li>Ignasi Riera, Vicepresidente de la Sociedad Catalana de Gesti\u00f3n Sanitaria.<\/li>\n\n\n\n<li>Joan Guanyabens, Director de la Fundaci\u00f3n TIC Salut Social.<\/li>\n<\/ul>\n\n\n\n<p><\/p>\n\n\n\n<p><strong>Presentaci\u00f3n del programa de la formaci\u00f3n<\/strong><\/p>\n\n\n\n<ul class=\"wp-block-list\">\n<li>Susanna Auss\u00f3, Responsable de IA en la Fundaci\u00f3n TIC Salut Social y secretaria del Programa Salut\/IA.<\/li>\n<\/ul>\n\n\n\n<p><\/p>\n\n\n\n<p><strong>Dimensi\u00f3n social y econ\u00f3mica de la IA<\/strong><\/p>\n\n\n\n<ul class=\"wp-block-list\">\n<li>Gen\u00eds Roca, Presidente de la Fundaci\u00f3n PuntCat.<\/li>\n<\/ul>\n\n\n\n<p><\/p>\n\n\n\n<p><strong>Fundamentos de la IA<\/strong><\/p>\n\n\n\n<ul class=\"wp-block-list\">\n<li>Jordi Vitri\u00e0, Catedr\u00e1tico del Departamento de Matem\u00e1ticas e Inform\u00e1tica de la Universidad de Barcelona.<\/li>\n<\/ul>\n\n\n\n<p><\/p>\n\n\n\n<p><strong>Ciclo de vida de los datos en la IA<\/strong><\/p>\n\n\n\n<ul class=\"wp-block-list\">\n<li>Juli\u00e1n Isla, fundador de la twenty-nine Foundation, y Responsable de recursos de datos e IA en Microsoft<\/li>\n<\/ul>\n\n\n\n<p><\/p>\n\n\n\n<p><strong>Regulaci\u00f3n de la IA: responsabilidad civil<\/strong><\/p>\n\n\n\n<ul class=\"wp-block-list\">\n<li>M\u00f2nica Navarro, Profesora Agregada de la Facultad de Derecho de la Universidad de Barcelona.<\/li>\n<\/ul>\n\n\n\n<p><\/p>\n\n\n\n<p><strong>Seguridad en la aplicaci\u00f3n de la IA<\/strong><\/p>\n\n\n\n<ul class=\"wp-block-list\">\n<li>Tom\u00e1s Roy, Director de la Agencia de Ciberseguridad de Catalunya.<\/li>\n\n\n\n<li>Maria Jos\u00e9 Campo, Directora de la Oficina del Delegado de Protecci\u00f3n de Datos en Salud.<\/li>\n<\/ul>\n\n\n\n<p><\/p>\n\n\n\n<p><strong>El Programa Salut\/IA en Catalunya<\/strong><\/p>\n\n\n\n<ul class=\"wp-block-list\">\n<li>Ramon Maspons,Director del \u00c1rea de Innovaci\u00f3n de la Agencia de Calidad y Evaluaci\u00f3n Sanitarias (AQuAS).<\/li>\n\n\n\n<li>Karina Gibert, Directora de la Intelligent Data Science and Artificial Intelligence Research Center (IDEAI-UPC). Decana del Col.legi Oficial d\u2019Enginyera Inform\u00e0tica de Catalunya (COEINF).<\/li>\n<\/ul>\n\n\n\n<p><\/p>\n\n\n\n<p><strong>Consideraciones \u00e9ticas en la IA<\/strong><\/p>\n\n\n\n<ul class=\"wp-block-list\">\n<li>Moderadora: Susanna Auss\u00f3, Responsable de IA en la Fundaci\u00f3n TIC Salut Social i secretaria del Programa Salut\/IA.<\/li>\n\n\n\n<li>Itziar de Lecuona, Profesora del Departamento de Medicina y Directora del Observatorio de Bio\u00e9tica y Derecho, C\u00e1tedra UNESCO de Bio\u00e9tica de la Universidad de Barcelona.<\/li>\n\n\n\n<li>Albert Sabater, Director de la C\u00e1tedra Observatorio de \u00c9tica en Inteligencia Artificial de Catalu\u00f1a (OEIAC).<\/li>\n\n\n\n<li>Manel Sanrom\u00e0, Presidente de CIVICAi.<\/li>\n<\/ul>\n\n\n\n<p><\/p>\n\n\n\n<p><strong>Visi\u00f3n estrat\u00e9gica de la IA centrada en el\/la Gerente<\/strong><\/p>\n\n\n\n<ul class=\"wp-block-list\">\n<li>Moderador: Josep Maria Monguet, profesor del \u00c1rea de Ingenier\u00eda y Dise\u00f1o de la UPC y CRO de Innex.<\/li>\n\n\n\n<li>Xavier Borrat. Anestesi\u00f3logo y jefe del Departamento de Inform\u00e1tica Cl\u00ednica del Hospital Cl\u00ednic.<\/li>\n\n\n\n<li>Anna Escal\u00e9. M\u00e9dico de Familia y Comunitaria en el Instituto Catal\u00e1n de la Salud.<\/li>\n\n\n\n<li>Sergi Iglesia. Director gerente de la Fundaci\u00f3 Salut Empord\u00e0.<\/li>\n<\/ul>\n\n\n\n<p><br><strong>Conclusiones<\/strong><\/p>\n\n\n\n<ul class=\"wp-block-list\">\n<li>Dr. Jos\u00e9 Ibeas, Director del Programa Salud\/IA.<br><\/li>\n<\/ul>\n\n\n\n<p><strong>Cierre<\/strong><\/p>\n\n\n\n<ul class=\"wp-block-list\">\n<li>Pol P\u00e9rez, Director del \u00c1rea de Sistemas de Informaci\u00f3n del CatSalut.<\/li>\n\n\n\n<li>Joan Guanyabens, Director de la Fundaci\u00f3n TIC Salut Social.<\/li>\n\n\n\n<li><\/li>\n<\/ul>\n","protected":false},"author":3,"featured_media":24999,"menu_order":0,"template":"","meta":{"_acf_changed":false,"inline_featured_image":false},"etiqueta":[],"tipus":[879],"topic":[],"class_list":["post-25001","noticia","type-noticia","status-publish","has-post-thumbnail","hentry","tipus-inteligencia-artificial"],"acf":{"autor":"","imatge":24999,"textos_destacats":[{"texte":"La Fundaci\u00f3n TIC Salut Social y la Sociedad Catalana de Gesti\u00f3n Sanitaria han organizado una sesi\u00f3n de formaci\u00f3n para los m\u00e1ximos dirigentes de los centros hospitalarios y de investigaci\u00f3n del sistema sanitario p\u00fablico catal\u00e1n, en el marco del Programa Salut\/IA."}],"documents":false,"finalitzat":false,"tipus_plantilla":"objectius","template_objectius":{"cont_principal":"","imatge":false,"cont_seguent":{"titol":"","contingut":""},"seccio_llistat":{"titol":"","llistat":false},"objectius":{"titol":"","objectius":false},"documents":false}},"yoast_head":"<!-- This site is optimized with the Yoast SEO plugin v27.1.1 - https:\/\/yoast.com\/product\/yoast-seo-wordpress\/ -->\n<title>Gerentes del SISCAT y de centros de investigaci\u00f3n se adentran en el campo de la inteligencia artificial en salud - Fundaci\u00f3 TIC Salut i Social<\/title>\n<meta name=\"robots\" content=\"index, follow, max-snippet:-1, max-image-preview:large, max-video-preview:-1\" \/>\n<link rel=\"canonical\" href=\"https:\/\/ticsalutsocial.atoom.space\/es\/noticia\/gerents-del-siscat-i-de-centres-de-recerca-sendinsen-en-el-camp-de-la-intelligencia-artificial-en-salut\/\" \/>\n<meta property=\"og:locale\" content=\"es_ES\" \/>\n<meta property=\"og:type\" content=\"article\" \/>\n<meta property=\"og:title\" content=\"Gerentes del SISCAT y de centros de investigaci\u00f3n se adentran en el campo de la inteligencia artificial en salud - Fundaci\u00f3 TIC Salut i Social\" \/>\n<meta property=\"og:description\" content=\"Cerca de unos sesenta gerentes y altos representantes de los centros del Sistema sanitario integral de utilizaci\u00f3n p\u00fablica de Catalu\u00f1a (SISCAT) y de los centros de investigaci\u00f3n en salud participaron en la formaci\u00f3n &#8216;Implantaci\u00f3n de la inteligencia artificial en las organizaciones sanitarias&#8216; , celebrada el pasado 23 de enero en la sede de la Academia [&hellip;]\" \/>\n<meta property=\"og:url\" content=\"https:\/\/ticsalutsocial.atoom.space\/es\/noticia\/gerents-del-siscat-i-de-centres-de-recerca-sendinsen-en-el-camp-de-la-intelligencia-artificial-en-salut\/\" \/>\n<meta property=\"og:site_name\" content=\"Fundaci\u00f3 TIC Salut i Social\" \/>\n<meta property=\"article:modified_time\" content=\"2024-01-26T09:12:17+00:00\" \/>\n<meta property=\"og:image\" content=\"https:\/\/ticsalutsocial.atoom.space\/wp-content\/uploads\/2024\/01\/siscat_ia.png\" \/>\n\t<meta property=\"og:image:width\" content=\"1280\" \/>\n\t<meta property=\"og:image:height\" content=\"960\" \/>\n\t<meta property=\"og:image:type\" content=\"image\/png\" \/>\n<meta name=\"twitter:card\" content=\"summary_large_image\" \/>\n<meta name=\"twitter:label1\" content=\"Tiempo de lectura\" \/>\n\t<meta name=\"twitter:data1\" content=\"4 minutos\" \/>\n<script type=\"application\/ld+json\" class=\"yoast-schema-graph\">{\"@context\":\"https:\/\/schema.org\",\"@graph\":[{\"@type\":\"WebPage\",\"@id\":\"https:\/\/ticsalutsocial.atoom.space\/es\/noticia\/gerents-del-siscat-i-de-centres-de-recerca-sendinsen-en-el-camp-de-la-intelligencia-artificial-en-salut\/\",\"url\":\"https:\/\/ticsalutsocial.atoom.space\/es\/noticia\/gerents-del-siscat-i-de-centres-de-recerca-sendinsen-en-el-camp-de-la-intelligencia-artificial-en-salut\/\",\"name\":\"Gerentes del SISCAT y de centros de investigaci\u00f3n se adentran en el campo de la inteligencia artificial en salud - Fundaci\u00f3 TIC Salut i Social\",\"isPartOf\":{\"@id\":\"https:\/\/ticsalutsocial.atoom.space\/es\/#website\"},\"primaryImageOfPage\":{\"@id\":\"https:\/\/ticsalutsocial.atoom.space\/es\/noticia\/gerents-del-siscat-i-de-centres-de-recerca-sendinsen-en-el-camp-de-la-intelligencia-artificial-en-salut\/#primaryimage\"},\"image\":{\"@id\":\"https:\/\/ticsalutsocial.atoom.space\/es\/noticia\/gerents-del-siscat-i-de-centres-de-recerca-sendinsen-en-el-camp-de-la-intelligencia-artificial-en-salut\/#primaryimage\"},\"thumbnailUrl\":\"https:\/\/ticsalutsocial.atoom.space\/wp-content\/uploads\/2024\/01\/siscat_ia.png\",\"datePublished\":\"2024-01-26T08:41:26+00:00\",\"dateModified\":\"2024-01-26T09:12:17+00:00\",\"breadcrumb\":{\"@id\":\"https:\/\/ticsalutsocial.atoom.space\/es\/noticia\/gerents-del-siscat-i-de-centres-de-recerca-sendinsen-en-el-camp-de-la-intelligencia-artificial-en-salut\/#breadcrumb\"},\"inLanguage\":\"es\",\"potentialAction\":[{\"@type\":\"ReadAction\",\"target\":[\"https:\/\/ticsalutsocial.atoom.space\/es\/noticia\/gerents-del-siscat-i-de-centres-de-recerca-sendinsen-en-el-camp-de-la-intelligencia-artificial-en-salut\/\"]}]},{\"@type\":\"ImageObject\",\"inLanguage\":\"es\",\"@id\":\"https:\/\/ticsalutsocial.atoom.space\/es\/noticia\/gerents-del-siscat-i-de-centres-de-recerca-sendinsen-en-el-camp-de-la-intelligencia-artificial-en-salut\/#primaryimage\",\"url\":\"https:\/\/ticsalutsocial.atoom.space\/wp-content\/uploads\/2024\/01\/siscat_ia.png\",\"contentUrl\":\"https:\/\/ticsalutsocial.atoom.space\/wp-content\/uploads\/2024\/01\/siscat_ia.png\",\"width\":1280,\"height\":960},{\"@type\":\"BreadcrumbList\",\"@id\":\"https:\/\/ticsalutsocial.atoom.space\/es\/noticia\/gerents-del-siscat-i-de-centres-de-recerca-sendinsen-en-el-camp-de-la-intelligencia-artificial-en-salut\/#breadcrumb\",\"itemListElement\":[{\"@type\":\"ListItem\",\"position\":1,\"name\":\"Inici\",\"item\":\"https:\/\/ticsalutsocial.atoom.space\/es\/\"},{\"@type\":\"ListItem\",\"position\":2,\"name\":\"Gerentes del SISCAT y de centros de investigaci\u00f3n se adentran en el campo de la inteligencia artificial en salud\"}]},{\"@type\":\"WebSite\",\"@id\":\"https:\/\/ticsalutsocial.atoom.space\/es\/#website\",\"url\":\"https:\/\/ticsalutsocial.atoom.space\/es\/\",\"name\":\"Fundaci\u00f3 TIC Salut i Social\",\"description\":\"\",\"potentialAction\":[{\"@type\":\"SearchAction\",\"target\":{\"@type\":\"EntryPoint\",\"urlTemplate\":\"https:\/\/ticsalutsocial.atoom.space\/es\/?s={search_term_string}\"},\"query-input\":{\"@type\":\"PropertyValueSpecification\",\"valueRequired\":true,\"valueName\":\"search_term_string\"}}],\"inLanguage\":\"es\"}]}<\/script>\n<!-- \/ Yoast SEO plugin. -->","yoast_head_json":{"title":"Gerentes del SISCAT y de centros de investigaci\u00f3n se adentran en el campo de la inteligencia artificial en salud - Fundaci\u00f3 TIC Salut i Social","robots":{"index":"index","follow":"follow","max-snippet":"max-snippet:-1","max-image-preview":"max-image-preview:large","max-video-preview":"max-video-preview:-1"},"canonical":"https:\/\/ticsalutsocial.atoom.space\/es\/noticia\/gerents-del-siscat-i-de-centres-de-recerca-sendinsen-en-el-camp-de-la-intelligencia-artificial-en-salut\/","og_locale":"es_ES","og_type":"article","og_title":"Gerentes del SISCAT y de centros de investigaci\u00f3n se adentran en el campo de la inteligencia artificial en salud - Fundaci\u00f3 TIC Salut i Social","og_description":"Cerca de unos sesenta gerentes y altos representantes de los centros del Sistema sanitario integral de utilizaci\u00f3n p\u00fablica de Catalu\u00f1a (SISCAT) y de los centros de investigaci\u00f3n en salud participaron en la formaci\u00f3n &#8216;Implantaci\u00f3n de la inteligencia artificial en las organizaciones sanitarias&#8216; , celebrada el pasado 23 de enero en la sede de la Academia [&hellip;]","og_url":"https:\/\/ticsalutsocial.atoom.space\/es\/noticia\/gerents-del-siscat-i-de-centres-de-recerca-sendinsen-en-el-camp-de-la-intelligencia-artificial-en-salut\/","og_site_name":"Fundaci\u00f3 TIC Salut i Social","article_modified_time":"2024-01-26T09:12:17+00:00","og_image":[{"width":1280,"height":960,"url":"https:\/\/ticsalutsocial.atoom.space\/wp-content\/uploads\/2024\/01\/siscat_ia.png","type":"image\/png"}],"twitter_card":"summary_large_image","twitter_misc":{"Tiempo de lectura":"4 minutos"},"schema":{"@context":"https:\/\/schema.org","@graph":[{"@type":"WebPage","@id":"https:\/\/ticsalutsocial.atoom.space\/es\/noticia\/gerents-del-siscat-i-de-centres-de-recerca-sendinsen-en-el-camp-de-la-intelligencia-artificial-en-salut\/","url":"https:\/\/ticsalutsocial.atoom.space\/es\/noticia\/gerents-del-siscat-i-de-centres-de-recerca-sendinsen-en-el-camp-de-la-intelligencia-artificial-en-salut\/","name":"Gerentes del SISCAT y de centros de investigaci\u00f3n se adentran en el campo de la inteligencia artificial en salud - Fundaci\u00f3 TIC Salut i Social","isPartOf":{"@id":"https:\/\/ticsalutsocial.atoom.space\/es\/#website"},"primaryImageOfPage":{"@id":"https:\/\/ticsalutsocial.atoom.space\/es\/noticia\/gerents-del-siscat-i-de-centres-de-recerca-sendinsen-en-el-camp-de-la-intelligencia-artificial-en-salut\/#primaryimage"},"image":{"@id":"https:\/\/ticsalutsocial.atoom.space\/es\/noticia\/gerents-del-siscat-i-de-centres-de-recerca-sendinsen-en-el-camp-de-la-intelligencia-artificial-en-salut\/#primaryimage"},"thumbnailUrl":"https:\/\/ticsalutsocial.atoom.space\/wp-content\/uploads\/2024\/01\/siscat_ia.png","datePublished":"2024-01-26T08:41:26+00:00","dateModified":"2024-01-26T09:12:17+00:00","breadcrumb":{"@id":"https:\/\/ticsalutsocial.atoom.space\/es\/noticia\/gerents-del-siscat-i-de-centres-de-recerca-sendinsen-en-el-camp-de-la-intelligencia-artificial-en-salut\/#breadcrumb"},"inLanguage":"es","potentialAction":[{"@type":"ReadAction","target":["https:\/\/ticsalutsocial.atoom.space\/es\/noticia\/gerents-del-siscat-i-de-centres-de-recerca-sendinsen-en-el-camp-de-la-intelligencia-artificial-en-salut\/"]}]},{"@type":"ImageObject","inLanguage":"es","@id":"https:\/\/ticsalutsocial.atoom.space\/es\/noticia\/gerents-del-siscat-i-de-centres-de-recerca-sendinsen-en-el-camp-de-la-intelligencia-artificial-en-salut\/#primaryimage","url":"https:\/\/ticsalutsocial.atoom.space\/wp-content\/uploads\/2024\/01\/siscat_ia.png","contentUrl":"https:\/\/ticsalutsocial.atoom.space\/wp-content\/uploads\/2024\/01\/siscat_ia.png","width":1280,"height":960},{"@type":"BreadcrumbList","@id":"https:\/\/ticsalutsocial.atoom.space\/es\/noticia\/gerents-del-siscat-i-de-centres-de-recerca-sendinsen-en-el-camp-de-la-intelligencia-artificial-en-salut\/#breadcrumb","itemListElement":[{"@type":"ListItem","position":1,"name":"Inici","item":"https:\/\/ticsalutsocial.atoom.space\/es\/"},{"@type":"ListItem","position":2,"name":"Gerentes del SISCAT y de centros de investigaci\u00f3n se adentran en el campo de la inteligencia artificial en salud"}]},{"@type":"WebSite","@id":"https:\/\/ticsalutsocial.atoom.space\/es\/#website","url":"https:\/\/ticsalutsocial.atoom.space\/es\/","name":"Fundaci\u00f3 TIC Salut i Social","description":"","potentialAction":[{"@type":"SearchAction","target":{"@type":"EntryPoint","urlTemplate":"https:\/\/ticsalutsocial.atoom.space\/es\/?s={search_term_string}"},"query-input":{"@type":"PropertyValueSpecification","valueRequired":true,"valueName":"search_term_string"}}],"inLanguage":"es"}]}},"_links":{"self":[{"href":"https:\/\/ticsalutsocial.atoom.space\/es\/wp-json\/wp\/v2\/noticia\/25001","targetHints":{"allow":["GET"]}}],"collection":[{"href":"https:\/\/ticsalutsocial.atoom.space\/es\/wp-json\/wp\/v2\/noticia"}],"about":[{"href":"https:\/\/ticsalutsocial.atoom.space\/es\/wp-json\/wp\/v2\/types\/noticia"}],"author":[{"embeddable":true,"href":"https:\/\/ticsalutsocial.atoom.space\/es\/wp-json\/wp\/v2\/users\/3"}],"wp:featuredmedia":[{"embeddable":true,"href":"https:\/\/ticsalutsocial.atoom.space\/es\/wp-json\/wp\/v2\/media\/24999"}],"wp:attachment":[{"href":"https:\/\/ticsalutsocial.atoom.space\/es\/wp-json\/wp\/v2\/media?parent=25001"}],"wp:term":[{"taxonomy":"etiqueta","embeddable":true,"href":"https:\/\/ticsalutsocial.atoom.space\/es\/wp-json\/wp\/v2\/etiqueta?post=25001"},{"taxonomy":"tipus","embeddable":true,"href":"https:\/\/ticsalutsocial.atoom.space\/es\/wp-json\/wp\/v2\/tipus?post=25001"},{"taxonomy":"topic","embeddable":true,"href":"https:\/\/ticsalutsocial.atoom.space\/es\/wp-json\/wp\/v2\/topic?post=25001"}],"curies":[{"name":"wp","href":"https:\/\/api.w.org\/{rel}","templated":true}]}}